
{"id":6709,"date":"2009-12-15T08:32:01","date_gmt":"2009-12-15T10:32:01","guid":{"rendered":"http:\/\/www.oarcanjo.net\/site\/?p=6709"},"modified":"2009-12-15T08:46:53","modified_gmt":"2009-12-15T10:46:53","slug":"conferencia-nacional-de-comunicacao-debate-politicas-publicas-para-o-setor","status":"publish","type":"post","link":"https:\/\/www.oarcanjo.net\/site\/conferencia-nacional-de-comunicacao-debate-politicas-publicas-para-o-setor\/","title":{"rendered":"Confer\u00eancia Nacional de Comunica\u00e7\u00e3o debate pol\u00edticas p\u00fablicas para o setor"},"content":{"rendered":"<p>Pela primeira vez, representantes de movimentos sociais, organiza\u00e7\u00f5es empresariais e do poder p\u00fablico se re\u00fanem para discutir pol\u00edticas de comunica\u00e7\u00e3o. A 1\u00aa Confer\u00eancia Nacional de Comunica\u00e7\u00e3o (Confecom) come\u00e7ou nesta segunda-feira (14), no Centro de Conven\u00e7\u00f5es Ulysses Guimar\u00e3es, em Bras\u00edlia. O evento vai at\u00e9 o dia 17, e tem como tema central \u201cComunica\u00e7\u00e3o: meios para a constru\u00e7\u00e3o de direitos e de cidadania na era digital\u201d e desenvolve-se baseado sobre tr\u00eas eixos tem\u00e1ticos: \u201cProdu\u00e7\u00e3o de conte\u00fado\u201d; \u201cMeios de distribui\u00e7\u00e3o\u201d; e \u201cCidadania: direitos e deveres\u201d.<\/p>\n<p>A iniciativa re\u00fane 1.684 delegados de todos os estados e do Distrito Federal e conta com mais de cem observadores e convidados de todo o Pa\u00eds que se inscreveram pelo site oficial (<a href=\"http:\/\/www.confecom.gov.br\" target=\"_blank\">www.confecom.gov.br<\/a>). Mais de 300 jornalistas se credenciaram para cobrir o evento.<\/p>\n<p>No painel sobre \u201cprodu\u00e7\u00e3o de conte\u00fado\u201d, participam o professor Murilo C\u00e9sar Ramos, da Universidade de Bras\u00edlia (UnB); o jurista Walter Ceneviva, vice-presidente executivo da Band; e o documentarista Silvio Da-Rin, secret\u00e1rio do Audiovisual do Minist\u00e9rio da Cultura. O painel ser\u00e1 mediado pela jornalista Renata Fan.<\/p>\n<p>No eixo sobre \u201cmeios de distribui\u00e7\u00e3o\u201d, os painelistas s\u00e3o o jornalista Celso Schr\u00f6der, secret\u00e1rio-geral da Federa\u00e7\u00e3o Nacional dos Jornalistas (Fenaj), o vice-presidente da Band, Frederico Nogueira; e o advogado Marcelo Bechara, consultor jur\u00eddico do Minist\u00e9rio das Comunica\u00e7\u00f5es. Na media\u00e7\u00e3o estar\u00e1 o jornalista Samuel Possebom.<\/p>\n<p>O \u00faltimo painel, centrado no eixo \u201ccidadania: direitos e deveres\u201d, ter\u00e1 a participa\u00e7\u00e3o da deputada Luiza Erundina; do superintendente-executivo da Telebrasil, C\u00e9sar R\u00f4mulo Silveira Neto; e o jurista e pesquisador Jos\u00e9 Rom\u00e3o, ex-diretor do Departamento de Classifica\u00e7\u00e3o Indicativa do Minist\u00e9rio da Justi\u00e7a. Na media\u00e7\u00e3o, estar\u00e1 o professor Lalo Leal, da Universidade de S\u00e3o Paulo.<\/p>\n<p>Homenagem &#8211; A 1\u00aa Confecom tem como homenageado o jornalista ga\u00facho Daniel Herz, falecido em 2006, aos 51 anos. Importante l\u00edder na milit\u00e2ncia do movimento pela democratiza\u00e7\u00e3o da comunica\u00e7\u00e3o, ele \u00e9 mais conhecido do grande p\u00fablico por seu livro A Hist\u00f3ria Secreta da Rede Globo (editota Tch\u00ea, 1987). Herz foi secret\u00e1rio de Comunica\u00e7\u00e3o de Porto Alegre (RS), participou da luta da Federa\u00e7\u00e3o Nacional dos Jornalistas (Fenaj) pela democratiza\u00e7\u00e3o das comunica\u00e7\u00f5es durante a Assembl\u00e9ia Nacional Constituinte de 1988 e fundou e coordenou o F\u00f3rum Nacional pela Democratiza\u00e7\u00e3o das Comunica\u00e7\u00f5es (FNDC).<\/p>\n<p><em>Clique <\/em><a href=\"http:\/\/www.oarcanjo.net\/site\/wp-content\/uploads\/lula_confecom.pdf\" target=\"_blank\"><em>aqui<\/em><\/a><em> para ler o <\/em><a href=\"http:\/\/www.oarcanjo.net\/site\/wp-content\/uploads\/lula_confecom.pdf\" target=\"_blank\"><em>discurso do presidente Lula<\/em><\/a><em> na abertura da <\/em><strong><em>Confecom<\/em><\/strong><em>.<\/em><\/p>\n<p><strong>Programa\u00e7\u00e3o dos pain\u00e9is<\/strong><\/p>\n<p>Eixo 1 (Produ\u00e7\u00e3o de conte\u00fado):<\/p>\n<p>&#8211; Sociedade civil: Murilo C\u00e9sar Ramos, professor da Universidade de Bras\u00edlia<br \/>\n&#8211; Sociedade civil empresarial: Walter Vieira Ceneviva, vice-presidente executivo do Grupo Bandeirantes e jurista<br \/>\n&#8211; Poder p\u00fablico: Silvio Da-Rin, Secret\u00e1rio do Audiovisual do Minist\u00e9rio da Cultura e documentarista<br \/>\nMediador: Fernando Vieira de Melo, jornalista<\/p>\n<p>Eixo 2 (Meios de distribui\u00e7\u00e3o):<\/p>\n<p>&#8211; Sociedade civil: Celso Schr\u00f6der, secret\u00e1rio-geral da Fenaj<br \/>\n&#8211; Sociedade civil empresarial: Frederico Nogueira, vice-presidente do Grupo Bandeirantes<br \/>\n&#8211; Poder p\u00fablico: Marcelo Bechara, consultor jur\u00eddico do Minist\u00e9rio das Comunica\u00e7\u00f5es<br \/>\nMediador: Samuel Possebom, jornalista<\/p>\n<p>Eixo 3 (Cidadania: direitos e deveres):<\/p>\n<p>&#8211; Sociedade civil: Luiza Erundina, deputada federal<br \/>\n&#8211; Sociedade civil empresarial: C\u00e9sar R\u00f4mulo Silveira Neto, superintendente-executivo da Telebrasil<br \/>\n&#8211; Poder p\u00fablico: Jos\u00e9 Rom\u00e3o, jurista e pesquisador e ex-diretor do Dejus\/Minist\u00e9rio da Justi\u00e7a<br \/>\nMediador: Lalo Leal, professor da USP<\/p>\n<hr \/>\n<p>Para colaborar com essa reflex\u00e3o, o <strong>Intervozes <\/strong>&#8211; Coletivo Brasil de Comunica\u00e7\u00e3o Social &#8211; produziu o v\u00eddeo <em>Levante sua voz<\/em><strong> <\/strong>, um retrato da concentra\u00e7\u00e3o e da falta de democracia numa \u00e1rea t\u00e3o importante. Assista e comente!<\/p>\n<p><object classid=\"clsid:d27cdb6e-ae6d-11cf-96b8-444553540000\" width=\"600\" height=\"398\" codebase=\"http:\/\/download.macromedia.com\/pub\/shockwave\/cabs\/flash\/swflash.cab#version=6,0,40,0\"><param name=\"allowfullscreen\" value=\"true\" \/><param name=\"allowscriptaccess\" value=\"always\" \/><param name=\"src\" value=\"http:\/\/vimeo.com\/moogaloop.swf?clip_id=7459748&amp;server=vimeo.com&amp;show_title=1&amp;show_byline=1&amp;show_portrait=0&amp;color=ff9933&amp;fullscreen=1\" \/><embed type=\"application\/x-shockwave-flash\" width=\"600\" height=\"398\" src=\"http:\/\/vimeo.com\/moogaloop.swf?clip_id=7459748&amp;server=vimeo.com&amp;show_title=1&amp;show_byline=1&amp;show_portrait=0&amp;color=ff9933&amp;fullscreen=1\" allowscriptaccess=\"always\" allowfullscreen=\"true\"><\/embed><\/object><\/p>\n<p>Para mais informa\u00e7\u00f5es sobre o tema, visite:<\/p>\n<p><span style=\"background-color: #ffffff;\">* Site da Confecom: <a title=\"Intervozes\" href=\"http:\/\/www.confecom.gov.br\" target=\"_blank\">www.confecom.gov.br<\/a><\/span><\/p>\n<p><span style=\"background-color: #ffffff;\">* Site do Intervozes: <a title=\"Confecom\" href=\"http:\/\/www.intervozes.org.br\" target=\"_blank\">www.intervozes.org.br<\/a><\/span><\/p>\n<p><span style=\"background-color: #ffffff;\">* <a title=\"Intervozes\" href=\"http:\/\/www.intervozes.org.br\/publicacoes\/documentos\/propostas-do-intervozes-para-a-conferencia-nacional-de-comunicacao\/Intervozes02-Propostascompleto.pdf\" target=\"_blank\">Documento com as propostas do Intervozes<\/a><\/span><\/p>\n<div id=\"themify_builder_content-6709\" data-postid=\"6709\" class=\"themify_builder_content themify_builder_content-6709 themify_builder themify_builder_front\">\n\t<\/div>\n<!-- \/themify_builder_content -->","protected":false},"excerpt":{"rendered":"<p>Pela primeira vez, representantes de movimentos sociais, organiza\u00e7\u00f5es empresariais e do poder p\u00fablico se re\u00fanem para discutir pol\u00edticas de comunica\u00e7\u00e3o. A 1\u00aa Confer\u00eancia Nacional de Comunica\u00e7\u00e3o (Confecom) come\u00e7ou nesta segunda-feira (14), no Centro de Conven\u00e7\u00f5es Ulysses Guimar\u00e3es, em Bras\u00edlia. O evento vai at\u00e9 o dia 17, e tem como tema central \u201cComunica\u00e7\u00e3o: meios para a [&hellip;]<\/p>\n","protected":false},"author":5,"featured_media":0,"comment_status":"open","ping_status":"open","sticky":false,"template":"","format":"standard","meta":{"ngg_post_thumbnail":0,"footnotes":""},"categories":[8],"tags":[1340,1350,1351,196,1352],"yoast_head":"<!-- This site is optimized with the Yoast SEO plugin v23.5 - https:\/\/yoast.com\/wordpress\/plugins\/seo\/ -->\n<title>Confer\u00eancia Nacional de Comunica\u00e7\u00e3o debate pol\u00edticas p\u00fablicas para o setor - O Arcanjo no ar<\/title>\n<meta name=\"robots\" content=\"index, follow, max-snippet:-1, max-image-preview:large, max-video-preview:-1\" \/>\n<link rel=\"canonical\" href=\"https:\/\/www.oarcanjo.net\/site\/conferencia-nacional-de-comunicacao-debate-politicas-publicas-para-o-setor\/\" \/>\n<meta property=\"og:locale\" content=\"pt_BR\" \/>\n<meta property=\"og:type\" content=\"article\" \/>\n<meta property=\"og:title\" content=\"Confer\u00eancia Nacional de Comunica\u00e7\u00e3o debate pol\u00edticas p\u00fablicas para o setor - O Arcanjo no ar\" \/>\n<meta property=\"og:description\" content=\"Pela primeira vez, representantes de movimentos sociais, organiza\u00e7\u00f5es empresariais e do poder p\u00fablico se re\u00fanem para discutir pol\u00edticas de comunica\u00e7\u00e3o. A 1\u00aa Confer\u00eancia Nacional de Comunica\u00e7\u00e3o (Confecom) come\u00e7ou nesta segunda-feira (14), no Centro de Conven\u00e7\u00f5es Ulysses Guimar\u00e3es, em Bras\u00edlia. O evento vai at\u00e9 o dia 17, e tem como tema central \u201cComunica\u00e7\u00e3o: meios para a [&hellip;]\" \/>\n<meta property=\"og:url\" content=\"https:\/\/www.oarcanjo.net\/site\/conferencia-nacional-de-comunicacao-debate-politicas-publicas-para-o-setor\/\" \/>\n<meta property=\"og:site_name\" content=\"O Arcanjo no ar\" \/>\n<meta property=\"article:publisher\" content=\"https:\/\/www.facebook.com\/OArcanjoNoAr\/\" \/>\n<meta property=\"article:published_time\" content=\"2009-12-15T10:32:01+00:00\" \/>\n<meta property=\"article:modified_time\" content=\"2009-12-15T10:46:53+00:00\" \/>\n<meta property=\"og:image\" content=\"https:\/\/www.oarcanjo.net\/site\/wp-content\/uploads\/logo-o-arcanjo-no-ar-facebook.png\" \/>\n\t<meta property=\"og:image:width\" content=\"300\" \/>\n\t<meta property=\"og:image:height\" content=\"300\" \/>\n\t<meta property=\"og:image:type\" content=\"image\/png\" \/>\n<meta name=\"author\" content=\"editor\" \/>\n<meta name=\"twitter:card\" content=\"summary_large_image\" \/>\n<meta name=\"twitter:label1\" content=\"Escrito por\" \/>\n\t<meta name=\"twitter:data1\" content=\"editor\" \/>\n\t<meta name=\"twitter:label2\" content=\"Est. tempo de leitura\" \/>\n\t<meta name=\"twitter:data2\" content=\"3 minutos\" \/>\n<script type=\"application\/ld+json\" class=\"yoast-schema-graph\">{\"@context\":\"https:\/\/schema.org\",\"@graph\":[{\"@type\":\"Article\",\"@id\":\"https:\/\/www.oarcanjo.net\/site\/conferencia-nacional-de-comunicacao-debate-politicas-publicas-para-o-setor\/#article\",\"isPartOf\":{\"@id\":\"https:\/\/www.oarcanjo.net\/site\/conferencia-nacional-de-comunicacao-debate-politicas-publicas-para-o-setor\/\"},\"author\":{\"name\":\"editor\",\"@id\":\"https:\/\/www.oarcanjo.net\/site\/#\/schema\/person\/f7024d007863202483a31326673a0838\"},\"headline\":\"Confer\u00eancia Nacional de Comunica\u00e7\u00e3o debate pol\u00edticas p\u00fablicas para o setor\",\"datePublished\":\"2009-12-15T10:32:01+00:00\",\"dateModified\":\"2009-12-15T10:46:53+00:00\",\"mainEntityOfPage\":{\"@id\":\"https:\/\/www.oarcanjo.net\/site\/conferencia-nacional-de-comunicacao-debate-politicas-publicas-para-o-setor\/\"},\"wordCount\":660,\"commentCount\":0,\"publisher\":{\"@id\":\"https:\/\/www.oarcanjo.net\/site\/#organization\"},\"keywords\":[\"Confecom\",\"Confer\u00eancia de Comunica\u00e7\u00e3o\",\"democratiza\u00e7\u00e3o da comunica\u00e7\u00e3o\",\"m\u00eddia\",\"quarto poder\"],\"articleSection\":[\"Not\u00edcias\"],\"inLanguage\":\"pt-BR\",\"potentialAction\":[{\"@type\":\"CommentAction\",\"name\":\"Comment\",\"target\":[\"https:\/\/www.oarcanjo.net\/site\/conferencia-nacional-de-comunicacao-debate-politicas-publicas-para-o-setor\/#respond\"]}]},{\"@type\":\"WebPage\",\"@id\":\"https:\/\/www.oarcanjo.net\/site\/conferencia-nacional-de-comunicacao-debate-politicas-publicas-para-o-setor\/\",\"url\":\"https:\/\/www.oarcanjo.net\/site\/conferencia-nacional-de-comunicacao-debate-politicas-publicas-para-o-setor\/\",\"name\":\"Confer\u00eancia Nacional de Comunica\u00e7\u00e3o debate pol\u00edticas p\u00fablicas para o setor - O Arcanjo no ar\",\"isPartOf\":{\"@id\":\"https:\/\/www.oarcanjo.net\/site\/#website\"},\"datePublished\":\"2009-12-15T10:32:01+00:00\",\"dateModified\":\"2009-12-15T10:46:53+00:00\",\"breadcrumb\":{\"@id\":\"https:\/\/www.oarcanjo.net\/site\/conferencia-nacional-de-comunicacao-debate-politicas-publicas-para-o-setor\/#breadcrumb\"},\"inLanguage\":\"pt-BR\",\"potentialAction\":[{\"@type\":\"ReadAction\",\"target\":[\"https:\/\/www.oarcanjo.net\/site\/conferencia-nacional-de-comunicacao-debate-politicas-publicas-para-o-setor\/\"]}]},{\"@type\":\"BreadcrumbList\",\"@id\":\"https:\/\/www.oarcanjo.net\/site\/conferencia-nacional-de-comunicacao-debate-politicas-publicas-para-o-setor\/#breadcrumb\",\"itemListElement\":[{\"@type\":\"ListItem\",\"position\":1,\"name\":\"In\u00edcio\",\"item\":\"https:\/\/www.oarcanjo.net\/site\/\"},{\"@type\":\"ListItem\",\"position\":2,\"name\":\"Confer\u00eancia Nacional de Comunica\u00e7\u00e3o debate pol\u00edticas p\u00fablicas para o setor\"}]},{\"@type\":\"WebSite\",\"@id\":\"https:\/\/www.oarcanjo.net\/site\/#website\",\"url\":\"https:\/\/www.oarcanjo.net\/site\/\",\"name\":\"O Arcanjo no ar\",\"description\":\"Site da Par\u00f3quia S\u00e3o Miguel Arcanjo (Arquidiocese de SP)\",\"publisher\":{\"@id\":\"https:\/\/www.oarcanjo.net\/site\/#organization\"},\"potentialAction\":[{\"@type\":\"SearchAction\",\"target\":{\"@type\":\"EntryPoint\",\"urlTemplate\":\"https:\/\/www.oarcanjo.net\/site\/?s={search_term_string}\"},\"query-input\":{\"@type\":\"PropertyValueSpecification\",\"valueRequired\":true,\"valueName\":\"search_term_string\"}}],\"inLanguage\":\"pt-BR\"},{\"@type\":\"Organization\",\"@id\":\"https:\/\/www.oarcanjo.net\/site\/#organization\",\"name\":\"Par\u00f3quia S\u00e3o Miguel Arcanjo\",\"url\":\"https:\/\/www.oarcanjo.net\/site\/\",\"logo\":{\"@type\":\"ImageObject\",\"inLanguage\":\"pt-BR\",\"@id\":\"https:\/\/www.oarcanjo.net\/site\/#\/schema\/logo\/image\/\",\"url\":\"https:\/\/www.oarcanjo.net\/site\/wp-content\/uploads\/LogoOArcanjo.png\",\"contentUrl\":\"https:\/\/www.oarcanjo.net\/site\/wp-content\/uploads\/LogoOArcanjo.png\",\"width\":319,\"height\":99,\"caption\":\"Par\u00f3quia S\u00e3o Miguel Arcanjo\"},\"image\":{\"@id\":\"https:\/\/www.oarcanjo.net\/site\/#\/schema\/logo\/image\/\"},\"sameAs\":[\"https:\/\/www.facebook.com\/OArcanjoNoAr\/\"]},{\"@type\":\"Person\",\"@id\":\"https:\/\/www.oarcanjo.net\/site\/#\/schema\/person\/f7024d007863202483a31326673a0838\",\"name\":\"editor\",\"sameAs\":[\"http:\/\/www.oarcanjo.net\"]}]}<\/script>\n<!-- \/ Yoast SEO plugin. -->","yoast_head_json":{"title":"Confer\u00eancia Nacional de Comunica\u00e7\u00e3o debate pol\u00edticas p\u00fablicas para o setor - O Arcanjo no ar","robots":{"index":"index","follow":"follow","max-snippet":"max-snippet:-1","max-image-preview":"max-image-preview:large","max-video-preview":"max-video-preview:-1"},"canonical":"https:\/\/www.oarcanjo.net\/site\/conferencia-nacional-de-comunicacao-debate-politicas-publicas-para-o-setor\/","og_locale":"pt_BR","og_type":"article","og_title":"Confer\u00eancia Nacional de Comunica\u00e7\u00e3o debate pol\u00edticas p\u00fablicas para o setor - O Arcanjo no ar","og_description":"Pela primeira vez, representantes de movimentos sociais, organiza\u00e7\u00f5es empresariais e do poder p\u00fablico se re\u00fanem para discutir pol\u00edticas de comunica\u00e7\u00e3o. A 1\u00aa Confer\u00eancia Nacional de Comunica\u00e7\u00e3o (Confecom) come\u00e7ou nesta segunda-feira (14), no Centro de Conven\u00e7\u00f5es Ulysses Guimar\u00e3es, em Bras\u00edlia. O evento vai at\u00e9 o dia 17, e tem como tema central \u201cComunica\u00e7\u00e3o: meios para a [&hellip;]","og_url":"https:\/\/www.oarcanjo.net\/site\/conferencia-nacional-de-comunicacao-debate-politicas-publicas-para-o-setor\/","og_site_name":"O Arcanjo no ar","article_publisher":"https:\/\/www.facebook.com\/OArcanjoNoAr\/","article_published_time":"2009-12-15T10:32:01+00:00","article_modified_time":"2009-12-15T10:46:53+00:00","og_image":[{"width":300,"height":300,"url":"https:\/\/www.oarcanjo.net\/site\/wp-content\/uploads\/logo-o-arcanjo-no-ar-facebook.png","type":"image\/png"}],"author":"editor","twitter_card":"summary_large_image","twitter_misc":{"Escrito por":"editor","Est. tempo de leitura":"3 minutos"},"schema":{"@context":"https:\/\/schema.org","@graph":[{"@type":"Article","@id":"https:\/\/www.oarcanjo.net\/site\/conferencia-nacional-de-comunicacao-debate-politicas-publicas-para-o-setor\/#article","isPartOf":{"@id":"https:\/\/www.oarcanjo.net\/site\/conferencia-nacional-de-comunicacao-debate-politicas-publicas-para-o-setor\/"},"author":{"name":"editor","@id":"https:\/\/www.oarcanjo.net\/site\/#\/schema\/person\/f7024d007863202483a31326673a0838"},"headline":"Confer\u00eancia Nacional de Comunica\u00e7\u00e3o debate pol\u00edticas p\u00fablicas para o setor","datePublished":"2009-12-15T10:32:01+00:00","dateModified":"2009-12-15T10:46:53+00:00","mainEntityOfPage":{"@id":"https:\/\/www.oarcanjo.net\/site\/conferencia-nacional-de-comunicacao-debate-politicas-publicas-para-o-setor\/"},"wordCount":660,"commentCount":0,"publisher":{"@id":"https:\/\/www.oarcanjo.net\/site\/#organization"},"keywords":["Confecom","Confer\u00eancia de Comunica\u00e7\u00e3o","democratiza\u00e7\u00e3o da comunica\u00e7\u00e3o","m\u00eddia","quarto poder"],"articleSection":["Not\u00edcias"],"inLanguage":"pt-BR","potentialAction":[{"@type":"CommentAction","name":"Comment","target":["https:\/\/www.oarcanjo.net\/site\/conferencia-nacional-de-comunicacao-debate-politicas-publicas-para-o-setor\/#respond"]}]},{"@type":"WebPage","@id":"https:\/\/www.oarcanjo.net\/site\/conferencia-nacional-de-comunicacao-debate-politicas-publicas-para-o-setor\/","url":"https:\/\/www.oarcanjo.net\/site\/conferencia-nacional-de-comunicacao-debate-politicas-publicas-para-o-setor\/","name":"Confer\u00eancia Nacional de Comunica\u00e7\u00e3o debate pol\u00edticas p\u00fablicas para o setor - O Arcanjo no ar","isPartOf":{"@id":"https:\/\/www.oarcanjo.net\/site\/#website"},"datePublished":"2009-12-15T10:32:01+00:00","dateModified":"2009-12-15T10:46:53+00:00","breadcrumb":{"@id":"https:\/\/www.oarcanjo.net\/site\/conferencia-nacional-de-comunicacao-debate-politicas-publicas-para-o-setor\/#breadcrumb"},"inLanguage":"pt-BR","potentialAction":[{"@type":"ReadAction","target":["https:\/\/www.oarcanjo.net\/site\/conferencia-nacional-de-comunicacao-debate-politicas-publicas-para-o-setor\/"]}]},{"@type":"BreadcrumbList","@id":"https:\/\/www.oarcanjo.net\/site\/conferencia-nacional-de-comunicacao-debate-politicas-publicas-para-o-setor\/#breadcrumb","itemListElement":[{"@type":"ListItem","position":1,"name":"In\u00edcio","item":"https:\/\/www.oarcanjo.net\/site\/"},{"@type":"ListItem","position":2,"name":"Confer\u00eancia Nacional de Comunica\u00e7\u00e3o debate pol\u00edticas p\u00fablicas para o setor"}]},{"@type":"WebSite","@id":"https:\/\/www.oarcanjo.net\/site\/#website","url":"https:\/\/www.oarcanjo.net\/site\/","name":"O Arcanjo no ar","description":"Site da Par\u00f3quia S\u00e3o Miguel Arcanjo (Arquidiocese de SP)","publisher":{"@id":"https:\/\/www.oarcanjo.net\/site\/#organization"},"potentialAction":[{"@type":"SearchAction","target":{"@type":"EntryPoint","urlTemplate":"https:\/\/www.oarcanjo.net\/site\/?s={search_term_string}"},"query-input":{"@type":"PropertyValueSpecification","valueRequired":true,"valueName":"search_term_string"}}],"inLanguage":"pt-BR"},{"@type":"Organization","@id":"https:\/\/www.oarcanjo.net\/site\/#organization","name":"Par\u00f3quia S\u00e3o Miguel Arcanjo","url":"https:\/\/www.oarcanjo.net\/site\/","logo":{"@type":"ImageObject","inLanguage":"pt-BR","@id":"https:\/\/www.oarcanjo.net\/site\/#\/schema\/logo\/image\/","url":"https:\/\/www.oarcanjo.net\/site\/wp-content\/uploads\/LogoOArcanjo.png","contentUrl":"https:\/\/www.oarcanjo.net\/site\/wp-content\/uploads\/LogoOArcanjo.png","width":319,"height":99,"caption":"Par\u00f3quia S\u00e3o Miguel Arcanjo"},"image":{"@id":"https:\/\/www.oarcanjo.net\/site\/#\/schema\/logo\/image\/"},"sameAs":["https:\/\/www.facebook.com\/OArcanjoNoAr\/"]},{"@type":"Person","@id":"https:\/\/www.oarcanjo.net\/site\/#\/schema\/person\/f7024d007863202483a31326673a0838","name":"editor","sameAs":["http:\/\/www.oarcanjo.net"]}]}},"publishpress_future_action":{"enabled":false,"date":"2026-05-07 08:07:37","action":"category","newStatus":"draft","terms":[],"taxonomy":"category"},"publishpress_future_workflow_manual_trigger":{"enabledWorkflows":[]},"_links":{"self":[{"href":"https:\/\/www.oarcanjo.net\/site\/wp-json\/wp\/v2\/posts\/6709"}],"collection":[{"href":"https:\/\/www.oarcanjo.net\/site\/wp-json\/wp\/v2\/posts"}],"about":[{"href":"https:\/\/www.oarcanjo.net\/site\/wp-json\/wp\/v2\/types\/post"}],"author":[{"embeddable":true,"href":"https:\/\/www.oarcanjo.net\/site\/wp-json\/wp\/v2\/users\/5"}],"replies":[{"embeddable":true,"href":"https:\/\/www.oarcanjo.net\/site\/wp-json\/wp\/v2\/comments?post=6709"}],"version-history":[{"count":0,"href":"https:\/\/www.oarcanjo.net\/site\/wp-json\/wp\/v2\/posts\/6709\/revisions"}],"wp:attachment":[{"href":"https:\/\/www.oarcanjo.net\/site\/wp-json\/wp\/v2\/media?parent=6709"}],"wp:term":[{"taxonomy":"category","embeddable":true,"href":"https:\/\/www.oarcanjo.net\/site\/wp-json\/wp\/v2\/categories?post=6709"},{"taxonomy":"post_tag","embeddable":true,"href":"https:\/\/www.oarcanjo.net\/site\/wp-json\/wp\/v2\/tags?post=6709"}],"curies":[{"name":"wp","href":"https:\/\/api.w.org\/{rel}","templated":true}]}}