
{"id":67644,"date":"2015-12-15T23:01:39","date_gmt":"2015-12-16T01:01:39","guid":{"rendered":"http:\/\/www.oarcanjo.net\/site\/?p=67644"},"modified":"2016-02-10T14:37:49","modified_gmt":"2016-02-10T16:37:49","slug":"porta-santa-peregrinacao-da-comunidade-sao-miguel-arcanjo","status":"publish","type":"post","link":"https:\/\/www.oarcanjo.net\/site\/porta-santa-peregrinacao-da-comunidade-sao-miguel-arcanjo\/","title":{"rendered":"Porta Santa &#8211; Peregrina\u00e7\u00e3o da Comunidade S\u00e3o Miguel Arcanjo"},"content":{"rendered":"<p style=\"text-align: justify;\">13\/12\/15, \u00faltimo domingo, foi tarde de peregrina\u00e7\u00e3o da Comunidade S\u00e3o Miguel Arcanjo at\u00e9 o Santu\u00e1rio de Nossa Senhora do Sagrado Cora\u00e7\u00e3o, na Vila Formosa. Muitos foram de condu\u00e7\u00e3o pr\u00f3pria, nos coletivos e outros tantos usaram o \u00f4nibus fretado pela Par\u00f3quia. Ano Santo Extraordin\u00e1rio da Miseric\u00f3rdia.<\/p>\n<p style=\"text-align: justify;\">Um problema mec\u00e2nico atrasou a sa\u00edda, mas permitiu que o Pe Julio tivesse um breve reencontro com um ex-morador de rua, agora motorista de taxi. O tr\u00e2nsito havia parado na Rua Taquari e o feliz motorista dentro de seu taxi\u00a0chamou o Pe Julio que estava na cal\u00e7ada\u00a0e at\u00e9 mandou um beijo para ele. Firme e orgulhoso pela atual condi\u00e7\u00e3o, disse em alta voz: \u201cPadre Julio, eu fui morador de rua!\u201d Rostos felizes. O sem\u00e1foro abriu, o tr\u00e2nsito andou e l\u00e1 foram sorrindo um para cada lado.<\/p>\n<p style=\"text-align: justify;\">A quest\u00e3o do \u00f4nibus quebrado, o mutir\u00e3o para empurrar o \u00f4nibus, o atraso, o enorme calor, tudo ficou insignificante ante o contentamento do Padre Julio pelo reencontro e saber que um irm\u00e3o cuidado retomou seu caminho, sendo um feliz trabalhador do t\u00e1xi.<\/p>\n<p style=\"text-align: justify;\">As fotos mostram esse momento e outros da peregrina\u00e7\u00e3o, como a chegada ao ponto de reuni\u00e3o, a celebra\u00e7\u00e3o preparat\u00f3ria para a prociss\u00e3o sob forte calor, a caminhada pelas ruas da Vila Formosa, a chegada ao Santu\u00e1rio de Nossa Senhora do Sagrado Cora\u00e7\u00e3o e a passagem pela Porta Santa, que nos d\u00e1 a indulg\u00eancia.<\/p>\n<p style=\"text-align: justify;\">Uma multid\u00e3o acompanhava a prociss\u00e3o e no meio as pessoas da nossa Par\u00f3quia de S\u00e3o Miguel Arcanjo. \u00c0 frente ia o Cardeal Dom Odilo Pedro Scherer. Emocionante a abertura da Porta Santa, a multid\u00e3o passando por ela em profunda ora\u00e7\u00e3o. A celebra\u00e7\u00e3o toda especial.<\/p>\n<p style=\"text-align: justify;\">No dizer do Papa Francisco: &#8220;Miseric\u00f3rdia \u00e9 o caminho que une Deus e o homem, porque nos abre o cora\u00e7\u00e3o \u00e0 esperan\u00e7a de sermos amados para sempre, apesar da limita\u00e7\u00e3o do nosso pecado.\u201d<\/p>\n<p style=\"text-align: justify;\">ngg_shortcode_0_placeholder<\/p>\n<p>&nbsp;<\/p>\n<div id=\"themify_builder_content-67644\" data-postid=\"67644\" class=\"themify_builder_content themify_builder_content-67644 themify_builder themify_builder_front\">\n\t<\/div>\n<!-- \/themify_builder_content -->","protected":false},"excerpt":{"rendered":"<p>Dia 13\/12\/15 foi tarde de peregrina\u00e7\u00e3o da Comunidade S\u00e3o Miguel Arcanjo at\u00e9 o Santu\u00e1rio de Nossa Senhora do Sagrado Cora\u00e7\u00e3o, na Vila Formosa, para a passagem pela Porta Santa, no Ano Santo da Miseric\u00f3rdia.<\/p>\n","protected":false},"author":10,"featured_media":68361,"comment_status":"open","ping_status":"open","sticky":false,"template":"","format":"standard","meta":{"ngg_post_thumbnail":0,"footnotes":""},"categories":[3235,3,8,7],"tags":[],"yoast_head":"<!-- This site is optimized with the Yoast SEO plugin v23.5 - https:\/\/yoast.com\/wordpress\/plugins\/seo\/ -->\n<title>Porta Santa - Peregrina\u00e7\u00e3o da Comunidade S\u00e3o Miguel Arcanjo - O Arcanjo no ar<\/title>\n<meta name=\"robots\" content=\"index, follow, max-snippet:-1, max-image-preview:large, max-video-preview:-1\" \/>\n<link rel=\"canonical\" href=\"https:\/\/www.oarcanjo.net\/site\/porta-santa-peregrinacao-da-comunidade-sao-miguel-arcanjo\/\" \/>\n<meta property=\"og:locale\" content=\"pt_BR\" \/>\n<meta property=\"og:type\" content=\"article\" \/>\n<meta property=\"og:title\" content=\"Porta Santa - Peregrina\u00e7\u00e3o da Comunidade S\u00e3o Miguel Arcanjo - O Arcanjo no ar\" \/>\n<meta property=\"og:description\" content=\"Dia 13\/12\/15 foi tarde de peregrina\u00e7\u00e3o da Comunidade S\u00e3o Miguel Arcanjo at\u00e9 o Santu\u00e1rio de Nossa Senhora do Sagrado Cora\u00e7\u00e3o, na Vila Formosa, para a passagem pela Porta Santa, no Ano Santo da Miseric\u00f3rdia.\" \/>\n<meta property=\"og:url\" content=\"https:\/\/www.oarcanjo.net\/site\/porta-santa-peregrinacao-da-comunidade-sao-miguel-arcanjo\/\" \/>\n<meta property=\"og:site_name\" content=\"O Arcanjo no ar\" \/>\n<meta property=\"article:publisher\" content=\"https:\/\/www.facebook.com\/OArcanjoNoAr\/\" \/>\n<meta property=\"article:published_time\" content=\"2015-12-16T01:01:39+00:00\" \/>\n<meta property=\"article:modified_time\" content=\"2016-02-10T16:37:49+00:00\" \/>\n<meta property=\"og:image\" content=\"https:\/\/www.oarcanjo.net\/site\/wp-content\/uploads\/banner-porta-santa-sao-miguel-dez-2015.jpg\" \/>\n\t<meta property=\"og:image:width\" content=\"700\" \/>\n\t<meta property=\"og:image:height\" content=\"320\" \/>\n\t<meta property=\"og:image:type\" content=\"image\/jpeg\" \/>\n<meta name=\"author\" content=\"carlos\" \/>\n<meta name=\"twitter:card\" content=\"summary_large_image\" \/>\n<meta name=\"twitter:label1\" content=\"Escrito por\" \/>\n\t<meta name=\"twitter:data1\" content=\"carlos\" \/>\n\t<meta name=\"twitter:label2\" content=\"Est. tempo de leitura\" \/>\n\t<meta name=\"twitter:data2\" content=\"2 minutos\" \/>\n<script type=\"application\/ld+json\" class=\"yoast-schema-graph\">{\"@context\":\"https:\/\/schema.org\",\"@graph\":[{\"@type\":\"Article\",\"@id\":\"https:\/\/www.oarcanjo.net\/site\/porta-santa-peregrinacao-da-comunidade-sao-miguel-arcanjo\/#article\",\"isPartOf\":{\"@id\":\"https:\/\/www.oarcanjo.net\/site\/porta-santa-peregrinacao-da-comunidade-sao-miguel-arcanjo\/\"},\"author\":{\"name\":\"carlos\",\"@id\":\"https:\/\/www.oarcanjo.net\/site\/#\/schema\/person\/f7870e710d8c8c30673de3a0ac2e451d\"},\"headline\":\"Porta Santa &#8211; Peregrina\u00e7\u00e3o da Comunidade S\u00e3o Miguel Arcanjo\",\"datePublished\":\"2015-12-16T01:01:39+00:00\",\"dateModified\":\"2016-02-10T16:37:49+00:00\",\"mainEntityOfPage\":{\"@id\":\"https:\/\/www.oarcanjo.net\/site\/porta-santa-peregrinacao-da-comunidade-sao-miguel-arcanjo\/\"},\"wordCount\":354,\"commentCount\":0,\"publisher\":{\"@id\":\"https:\/\/www.oarcanjo.net\/site\/#organization\"},\"image\":{\"@id\":\"https:\/\/www.oarcanjo.net\/site\/porta-santa-peregrinacao-da-comunidade-sao-miguel-arcanjo\/#primaryimage\"},\"thumbnailUrl\":\"https:\/\/www.oarcanjo.net\/site\/wp-content\/uploads\/banner-porta-santa-sao-miguel-dez-2015.jpg\",\"articleSection\":[\"Ano da Miseric\u00f3rdia\",\"Destaques\",\"Not\u00edcias\",\"Rosto da comunidade\"],\"inLanguage\":\"pt-BR\",\"potentialAction\":[{\"@type\":\"CommentAction\",\"name\":\"Comment\",\"target\":[\"https:\/\/www.oarcanjo.net\/site\/porta-santa-peregrinacao-da-comunidade-sao-miguel-arcanjo\/#respond\"]}]},{\"@type\":\"WebPage\",\"@id\":\"https:\/\/www.oarcanjo.net\/site\/porta-santa-peregrinacao-da-comunidade-sao-miguel-arcanjo\/\",\"url\":\"https:\/\/www.oarcanjo.net\/site\/porta-santa-peregrinacao-da-comunidade-sao-miguel-arcanjo\/\",\"name\":\"Porta Santa - Peregrina\u00e7\u00e3o da Comunidade S\u00e3o Miguel Arcanjo - O Arcanjo no ar\",\"isPartOf\":{\"@id\":\"https:\/\/www.oarcanjo.net\/site\/#website\"},\"primaryImageOfPage\":{\"@id\":\"https:\/\/www.oarcanjo.net\/site\/porta-santa-peregrinacao-da-comunidade-sao-miguel-arcanjo\/#primaryimage\"},\"image\":{\"@id\":\"https:\/\/www.oarcanjo.net\/site\/porta-santa-peregrinacao-da-comunidade-sao-miguel-arcanjo\/#primaryimage\"},\"thumbnailUrl\":\"https:\/\/www.oarcanjo.net\/site\/wp-content\/uploads\/banner-porta-santa-sao-miguel-dez-2015.jpg\",\"datePublished\":\"2015-12-16T01:01:39+00:00\",\"dateModified\":\"2016-02-10T16:37:49+00:00\",\"breadcrumb\":{\"@id\":\"https:\/\/www.oarcanjo.net\/site\/porta-santa-peregrinacao-da-comunidade-sao-miguel-arcanjo\/#breadcrumb\"},\"inLanguage\":\"pt-BR\",\"potentialAction\":[{\"@type\":\"ReadAction\",\"target\":[\"https:\/\/www.oarcanjo.net\/site\/porta-santa-peregrinacao-da-comunidade-sao-miguel-arcanjo\/\"]}]},{\"@type\":\"ImageObject\",\"inLanguage\":\"pt-BR\",\"@id\":\"https:\/\/www.oarcanjo.net\/site\/porta-santa-peregrinacao-da-comunidade-sao-miguel-arcanjo\/#primaryimage\",\"url\":\"https:\/\/www.oarcanjo.net\/site\/wp-content\/uploads\/banner-porta-santa-sao-miguel-dez-2015.jpg\",\"contentUrl\":\"https:\/\/www.oarcanjo.net\/site\/wp-content\/uploads\/banner-porta-santa-sao-miguel-dez-2015.jpg\",\"width\":700,\"height\":320},{\"@type\":\"BreadcrumbList\",\"@id\":\"https:\/\/www.oarcanjo.net\/site\/porta-santa-peregrinacao-da-comunidade-sao-miguel-arcanjo\/#breadcrumb\",\"itemListElement\":[{\"@type\":\"ListItem\",\"position\":1,\"name\":\"In\u00edcio\",\"item\":\"https:\/\/www.oarcanjo.net\/site\/\"},{\"@type\":\"ListItem\",\"position\":2,\"name\":\"Porta Santa &#8211; Peregrina\u00e7\u00e3o da Comunidade S\u00e3o Miguel Arcanjo\"}]},{\"@type\":\"WebSite\",\"@id\":\"https:\/\/www.oarcanjo.net\/site\/#website\",\"url\":\"https:\/\/www.oarcanjo.net\/site\/\",\"name\":\"O Arcanjo no ar\",\"description\":\"Site da Par\u00f3quia S\u00e3o Miguel Arcanjo (Arquidiocese de SP)\",\"publisher\":{\"@id\":\"https:\/\/www.oarcanjo.net\/site\/#organization\"},\"potentialAction\":[{\"@type\":\"SearchAction\",\"target\":{\"@type\":\"EntryPoint\",\"urlTemplate\":\"https:\/\/www.oarcanjo.net\/site\/?s={search_term_string}\"},\"query-input\":{\"@type\":\"PropertyValueSpecification\",\"valueRequired\":true,\"valueName\":\"search_term_string\"}}],\"inLanguage\":\"pt-BR\"},{\"@type\":\"Organization\",\"@id\":\"https:\/\/www.oarcanjo.net\/site\/#organization\",\"name\":\"Par\u00f3quia S\u00e3o Miguel Arcanjo\",\"url\":\"https:\/\/www.oarcanjo.net\/site\/\",\"logo\":{\"@type\":\"ImageObject\",\"inLanguage\":\"pt-BR\",\"@id\":\"https:\/\/www.oarcanjo.net\/site\/#\/schema\/logo\/image\/\",\"url\":\"https:\/\/www.oarcanjo.net\/site\/wp-content\/uploads\/LogoOArcanjo.png\",\"contentUrl\":\"https:\/\/www.oarcanjo.net\/site\/wp-content\/uploads\/LogoOArcanjo.png\",\"width\":319,\"height\":99,\"caption\":\"Par\u00f3quia S\u00e3o Miguel Arcanjo\"},\"image\":{\"@id\":\"https:\/\/www.oarcanjo.net\/site\/#\/schema\/logo\/image\/\"},\"sameAs\":[\"https:\/\/www.facebook.com\/OArcanjoNoAr\/\"]},{\"@type\":\"Person\",\"@id\":\"https:\/\/www.oarcanjo.net\/site\/#\/schema\/person\/f7870e710d8c8c30673de3a0ac2e451d\",\"name\":\"carlos\"}]}<\/script>\n<!-- \/ Yoast SEO plugin. -->","yoast_head_json":{"title":"Porta Santa - Peregrina\u00e7\u00e3o da Comunidade S\u00e3o Miguel Arcanjo - O Arcanjo no ar","robots":{"index":"index","follow":"follow","max-snippet":"max-snippet:-1","max-image-preview":"max-image-preview:large","max-video-preview":"max-video-preview:-1"},"canonical":"https:\/\/www.oarcanjo.net\/site\/porta-santa-peregrinacao-da-comunidade-sao-miguel-arcanjo\/","og_locale":"pt_BR","og_type":"article","og_title":"Porta Santa - Peregrina\u00e7\u00e3o da Comunidade S\u00e3o Miguel Arcanjo - O Arcanjo no ar","og_description":"Dia 13\/12\/15 foi tarde de peregrina\u00e7\u00e3o da Comunidade S\u00e3o Miguel Arcanjo at\u00e9 o Santu\u00e1rio de Nossa Senhora do Sagrado Cora\u00e7\u00e3o, na Vila Formosa, para a passagem pela Porta Santa, no Ano Santo da Miseric\u00f3rdia.","og_url":"https:\/\/www.oarcanjo.net\/site\/porta-santa-peregrinacao-da-comunidade-sao-miguel-arcanjo\/","og_site_name":"O Arcanjo no ar","article_publisher":"https:\/\/www.facebook.com\/OArcanjoNoAr\/","article_published_time":"2015-12-16T01:01:39+00:00","article_modified_time":"2016-02-10T16:37:49+00:00","og_image":[{"width":700,"height":320,"url":"https:\/\/www.oarcanjo.net\/site\/wp-content\/uploads\/banner-porta-santa-sao-miguel-dez-2015.jpg","type":"image\/jpeg"}],"author":"carlos","twitter_card":"summary_large_image","twitter_misc":{"Escrito por":"carlos","Est. tempo de leitura":"2 minutos"},"schema":{"@context":"https:\/\/schema.org","@graph":[{"@type":"Article","@id":"https:\/\/www.oarcanjo.net\/site\/porta-santa-peregrinacao-da-comunidade-sao-miguel-arcanjo\/#article","isPartOf":{"@id":"https:\/\/www.oarcanjo.net\/site\/porta-santa-peregrinacao-da-comunidade-sao-miguel-arcanjo\/"},"author":{"name":"carlos","@id":"https:\/\/www.oarcanjo.net\/site\/#\/schema\/person\/f7870e710d8c8c30673de3a0ac2e451d"},"headline":"Porta Santa &#8211; Peregrina\u00e7\u00e3o da Comunidade S\u00e3o Miguel Arcanjo","datePublished":"2015-12-16T01:01:39+00:00","dateModified":"2016-02-10T16:37:49+00:00","mainEntityOfPage":{"@id":"https:\/\/www.oarcanjo.net\/site\/porta-santa-peregrinacao-da-comunidade-sao-miguel-arcanjo\/"},"wordCount":354,"commentCount":0,"publisher":{"@id":"https:\/\/www.oarcanjo.net\/site\/#organization"},"image":{"@id":"https:\/\/www.oarcanjo.net\/site\/porta-santa-peregrinacao-da-comunidade-sao-miguel-arcanjo\/#primaryimage"},"thumbnailUrl":"https:\/\/www.oarcanjo.net\/site\/wp-content\/uploads\/banner-porta-santa-sao-miguel-dez-2015.jpg","articleSection":["Ano da Miseric\u00f3rdia","Destaques","Not\u00edcias","Rosto da comunidade"],"inLanguage":"pt-BR","potentialAction":[{"@type":"CommentAction","name":"Comment","target":["https:\/\/www.oarcanjo.net\/site\/porta-santa-peregrinacao-da-comunidade-sao-miguel-arcanjo\/#respond"]}]},{"@type":"WebPage","@id":"https:\/\/www.oarcanjo.net\/site\/porta-santa-peregrinacao-da-comunidade-sao-miguel-arcanjo\/","url":"https:\/\/www.oarcanjo.net\/site\/porta-santa-peregrinacao-da-comunidade-sao-miguel-arcanjo\/","name":"Porta Santa - Peregrina\u00e7\u00e3o da Comunidade S\u00e3o Miguel Arcanjo - O Arcanjo no ar","isPartOf":{"@id":"https:\/\/www.oarcanjo.net\/site\/#website"},"primaryImageOfPage":{"@id":"https:\/\/www.oarcanjo.net\/site\/porta-santa-peregrinacao-da-comunidade-sao-miguel-arcanjo\/#primaryimage"},"image":{"@id":"https:\/\/www.oarcanjo.net\/site\/porta-santa-peregrinacao-da-comunidade-sao-miguel-arcanjo\/#primaryimage"},"thumbnailUrl":"https:\/\/www.oarcanjo.net\/site\/wp-content\/uploads\/banner-porta-santa-sao-miguel-dez-2015.jpg","datePublished":"2015-12-16T01:01:39+00:00","dateModified":"2016-02-10T16:37:49+00:00","breadcrumb":{"@id":"https:\/\/www.oarcanjo.net\/site\/porta-santa-peregrinacao-da-comunidade-sao-miguel-arcanjo\/#breadcrumb"},"inLanguage":"pt-BR","potentialAction":[{"@type":"ReadAction","target":["https:\/\/www.oarcanjo.net\/site\/porta-santa-peregrinacao-da-comunidade-sao-miguel-arcanjo\/"]}]},{"@type":"ImageObject","inLanguage":"pt-BR","@id":"https:\/\/www.oarcanjo.net\/site\/porta-santa-peregrinacao-da-comunidade-sao-miguel-arcanjo\/#primaryimage","url":"https:\/\/www.oarcanjo.net\/site\/wp-content\/uploads\/banner-porta-santa-sao-miguel-dez-2015.jpg","contentUrl":"https:\/\/www.oarcanjo.net\/site\/wp-content\/uploads\/banner-porta-santa-sao-miguel-dez-2015.jpg","width":700,"height":320},{"@type":"BreadcrumbList","@id":"https:\/\/www.oarcanjo.net\/site\/porta-santa-peregrinacao-da-comunidade-sao-miguel-arcanjo\/#breadcrumb","itemListElement":[{"@type":"ListItem","position":1,"name":"In\u00edcio","item":"https:\/\/www.oarcanjo.net\/site\/"},{"@type":"ListItem","position":2,"name":"Porta Santa &#8211; Peregrina\u00e7\u00e3o da Comunidade S\u00e3o Miguel Arcanjo"}]},{"@type":"WebSite","@id":"https:\/\/www.oarcanjo.net\/site\/#website","url":"https:\/\/www.oarcanjo.net\/site\/","name":"O Arcanjo no ar","description":"Site da Par\u00f3quia S\u00e3o Miguel Arcanjo (Arquidiocese de SP)","publisher":{"@id":"https:\/\/www.oarcanjo.net\/site\/#organization"},"potentialAction":[{"@type":"SearchAction","target":{"@type":"EntryPoint","urlTemplate":"https:\/\/www.oarcanjo.net\/site\/?s={search_term_string}"},"query-input":{"@type":"PropertyValueSpecification","valueRequired":true,"valueName":"search_term_string"}}],"inLanguage":"pt-BR"},{"@type":"Organization","@id":"https:\/\/www.oarcanjo.net\/site\/#organization","name":"Par\u00f3quia S\u00e3o Miguel Arcanjo","url":"https:\/\/www.oarcanjo.net\/site\/","logo":{"@type":"ImageObject","inLanguage":"pt-BR","@id":"https:\/\/www.oarcanjo.net\/site\/#\/schema\/logo\/image\/","url":"https:\/\/www.oarcanjo.net\/site\/wp-content\/uploads\/LogoOArcanjo.png","contentUrl":"https:\/\/www.oarcanjo.net\/site\/wp-content\/uploads\/LogoOArcanjo.png","width":319,"height":99,"caption":"Par\u00f3quia S\u00e3o Miguel Arcanjo"},"image":{"@id":"https:\/\/www.oarcanjo.net\/site\/#\/schema\/logo\/image\/"},"sameAs":["https:\/\/www.facebook.com\/OArcanjoNoAr\/"]},{"@type":"Person","@id":"https:\/\/www.oarcanjo.net\/site\/#\/schema\/person\/f7870e710d8c8c30673de3a0ac2e451d","name":"carlos"}]}},"publishpress_future_action":{"enabled":false,"date":"2026-05-09 03:31:04","action":"category","newStatus":"draft","terms":[],"taxonomy":"category"},"publishpress_future_workflow_manual_trigger":{"enabledWorkflows":[]},"_links":{"self":[{"href":"https:\/\/www.oarcanjo.net\/site\/wp-json\/wp\/v2\/posts\/67644"}],"collection":[{"href":"https:\/\/www.oarcanjo.net\/site\/wp-json\/wp\/v2\/posts"}],"about":[{"href":"https:\/\/www.oarcanjo.net\/site\/wp-json\/wp\/v2\/types\/post"}],"author":[{"embeddable":true,"href":"https:\/\/www.oarcanjo.net\/site\/wp-json\/wp\/v2\/users\/10"}],"replies":[{"embeddable":true,"href":"https:\/\/www.oarcanjo.net\/site\/wp-json\/wp\/v2\/comments?post=67644"}],"version-history":[{"count":0,"href":"https:\/\/www.oarcanjo.net\/site\/wp-json\/wp\/v2\/posts\/67644\/revisions"}],"wp:featuredmedia":[{"embeddable":true,"href":"https:\/\/www.oarcanjo.net\/site\/wp-json\/wp\/v2\/media\/68361"}],"wp:attachment":[{"href":"https:\/\/www.oarcanjo.net\/site\/wp-json\/wp\/v2\/media?parent=67644"}],"wp:term":[{"taxonomy":"category","embeddable":true,"href":"https:\/\/www.oarcanjo.net\/site\/wp-json\/wp\/v2\/categories?post=67644"},{"taxonomy":"post_tag","embeddable":true,"href":"https:\/\/www.oarcanjo.net\/site\/wp-json\/wp\/v2\/tags?post=67644"}],"curies":[{"name":"wp","href":"https:\/\/api.w.org\/{rel}","templated":true}]}}