
{"id":683,"date":"2008-11-18T21:31:26","date_gmt":"2008-11-19T00:31:26","guid":{"rendered":"http:\/\/www.oarcanjo.net\/site\/?p=683"},"modified":"2008-11-18T21:36:29","modified_gmt":"2008-11-19T00:36:29","slug":"preparando-o-tempo-do-advento","status":"publish","type":"post","link":"https:\/\/www.oarcanjo.net\/site\/preparando-o-tempo-do-advento\/","title":{"rendered":"Preparando o tempo do Advento"},"content":{"rendered":"<p><em>\u201cBendito seja o Senhor Deus de Israel, pois Ele visita o seu povo e o liberta&#8230;\u201d<\/em><\/p>\n<p>A coordena\u00e7\u00e3o do Setor Bel\u00e9m convida todos os Agentes de Pastorais para o Encontro de Forma\u00e7\u00e3o Lit\u00fargica sobre a Espiritualidade do Tempo do Advento e Natal (aspectos Teol\u00f3gico-Lit\u00fargicos e Pastorais) e viv\u00eancia das celebra\u00e7\u00f5es das quatro semanas do Advento. <\/p>\n<p>Data: 26, 27 e 28 de novembro (quarta, quinta e sexta-feira)<br \/>\nLocal: Centro Pastoral S\u00e3o Jos\u00e9 do Bel\u00e9m<br \/>\nHor\u00e1rio: das 20h \u00e0s 22h<br \/>\nAssessoria \u2013 Irm\u00e3 Id\u00ea Maria \u2013 FIC<\/p>\n<p>Esperamos que pessoas de todas as par\u00f3quias do Setor participem desse encontro e que, dessa forma, nos preparemos para celebrar com rever\u00eancia e dignidade esse tempo de gra\u00e7a do Senhor.<\/p>\n<p>Fraternalmente,<\/p>\n<p>Pe. Marcelo Matias Monge<\/p>\n<p>Em tempo: no s\u00e1bado, dia 29 (v\u00e9spera do 1\u00ba Domingo do Advento) faremos em n\u00edvel setorial, o Of\u00edcio da Vig\u00edlia no Col\u00e9gio N. S. de Lourdes \u00e0s 19h.<\/p>\n<div id=\"themify_builder_content-683\" data-postid=\"683\" class=\"themify_builder_content themify_builder_content-683 themify_builder themify_builder_front\">\n\t<\/div>\n<!-- \/themify_builder_content -->","protected":false},"excerpt":{"rendered":"<p>\u201cBendito seja o Senhor Deus de Israel, pois Ele visita o seu povo e o liberta&#8230;\u201d A coordena\u00e7\u00e3o do Setor Bel\u00e9m convida todos os Agentes de Pastorais para o Encontro de Forma\u00e7\u00e3o Lit\u00fargica sobre a Espiritualidade do Tempo do Advento e Natal (aspectos Teol\u00f3gico-Lit\u00fargicos e Pastorais) e viv\u00eancia das celebra\u00e7\u00f5es das quatro semanas do Advento. [&hellip;]<\/p>\n","protected":false},"author":5,"featured_media":0,"comment_status":"open","ping_status":"open","sticky":false,"template":"","format":"standard","meta":{"ngg_post_thumbnail":0,"footnotes":""},"categories":[8],"tags":[108,111],"yoast_head":"<!-- This site is optimized with the Yoast SEO plugin v23.5 - https:\/\/yoast.com\/wordpress\/plugins\/seo\/ -->\n<title>Preparando o tempo do Advento - O Arcanjo no ar<\/title>\n<meta name=\"robots\" content=\"index, follow, max-snippet:-1, max-image-preview:large, max-video-preview:-1\" \/>\n<link rel=\"canonical\" href=\"https:\/\/www.oarcanjo.net\/site\/preparando-o-tempo-do-advento\/\" \/>\n<meta property=\"og:locale\" content=\"pt_BR\" \/>\n<meta property=\"og:type\" content=\"article\" \/>\n<meta property=\"og:title\" content=\"Preparando o tempo do Advento - O Arcanjo no ar\" \/>\n<meta property=\"og:description\" content=\"\u201cBendito seja o Senhor Deus de Israel, pois Ele visita o seu povo e o liberta&#8230;\u201d A coordena\u00e7\u00e3o do Setor Bel\u00e9m convida todos os Agentes de Pastorais para o Encontro de Forma\u00e7\u00e3o Lit\u00fargica sobre a Espiritualidade do Tempo do Advento e Natal (aspectos Teol\u00f3gico-Lit\u00fargicos e Pastorais) e viv\u00eancia das celebra\u00e7\u00f5es das quatro semanas do Advento. [&hellip;]\" \/>\n<meta property=\"og:url\" content=\"https:\/\/www.oarcanjo.net\/site\/preparando-o-tempo-do-advento\/\" \/>\n<meta property=\"og:site_name\" content=\"O Arcanjo no ar\" \/>\n<meta property=\"article:publisher\" content=\"https:\/\/www.facebook.com\/OArcanjoNoAr\/\" \/>\n<meta property=\"article:published_time\" content=\"2008-11-19T00:31:26+00:00\" \/>\n<meta property=\"article:modified_time\" content=\"2008-11-19T00:36:29+00:00\" \/>\n<meta property=\"og:image\" content=\"https:\/\/www.oarcanjo.net\/site\/wp-content\/uploads\/logo-o-arcanjo-no-ar-facebook.png\" \/>\n\t<meta property=\"og:image:width\" content=\"300\" \/>\n\t<meta property=\"og:image:height\" content=\"300\" \/>\n\t<meta property=\"og:image:type\" content=\"image\/png\" \/>\n<meta name=\"author\" content=\"editor\" \/>\n<meta name=\"twitter:card\" content=\"summary_large_image\" \/>\n<meta name=\"twitter:label1\" content=\"Escrito por\" \/>\n\t<meta name=\"twitter:data1\" content=\"editor\" \/>\n\t<meta name=\"twitter:label2\" content=\"Est. tempo de leitura\" \/>\n\t<meta name=\"twitter:data2\" content=\"1 minuto\" \/>\n<script type=\"application\/ld+json\" class=\"yoast-schema-graph\">{\"@context\":\"https:\/\/schema.org\",\"@graph\":[{\"@type\":\"Article\",\"@id\":\"https:\/\/www.oarcanjo.net\/site\/preparando-o-tempo-do-advento\/#article\",\"isPartOf\":{\"@id\":\"https:\/\/www.oarcanjo.net\/site\/preparando-o-tempo-do-advento\/\"},\"author\":{\"name\":\"editor\",\"@id\":\"https:\/\/www.oarcanjo.net\/site\/#\/schema\/person\/f7024d007863202483a31326673a0838\"},\"headline\":\"Preparando o tempo do Advento\",\"datePublished\":\"2008-11-19T00:31:26+00:00\",\"dateModified\":\"2008-11-19T00:36:29+00:00\",\"mainEntityOfPage\":{\"@id\":\"https:\/\/www.oarcanjo.net\/site\/preparando-o-tempo-do-advento\/\"},\"wordCount\":166,\"commentCount\":1,\"publisher\":{\"@id\":\"https:\/\/www.oarcanjo.net\/site\/#organization\"},\"keywords\":[\"Advento\",\"Setor Bel\u00e9m\"],\"articleSection\":[\"Not\u00edcias\"],\"inLanguage\":\"pt-BR\",\"potentialAction\":[{\"@type\":\"CommentAction\",\"name\":\"Comment\",\"target\":[\"https:\/\/www.oarcanjo.net\/site\/preparando-o-tempo-do-advento\/#respond\"]}]},{\"@type\":\"WebPage\",\"@id\":\"https:\/\/www.oarcanjo.net\/site\/preparando-o-tempo-do-advento\/\",\"url\":\"https:\/\/www.oarcanjo.net\/site\/preparando-o-tempo-do-advento\/\",\"name\":\"Preparando o tempo do Advento - O Arcanjo no ar\",\"isPartOf\":{\"@id\":\"https:\/\/www.oarcanjo.net\/site\/#website\"},\"datePublished\":\"2008-11-19T00:31:26+00:00\",\"dateModified\":\"2008-11-19T00:36:29+00:00\",\"breadcrumb\":{\"@id\":\"https:\/\/www.oarcanjo.net\/site\/preparando-o-tempo-do-advento\/#breadcrumb\"},\"inLanguage\":\"pt-BR\",\"potentialAction\":[{\"@type\":\"ReadAction\",\"target\":[\"https:\/\/www.oarcanjo.net\/site\/preparando-o-tempo-do-advento\/\"]}]},{\"@type\":\"BreadcrumbList\",\"@id\":\"https:\/\/www.oarcanjo.net\/site\/preparando-o-tempo-do-advento\/#breadcrumb\",\"itemListElement\":[{\"@type\":\"ListItem\",\"position\":1,\"name\":\"In\u00edcio\",\"item\":\"https:\/\/www.oarcanjo.net\/site\/\"},{\"@type\":\"ListItem\",\"position\":2,\"name\":\"Preparando o tempo do Advento\"}]},{\"@type\":\"WebSite\",\"@id\":\"https:\/\/www.oarcanjo.net\/site\/#website\",\"url\":\"https:\/\/www.oarcanjo.net\/site\/\",\"name\":\"O Arcanjo no ar\",\"description\":\"Site da Par\u00f3quia S\u00e3o Miguel Arcanjo (Arquidiocese de SP)\",\"publisher\":{\"@id\":\"https:\/\/www.oarcanjo.net\/site\/#organization\"},\"potentialAction\":[{\"@type\":\"SearchAction\",\"target\":{\"@type\":\"EntryPoint\",\"urlTemplate\":\"https:\/\/www.oarcanjo.net\/site\/?s={search_term_string}\"},\"query-input\":{\"@type\":\"PropertyValueSpecification\",\"valueRequired\":true,\"valueName\":\"search_term_string\"}}],\"inLanguage\":\"pt-BR\"},{\"@type\":\"Organization\",\"@id\":\"https:\/\/www.oarcanjo.net\/site\/#organization\",\"name\":\"Par\u00f3quia S\u00e3o Miguel Arcanjo\",\"url\":\"https:\/\/www.oarcanjo.net\/site\/\",\"logo\":{\"@type\":\"ImageObject\",\"inLanguage\":\"pt-BR\",\"@id\":\"https:\/\/www.oarcanjo.net\/site\/#\/schema\/logo\/image\/\",\"url\":\"https:\/\/www.oarcanjo.net\/site\/wp-content\/uploads\/LogoOArcanjo.png\",\"contentUrl\":\"https:\/\/www.oarcanjo.net\/site\/wp-content\/uploads\/LogoOArcanjo.png\",\"width\":319,\"height\":99,\"caption\":\"Par\u00f3quia S\u00e3o Miguel Arcanjo\"},\"image\":{\"@id\":\"https:\/\/www.oarcanjo.net\/site\/#\/schema\/logo\/image\/\"},\"sameAs\":[\"https:\/\/www.facebook.com\/OArcanjoNoAr\/\"]},{\"@type\":\"Person\",\"@id\":\"https:\/\/www.oarcanjo.net\/site\/#\/schema\/person\/f7024d007863202483a31326673a0838\",\"name\":\"editor\",\"sameAs\":[\"http:\/\/www.oarcanjo.net\"]}]}<\/script>\n<!-- \/ Yoast SEO plugin. -->","yoast_head_json":{"title":"Preparando o tempo do Advento - O Arcanjo no ar","robots":{"index":"index","follow":"follow","max-snippet":"max-snippet:-1","max-image-preview":"max-image-preview:large","max-video-preview":"max-video-preview:-1"},"canonical":"https:\/\/www.oarcanjo.net\/site\/preparando-o-tempo-do-advento\/","og_locale":"pt_BR","og_type":"article","og_title":"Preparando o tempo do Advento - O Arcanjo no ar","og_description":"\u201cBendito seja o Senhor Deus de Israel, pois Ele visita o seu povo e o liberta&#8230;\u201d A coordena\u00e7\u00e3o do Setor Bel\u00e9m convida todos os Agentes de Pastorais para o Encontro de Forma\u00e7\u00e3o Lit\u00fargica sobre a Espiritualidade do Tempo do Advento e Natal (aspectos Teol\u00f3gico-Lit\u00fargicos e Pastorais) e viv\u00eancia das celebra\u00e7\u00f5es das quatro semanas do Advento. [&hellip;]","og_url":"https:\/\/www.oarcanjo.net\/site\/preparando-o-tempo-do-advento\/","og_site_name":"O Arcanjo no ar","article_publisher":"https:\/\/www.facebook.com\/OArcanjoNoAr\/","article_published_time":"2008-11-19T00:31:26+00:00","article_modified_time":"2008-11-19T00:36:29+00:00","og_image":[{"width":300,"height":300,"url":"https:\/\/www.oarcanjo.net\/site\/wp-content\/uploads\/logo-o-arcanjo-no-ar-facebook.png","type":"image\/png"}],"author":"editor","twitter_card":"summary_large_image","twitter_misc":{"Escrito por":"editor","Est. tempo de leitura":"1 minuto"},"schema":{"@context":"https:\/\/schema.org","@graph":[{"@type":"Article","@id":"https:\/\/www.oarcanjo.net\/site\/preparando-o-tempo-do-advento\/#article","isPartOf":{"@id":"https:\/\/www.oarcanjo.net\/site\/preparando-o-tempo-do-advento\/"},"author":{"name":"editor","@id":"https:\/\/www.oarcanjo.net\/site\/#\/schema\/person\/f7024d007863202483a31326673a0838"},"headline":"Preparando o tempo do Advento","datePublished":"2008-11-19T00:31:26+00:00","dateModified":"2008-11-19T00:36:29+00:00","mainEntityOfPage":{"@id":"https:\/\/www.oarcanjo.net\/site\/preparando-o-tempo-do-advento\/"},"wordCount":166,"commentCount":1,"publisher":{"@id":"https:\/\/www.oarcanjo.net\/site\/#organization"},"keywords":["Advento","Setor Bel\u00e9m"],"articleSection":["Not\u00edcias"],"inLanguage":"pt-BR","potentialAction":[{"@type":"CommentAction","name":"Comment","target":["https:\/\/www.oarcanjo.net\/site\/preparando-o-tempo-do-advento\/#respond"]}]},{"@type":"WebPage","@id":"https:\/\/www.oarcanjo.net\/site\/preparando-o-tempo-do-advento\/","url":"https:\/\/www.oarcanjo.net\/site\/preparando-o-tempo-do-advento\/","name":"Preparando o tempo do Advento - O Arcanjo no ar","isPartOf":{"@id":"https:\/\/www.oarcanjo.net\/site\/#website"},"datePublished":"2008-11-19T00:31:26+00:00","dateModified":"2008-11-19T00:36:29+00:00","breadcrumb":{"@id":"https:\/\/www.oarcanjo.net\/site\/preparando-o-tempo-do-advento\/#breadcrumb"},"inLanguage":"pt-BR","potentialAction":[{"@type":"ReadAction","target":["https:\/\/www.oarcanjo.net\/site\/preparando-o-tempo-do-advento\/"]}]},{"@type":"BreadcrumbList","@id":"https:\/\/www.oarcanjo.net\/site\/preparando-o-tempo-do-advento\/#breadcrumb","itemListElement":[{"@type":"ListItem","position":1,"name":"In\u00edcio","item":"https:\/\/www.oarcanjo.net\/site\/"},{"@type":"ListItem","position":2,"name":"Preparando o tempo do Advento"}]},{"@type":"WebSite","@id":"https:\/\/www.oarcanjo.net\/site\/#website","url":"https:\/\/www.oarcanjo.net\/site\/","name":"O Arcanjo no ar","description":"Site da Par\u00f3quia S\u00e3o Miguel Arcanjo (Arquidiocese de SP)","publisher":{"@id":"https:\/\/www.oarcanjo.net\/site\/#organization"},"potentialAction":[{"@type":"SearchAction","target":{"@type":"EntryPoint","urlTemplate":"https:\/\/www.oarcanjo.net\/site\/?s={search_term_string}"},"query-input":{"@type":"PropertyValueSpecification","valueRequired":true,"valueName":"search_term_string"}}],"inLanguage":"pt-BR"},{"@type":"Organization","@id":"https:\/\/www.oarcanjo.net\/site\/#organization","name":"Par\u00f3quia S\u00e3o Miguel Arcanjo","url":"https:\/\/www.oarcanjo.net\/site\/","logo":{"@type":"ImageObject","inLanguage":"pt-BR","@id":"https:\/\/www.oarcanjo.net\/site\/#\/schema\/logo\/image\/","url":"https:\/\/www.oarcanjo.net\/site\/wp-content\/uploads\/LogoOArcanjo.png","contentUrl":"https:\/\/www.oarcanjo.net\/site\/wp-content\/uploads\/LogoOArcanjo.png","width":319,"height":99,"caption":"Par\u00f3quia S\u00e3o Miguel Arcanjo"},"image":{"@id":"https:\/\/www.oarcanjo.net\/site\/#\/schema\/logo\/image\/"},"sameAs":["https:\/\/www.facebook.com\/OArcanjoNoAr\/"]},{"@type":"Person","@id":"https:\/\/www.oarcanjo.net\/site\/#\/schema\/person\/f7024d007863202483a31326673a0838","name":"editor","sameAs":["http:\/\/www.oarcanjo.net"]}]}},"publishpress_future_action":{"enabled":false,"date":"2026-05-06 10:16:04","action":"category","newStatus":"draft","terms":[],"taxonomy":"category"},"publishpress_future_workflow_manual_trigger":{"enabledWorkflows":[]},"_links":{"self":[{"href":"https:\/\/www.oarcanjo.net\/site\/wp-json\/wp\/v2\/posts\/683"}],"collection":[{"href":"https:\/\/www.oarcanjo.net\/site\/wp-json\/wp\/v2\/posts"}],"about":[{"href":"https:\/\/www.oarcanjo.net\/site\/wp-json\/wp\/v2\/types\/post"}],"author":[{"embeddable":true,"href":"https:\/\/www.oarcanjo.net\/site\/wp-json\/wp\/v2\/users\/5"}],"replies":[{"embeddable":true,"href":"https:\/\/www.oarcanjo.net\/site\/wp-json\/wp\/v2\/comments?post=683"}],"version-history":[{"count":0,"href":"https:\/\/www.oarcanjo.net\/site\/wp-json\/wp\/v2\/posts\/683\/revisions"}],"wp:attachment":[{"href":"https:\/\/www.oarcanjo.net\/site\/wp-json\/wp\/v2\/media?parent=683"}],"wp:term":[{"taxonomy":"category","embeddable":true,"href":"https:\/\/www.oarcanjo.net\/site\/wp-json\/wp\/v2\/categories?post=683"},{"taxonomy":"post_tag","embeddable":true,"href":"https:\/\/www.oarcanjo.net\/site\/wp-json\/wp\/v2\/tags?post=683"}],"curies":[{"name":"wp","href":"https:\/\/api.w.org\/{rel}","templated":true}]}}