
{"id":68362,"date":"2015-12-25T12:30:27","date_gmt":"2015-12-25T14:30:27","guid":{"rendered":"http:\/\/www.oarcanjo.net\/site\/?p=68362"},"modified":"2015-12-25T12:48:16","modified_gmt":"2015-12-25T14:48:16","slug":"o-papa-francisco-dirigiu-se-a-cidade-e-ao-mundo-neste-25-de-dezembro","status":"publish","type":"post","link":"https:\/\/www.oarcanjo.net\/site\/o-papa-francisco-dirigiu-se-a-cidade-e-ao-mundo-neste-25-de-dezembro\/","title":{"rendered":"O Papa Francisco dirigiu-se \u00e0 \u201ccidade e ao mundo\u201d neste 25 de dezembro"},"content":{"rendered":"<p>Neste dia 25 de Dezembro, Dia de Natal, o Papa Francisco dirigiu-se \u00e0 \u201ccidade e ao mundo\u201d na tradicional Mensagem e Ben\u00e7\u00e3o Urbi et Orbi. Publicamos aqui o texto integral pronunciado pelo Santo Padre:<\/p>\n<p><em>Queridos irm\u00e3os e irm\u00e3s, feliz Natal!<\/em><\/p>\n<p><em>Cristo nasceu para n\u00f3s, exultemos no dia da nossa salva\u00e7\u00e3o!Abramos os nossos cora\u00e7\u00f5es para receber a gra\u00e7a deste dia, que \u00e9 Ele pr\u00f3prio: Jesus \u00e9 o \u00abdia\u00bb luminoso que surgiu no horizonte da humanidade. Dia de miseric\u00f3rdia, em que Deus Pai revelou \u00e0 humanidade a sua imensa ternura. Dia de luz que dissipa as trevas do medo e da ang\u00fastia. Dia de paz, em que se torna poss\u00edvel encontrar-se, dialogar, reconciliar-se. Dia de alegria: uma \u00abgrande alegria\u00bb para os pequenos e os humildes, e para todo o povo (cf. Lc 2, 10).<\/em><\/p>\n<p><em>Neste dia, nasceu da Virgem Maria Jesus, o Salvador. O pres\u00e9pio mostra-nos o \u00absinal\u00bb que Deus nos deu: \u00abum menino envolto em panos e deitado numa manjedoura\u00bb (Lc 2, 12). Como fizeram os pastores de Bel\u00e9m, vamos tamb\u00e9m n\u00f3s ver este sinal, este acontecimento que, em cada ano, se renova na Igreja. O Natal \u00e9 um acontecimento que se renova em cada fam\u00edlia, em cada par\u00f3quia, em cada comunidade que acolhe o amor de Deus encarnado em Jesus Cristo. Como Maria, a Igreja mostra a todos o \u00absinal\u00bb de Deus: o Menino que Ela trouxe no seu ventre e deu \u00e0 luz, mas que \u00e9 Filho do Alt\u00edssimo, porque \u00ab\u00e9 obra do Esp\u00edrito Santo\u00bb (Mt 1, 20). Ele \u00e9 o Salvador, porque \u00e9 o Cordeiro de Deus que toma sobre Si o pecado do mundo (cf. Jo 1, 29). Juntamente com os pastores, prostremo-nos diante do Cordeiro, adoremos a Bondade de Deus feita carne e deixemos que l\u00e1grimas de arrependimento inundem os nossos olhos e lavem o nosso cora\u00e7\u00e3o.<\/em><\/p>\n<p><em>Ele, s\u00f3 Ele, nos pode salvar. S\u00f3 a Miseric\u00f3rdia de Deus pode libertar a humanidade de tantas formas de mal \u2013 por vezes monstruosas \u2013 que o ego\u00edsmo gera nela. A gra\u00e7a de Deus pode converter os cora\u00e7\u00f5es e suscitar vias de sa\u00edda em situa\u00e7\u00f5es humanamente irresol\u00faveis.<\/em><\/p>\n<p><em>Onde nasce Deus, nasce a esperan\u00e7a. Onde nasce Deus, nasce a paz. E, onde nasce a paz, j\u00e1 n\u00e3o h\u00e1 lugar para o \u00f3dio e a guerra. E no entanto, precisamente l\u00e1 onde veio ao mundo o Filho de Deus feito carne, continuam tens\u00f5es e viol\u00eancias, e a paz continua um dom que deve ser invocado e constru\u00eddo. Oxal\u00e1 israelitas e palestinenses retomem um di\u00e1logo directo e cheguem a um acordo que permita a ambos os povos conviverem em harmonia, superando um conflito que h\u00e1 muito os mant\u00e9m contrapostos, com graves repercuss\u00f5es na regi\u00e3o inteira.<\/em><\/p>\n<p><em>Ao Senhor, pedimos que o entendimento alcan\u00e7ado nas Na\u00e7\u00f5es Unidas consiga quanto antes silenciar o fragor das armas na S\u00edria e p\u00f4r rem\u00e9dio \u00e0 grav\u00edssima situa\u00e7\u00e3o humanit\u00e1ria da popula\u00e7\u00e3o exausta. \u00c9 igualmente urgente que o acordo sobre a L\u00edbia encontre o apoio de todos, para se superarem as graves divis\u00f5es e viol\u00eancias que afligem o pa\u00eds. Que a aten\u00e7\u00e3o da Comunidade Internacional se concentre unanimemente em fazer cessar as atrocidades que, tanto nos referidos pa\u00edses, como no Iraque, L\u00edbia, I\u00e9men e na \u00c1frica subsaariana, ainda ceifam in\u00fameras v\u00edtimas, causam imensos sofrimentos e n\u00e3o poupam sequer o patrim\u00f3nio hist\u00f3rico e cultural de povos inteiros. Penso ainda em quantos foram atingidos por hediondos actos terroristas, em particular pelos massacres recentes ocorridos nos c\u00e9us do Egipto, em Beirute, Paris, Bamaco e T\u00fanis.<\/em><\/p>\n<p><em>Aos nossos irm\u00e3os, perseguidos em muitas partes do mundo por causa da sua f\u00e9, o Menino Jesus d\u00ea consola\u00e7\u00e3o e for\u00e7a.<\/em><\/p>\n<p><em>Paz e conc\u00f3rdia, pedimos para as queridas popula\u00e7\u00f5es da Rep\u00fablica Democr\u00e1tica do Congo, do Burundi e do Sud\u00e3o do Sul, a fim de se refor\u00e7ar, atrav\u00e9s do di\u00e1logo, o compromisso comum em prol da edifica\u00e7\u00e3o de sociedades civis animadas por sincero esp\u00edrito de reconcilia\u00e7\u00e3o e compreens\u00e3o m\u00fatua.<\/em><\/p>\n<p><em>Que o Natal traga verdadeira paz tamb\u00e9m \u00e0 Ucr\u00e2nia, proporcione al\u00edvio a quem sofre as consequ\u00eancias do conflito e inspire a vontade de cumprir os acordos assumidos para se restabelecer a conc\u00f3rdia no pa\u00eds inteiro.<\/em><\/p>\n<p><em>Que a alegria deste dia ilumine os esfor\u00e7os do povo colombiano, para que, animado pela esperan\u00e7a, continue empenhado na busca da desejada paz.<\/em><\/p>\n<p><em>Onde nasce Deus, nasce a esperan\u00e7a; e, onde nasce a esperan\u00e7a, as pessoas reencontram a dignidade. E, todavia, ainda hoje h\u00e1 multid\u00f5es de homens e mulheres que est\u00e3o privados da sua dignidade humana e, como o Menino Jesus, sofrem o frio, a pobreza e a rejei\u00e7\u00e3o dos homens. Chegue hoje a nossa solidariedade aos mais inermes, sobretudo \u00e0s crian\u00e7as-soldado, \u00e0s mulheres que sofrem viol\u00eancia, \u00e0s v\u00edtimas do tr\u00e1fico de seres humanos e do narcotr\u00e1fico.<\/em><\/p>\n<p><em>N\u00e3o falte o nosso conforto \u00e0s pessoas que fogem da mis\u00e9ria ou da guerra, viajando em condi\u00e7\u00f5es tantas vezes desumanas e, n\u00e3o raro, arriscando a vida. Sejam recompensados com abundantes b\u00ean\u00e7\u00e3os quantos, indiv\u00edduos e Estados, generosamente se esfor\u00e7am por socorrer e acolher os numerosos migrantes e refugiados, ajudando-os a construir um futuro digno para si e seus entes queridos e a integrar-se nas sociedades que os recebem.<\/em><\/p>\n<p><em>Neste dia de festa, o Senhor d\u00ea esperan\u00e7a \u00e0queles que n\u00e3o t\u00eam trabalho e sustente o compromisso de quantos possuem responsabilidades p\u00fablicas em campo pol\u00edtico e econ\u00f3mico a fim de darem o seu melhor na busca do bem comum e na protec\u00e7\u00e3o da dignidade de cada vida humana.<\/em><\/p>\n<p><em>Onde nasce Deus, floresce a miseric\u00f3rdia. Esta \u00e9 o presente mais precioso que Deus nos d\u00e1, especialmente neste ano jubilar em que somos chamados a descobrir a ternura que o nosso Pai celeste tem por cada um de n\u00f3s. O Senhor conceda, particularmente aos encarcerados, experimentar o seu amor misericordioso que cura as feridas e vence o mal.<\/em><\/p>\n<p><em>E assim hoje, juntos, exultemos no dia da nossa salva\u00e7\u00e3o. Ao contemplar o pres\u00e9pio, fixemos o olhar nos bra\u00e7os abertos de Jesus, que nos mostram o abra\u00e7o misericordioso de Deus, enquanto ouvimos as primeiras express\u00f5es do Menino que nos sussurra: \u00abPor amor dos meus irm\u00e3os e amigos, proclamarei: \u201cA paz esteja contigo\u201d\u00bb! (Sal 122\/121, 8).<\/em><\/p>\n<p>Mensagem em v\u00eddeo:<\/p>\n<p><iframe loading=\"lazy\" src=\"https:\/\/www.youtube.com\/embed\/WD1EjbQWA-8?rel=0\" width=\"680\" height=\"383\" frameborder=\"0\" allowfullscreen=\"allowfullscreen\"><\/iframe><\/p>\n<p><em>Por Radio Vaticano<\/em><\/p>\n<p>&nbsp;<\/p>\n<div id=\"themify_builder_content-68362\" data-postid=\"68362\" class=\"themify_builder_content themify_builder_content-68362 themify_builder themify_builder_front\">\n\t<\/div>\n<!-- \/themify_builder_content -->","protected":false},"excerpt":{"rendered":"<p>Mensagem e Ben\u00e7\u00e3o Urbi et Orbi: texto integral pronunciado pelo Santo Padre neste dia 25 de Dezembro, Dia de Natal. <\/p>\n","protected":false},"author":3,"featured_media":68369,"comment_status":"open","ping_status":"open","sticky":false,"template":"","format":"standard","meta":{"ngg_post_thumbnail":0,"footnotes":""},"categories":[3,8],"tags":[],"yoast_head":"<!-- This site is optimized with the Yoast SEO plugin v23.5 - https:\/\/yoast.com\/wordpress\/plugins\/seo\/ -->\n<title>O Papa Francisco dirigiu-se \u00e0 \u201ccidade e ao mundo\u201d neste 25 de dezembro - O Arcanjo no ar<\/title>\n<meta name=\"robots\" content=\"index, follow, max-snippet:-1, max-image-preview:large, max-video-preview:-1\" \/>\n<link rel=\"canonical\" href=\"https:\/\/www.oarcanjo.net\/site\/o-papa-francisco-dirigiu-se-a-cidade-e-ao-mundo-neste-25-de-dezembro\/\" \/>\n<meta property=\"og:locale\" content=\"pt_BR\" \/>\n<meta property=\"og:type\" content=\"article\" \/>\n<meta property=\"og:title\" content=\"O Papa Francisco dirigiu-se \u00e0 \u201ccidade e ao mundo\u201d neste 25 de dezembro - O Arcanjo no ar\" \/>\n<meta property=\"og:description\" content=\"Mensagem e Ben\u00e7\u00e3o Urbi et Orbi: texto integral pronunciado pelo Santo Padre neste dia 25 de Dezembro, Dia de Natal.\" \/>\n<meta property=\"og:url\" content=\"https:\/\/www.oarcanjo.net\/site\/o-papa-francisco-dirigiu-se-a-cidade-e-ao-mundo-neste-25-de-dezembro\/\" \/>\n<meta property=\"og:site_name\" content=\"O Arcanjo no ar\" \/>\n<meta property=\"article:publisher\" content=\"https:\/\/www.facebook.com\/OArcanjoNoAr\/\" \/>\n<meta property=\"article:published_time\" content=\"2015-12-25T14:30:27+00:00\" \/>\n<meta property=\"article:modified_time\" content=\"2015-12-25T14:48:16+00:00\" \/>\n<meta property=\"og:image\" content=\"https:\/\/www.oarcanjo.net\/site\/wp-content\/uploads\/banner-mensagem-natal-papa-francisco-dez-2015.jpg\" \/>\n\t<meta property=\"og:image:width\" content=\"700\" \/>\n\t<meta property=\"og:image:height\" content=\"320\" \/>\n\t<meta property=\"og:image:type\" content=\"image\/jpeg\" \/>\n<meta name=\"author\" content=\"miriam.meyer\" \/>\n<meta name=\"twitter:card\" content=\"summary_large_image\" \/>\n<meta name=\"twitter:label1\" content=\"Escrito por\" \/>\n\t<meta name=\"twitter:data1\" content=\"miriam.meyer\" \/>\n\t<meta name=\"twitter:label2\" content=\"Est. tempo de leitura\" \/>\n\t<meta name=\"twitter:data2\" content=\"6 minutos\" \/>\n<script type=\"application\/ld+json\" class=\"yoast-schema-graph\">{\"@context\":\"https:\/\/schema.org\",\"@graph\":[{\"@type\":\"Article\",\"@id\":\"https:\/\/www.oarcanjo.net\/site\/o-papa-francisco-dirigiu-se-a-cidade-e-ao-mundo-neste-25-de-dezembro\/#article\",\"isPartOf\":{\"@id\":\"https:\/\/www.oarcanjo.net\/site\/o-papa-francisco-dirigiu-se-a-cidade-e-ao-mundo-neste-25-de-dezembro\/\"},\"author\":{\"name\":\"miriam.meyer\",\"@id\":\"https:\/\/www.oarcanjo.net\/site\/#\/schema\/person\/ce0fba3450314a09c6442cfee983a3d8\"},\"headline\":\"O Papa Francisco dirigiu-se \u00e0 \u201ccidade e ao mundo\u201d neste 25 de dezembro\",\"datePublished\":\"2015-12-25T14:30:27+00:00\",\"dateModified\":\"2015-12-25T14:48:16+00:00\",\"mainEntityOfPage\":{\"@id\":\"https:\/\/www.oarcanjo.net\/site\/o-papa-francisco-dirigiu-se-a-cidade-e-ao-mundo-neste-25-de-dezembro\/\"},\"wordCount\":1111,\"commentCount\":0,\"publisher\":{\"@id\":\"https:\/\/www.oarcanjo.net\/site\/#organization\"},\"image\":{\"@id\":\"https:\/\/www.oarcanjo.net\/site\/o-papa-francisco-dirigiu-se-a-cidade-e-ao-mundo-neste-25-de-dezembro\/#primaryimage\"},\"thumbnailUrl\":\"https:\/\/www.oarcanjo.net\/site\/wp-content\/uploads\/banner-mensagem-natal-papa-francisco-dez-2015.jpg\",\"articleSection\":[\"Destaques\",\"Not\u00edcias\"],\"inLanguage\":\"pt-BR\",\"potentialAction\":[{\"@type\":\"CommentAction\",\"name\":\"Comment\",\"target\":[\"https:\/\/www.oarcanjo.net\/site\/o-papa-francisco-dirigiu-se-a-cidade-e-ao-mundo-neste-25-de-dezembro\/#respond\"]}]},{\"@type\":\"WebPage\",\"@id\":\"https:\/\/www.oarcanjo.net\/site\/o-papa-francisco-dirigiu-se-a-cidade-e-ao-mundo-neste-25-de-dezembro\/\",\"url\":\"https:\/\/www.oarcanjo.net\/site\/o-papa-francisco-dirigiu-se-a-cidade-e-ao-mundo-neste-25-de-dezembro\/\",\"name\":\"O Papa Francisco dirigiu-se \u00e0 \u201ccidade e ao mundo\u201d neste 25 de dezembro - O Arcanjo no ar\",\"isPartOf\":{\"@id\":\"https:\/\/www.oarcanjo.net\/site\/#website\"},\"primaryImageOfPage\":{\"@id\":\"https:\/\/www.oarcanjo.net\/site\/o-papa-francisco-dirigiu-se-a-cidade-e-ao-mundo-neste-25-de-dezembro\/#primaryimage\"},\"image\":{\"@id\":\"https:\/\/www.oarcanjo.net\/site\/o-papa-francisco-dirigiu-se-a-cidade-e-ao-mundo-neste-25-de-dezembro\/#primaryimage\"},\"thumbnailUrl\":\"https:\/\/www.oarcanjo.net\/site\/wp-content\/uploads\/banner-mensagem-natal-papa-francisco-dez-2015.jpg\",\"datePublished\":\"2015-12-25T14:30:27+00:00\",\"dateModified\":\"2015-12-25T14:48:16+00:00\",\"breadcrumb\":{\"@id\":\"https:\/\/www.oarcanjo.net\/site\/o-papa-francisco-dirigiu-se-a-cidade-e-ao-mundo-neste-25-de-dezembro\/#breadcrumb\"},\"inLanguage\":\"pt-BR\",\"potentialAction\":[{\"@type\":\"ReadAction\",\"target\":[\"https:\/\/www.oarcanjo.net\/site\/o-papa-francisco-dirigiu-se-a-cidade-e-ao-mundo-neste-25-de-dezembro\/\"]}]},{\"@type\":\"ImageObject\",\"inLanguage\":\"pt-BR\",\"@id\":\"https:\/\/www.oarcanjo.net\/site\/o-papa-francisco-dirigiu-se-a-cidade-e-ao-mundo-neste-25-de-dezembro\/#primaryimage\",\"url\":\"https:\/\/www.oarcanjo.net\/site\/wp-content\/uploads\/banner-mensagem-natal-papa-francisco-dez-2015.jpg\",\"contentUrl\":\"https:\/\/www.oarcanjo.net\/site\/wp-content\/uploads\/banner-mensagem-natal-papa-francisco-dez-2015.jpg\",\"width\":700,\"height\":320},{\"@type\":\"BreadcrumbList\",\"@id\":\"https:\/\/www.oarcanjo.net\/site\/o-papa-francisco-dirigiu-se-a-cidade-e-ao-mundo-neste-25-de-dezembro\/#breadcrumb\",\"itemListElement\":[{\"@type\":\"ListItem\",\"position\":1,\"name\":\"In\u00edcio\",\"item\":\"https:\/\/www.oarcanjo.net\/site\/\"},{\"@type\":\"ListItem\",\"position\":2,\"name\":\"O Papa Francisco dirigiu-se \u00e0 \u201ccidade e ao mundo\u201d neste 25 de dezembro\"}]},{\"@type\":\"WebSite\",\"@id\":\"https:\/\/www.oarcanjo.net\/site\/#website\",\"url\":\"https:\/\/www.oarcanjo.net\/site\/\",\"name\":\"O Arcanjo no ar\",\"description\":\"Site da Par\u00f3quia S\u00e3o Miguel Arcanjo (Arquidiocese de SP)\",\"publisher\":{\"@id\":\"https:\/\/www.oarcanjo.net\/site\/#organization\"},\"potentialAction\":[{\"@type\":\"SearchAction\",\"target\":{\"@type\":\"EntryPoint\",\"urlTemplate\":\"https:\/\/www.oarcanjo.net\/site\/?s={search_term_string}\"},\"query-input\":{\"@type\":\"PropertyValueSpecification\",\"valueRequired\":true,\"valueName\":\"search_term_string\"}}],\"inLanguage\":\"pt-BR\"},{\"@type\":\"Organization\",\"@id\":\"https:\/\/www.oarcanjo.net\/site\/#organization\",\"name\":\"Par\u00f3quia S\u00e3o Miguel Arcanjo\",\"url\":\"https:\/\/www.oarcanjo.net\/site\/\",\"logo\":{\"@type\":\"ImageObject\",\"inLanguage\":\"pt-BR\",\"@id\":\"https:\/\/www.oarcanjo.net\/site\/#\/schema\/logo\/image\/\",\"url\":\"https:\/\/www.oarcanjo.net\/site\/wp-content\/uploads\/LogoOArcanjo.png\",\"contentUrl\":\"https:\/\/www.oarcanjo.net\/site\/wp-content\/uploads\/LogoOArcanjo.png\",\"width\":319,\"height\":99,\"caption\":\"Par\u00f3quia S\u00e3o Miguel Arcanjo\"},\"image\":{\"@id\":\"https:\/\/www.oarcanjo.net\/site\/#\/schema\/logo\/image\/\"},\"sameAs\":[\"https:\/\/www.facebook.com\/OArcanjoNoAr\/\"]},{\"@type\":\"Person\",\"@id\":\"https:\/\/www.oarcanjo.net\/site\/#\/schema\/person\/ce0fba3450314a09c6442cfee983a3d8\",\"name\":\"miriam.meyer\"}]}<\/script>\n<!-- \/ Yoast SEO plugin. -->","yoast_head_json":{"title":"O Papa Francisco dirigiu-se \u00e0 \u201ccidade e ao mundo\u201d neste 25 de dezembro - O Arcanjo no ar","robots":{"index":"index","follow":"follow","max-snippet":"max-snippet:-1","max-image-preview":"max-image-preview:large","max-video-preview":"max-video-preview:-1"},"canonical":"https:\/\/www.oarcanjo.net\/site\/o-papa-francisco-dirigiu-se-a-cidade-e-ao-mundo-neste-25-de-dezembro\/","og_locale":"pt_BR","og_type":"article","og_title":"O Papa Francisco dirigiu-se \u00e0 \u201ccidade e ao mundo\u201d neste 25 de dezembro - O Arcanjo no ar","og_description":"Mensagem e Ben\u00e7\u00e3o Urbi et Orbi: texto integral pronunciado pelo Santo Padre neste dia 25 de Dezembro, Dia de Natal.","og_url":"https:\/\/www.oarcanjo.net\/site\/o-papa-francisco-dirigiu-se-a-cidade-e-ao-mundo-neste-25-de-dezembro\/","og_site_name":"O Arcanjo no ar","article_publisher":"https:\/\/www.facebook.com\/OArcanjoNoAr\/","article_published_time":"2015-12-25T14:30:27+00:00","article_modified_time":"2015-12-25T14:48:16+00:00","og_image":[{"width":700,"height":320,"url":"https:\/\/www.oarcanjo.net\/site\/wp-content\/uploads\/banner-mensagem-natal-papa-francisco-dez-2015.jpg","type":"image\/jpeg"}],"author":"miriam.meyer","twitter_card":"summary_large_image","twitter_misc":{"Escrito por":"miriam.meyer","Est. tempo de leitura":"6 minutos"},"schema":{"@context":"https:\/\/schema.org","@graph":[{"@type":"Article","@id":"https:\/\/www.oarcanjo.net\/site\/o-papa-francisco-dirigiu-se-a-cidade-e-ao-mundo-neste-25-de-dezembro\/#article","isPartOf":{"@id":"https:\/\/www.oarcanjo.net\/site\/o-papa-francisco-dirigiu-se-a-cidade-e-ao-mundo-neste-25-de-dezembro\/"},"author":{"name":"miriam.meyer","@id":"https:\/\/www.oarcanjo.net\/site\/#\/schema\/person\/ce0fba3450314a09c6442cfee983a3d8"},"headline":"O Papa Francisco dirigiu-se \u00e0 \u201ccidade e ao mundo\u201d neste 25 de dezembro","datePublished":"2015-12-25T14:30:27+00:00","dateModified":"2015-12-25T14:48:16+00:00","mainEntityOfPage":{"@id":"https:\/\/www.oarcanjo.net\/site\/o-papa-francisco-dirigiu-se-a-cidade-e-ao-mundo-neste-25-de-dezembro\/"},"wordCount":1111,"commentCount":0,"publisher":{"@id":"https:\/\/www.oarcanjo.net\/site\/#organization"},"image":{"@id":"https:\/\/www.oarcanjo.net\/site\/o-papa-francisco-dirigiu-se-a-cidade-e-ao-mundo-neste-25-de-dezembro\/#primaryimage"},"thumbnailUrl":"https:\/\/www.oarcanjo.net\/site\/wp-content\/uploads\/banner-mensagem-natal-papa-francisco-dez-2015.jpg","articleSection":["Destaques","Not\u00edcias"],"inLanguage":"pt-BR","potentialAction":[{"@type":"CommentAction","name":"Comment","target":["https:\/\/www.oarcanjo.net\/site\/o-papa-francisco-dirigiu-se-a-cidade-e-ao-mundo-neste-25-de-dezembro\/#respond"]}]},{"@type":"WebPage","@id":"https:\/\/www.oarcanjo.net\/site\/o-papa-francisco-dirigiu-se-a-cidade-e-ao-mundo-neste-25-de-dezembro\/","url":"https:\/\/www.oarcanjo.net\/site\/o-papa-francisco-dirigiu-se-a-cidade-e-ao-mundo-neste-25-de-dezembro\/","name":"O Papa Francisco dirigiu-se \u00e0 \u201ccidade e ao mundo\u201d neste 25 de dezembro - O Arcanjo no ar","isPartOf":{"@id":"https:\/\/www.oarcanjo.net\/site\/#website"},"primaryImageOfPage":{"@id":"https:\/\/www.oarcanjo.net\/site\/o-papa-francisco-dirigiu-se-a-cidade-e-ao-mundo-neste-25-de-dezembro\/#primaryimage"},"image":{"@id":"https:\/\/www.oarcanjo.net\/site\/o-papa-francisco-dirigiu-se-a-cidade-e-ao-mundo-neste-25-de-dezembro\/#primaryimage"},"thumbnailUrl":"https:\/\/www.oarcanjo.net\/site\/wp-content\/uploads\/banner-mensagem-natal-papa-francisco-dez-2015.jpg","datePublished":"2015-12-25T14:30:27+00:00","dateModified":"2015-12-25T14:48:16+00:00","breadcrumb":{"@id":"https:\/\/www.oarcanjo.net\/site\/o-papa-francisco-dirigiu-se-a-cidade-e-ao-mundo-neste-25-de-dezembro\/#breadcrumb"},"inLanguage":"pt-BR","potentialAction":[{"@type":"ReadAction","target":["https:\/\/www.oarcanjo.net\/site\/o-papa-francisco-dirigiu-se-a-cidade-e-ao-mundo-neste-25-de-dezembro\/"]}]},{"@type":"ImageObject","inLanguage":"pt-BR","@id":"https:\/\/www.oarcanjo.net\/site\/o-papa-francisco-dirigiu-se-a-cidade-e-ao-mundo-neste-25-de-dezembro\/#primaryimage","url":"https:\/\/www.oarcanjo.net\/site\/wp-content\/uploads\/banner-mensagem-natal-papa-francisco-dez-2015.jpg","contentUrl":"https:\/\/www.oarcanjo.net\/site\/wp-content\/uploads\/banner-mensagem-natal-papa-francisco-dez-2015.jpg","width":700,"height":320},{"@type":"BreadcrumbList","@id":"https:\/\/www.oarcanjo.net\/site\/o-papa-francisco-dirigiu-se-a-cidade-e-ao-mundo-neste-25-de-dezembro\/#breadcrumb","itemListElement":[{"@type":"ListItem","position":1,"name":"In\u00edcio","item":"https:\/\/www.oarcanjo.net\/site\/"},{"@type":"ListItem","position":2,"name":"O Papa Francisco dirigiu-se \u00e0 \u201ccidade e ao mundo\u201d neste 25 de dezembro"}]},{"@type":"WebSite","@id":"https:\/\/www.oarcanjo.net\/site\/#website","url":"https:\/\/www.oarcanjo.net\/site\/","name":"O Arcanjo no ar","description":"Site da Par\u00f3quia S\u00e3o Miguel Arcanjo (Arquidiocese de SP)","publisher":{"@id":"https:\/\/www.oarcanjo.net\/site\/#organization"},"potentialAction":[{"@type":"SearchAction","target":{"@type":"EntryPoint","urlTemplate":"https:\/\/www.oarcanjo.net\/site\/?s={search_term_string}"},"query-input":{"@type":"PropertyValueSpecification","valueRequired":true,"valueName":"search_term_string"}}],"inLanguage":"pt-BR"},{"@type":"Organization","@id":"https:\/\/www.oarcanjo.net\/site\/#organization","name":"Par\u00f3quia S\u00e3o Miguel Arcanjo","url":"https:\/\/www.oarcanjo.net\/site\/","logo":{"@type":"ImageObject","inLanguage":"pt-BR","@id":"https:\/\/www.oarcanjo.net\/site\/#\/schema\/logo\/image\/","url":"https:\/\/www.oarcanjo.net\/site\/wp-content\/uploads\/LogoOArcanjo.png","contentUrl":"https:\/\/www.oarcanjo.net\/site\/wp-content\/uploads\/LogoOArcanjo.png","width":319,"height":99,"caption":"Par\u00f3quia S\u00e3o Miguel Arcanjo"},"image":{"@id":"https:\/\/www.oarcanjo.net\/site\/#\/schema\/logo\/image\/"},"sameAs":["https:\/\/www.facebook.com\/OArcanjoNoAr\/"]},{"@type":"Person","@id":"https:\/\/www.oarcanjo.net\/site\/#\/schema\/person\/ce0fba3450314a09c6442cfee983a3d8","name":"miriam.meyer"}]}},"publishpress_future_action":{"enabled":false,"date":"2026-05-09 03:30:23","action":"category","newStatus":"draft","terms":[],"taxonomy":"category"},"publishpress_future_workflow_manual_trigger":{"enabledWorkflows":[]},"_links":{"self":[{"href":"https:\/\/www.oarcanjo.net\/site\/wp-json\/wp\/v2\/posts\/68362"}],"collection":[{"href":"https:\/\/www.oarcanjo.net\/site\/wp-json\/wp\/v2\/posts"}],"about":[{"href":"https:\/\/www.oarcanjo.net\/site\/wp-json\/wp\/v2\/types\/post"}],"author":[{"embeddable":true,"href":"https:\/\/www.oarcanjo.net\/site\/wp-json\/wp\/v2\/users\/3"}],"replies":[{"embeddable":true,"href":"https:\/\/www.oarcanjo.net\/site\/wp-json\/wp\/v2\/comments?post=68362"}],"version-history":[{"count":0,"href":"https:\/\/www.oarcanjo.net\/site\/wp-json\/wp\/v2\/posts\/68362\/revisions"}],"wp:featuredmedia":[{"embeddable":true,"href":"https:\/\/www.oarcanjo.net\/site\/wp-json\/wp\/v2\/media\/68369"}],"wp:attachment":[{"href":"https:\/\/www.oarcanjo.net\/site\/wp-json\/wp\/v2\/media?parent=68362"}],"wp:term":[{"taxonomy":"category","embeddable":true,"href":"https:\/\/www.oarcanjo.net\/site\/wp-json\/wp\/v2\/categories?post=68362"},{"taxonomy":"post_tag","embeddable":true,"href":"https:\/\/www.oarcanjo.net\/site\/wp-json\/wp\/v2\/tags?post=68362"}],"curies":[{"name":"wp","href":"https:\/\/api.w.org\/{rel}","templated":true}]}}