
{"id":6839,"date":"2009-12-23T20:48:08","date_gmt":"2009-12-23T22:48:08","guid":{"rendered":"http:\/\/www.oarcanjo.net\/site\/?p=6839"},"modified":"2009-12-24T11:16:10","modified_gmt":"2009-12-24T13:16:10","slug":"almoco-de-natal-na-comunidade-sao-martinho-de-lima","status":"publish","type":"post","link":"https:\/\/www.oarcanjo.net\/site\/almoco-de-natal-na-comunidade-sao-martinho-de-lima\/","title":{"rendered":"Almo\u00e7o de Natal na comunidade S\u00e3o Martinho de Lima"},"content":{"rendered":"<p>Alexandre Nunes<\/p>\n<p>No dia 23 de dezembro foi realizado o almo\u00e7o de natal para a popula\u00e7\u00e3o em situa\u00e7\u00e3o de rua da Comunidade S\u00e3o Martinho de Lima. Segundo a organiza\u00e7\u00e3o do evento, cerca de 800 pessoas deliciaram-se com um belo prato de arroz, frango assado com farofa, maionese, suco e bolo.<\/p>\n<p>Se fosse preciso resumir esse evento em uma s\u00f3 palavra, ela seria <strong>Partilha<\/strong>. Todos os presentes e mais aqueles que fizeram doa\u00e7\u00f5es, mas n\u00e3o puderam comparecer partilharam alguma coisa: tempo, alimentos, suas vidas etc. Quem estava ali, logo abaixo de um viaduto de grande circula\u00e7\u00e3o de ve\u00edculos (Guadalajara), ficou na d\u00favida de quem estava recebendo mais; se eram aquelas centenas de pessoas com suas vidas fragmentadas, v\u00edtimas de um sistema de exclus\u00e3o, que perderam casa, fam\u00edlia, dignidade e que estavam ali \u00e0 espera de um prato de comida, ou se as dezenas de volunt\u00e1rios e colaboradores que vivenciaram um belo e gratificante momento de servid\u00e3o, ou seja, colocaram-se a servi\u00e7o do outro, sem distin\u00e7\u00e3o de classes sociais.<\/p>\n<p>Ali, naquele lugar simples com pessoas mais simples ainda vivenciamos o verdadeiro esp\u00edrito de Natal.<\/p>\n<p><strong>O evento<span style=\"font-weight: normal;\"> <\/span><\/strong><\/p>\n<p>Por volta das 8h30 da manh\u00e3, as portas da comunidade j\u00e1 se abriram para a popula\u00e7\u00e3o de rua. Aos poucos eles foram se arrumando para a programa\u00e7\u00e3o do dia. \u00c0s 9h20 foram oferecidas ma\u00e7\u00e3s para todo mundo. \u00c9 comovente perceber como uma simples fruta j\u00e1 anima aqueles que t\u00eam t\u00e3o pouco.<\/p>\n<p>Depois, houve um momento de celebra\u00e7\u00e3o ecum\u00eanica, em que o coral S\u00e3o Martinho emocionou muitos dos que estavam l\u00e1 com m\u00fasicas religiosas, sobretudo a m\u00fasica <em>Faz um Milagre em Mim<\/em>, de Regis Danese, que levou muitas pessoas \u00e0s l\u00e1grimas.<\/p>\n<p>Em seguida o padre Marcelo Matias, da par\u00f3quia S\u00e3o Jo\u00e3o Batista do Br\u00e1s, fez um breve momento de reflex\u00e3o e ora\u00e7\u00e3o. Paralelamente, centenas de frangos assados chegavam pelo port\u00e3o principal adiantando pelo aroma o que estava por vir.<\/p>\n<p>Perto do meio dia o almo\u00e7o foi servido. O sil\u00eancio pairava. Todos estavam ocupados comendo e celebrando o Natal.<\/p>\n<p>N\u00f3s do site <em>O Arcanjo no ar<\/em> agradecemos em nome da comunidade a todos aqueles que de alguma forma colaboraram para que pelo menos por um dia, cerca de 800 pessoas que vivem esquecidas pelas ruas da nossa cidade, fossem lembradas e tratadas com dignidade e respeito.<\/p>\nngg_shortcode_0_placeholder\n<p><em>Fotos de Alexandre Nunes<\/em><\/p>\n<div id=\"themify_builder_content-6839\" data-postid=\"6839\" class=\"themify_builder_content themify_builder_content-6839 themify_builder themify_builder_front\">\n\t<\/div>\n<!-- \/themify_builder_content -->","protected":false},"excerpt":{"rendered":"<p>Alexandre Nunes No dia 23 de dezembro foi realizado o almo\u00e7o de natal para a popula\u00e7\u00e3o em situa\u00e7\u00e3o de rua da Comunidade S\u00e3o Martinho de Lima. Segundo a organiza\u00e7\u00e3o do evento, cerca de 800 pessoas deliciaram-se com um belo prato de arroz, frango assado com farofa, maionese, suco e bolo. Se fosse preciso resumir esse [&hellip;]<\/p>\n","protected":false},"author":5,"featured_media":0,"comment_status":"open","ping_status":"open","sticky":false,"template":"","format":"standard","meta":{"ngg_post_thumbnail":0,"footnotes":""},"categories":[3,8],"tags":[139,995,60,54,91],"yoast_head":"<!-- This site is optimized with the Yoast SEO plugin v23.5 - https:\/\/yoast.com\/wordpress\/plugins\/seo\/ -->\n<title>Almo\u00e7o de Natal na comunidade S\u00e3o Martinho de Lima - O Arcanjo no ar<\/title>\n<meta name=\"robots\" content=\"index, follow, max-snippet:-1, max-image-preview:large, max-video-preview:-1\" \/>\n<link rel=\"canonical\" href=\"https:\/\/www.oarcanjo.net\/site\/almoco-de-natal-na-comunidade-sao-martinho-de-lima\/\" \/>\n<meta property=\"og:locale\" content=\"pt_BR\" \/>\n<meta property=\"og:type\" content=\"article\" \/>\n<meta property=\"og:title\" content=\"Almo\u00e7o de Natal na comunidade S\u00e3o Martinho de Lima - O Arcanjo no ar\" \/>\n<meta property=\"og:description\" content=\"Alexandre Nunes No dia 23 de dezembro foi realizado o almo\u00e7o de natal para a popula\u00e7\u00e3o em situa\u00e7\u00e3o de rua da Comunidade S\u00e3o Martinho de Lima. Segundo a organiza\u00e7\u00e3o do evento, cerca de 800 pessoas deliciaram-se com um belo prato de arroz, frango assado com farofa, maionese, suco e bolo. Se fosse preciso resumir esse [&hellip;]\" \/>\n<meta property=\"og:url\" content=\"https:\/\/www.oarcanjo.net\/site\/almoco-de-natal-na-comunidade-sao-martinho-de-lima\/\" \/>\n<meta property=\"og:site_name\" content=\"O Arcanjo no ar\" \/>\n<meta property=\"article:publisher\" content=\"https:\/\/www.facebook.com\/OArcanjoNoAr\/\" \/>\n<meta property=\"article:published_time\" content=\"2009-12-23T22:48:08+00:00\" \/>\n<meta property=\"article:modified_time\" content=\"2009-12-24T13:16:10+00:00\" \/>\n<meta property=\"og:image\" content=\"https:\/\/www.oarcanjo.net\/site\/wp-content\/uploads\/logo-o-arcanjo-no-ar-facebook.png\" \/>\n\t<meta property=\"og:image:width\" content=\"300\" \/>\n\t<meta property=\"og:image:height\" content=\"300\" \/>\n\t<meta property=\"og:image:type\" content=\"image\/png\" \/>\n<meta name=\"author\" content=\"editor\" \/>\n<meta name=\"twitter:card\" content=\"summary_large_image\" \/>\n<meta name=\"twitter:label1\" content=\"Escrito por\" \/>\n\t<meta name=\"twitter:data1\" content=\"editor\" \/>\n\t<meta name=\"twitter:label2\" content=\"Est. tempo de leitura\" \/>\n\t<meta name=\"twitter:data2\" content=\"2 minutos\" \/>\n<script type=\"application\/ld+json\" class=\"yoast-schema-graph\">{\"@context\":\"https:\/\/schema.org\",\"@graph\":[{\"@type\":\"Article\",\"@id\":\"https:\/\/www.oarcanjo.net\/site\/almoco-de-natal-na-comunidade-sao-martinho-de-lima\/#article\",\"isPartOf\":{\"@id\":\"https:\/\/www.oarcanjo.net\/site\/almoco-de-natal-na-comunidade-sao-martinho-de-lima\/\"},\"author\":{\"name\":\"editor\",\"@id\":\"https:\/\/www.oarcanjo.net\/site\/#\/schema\/person\/f7024d007863202483a31326673a0838\"},\"headline\":\"Almo\u00e7o de Natal na comunidade S\u00e3o Martinho de Lima\",\"datePublished\":\"2009-12-23T22:48:08+00:00\",\"dateModified\":\"2009-12-24T13:16:10+00:00\",\"mainEntityOfPage\":{\"@id\":\"https:\/\/www.oarcanjo.net\/site\/almoco-de-natal-na-comunidade-sao-martinho-de-lima\/\"},\"wordCount\":429,\"commentCount\":1,\"publisher\":{\"@id\":\"https:\/\/www.oarcanjo.net\/site\/#organization\"},\"keywords\":[\"Comunidade S\u00e3o Martinho de Lima\",\"exclu\u00eddos\",\"natal\",\"partilha\",\"povo da rua\"],\"articleSection\":[\"Destaques\",\"Not\u00edcias\"],\"inLanguage\":\"pt-BR\",\"potentialAction\":[{\"@type\":\"CommentAction\",\"name\":\"Comment\",\"target\":[\"https:\/\/www.oarcanjo.net\/site\/almoco-de-natal-na-comunidade-sao-martinho-de-lima\/#respond\"]}]},{\"@type\":\"WebPage\",\"@id\":\"https:\/\/www.oarcanjo.net\/site\/almoco-de-natal-na-comunidade-sao-martinho-de-lima\/\",\"url\":\"https:\/\/www.oarcanjo.net\/site\/almoco-de-natal-na-comunidade-sao-martinho-de-lima\/\",\"name\":\"Almo\u00e7o de Natal na comunidade S\u00e3o Martinho de Lima - O Arcanjo no ar\",\"isPartOf\":{\"@id\":\"https:\/\/www.oarcanjo.net\/site\/#website\"},\"datePublished\":\"2009-12-23T22:48:08+00:00\",\"dateModified\":\"2009-12-24T13:16:10+00:00\",\"breadcrumb\":{\"@id\":\"https:\/\/www.oarcanjo.net\/site\/almoco-de-natal-na-comunidade-sao-martinho-de-lima\/#breadcrumb\"},\"inLanguage\":\"pt-BR\",\"potentialAction\":[{\"@type\":\"ReadAction\",\"target\":[\"https:\/\/www.oarcanjo.net\/site\/almoco-de-natal-na-comunidade-sao-martinho-de-lima\/\"]}]},{\"@type\":\"BreadcrumbList\",\"@id\":\"https:\/\/www.oarcanjo.net\/site\/almoco-de-natal-na-comunidade-sao-martinho-de-lima\/#breadcrumb\",\"itemListElement\":[{\"@type\":\"ListItem\",\"position\":1,\"name\":\"In\u00edcio\",\"item\":\"https:\/\/www.oarcanjo.net\/site\/\"},{\"@type\":\"ListItem\",\"position\":2,\"name\":\"Almo\u00e7o de Natal na comunidade S\u00e3o Martinho de Lima\"}]},{\"@type\":\"WebSite\",\"@id\":\"https:\/\/www.oarcanjo.net\/site\/#website\",\"url\":\"https:\/\/www.oarcanjo.net\/site\/\",\"name\":\"O Arcanjo no ar\",\"description\":\"Site da Par\u00f3quia S\u00e3o Miguel Arcanjo (Arquidiocese de SP)\",\"publisher\":{\"@id\":\"https:\/\/www.oarcanjo.net\/site\/#organization\"},\"potentialAction\":[{\"@type\":\"SearchAction\",\"target\":{\"@type\":\"EntryPoint\",\"urlTemplate\":\"https:\/\/www.oarcanjo.net\/site\/?s={search_term_string}\"},\"query-input\":{\"@type\":\"PropertyValueSpecification\",\"valueRequired\":true,\"valueName\":\"search_term_string\"}}],\"inLanguage\":\"pt-BR\"},{\"@type\":\"Organization\",\"@id\":\"https:\/\/www.oarcanjo.net\/site\/#organization\",\"name\":\"Par\u00f3quia S\u00e3o Miguel Arcanjo\",\"url\":\"https:\/\/www.oarcanjo.net\/site\/\",\"logo\":{\"@type\":\"ImageObject\",\"inLanguage\":\"pt-BR\",\"@id\":\"https:\/\/www.oarcanjo.net\/site\/#\/schema\/logo\/image\/\",\"url\":\"https:\/\/www.oarcanjo.net\/site\/wp-content\/uploads\/LogoOArcanjo.png\",\"contentUrl\":\"https:\/\/www.oarcanjo.net\/site\/wp-content\/uploads\/LogoOArcanjo.png\",\"width\":319,\"height\":99,\"caption\":\"Par\u00f3quia S\u00e3o Miguel Arcanjo\"},\"image\":{\"@id\":\"https:\/\/www.oarcanjo.net\/site\/#\/schema\/logo\/image\/\"},\"sameAs\":[\"https:\/\/www.facebook.com\/OArcanjoNoAr\/\"]},{\"@type\":\"Person\",\"@id\":\"https:\/\/www.oarcanjo.net\/site\/#\/schema\/person\/f7024d007863202483a31326673a0838\",\"name\":\"editor\",\"sameAs\":[\"http:\/\/www.oarcanjo.net\"]}]}<\/script>\n<!-- \/ Yoast SEO plugin. -->","yoast_head_json":{"title":"Almo\u00e7o de Natal na comunidade S\u00e3o Martinho de Lima - O Arcanjo no ar","robots":{"index":"index","follow":"follow","max-snippet":"max-snippet:-1","max-image-preview":"max-image-preview:large","max-video-preview":"max-video-preview:-1"},"canonical":"https:\/\/www.oarcanjo.net\/site\/almoco-de-natal-na-comunidade-sao-martinho-de-lima\/","og_locale":"pt_BR","og_type":"article","og_title":"Almo\u00e7o de Natal na comunidade S\u00e3o Martinho de Lima - O Arcanjo no ar","og_description":"Alexandre Nunes No dia 23 de dezembro foi realizado o almo\u00e7o de natal para a popula\u00e7\u00e3o em situa\u00e7\u00e3o de rua da Comunidade S\u00e3o Martinho de Lima. Segundo a organiza\u00e7\u00e3o do evento, cerca de 800 pessoas deliciaram-se com um belo prato de arroz, frango assado com farofa, maionese, suco e bolo. Se fosse preciso resumir esse [&hellip;]","og_url":"https:\/\/www.oarcanjo.net\/site\/almoco-de-natal-na-comunidade-sao-martinho-de-lima\/","og_site_name":"O Arcanjo no ar","article_publisher":"https:\/\/www.facebook.com\/OArcanjoNoAr\/","article_published_time":"2009-12-23T22:48:08+00:00","article_modified_time":"2009-12-24T13:16:10+00:00","og_image":[{"width":300,"height":300,"url":"https:\/\/www.oarcanjo.net\/site\/wp-content\/uploads\/logo-o-arcanjo-no-ar-facebook.png","type":"image\/png"}],"author":"editor","twitter_card":"summary_large_image","twitter_misc":{"Escrito por":"editor","Est. tempo de leitura":"2 minutos"},"schema":{"@context":"https:\/\/schema.org","@graph":[{"@type":"Article","@id":"https:\/\/www.oarcanjo.net\/site\/almoco-de-natal-na-comunidade-sao-martinho-de-lima\/#article","isPartOf":{"@id":"https:\/\/www.oarcanjo.net\/site\/almoco-de-natal-na-comunidade-sao-martinho-de-lima\/"},"author":{"name":"editor","@id":"https:\/\/www.oarcanjo.net\/site\/#\/schema\/person\/f7024d007863202483a31326673a0838"},"headline":"Almo\u00e7o de Natal na comunidade S\u00e3o Martinho de Lima","datePublished":"2009-12-23T22:48:08+00:00","dateModified":"2009-12-24T13:16:10+00:00","mainEntityOfPage":{"@id":"https:\/\/www.oarcanjo.net\/site\/almoco-de-natal-na-comunidade-sao-martinho-de-lima\/"},"wordCount":429,"commentCount":1,"publisher":{"@id":"https:\/\/www.oarcanjo.net\/site\/#organization"},"keywords":["Comunidade S\u00e3o Martinho de Lima","exclu\u00eddos","natal","partilha","povo da rua"],"articleSection":["Destaques","Not\u00edcias"],"inLanguage":"pt-BR","potentialAction":[{"@type":"CommentAction","name":"Comment","target":["https:\/\/www.oarcanjo.net\/site\/almoco-de-natal-na-comunidade-sao-martinho-de-lima\/#respond"]}]},{"@type":"WebPage","@id":"https:\/\/www.oarcanjo.net\/site\/almoco-de-natal-na-comunidade-sao-martinho-de-lima\/","url":"https:\/\/www.oarcanjo.net\/site\/almoco-de-natal-na-comunidade-sao-martinho-de-lima\/","name":"Almo\u00e7o de Natal na comunidade S\u00e3o Martinho de Lima - O Arcanjo no ar","isPartOf":{"@id":"https:\/\/www.oarcanjo.net\/site\/#website"},"datePublished":"2009-12-23T22:48:08+00:00","dateModified":"2009-12-24T13:16:10+00:00","breadcrumb":{"@id":"https:\/\/www.oarcanjo.net\/site\/almoco-de-natal-na-comunidade-sao-martinho-de-lima\/#breadcrumb"},"inLanguage":"pt-BR","potentialAction":[{"@type":"ReadAction","target":["https:\/\/www.oarcanjo.net\/site\/almoco-de-natal-na-comunidade-sao-martinho-de-lima\/"]}]},{"@type":"BreadcrumbList","@id":"https:\/\/www.oarcanjo.net\/site\/almoco-de-natal-na-comunidade-sao-martinho-de-lima\/#breadcrumb","itemListElement":[{"@type":"ListItem","position":1,"name":"In\u00edcio","item":"https:\/\/www.oarcanjo.net\/site\/"},{"@type":"ListItem","position":2,"name":"Almo\u00e7o de Natal na comunidade S\u00e3o Martinho de Lima"}]},{"@type":"WebSite","@id":"https:\/\/www.oarcanjo.net\/site\/#website","url":"https:\/\/www.oarcanjo.net\/site\/","name":"O Arcanjo no ar","description":"Site da Par\u00f3quia S\u00e3o Miguel Arcanjo (Arquidiocese de SP)","publisher":{"@id":"https:\/\/www.oarcanjo.net\/site\/#organization"},"potentialAction":[{"@type":"SearchAction","target":{"@type":"EntryPoint","urlTemplate":"https:\/\/www.oarcanjo.net\/site\/?s={search_term_string}"},"query-input":{"@type":"PropertyValueSpecification","valueRequired":true,"valueName":"search_term_string"}}],"inLanguage":"pt-BR"},{"@type":"Organization","@id":"https:\/\/www.oarcanjo.net\/site\/#organization","name":"Par\u00f3quia S\u00e3o Miguel Arcanjo","url":"https:\/\/www.oarcanjo.net\/site\/","logo":{"@type":"ImageObject","inLanguage":"pt-BR","@id":"https:\/\/www.oarcanjo.net\/site\/#\/schema\/logo\/image\/","url":"https:\/\/www.oarcanjo.net\/site\/wp-content\/uploads\/LogoOArcanjo.png","contentUrl":"https:\/\/www.oarcanjo.net\/site\/wp-content\/uploads\/LogoOArcanjo.png","width":319,"height":99,"caption":"Par\u00f3quia S\u00e3o Miguel Arcanjo"},"image":{"@id":"https:\/\/www.oarcanjo.net\/site\/#\/schema\/logo\/image\/"},"sameAs":["https:\/\/www.facebook.com\/OArcanjoNoAr\/"]},{"@type":"Person","@id":"https:\/\/www.oarcanjo.net\/site\/#\/schema\/person\/f7024d007863202483a31326673a0838","name":"editor","sameAs":["http:\/\/www.oarcanjo.net"]}]}},"publishpress_future_action":{"enabled":false,"date":"2026-05-07 11:36:16","action":"category","newStatus":"draft","terms":[],"taxonomy":"category"},"publishpress_future_workflow_manual_trigger":{"enabledWorkflows":[]},"_links":{"self":[{"href":"https:\/\/www.oarcanjo.net\/site\/wp-json\/wp\/v2\/posts\/6839"}],"collection":[{"href":"https:\/\/www.oarcanjo.net\/site\/wp-json\/wp\/v2\/posts"}],"about":[{"href":"https:\/\/www.oarcanjo.net\/site\/wp-json\/wp\/v2\/types\/post"}],"author":[{"embeddable":true,"href":"https:\/\/www.oarcanjo.net\/site\/wp-json\/wp\/v2\/users\/5"}],"replies":[{"embeddable":true,"href":"https:\/\/www.oarcanjo.net\/site\/wp-json\/wp\/v2\/comments?post=6839"}],"version-history":[{"count":0,"href":"https:\/\/www.oarcanjo.net\/site\/wp-json\/wp\/v2\/posts\/6839\/revisions"}],"wp:attachment":[{"href":"https:\/\/www.oarcanjo.net\/site\/wp-json\/wp\/v2\/media?parent=6839"}],"wp:term":[{"taxonomy":"category","embeddable":true,"href":"https:\/\/www.oarcanjo.net\/site\/wp-json\/wp\/v2\/categories?post=6839"},{"taxonomy":"post_tag","embeddable":true,"href":"https:\/\/www.oarcanjo.net\/site\/wp-json\/wp\/v2\/tags?post=6839"}],"curies":[{"name":"wp","href":"https:\/\/api.w.org\/{rel}","templated":true}]}}