
{"id":6853,"date":"2009-12-24T05:55:09","date_gmt":"2009-12-24T07:55:09","guid":{"rendered":"http:\/\/www.oarcanjo.net\/site\/?p=6853"},"modified":"2009-12-24T10:28:30","modified_gmt":"2009-12-24T12:28:30","slug":"doacoes-da-comunidade-ao-amparo-maternal","status":"publish","type":"post","link":"https:\/\/www.oarcanjo.net\/site\/doacoes-da-comunidade-ao-amparo-maternal\/","title":{"rendered":"Doa\u00e7\u00f5es da comunidade ao Amparo Maternal"},"content":{"rendered":"<p>Representantes da comunidade S\u00e3o Miguel Arcanjo visitaram na quarta-feira, 23\/12, o Amparo Maternal, maternidade da Arquidiocese de S\u00e3o Paulo, e entregaram as doa\u00e7\u00f5es recebidas durante a Campanha de Natal:\u00a0dezenas de pacotes de fraldas, papel higi\u00eanico, sabonetes, pasta de dente, entre outros materiais de higiene e limpeza.<\/p>\n<div id=\"attachment_6871\" style=\"width: 460px\" class=\"wp-caption alignnone\"><a href=\"http:\/\/www.oarcanjo.net\/site\/wp-content\/uploads\/amparo-maternal-entrega-2009-02.jpg\"><img loading=\"lazy\" decoding=\"async\" aria-describedby=\"caption-attachment-6871\" src=\"http:\/\/www.oarcanjo.net\/site\/wp-content\/uploads\/amparo-maternal-entrega-2009-02.jpg\" alt=\"Entrega das doa\u00e7\u00f5es da comunidade ao Amparo Maternal\" title=\"amparo-maternal-entrega-2009-02\" width=\"450\" height=\"300\" class=\"size-full wp-image-6871\" srcset=\"https:\/\/www.oarcanjo.net\/site\/wp-content\/uploads\/amparo-maternal-entrega-2009-02.jpg 450w, https:\/\/www.oarcanjo.net\/site\/wp-content\/uploads\/amparo-maternal-entrega-2009-02-300x200.jpg 300w\" sizes=\"(max-width: 450px) 100vw, 450px\" \/><\/a><p id=\"caption-attachment-6871\" class=\"wp-caption-text\">Entrega das doa\u00e7\u00f5es da comunidade ao Amparo Maternal<\/p><\/div>\n<div id=\"attachment_6866\" style=\"width: 310px\" class=\"wp-caption alignnone\"><img loading=\"lazy\" decoding=\"async\" aria-describedby=\"caption-attachment-6866\" src=\"http:\/\/www.oarcanjo.net\/site\/wp-content\/uploads\/amparo-maternal-entrega-2009-03.jpg\" alt=\"Entrega das doa\u00e7\u00f5es da comunidade ao Amparo Maternal\" title=\"amparo-maternal-entrega-2009-03\" width=\"300\" height=\"450\" class=\"size-full wp-image-6866\" srcset=\"https:\/\/www.oarcanjo.net\/site\/wp-content\/uploads\/amparo-maternal-entrega-2009-03.jpg 300w, https:\/\/www.oarcanjo.net\/site\/wp-content\/uploads\/amparo-maternal-entrega-2009-03-200x300.jpg 200w\" sizes=\"(max-width: 300px) 100vw, 300px\" \/><p id=\"caption-attachment-6866\" class=\"wp-caption-text\">Entrega das doa\u00e7\u00f5es da comunidade ao Amparo Maternal<\/p><\/div>\n<div id=\"attachment_6870\" style=\"width: 460px\" class=\"wp-caption alignnone\"><a href=\"http:\/\/www.oarcanjo.net\/site\/wp-content\/uploads\/amparo-maternal-entrega-2009-01.jpg\"><img loading=\"lazy\" decoding=\"async\" aria-describedby=\"caption-attachment-6870\" src=\"http:\/\/www.oarcanjo.net\/site\/wp-content\/uploads\/amparo-maternal-entrega-2009-01.jpg\" alt=\"Entrega das doa\u00e7\u00f5es da comunidade ao Amparo Maternal\" title=\"amparo-maternal-entrega-2009-01\" width=\"450\" height=\"300\" class=\"size-full wp-image-6870\" srcset=\"https:\/\/www.oarcanjo.net\/site\/wp-content\/uploads\/amparo-maternal-entrega-2009-01.jpg 450w, https:\/\/www.oarcanjo.net\/site\/wp-content\/uploads\/amparo-maternal-entrega-2009-01-300x200.jpg 300w\" sizes=\"(max-width: 450px) 100vw, 450px\" \/><\/a><p id=\"caption-attachment-6870\" class=\"wp-caption-text\">Entrega das doa\u00e7\u00f5es da comunidade ao Amparo Maternal<\/p><\/div>\n<p>O Amparo Maternal depende dessa solidariedade para dar continuidade ao trabalho de acolhida a todas as mulheres que o procuram, como explica a Ir. Enir, diretora da entidade:<\/p>\n<p><video style=\"width: 100%; height: auto; aspect-ratio: 480\/334; border: none; overflow: hidden;\" controls>\n                <source src=\"http:\/\/www.oarcanjo.net\/video\/IrEnirAmparoMaternal-final.wmv\" type=\"video\/x-ms-wmv\">\n                <source src=\"http:\/\/www.oarcanjo.net\/video\/IrEnirAmparoMaternal-final.wmv\" type=\"video\/wmv\">\n                Your browser does not support the video tag.\n            <\/video><\/p>\n<p>Ap\u00f3s entregar as doa\u00e7\u00f5es, os paroquianos participaram da missa celebrada pelo cardeal arcebispo de S\u00e3o Paulo, D. Odilo Pedro Scherer.<\/p>\n<div id=\"attachment_6867\" style=\"width: 460px\" class=\"wp-caption alignnone\"><a href=\"http:\/\/www.oarcanjo.net\/site\/wp-content\/uploads\/amparo-maternal-entrega-2009-04.jpg\"><img loading=\"lazy\" decoding=\"async\" aria-describedby=\"caption-attachment-6867\" src=\"http:\/\/www.oarcanjo.net\/site\/wp-content\/uploads\/amparo-maternal-entrega-2009-04.jpg\" alt=\"Celebra\u00e7\u00e3o de Natal no Amparo Maternal\" title=\"amparo-maternal-entrega-2009-04\" width=\"450\" height=\"300\" class=\"size-full wp-image-6867\" srcset=\"https:\/\/www.oarcanjo.net\/site\/wp-content\/uploads\/amparo-maternal-entrega-2009-04.jpg 450w, https:\/\/www.oarcanjo.net\/site\/wp-content\/uploads\/amparo-maternal-entrega-2009-04-300x200.jpg 300w\" sizes=\"(max-width: 450px) 100vw, 450px\" \/><\/a><p id=\"caption-attachment-6867\" class=\"wp-caption-text\">Celebra\u00e7\u00e3o de Natal no Amparo Maternal<\/p><\/div>\n<div id=\"attachment_6868\" style=\"width: 460px\" class=\"wp-caption alignnone\"><a href=\"http:\/\/www.oarcanjo.net\/site\/wp-content\/uploads\/amparo-maternal-entrega-2009-05.jpg\"><img loading=\"lazy\" decoding=\"async\" aria-describedby=\"caption-attachment-6868\" src=\"http:\/\/www.oarcanjo.net\/site\/wp-content\/uploads\/amparo-maternal-entrega-2009-05.jpg\" alt=\"Celebra\u00e7\u00e3o de Natal no Amparo Maternal\" title=\"amparo-maternal-entrega-2009-05\" width=\"450\" height=\"300\" class=\"size-full wp-image-6868\" srcset=\"https:\/\/www.oarcanjo.net\/site\/wp-content\/uploads\/amparo-maternal-entrega-2009-05.jpg 450w, https:\/\/www.oarcanjo.net\/site\/wp-content\/uploads\/amparo-maternal-entrega-2009-05-300x200.jpg 300w\" sizes=\"(max-width: 450px) 100vw, 450px\" \/><\/a><p id=\"caption-attachment-6868\" class=\"wp-caption-text\">Celebra\u00e7\u00e3o de Natal no Amparo Maternal<\/p><\/div>\n<div id=\"attachment_6869\" style=\"width: 460px\" class=\"wp-caption alignnone\"><a href=\"http:\/\/www.oarcanjo.net\/site\/wp-content\/uploads\/amparo-maternal-entrega-2009-06.jpg\"><img loading=\"lazy\" decoding=\"async\" aria-describedby=\"caption-attachment-6869\" src=\"http:\/\/www.oarcanjo.net\/site\/wp-content\/uploads\/amparo-maternal-entrega-2009-06.jpg\" alt=\"Celebra\u00e7\u00e3o de Natal no Amparo Maternal\" title=\"amparo-maternal-entrega-2009-06\" width=\"450\" height=\"300\" class=\"size-full wp-image-6869\" srcset=\"https:\/\/www.oarcanjo.net\/site\/wp-content\/uploads\/amparo-maternal-entrega-2009-06.jpg 450w, https:\/\/www.oarcanjo.net\/site\/wp-content\/uploads\/amparo-maternal-entrega-2009-06-300x200.jpg 300w\" sizes=\"(max-width: 450px) 100vw, 450px\" \/><\/a><p id=\"caption-attachment-6869\" class=\"wp-caption-text\">Celebra\u00e7\u00e3o de Natal no Amparo Maternal<\/p><\/div>\n<div id=\"themify_builder_content-6853\" data-postid=\"6853\" class=\"themify_builder_content themify_builder_content-6853 themify_builder themify_builder_front\">\n\t<\/div>\n<!-- \/themify_builder_content -->","protected":false},"excerpt":{"rendered":"<p>Representantes da comunidade S\u00e3o Miguel Arcanjo visitaram na quarta-feira, 23\/12, o Amparo Maternal, maternidade da Arquidiocese de S\u00e3o Paulo, e entregaram as doa\u00e7\u00f5es recebidas durante a Campanha de Natal:\u00a0dezenas de pacotes de fraldas, papel higi\u00eanico, sabonetes, pasta de dente, entre outros materiais de higiene e limpeza. O Amparo Maternal depende dessa solidariedade para dar continuidade [&hellip;]<\/p>\n","protected":false},"author":5,"featured_media":0,"comment_status":"open","ping_status":"open","sticky":false,"template":"","format":"standard","meta":{"ngg_post_thumbnail":0,"footnotes":""},"categories":[3,8],"tags":[1234,60,88],"yoast_head":"<!-- This site is optimized with the Yoast SEO plugin v23.5 - https:\/\/yoast.com\/wordpress\/plugins\/seo\/ -->\n<title>Doa\u00e7\u00f5es da comunidade ao Amparo Maternal - O Arcanjo no ar<\/title>\n<meta name=\"robots\" content=\"index, follow, max-snippet:-1, max-image-preview:large, max-video-preview:-1\" \/>\n<link rel=\"canonical\" href=\"https:\/\/www.oarcanjo.net\/site\/doacoes-da-comunidade-ao-amparo-maternal\/\" \/>\n<meta property=\"og:locale\" content=\"pt_BR\" \/>\n<meta property=\"og:type\" content=\"article\" \/>\n<meta property=\"og:title\" content=\"Doa\u00e7\u00f5es da comunidade ao Amparo Maternal - O Arcanjo no ar\" \/>\n<meta property=\"og:description\" content=\"Representantes da comunidade S\u00e3o Miguel Arcanjo visitaram na quarta-feira, 23\/12, o Amparo Maternal, maternidade da Arquidiocese de S\u00e3o Paulo, e entregaram as doa\u00e7\u00f5es recebidas durante a Campanha de Natal:\u00a0dezenas de pacotes de fraldas, papel higi\u00eanico, sabonetes, pasta de dente, entre outros materiais de higiene e limpeza. O Amparo Maternal depende dessa solidariedade para dar continuidade [&hellip;]\" \/>\n<meta property=\"og:url\" content=\"https:\/\/www.oarcanjo.net\/site\/doacoes-da-comunidade-ao-amparo-maternal\/\" \/>\n<meta property=\"og:site_name\" content=\"O Arcanjo no ar\" \/>\n<meta property=\"article:publisher\" content=\"https:\/\/www.facebook.com\/OArcanjoNoAr\/\" \/>\n<meta property=\"article:published_time\" content=\"2009-12-24T07:55:09+00:00\" \/>\n<meta property=\"article:modified_time\" content=\"2009-12-24T12:28:30+00:00\" \/>\n<meta property=\"og:image\" content=\"http:\/\/www.oarcanjo.net\/site\/wp-content\/uploads\/amparo-maternal-entrega-2009-02.jpg\" \/>\n<meta name=\"author\" content=\"editor\" \/>\n<meta name=\"twitter:card\" content=\"summary_large_image\" \/>\n<meta name=\"twitter:label1\" content=\"Escrito por\" \/>\n\t<meta name=\"twitter:data1\" content=\"editor\" \/>\n\t<meta name=\"twitter:label2\" content=\"Est. tempo de leitura\" \/>\n\t<meta name=\"twitter:data2\" content=\"1 minuto\" \/>\n<script type=\"application\/ld+json\" class=\"yoast-schema-graph\">{\"@context\":\"https:\/\/schema.org\",\"@graph\":[{\"@type\":\"Article\",\"@id\":\"https:\/\/www.oarcanjo.net\/site\/doacoes-da-comunidade-ao-amparo-maternal\/#article\",\"isPartOf\":{\"@id\":\"https:\/\/www.oarcanjo.net\/site\/doacoes-da-comunidade-ao-amparo-maternal\/\"},\"author\":{\"name\":\"editor\",\"@id\":\"https:\/\/www.oarcanjo.net\/site\/#\/schema\/person\/f7024d007863202483a31326673a0838\"},\"headline\":\"Doa\u00e7\u00f5es da comunidade ao Amparo Maternal\",\"datePublished\":\"2009-12-24T07:55:09+00:00\",\"dateModified\":\"2009-12-24T12:28:30+00:00\",\"mainEntityOfPage\":{\"@id\":\"https:\/\/www.oarcanjo.net\/site\/doacoes-da-comunidade-ao-amparo-maternal\/\"},\"wordCount\":213,\"commentCount\":1,\"publisher\":{\"@id\":\"https:\/\/www.oarcanjo.net\/site\/#organization\"},\"image\":{\"@id\":\"https:\/\/www.oarcanjo.net\/site\/doacoes-da-comunidade-ao-amparo-maternal\/#primaryimage\"},\"thumbnailUrl\":\"http:\/\/www.oarcanjo.net\/site\/wp-content\/uploads\/amparo-maternal-entrega-2009-02.jpg\",\"keywords\":[\"Amparo Maternal\",\"natal\",\"solidariedade\"],\"articleSection\":[\"Destaques\",\"Not\u00edcias\"],\"inLanguage\":\"pt-BR\",\"potentialAction\":[{\"@type\":\"CommentAction\",\"name\":\"Comment\",\"target\":[\"https:\/\/www.oarcanjo.net\/site\/doacoes-da-comunidade-ao-amparo-maternal\/#respond\"]}]},{\"@type\":\"WebPage\",\"@id\":\"https:\/\/www.oarcanjo.net\/site\/doacoes-da-comunidade-ao-amparo-maternal\/\",\"url\":\"https:\/\/www.oarcanjo.net\/site\/doacoes-da-comunidade-ao-amparo-maternal\/\",\"name\":\"Doa\u00e7\u00f5es da comunidade ao Amparo Maternal - O Arcanjo no ar\",\"isPartOf\":{\"@id\":\"https:\/\/www.oarcanjo.net\/site\/#website\"},\"primaryImageOfPage\":{\"@id\":\"https:\/\/www.oarcanjo.net\/site\/doacoes-da-comunidade-ao-amparo-maternal\/#primaryimage\"},\"image\":{\"@id\":\"https:\/\/www.oarcanjo.net\/site\/doacoes-da-comunidade-ao-amparo-maternal\/#primaryimage\"},\"thumbnailUrl\":\"http:\/\/www.oarcanjo.net\/site\/wp-content\/uploads\/amparo-maternal-entrega-2009-02.jpg\",\"datePublished\":\"2009-12-24T07:55:09+00:00\",\"dateModified\":\"2009-12-24T12:28:30+00:00\",\"breadcrumb\":{\"@id\":\"https:\/\/www.oarcanjo.net\/site\/doacoes-da-comunidade-ao-amparo-maternal\/#breadcrumb\"},\"inLanguage\":\"pt-BR\",\"potentialAction\":[{\"@type\":\"ReadAction\",\"target\":[\"https:\/\/www.oarcanjo.net\/site\/doacoes-da-comunidade-ao-amparo-maternal\/\"]}]},{\"@type\":\"ImageObject\",\"inLanguage\":\"pt-BR\",\"@id\":\"https:\/\/www.oarcanjo.net\/site\/doacoes-da-comunidade-ao-amparo-maternal\/#primaryimage\",\"url\":\"http:\/\/www.oarcanjo.net\/site\/wp-content\/uploads\/amparo-maternal-entrega-2009-02.jpg\",\"contentUrl\":\"http:\/\/www.oarcanjo.net\/site\/wp-content\/uploads\/amparo-maternal-entrega-2009-02.jpg\"},{\"@type\":\"BreadcrumbList\",\"@id\":\"https:\/\/www.oarcanjo.net\/site\/doacoes-da-comunidade-ao-amparo-maternal\/#breadcrumb\",\"itemListElement\":[{\"@type\":\"ListItem\",\"position\":1,\"name\":\"In\u00edcio\",\"item\":\"https:\/\/www.oarcanjo.net\/site\/\"},{\"@type\":\"ListItem\",\"position\":2,\"name\":\"Doa\u00e7\u00f5es da comunidade ao Amparo Maternal\"}]},{\"@type\":\"WebSite\",\"@id\":\"https:\/\/www.oarcanjo.net\/site\/#website\",\"url\":\"https:\/\/www.oarcanjo.net\/site\/\",\"name\":\"O Arcanjo no ar\",\"description\":\"Site da Par\u00f3quia S\u00e3o Miguel Arcanjo (Arquidiocese de SP)\",\"publisher\":{\"@id\":\"https:\/\/www.oarcanjo.net\/site\/#organization\"},\"potentialAction\":[{\"@type\":\"SearchAction\",\"target\":{\"@type\":\"EntryPoint\",\"urlTemplate\":\"https:\/\/www.oarcanjo.net\/site\/?s={search_term_string}\"},\"query-input\":{\"@type\":\"PropertyValueSpecification\",\"valueRequired\":true,\"valueName\":\"search_term_string\"}}],\"inLanguage\":\"pt-BR\"},{\"@type\":\"Organization\",\"@id\":\"https:\/\/www.oarcanjo.net\/site\/#organization\",\"name\":\"Par\u00f3quia S\u00e3o Miguel Arcanjo\",\"url\":\"https:\/\/www.oarcanjo.net\/site\/\",\"logo\":{\"@type\":\"ImageObject\",\"inLanguage\":\"pt-BR\",\"@id\":\"https:\/\/www.oarcanjo.net\/site\/#\/schema\/logo\/image\/\",\"url\":\"https:\/\/www.oarcanjo.net\/site\/wp-content\/uploads\/LogoOArcanjo.png\",\"contentUrl\":\"https:\/\/www.oarcanjo.net\/site\/wp-content\/uploads\/LogoOArcanjo.png\",\"width\":319,\"height\":99,\"caption\":\"Par\u00f3quia S\u00e3o Miguel Arcanjo\"},\"image\":{\"@id\":\"https:\/\/www.oarcanjo.net\/site\/#\/schema\/logo\/image\/\"},\"sameAs\":[\"https:\/\/www.facebook.com\/OArcanjoNoAr\/\"]},{\"@type\":\"Person\",\"@id\":\"https:\/\/www.oarcanjo.net\/site\/#\/schema\/person\/f7024d007863202483a31326673a0838\",\"name\":\"editor\",\"sameAs\":[\"http:\/\/www.oarcanjo.net\"]}]}<\/script>\n<!-- \/ Yoast SEO plugin. -->","yoast_head_json":{"title":"Doa\u00e7\u00f5es da comunidade ao Amparo Maternal - O Arcanjo no ar","robots":{"index":"index","follow":"follow","max-snippet":"max-snippet:-1","max-image-preview":"max-image-preview:large","max-video-preview":"max-video-preview:-1"},"canonical":"https:\/\/www.oarcanjo.net\/site\/doacoes-da-comunidade-ao-amparo-maternal\/","og_locale":"pt_BR","og_type":"article","og_title":"Doa\u00e7\u00f5es da comunidade ao Amparo Maternal - O Arcanjo no ar","og_description":"Representantes da comunidade S\u00e3o Miguel Arcanjo visitaram na quarta-feira, 23\/12, o Amparo Maternal, maternidade da Arquidiocese de S\u00e3o Paulo, e entregaram as doa\u00e7\u00f5es recebidas durante a Campanha de Natal:\u00a0dezenas de pacotes de fraldas, papel higi\u00eanico, sabonetes, pasta de dente, entre outros materiais de higiene e limpeza. O Amparo Maternal depende dessa solidariedade para dar continuidade [&hellip;]","og_url":"https:\/\/www.oarcanjo.net\/site\/doacoes-da-comunidade-ao-amparo-maternal\/","og_site_name":"O Arcanjo no ar","article_publisher":"https:\/\/www.facebook.com\/OArcanjoNoAr\/","article_published_time":"2009-12-24T07:55:09+00:00","article_modified_time":"2009-12-24T12:28:30+00:00","og_image":[{"url":"http:\/\/www.oarcanjo.net\/site\/wp-content\/uploads\/amparo-maternal-entrega-2009-02.jpg"}],"author":"editor","twitter_card":"summary_large_image","twitter_misc":{"Escrito por":"editor","Est. tempo de leitura":"1 minuto"},"schema":{"@context":"https:\/\/schema.org","@graph":[{"@type":"Article","@id":"https:\/\/www.oarcanjo.net\/site\/doacoes-da-comunidade-ao-amparo-maternal\/#article","isPartOf":{"@id":"https:\/\/www.oarcanjo.net\/site\/doacoes-da-comunidade-ao-amparo-maternal\/"},"author":{"name":"editor","@id":"https:\/\/www.oarcanjo.net\/site\/#\/schema\/person\/f7024d007863202483a31326673a0838"},"headline":"Doa\u00e7\u00f5es da comunidade ao Amparo Maternal","datePublished":"2009-12-24T07:55:09+00:00","dateModified":"2009-12-24T12:28:30+00:00","mainEntityOfPage":{"@id":"https:\/\/www.oarcanjo.net\/site\/doacoes-da-comunidade-ao-amparo-maternal\/"},"wordCount":213,"commentCount":1,"publisher":{"@id":"https:\/\/www.oarcanjo.net\/site\/#organization"},"image":{"@id":"https:\/\/www.oarcanjo.net\/site\/doacoes-da-comunidade-ao-amparo-maternal\/#primaryimage"},"thumbnailUrl":"http:\/\/www.oarcanjo.net\/site\/wp-content\/uploads\/amparo-maternal-entrega-2009-02.jpg","keywords":["Amparo Maternal","natal","solidariedade"],"articleSection":["Destaques","Not\u00edcias"],"inLanguage":"pt-BR","potentialAction":[{"@type":"CommentAction","name":"Comment","target":["https:\/\/www.oarcanjo.net\/site\/doacoes-da-comunidade-ao-amparo-maternal\/#respond"]}]},{"@type":"WebPage","@id":"https:\/\/www.oarcanjo.net\/site\/doacoes-da-comunidade-ao-amparo-maternal\/","url":"https:\/\/www.oarcanjo.net\/site\/doacoes-da-comunidade-ao-amparo-maternal\/","name":"Doa\u00e7\u00f5es da comunidade ao Amparo Maternal - O Arcanjo no ar","isPartOf":{"@id":"https:\/\/www.oarcanjo.net\/site\/#website"},"primaryImageOfPage":{"@id":"https:\/\/www.oarcanjo.net\/site\/doacoes-da-comunidade-ao-amparo-maternal\/#primaryimage"},"image":{"@id":"https:\/\/www.oarcanjo.net\/site\/doacoes-da-comunidade-ao-amparo-maternal\/#primaryimage"},"thumbnailUrl":"http:\/\/www.oarcanjo.net\/site\/wp-content\/uploads\/amparo-maternal-entrega-2009-02.jpg","datePublished":"2009-12-24T07:55:09+00:00","dateModified":"2009-12-24T12:28:30+00:00","breadcrumb":{"@id":"https:\/\/www.oarcanjo.net\/site\/doacoes-da-comunidade-ao-amparo-maternal\/#breadcrumb"},"inLanguage":"pt-BR","potentialAction":[{"@type":"ReadAction","target":["https:\/\/www.oarcanjo.net\/site\/doacoes-da-comunidade-ao-amparo-maternal\/"]}]},{"@type":"ImageObject","inLanguage":"pt-BR","@id":"https:\/\/www.oarcanjo.net\/site\/doacoes-da-comunidade-ao-amparo-maternal\/#primaryimage","url":"http:\/\/www.oarcanjo.net\/site\/wp-content\/uploads\/amparo-maternal-entrega-2009-02.jpg","contentUrl":"http:\/\/www.oarcanjo.net\/site\/wp-content\/uploads\/amparo-maternal-entrega-2009-02.jpg"},{"@type":"BreadcrumbList","@id":"https:\/\/www.oarcanjo.net\/site\/doacoes-da-comunidade-ao-amparo-maternal\/#breadcrumb","itemListElement":[{"@type":"ListItem","position":1,"name":"In\u00edcio","item":"https:\/\/www.oarcanjo.net\/site\/"},{"@type":"ListItem","position":2,"name":"Doa\u00e7\u00f5es da comunidade ao Amparo Maternal"}]},{"@type":"WebSite","@id":"https:\/\/www.oarcanjo.net\/site\/#website","url":"https:\/\/www.oarcanjo.net\/site\/","name":"O Arcanjo no ar","description":"Site da Par\u00f3quia S\u00e3o Miguel Arcanjo (Arquidiocese de SP)","publisher":{"@id":"https:\/\/www.oarcanjo.net\/site\/#organization"},"potentialAction":[{"@type":"SearchAction","target":{"@type":"EntryPoint","urlTemplate":"https:\/\/www.oarcanjo.net\/site\/?s={search_term_string}"},"query-input":{"@type":"PropertyValueSpecification","valueRequired":true,"valueName":"search_term_string"}}],"inLanguage":"pt-BR"},{"@type":"Organization","@id":"https:\/\/www.oarcanjo.net\/site\/#organization","name":"Par\u00f3quia S\u00e3o Miguel Arcanjo","url":"https:\/\/www.oarcanjo.net\/site\/","logo":{"@type":"ImageObject","inLanguage":"pt-BR","@id":"https:\/\/www.oarcanjo.net\/site\/#\/schema\/logo\/image\/","url":"https:\/\/www.oarcanjo.net\/site\/wp-content\/uploads\/LogoOArcanjo.png","contentUrl":"https:\/\/www.oarcanjo.net\/site\/wp-content\/uploads\/LogoOArcanjo.png","width":319,"height":99,"caption":"Par\u00f3quia S\u00e3o Miguel Arcanjo"},"image":{"@id":"https:\/\/www.oarcanjo.net\/site\/#\/schema\/logo\/image\/"},"sameAs":["https:\/\/www.facebook.com\/OArcanjoNoAr\/"]},{"@type":"Person","@id":"https:\/\/www.oarcanjo.net\/site\/#\/schema\/person\/f7024d007863202483a31326673a0838","name":"editor","sameAs":["http:\/\/www.oarcanjo.net"]}]}},"publishpress_future_action":{"enabled":false,"date":"2026-05-07 08:06:27","action":"category","newStatus":"draft","terms":[],"taxonomy":"category"},"publishpress_future_workflow_manual_trigger":{"enabledWorkflows":[]},"_links":{"self":[{"href":"https:\/\/www.oarcanjo.net\/site\/wp-json\/wp\/v2\/posts\/6853"}],"collection":[{"href":"https:\/\/www.oarcanjo.net\/site\/wp-json\/wp\/v2\/posts"}],"about":[{"href":"https:\/\/www.oarcanjo.net\/site\/wp-json\/wp\/v2\/types\/post"}],"author":[{"embeddable":true,"href":"https:\/\/www.oarcanjo.net\/site\/wp-json\/wp\/v2\/users\/5"}],"replies":[{"embeddable":true,"href":"https:\/\/www.oarcanjo.net\/site\/wp-json\/wp\/v2\/comments?post=6853"}],"version-history":[{"count":0,"href":"https:\/\/www.oarcanjo.net\/site\/wp-json\/wp\/v2\/posts\/6853\/revisions"}],"wp:attachment":[{"href":"https:\/\/www.oarcanjo.net\/site\/wp-json\/wp\/v2\/media?parent=6853"}],"wp:term":[{"taxonomy":"category","embeddable":true,"href":"https:\/\/www.oarcanjo.net\/site\/wp-json\/wp\/v2\/categories?post=6853"},{"taxonomy":"post_tag","embeddable":true,"href":"https:\/\/www.oarcanjo.net\/site\/wp-json\/wp\/v2\/tags?post=6853"}],"curies":[{"name":"wp","href":"https:\/\/api.w.org\/{rel}","templated":true}]}}