
{"id":68707,"date":"2016-01-24T22:30:23","date_gmt":"2016-01-25T00:30:23","guid":{"rendered":"http:\/\/www.oarcanjo.net\/site\/?p=68707"},"modified":"2016-01-24T22:53:28","modified_gmt":"2016-01-25T00:53:28","slug":"avisos-paroquiais-e-bodas-de-prata-do-tarcisio-e-da-malu","status":"publish","type":"post","link":"https:\/\/www.oarcanjo.net\/site\/avisos-paroquiais-e-bodas-de-prata-do-tarcisio-e-da-malu\/","title":{"rendered":"Avisos paroquiais e bodas de prata do Tarc\u00edsio e da Malu"},"content":{"rendered":"<p>No final da missa das 18h de 24\/01\/2016, o Pe. Julio aben\u00e7oou os paroquianos Tarc\u00edsio e Maria Lucia que completaram 25 anos de casamento.<\/p>\n<p>Antes, durante os avisos paroquiais, ele falou sobre as celebra\u00e7\u00f5es que haver\u00e1 no dia da convers\u00e3o de S\u00e3o Paulo, 25\/01, anivers\u00e1rio da cidade de S\u00e3o Paulo: \u00e0s 7h na Igreja S\u00e3o Miguel Arcanjo, \u00e0s 9h na Catedral da S\u00e9, presidida por Dom Odilo Scherer, e \u00e0s 18h na Par\u00f3quia S\u00e3o Paulo Ap\u00f3stolo, na Rua Tobias Barreto.<\/p>\n<p><iframe loading=\"lazy\" width=\"640\" height=\"360\" src=\"https:\/\/www.youtube.com\/embed\/M1hfZQhoCdE?rel=0\" frameborder=\"0\" allowfullscreen><\/iframe><\/p>\n<div id=\"themify_builder_content-68707\" data-postid=\"68707\" class=\"themify_builder_content themify_builder_content-68707 themify_builder themify_builder_front\">\n\t<\/div>\n<!-- \/themify_builder_content -->","protected":false},"excerpt":{"rendered":"<p>No final da missa das 18h de 24\/01\/2016, o Pe. Julio aben\u00e7oou os paroquianos Tarc\u00edsio e Maria Lucia que completaram 25 anos de casamento<\/p>\n","protected":false},"author":5,"featured_media":68708,"comment_status":"open","ping_status":"open","sticky":false,"template":"","format":"standard","meta":{"ngg_post_thumbnail":0,"footnotes":""},"categories":[476,8,7],"tags":[],"yoast_head":"<!-- This site is optimized with the Yoast SEO plugin v23.5 - https:\/\/yoast.com\/wordpress\/plugins\/seo\/ -->\n<title>Avisos paroquiais e bodas de prata do Tarc\u00edsio e da Malu - O Arcanjo no ar<\/title>\n<meta name=\"robots\" content=\"index, follow, max-snippet:-1, max-image-preview:large, max-video-preview:-1\" \/>\n<link rel=\"canonical\" href=\"https:\/\/www.oarcanjo.net\/site\/avisos-paroquiais-e-bodas-de-prata-do-tarcisio-e-da-malu\/\" \/>\n<meta property=\"og:locale\" content=\"pt_BR\" \/>\n<meta property=\"og:type\" content=\"article\" \/>\n<meta property=\"og:title\" content=\"Avisos paroquiais e bodas de prata do Tarc\u00edsio e da Malu - O Arcanjo no ar\" \/>\n<meta property=\"og:description\" content=\"No final da missa das 18h de 24\/01\/2016, o Pe. Julio aben\u00e7oou os paroquianos Tarc\u00edsio e Maria Lucia que completaram 25 anos de casamento\" \/>\n<meta property=\"og:url\" content=\"https:\/\/www.oarcanjo.net\/site\/avisos-paroquiais-e-bodas-de-prata-do-tarcisio-e-da-malu\/\" \/>\n<meta property=\"og:site_name\" content=\"O Arcanjo no ar\" \/>\n<meta property=\"article:publisher\" content=\"https:\/\/www.facebook.com\/OArcanjoNoAr\/\" \/>\n<meta property=\"article:published_time\" content=\"2016-01-25T00:30:23+00:00\" \/>\n<meta property=\"article:modified_time\" content=\"2016-01-25T00:53:28+00:00\" \/>\n<meta property=\"og:image\" content=\"https:\/\/www.oarcanjo.net\/site\/wp-content\/uploads\/20160124Avisos.png\" \/>\n\t<meta property=\"og:image:width\" content=\"1235\" \/>\n\t<meta property=\"og:image:height\" content=\"695\" \/>\n\t<meta property=\"og:image:type\" content=\"image\/png\" \/>\n<meta name=\"author\" content=\"editor\" \/>\n<meta name=\"twitter:card\" content=\"summary_large_image\" \/>\n<meta name=\"twitter:label1\" content=\"Escrito por\" \/>\n\t<meta name=\"twitter:data1\" content=\"editor\" \/>\n<script type=\"application\/ld+json\" class=\"yoast-schema-graph\">{\"@context\":\"https:\/\/schema.org\",\"@graph\":[{\"@type\":\"Article\",\"@id\":\"https:\/\/www.oarcanjo.net\/site\/avisos-paroquiais-e-bodas-de-prata-do-tarcisio-e-da-malu\/#article\",\"isPartOf\":{\"@id\":\"https:\/\/www.oarcanjo.net\/site\/avisos-paroquiais-e-bodas-de-prata-do-tarcisio-e-da-malu\/\"},\"author\":{\"name\":\"editor\",\"@id\":\"https:\/\/www.oarcanjo.net\/site\/#\/schema\/person\/f7024d007863202483a31326673a0838\"},\"headline\":\"Avisos paroquiais e bodas de prata do Tarc\u00edsio e da Malu\",\"datePublished\":\"2016-01-25T00:30:23+00:00\",\"dateModified\":\"2016-01-25T00:53:28+00:00\",\"mainEntityOfPage\":{\"@id\":\"https:\/\/www.oarcanjo.net\/site\/avisos-paroquiais-e-bodas-de-prata-do-tarcisio-e-da-malu\/\"},\"wordCount\":100,\"commentCount\":0,\"publisher\":{\"@id\":\"https:\/\/www.oarcanjo.net\/site\/#organization\"},\"image\":{\"@id\":\"https:\/\/www.oarcanjo.net\/site\/avisos-paroquiais-e-bodas-de-prata-do-tarcisio-e-da-malu\/#primaryimage\"},\"thumbnailUrl\":\"https:\/\/www.oarcanjo.net\/site\/wp-content\/uploads\/20160124Avisos.png\",\"articleSection\":[\"Avisos\",\"Not\u00edcias\",\"Rosto da comunidade\"],\"inLanguage\":\"pt-BR\",\"potentialAction\":[{\"@type\":\"CommentAction\",\"name\":\"Comment\",\"target\":[\"https:\/\/www.oarcanjo.net\/site\/avisos-paroquiais-e-bodas-de-prata-do-tarcisio-e-da-malu\/#respond\"]}]},{\"@type\":\"WebPage\",\"@id\":\"https:\/\/www.oarcanjo.net\/site\/avisos-paroquiais-e-bodas-de-prata-do-tarcisio-e-da-malu\/\",\"url\":\"https:\/\/www.oarcanjo.net\/site\/avisos-paroquiais-e-bodas-de-prata-do-tarcisio-e-da-malu\/\",\"name\":\"Avisos paroquiais e bodas de prata do Tarc\u00edsio e da Malu - O Arcanjo no ar\",\"isPartOf\":{\"@id\":\"https:\/\/www.oarcanjo.net\/site\/#website\"},\"primaryImageOfPage\":{\"@id\":\"https:\/\/www.oarcanjo.net\/site\/avisos-paroquiais-e-bodas-de-prata-do-tarcisio-e-da-malu\/#primaryimage\"},\"image\":{\"@id\":\"https:\/\/www.oarcanjo.net\/site\/avisos-paroquiais-e-bodas-de-prata-do-tarcisio-e-da-malu\/#primaryimage\"},\"thumbnailUrl\":\"https:\/\/www.oarcanjo.net\/site\/wp-content\/uploads\/20160124Avisos.png\",\"datePublished\":\"2016-01-25T00:30:23+00:00\",\"dateModified\":\"2016-01-25T00:53:28+00:00\",\"breadcrumb\":{\"@id\":\"https:\/\/www.oarcanjo.net\/site\/avisos-paroquiais-e-bodas-de-prata-do-tarcisio-e-da-malu\/#breadcrumb\"},\"inLanguage\":\"pt-BR\",\"potentialAction\":[{\"@type\":\"ReadAction\",\"target\":[\"https:\/\/www.oarcanjo.net\/site\/avisos-paroquiais-e-bodas-de-prata-do-tarcisio-e-da-malu\/\"]}]},{\"@type\":\"ImageObject\",\"inLanguage\":\"pt-BR\",\"@id\":\"https:\/\/www.oarcanjo.net\/site\/avisos-paroquiais-e-bodas-de-prata-do-tarcisio-e-da-malu\/#primaryimage\",\"url\":\"https:\/\/www.oarcanjo.net\/site\/wp-content\/uploads\/20160124Avisos.png\",\"contentUrl\":\"https:\/\/www.oarcanjo.net\/site\/wp-content\/uploads\/20160124Avisos.png\",\"width\":1235,\"height\":695},{\"@type\":\"BreadcrumbList\",\"@id\":\"https:\/\/www.oarcanjo.net\/site\/avisos-paroquiais-e-bodas-de-prata-do-tarcisio-e-da-malu\/#breadcrumb\",\"itemListElement\":[{\"@type\":\"ListItem\",\"position\":1,\"name\":\"In\u00edcio\",\"item\":\"https:\/\/www.oarcanjo.net\/site\/\"},{\"@type\":\"ListItem\",\"position\":2,\"name\":\"Avisos paroquiais e bodas de prata do Tarc\u00edsio e da Malu\"}]},{\"@type\":\"WebSite\",\"@id\":\"https:\/\/www.oarcanjo.net\/site\/#website\",\"url\":\"https:\/\/www.oarcanjo.net\/site\/\",\"name\":\"O Arcanjo no ar\",\"description\":\"Site da Par\u00f3quia S\u00e3o Miguel Arcanjo (Arquidiocese de SP)\",\"publisher\":{\"@id\":\"https:\/\/www.oarcanjo.net\/site\/#organization\"},\"potentialAction\":[{\"@type\":\"SearchAction\",\"target\":{\"@type\":\"EntryPoint\",\"urlTemplate\":\"https:\/\/www.oarcanjo.net\/site\/?s={search_term_string}\"},\"query-input\":{\"@type\":\"PropertyValueSpecification\",\"valueRequired\":true,\"valueName\":\"search_term_string\"}}],\"inLanguage\":\"pt-BR\"},{\"@type\":\"Organization\",\"@id\":\"https:\/\/www.oarcanjo.net\/site\/#organization\",\"name\":\"Par\u00f3quia S\u00e3o Miguel Arcanjo\",\"url\":\"https:\/\/www.oarcanjo.net\/site\/\",\"logo\":{\"@type\":\"ImageObject\",\"inLanguage\":\"pt-BR\",\"@id\":\"https:\/\/www.oarcanjo.net\/site\/#\/schema\/logo\/image\/\",\"url\":\"https:\/\/www.oarcanjo.net\/site\/wp-content\/uploads\/LogoOArcanjo.png\",\"contentUrl\":\"https:\/\/www.oarcanjo.net\/site\/wp-content\/uploads\/LogoOArcanjo.png\",\"width\":319,\"height\":99,\"caption\":\"Par\u00f3quia S\u00e3o Miguel Arcanjo\"},\"image\":{\"@id\":\"https:\/\/www.oarcanjo.net\/site\/#\/schema\/logo\/image\/\"},\"sameAs\":[\"https:\/\/www.facebook.com\/OArcanjoNoAr\/\"]},{\"@type\":\"Person\",\"@id\":\"https:\/\/www.oarcanjo.net\/site\/#\/schema\/person\/f7024d007863202483a31326673a0838\",\"name\":\"editor\",\"sameAs\":[\"http:\/\/www.oarcanjo.net\"]}]}<\/script>\n<!-- \/ Yoast SEO plugin. -->","yoast_head_json":{"title":"Avisos paroquiais e bodas de prata do Tarc\u00edsio e da Malu - O Arcanjo no ar","robots":{"index":"index","follow":"follow","max-snippet":"max-snippet:-1","max-image-preview":"max-image-preview:large","max-video-preview":"max-video-preview:-1"},"canonical":"https:\/\/www.oarcanjo.net\/site\/avisos-paroquiais-e-bodas-de-prata-do-tarcisio-e-da-malu\/","og_locale":"pt_BR","og_type":"article","og_title":"Avisos paroquiais e bodas de prata do Tarc\u00edsio e da Malu - O Arcanjo no ar","og_description":"No final da missa das 18h de 24\/01\/2016, o Pe. Julio aben\u00e7oou os paroquianos Tarc\u00edsio e Maria Lucia que completaram 25 anos de casamento","og_url":"https:\/\/www.oarcanjo.net\/site\/avisos-paroquiais-e-bodas-de-prata-do-tarcisio-e-da-malu\/","og_site_name":"O Arcanjo no ar","article_publisher":"https:\/\/www.facebook.com\/OArcanjoNoAr\/","article_published_time":"2016-01-25T00:30:23+00:00","article_modified_time":"2016-01-25T00:53:28+00:00","og_image":[{"width":1235,"height":695,"url":"https:\/\/www.oarcanjo.net\/site\/wp-content\/uploads\/20160124Avisos.png","type":"image\/png"}],"author":"editor","twitter_card":"summary_large_image","twitter_misc":{"Escrito por":"editor"},"schema":{"@context":"https:\/\/schema.org","@graph":[{"@type":"Article","@id":"https:\/\/www.oarcanjo.net\/site\/avisos-paroquiais-e-bodas-de-prata-do-tarcisio-e-da-malu\/#article","isPartOf":{"@id":"https:\/\/www.oarcanjo.net\/site\/avisos-paroquiais-e-bodas-de-prata-do-tarcisio-e-da-malu\/"},"author":{"name":"editor","@id":"https:\/\/www.oarcanjo.net\/site\/#\/schema\/person\/f7024d007863202483a31326673a0838"},"headline":"Avisos paroquiais e bodas de prata do Tarc\u00edsio e da Malu","datePublished":"2016-01-25T00:30:23+00:00","dateModified":"2016-01-25T00:53:28+00:00","mainEntityOfPage":{"@id":"https:\/\/www.oarcanjo.net\/site\/avisos-paroquiais-e-bodas-de-prata-do-tarcisio-e-da-malu\/"},"wordCount":100,"commentCount":0,"publisher":{"@id":"https:\/\/www.oarcanjo.net\/site\/#organization"},"image":{"@id":"https:\/\/www.oarcanjo.net\/site\/avisos-paroquiais-e-bodas-de-prata-do-tarcisio-e-da-malu\/#primaryimage"},"thumbnailUrl":"https:\/\/www.oarcanjo.net\/site\/wp-content\/uploads\/20160124Avisos.png","articleSection":["Avisos","Not\u00edcias","Rosto da comunidade"],"inLanguage":"pt-BR","potentialAction":[{"@type":"CommentAction","name":"Comment","target":["https:\/\/www.oarcanjo.net\/site\/avisos-paroquiais-e-bodas-de-prata-do-tarcisio-e-da-malu\/#respond"]}]},{"@type":"WebPage","@id":"https:\/\/www.oarcanjo.net\/site\/avisos-paroquiais-e-bodas-de-prata-do-tarcisio-e-da-malu\/","url":"https:\/\/www.oarcanjo.net\/site\/avisos-paroquiais-e-bodas-de-prata-do-tarcisio-e-da-malu\/","name":"Avisos paroquiais e bodas de prata do Tarc\u00edsio e da Malu - O Arcanjo no ar","isPartOf":{"@id":"https:\/\/www.oarcanjo.net\/site\/#website"},"primaryImageOfPage":{"@id":"https:\/\/www.oarcanjo.net\/site\/avisos-paroquiais-e-bodas-de-prata-do-tarcisio-e-da-malu\/#primaryimage"},"image":{"@id":"https:\/\/www.oarcanjo.net\/site\/avisos-paroquiais-e-bodas-de-prata-do-tarcisio-e-da-malu\/#primaryimage"},"thumbnailUrl":"https:\/\/www.oarcanjo.net\/site\/wp-content\/uploads\/20160124Avisos.png","datePublished":"2016-01-25T00:30:23+00:00","dateModified":"2016-01-25T00:53:28+00:00","breadcrumb":{"@id":"https:\/\/www.oarcanjo.net\/site\/avisos-paroquiais-e-bodas-de-prata-do-tarcisio-e-da-malu\/#breadcrumb"},"inLanguage":"pt-BR","potentialAction":[{"@type":"ReadAction","target":["https:\/\/www.oarcanjo.net\/site\/avisos-paroquiais-e-bodas-de-prata-do-tarcisio-e-da-malu\/"]}]},{"@type":"ImageObject","inLanguage":"pt-BR","@id":"https:\/\/www.oarcanjo.net\/site\/avisos-paroquiais-e-bodas-de-prata-do-tarcisio-e-da-malu\/#primaryimage","url":"https:\/\/www.oarcanjo.net\/site\/wp-content\/uploads\/20160124Avisos.png","contentUrl":"https:\/\/www.oarcanjo.net\/site\/wp-content\/uploads\/20160124Avisos.png","width":1235,"height":695},{"@type":"BreadcrumbList","@id":"https:\/\/www.oarcanjo.net\/site\/avisos-paroquiais-e-bodas-de-prata-do-tarcisio-e-da-malu\/#breadcrumb","itemListElement":[{"@type":"ListItem","position":1,"name":"In\u00edcio","item":"https:\/\/www.oarcanjo.net\/site\/"},{"@type":"ListItem","position":2,"name":"Avisos paroquiais e bodas de prata do Tarc\u00edsio e da Malu"}]},{"@type":"WebSite","@id":"https:\/\/www.oarcanjo.net\/site\/#website","url":"https:\/\/www.oarcanjo.net\/site\/","name":"O Arcanjo no ar","description":"Site da Par\u00f3quia S\u00e3o Miguel Arcanjo (Arquidiocese de SP)","publisher":{"@id":"https:\/\/www.oarcanjo.net\/site\/#organization"},"potentialAction":[{"@type":"SearchAction","target":{"@type":"EntryPoint","urlTemplate":"https:\/\/www.oarcanjo.net\/site\/?s={search_term_string}"},"query-input":{"@type":"PropertyValueSpecification","valueRequired":true,"valueName":"search_term_string"}}],"inLanguage":"pt-BR"},{"@type":"Organization","@id":"https:\/\/www.oarcanjo.net\/site\/#organization","name":"Par\u00f3quia S\u00e3o Miguel Arcanjo","url":"https:\/\/www.oarcanjo.net\/site\/","logo":{"@type":"ImageObject","inLanguage":"pt-BR","@id":"https:\/\/www.oarcanjo.net\/site\/#\/schema\/logo\/image\/","url":"https:\/\/www.oarcanjo.net\/site\/wp-content\/uploads\/LogoOArcanjo.png","contentUrl":"https:\/\/www.oarcanjo.net\/site\/wp-content\/uploads\/LogoOArcanjo.png","width":319,"height":99,"caption":"Par\u00f3quia S\u00e3o Miguel Arcanjo"},"image":{"@id":"https:\/\/www.oarcanjo.net\/site\/#\/schema\/logo\/image\/"},"sameAs":["https:\/\/www.facebook.com\/OArcanjoNoAr\/"]},{"@type":"Person","@id":"https:\/\/www.oarcanjo.net\/site\/#\/schema\/person\/f7024d007863202483a31326673a0838","name":"editor","sameAs":["http:\/\/www.oarcanjo.net"]}]}},"publishpress_future_action":{"enabled":false,"date":"2026-05-09 04:32:54","action":"category","newStatus":"draft","terms":[],"taxonomy":"category"},"publishpress_future_workflow_manual_trigger":{"enabledWorkflows":[]},"_links":{"self":[{"href":"https:\/\/www.oarcanjo.net\/site\/wp-json\/wp\/v2\/posts\/68707"}],"collection":[{"href":"https:\/\/www.oarcanjo.net\/site\/wp-json\/wp\/v2\/posts"}],"about":[{"href":"https:\/\/www.oarcanjo.net\/site\/wp-json\/wp\/v2\/types\/post"}],"author":[{"embeddable":true,"href":"https:\/\/www.oarcanjo.net\/site\/wp-json\/wp\/v2\/users\/5"}],"replies":[{"embeddable":true,"href":"https:\/\/www.oarcanjo.net\/site\/wp-json\/wp\/v2\/comments?post=68707"}],"version-history":[{"count":0,"href":"https:\/\/www.oarcanjo.net\/site\/wp-json\/wp\/v2\/posts\/68707\/revisions"}],"wp:featuredmedia":[{"embeddable":true,"href":"https:\/\/www.oarcanjo.net\/site\/wp-json\/wp\/v2\/media\/68708"}],"wp:attachment":[{"href":"https:\/\/www.oarcanjo.net\/site\/wp-json\/wp\/v2\/media?parent=68707"}],"wp:term":[{"taxonomy":"category","embeddable":true,"href":"https:\/\/www.oarcanjo.net\/site\/wp-json\/wp\/v2\/categories?post=68707"},{"taxonomy":"post_tag","embeddable":true,"href":"https:\/\/www.oarcanjo.net\/site\/wp-json\/wp\/v2\/tags?post=68707"}],"curies":[{"name":"wp","href":"https:\/\/api.w.org\/{rel}","templated":true}]}}