
{"id":6888,"date":"2017-12-26T08:00:01","date_gmt":"2017-12-26T10:00:01","guid":{"rendered":"http:\/\/www.oarcanjo.net\/site\/?p=6888"},"modified":"2017-07-31T07:22:48","modified_gmt":"2017-07-31T10:22:48","slug":"santo-estevao","status":"publish","type":"post","link":"https:\/\/www.oarcanjo.net\/site\/santo-estevao\/","title":{"rendered":"Santo Est\u00eav\u00e3o"},"content":{"rendered":"<p><img loading=\"lazy\" decoding=\"async\" class=\"alignnone size-full wp-image-68656\" src=\"http:\/\/www.oarcanjo.net\/site\/wp-content\/uploads\/Santo-Estevao.jpg\" alt=\"Santo Est\u00eav\u00e3o\" width=\"275\" height=\"356\" srcset=\"https:\/\/www.oarcanjo.net\/site\/wp-content\/uploads\/Santo-Estevao.jpg 275w, https:\/\/www.oarcanjo.net\/site\/wp-content\/uploads\/Santo-Estevao-232x300.jpg 232w\" sizes=\"(max-width: 275px) 100vw, 275px\" \/><\/p>\n<p>PROTOM\u00c1RTIR<\/p>\n<p>26 de Dezembro<\/p>\n<p>Santo Est\u00eav\u00e3o \u00e9 o primeiro m\u00e1rtir do cristianismo, \u00e9 considerado santo por quase todas as denomina\u00e7\u00f5es crist\u00e3s. Est\u00eav\u00e3o foi um dos sete primeiros di\u00e1conos da igreja, pregou os ensinamentos de Cristo, pregava uma mensagem mais radical.<\/p>\n<p>Segundo os Actos dos Ap\u00f3stolos, Est\u00eav\u00e3o foi um dos sete primeiros di\u00e1conos da igreja nascente, logo ap\u00f3s a morte e ressurei\u00e7\u00e3o de Jesus, pregando os ensinamentos de Cristo e convertendo tanto judeus como gentios. Segundo \u00c9tienne Trocm\u00e9, Estev\u00e3o pertencia a um grupo de crist\u00e3os que pregavam uma mensagem mais radical, um grupo que ficou conhecido como os helenistas, j\u00e1 que os seus membros tinham nomes gregos e eram educados na cultura grega e que separou do grupo dos doze ap\u00f3stolos. Tamb\u00e9m eram conhecidos como o grupo dos 7. Foi detido pelas autoridades judaicas, levado diante do Sin\u00e9drio (a suprema assembleia de Jerusal\u00e9m), onde foi condenado por blasf\u00e9mia, sendo sentenciado a ser apedrejado (Act, 8). Entre os presentes na execu\u00e7\u00e3o, estaria Paulo de Tarso, o futuro S\u00e3o Paulo, ainda durante os seus dias de perseguidor de crist\u00e3os.<\/p>\n<p>O seu nome vem do grego \u03a3\u03c4\u03ad\u03c6\u03b1\u03bd\u03bf\u03c2 (Stephan\u00f3s), o qual se traduz para aramaico como Kelil, significando coroa &#8211; e Santo Est\u00eav\u00e3o \u00e9, de resto, representado com a coroa de mart\u00edrio da cristandade, recordando assim o facto de se tratar do primeiro crist\u00e3o a morrer pela sua f\u00e9 &#8211; o protom\u00e1rtir.<\/p>\n<p>Durante os primeiros s\u00e9culo do cristianismo, o t\u00famulo de Est\u00eav\u00e3o achou-se perdido, at\u00e9 que em 415 (talvez pela crescente press\u00e3o dos peregrinos que se deslocavam \u00e0 Terra Santa), um certo padre, de nome Luciano, ter\u00e1 dito ter tido uma revela\u00e7\u00e3o on\u00edrica de onde se encontrava a tumba do m\u00e1rtir, algures na povoa\u00e7\u00e3o de Caphar Gamala, a alguns quil\u00f3metros a Norte de Jerusal\u00e9m.<\/p>\n<p>Greg\u00f3rio de Tours afirmou mais tarde que foi por intercess\u00e3o de Santo Est\u00eav\u00e3o, que um orat\u00f3rio a ele dedicado, na cidade de Metz, onde se guardavam rel\u00edquias do santo, foi o \u00fanico local da cidade que escapou ao inc\u00eandio que os Hunos lhe deitaram, no dia de P\u00e1scoa de 451.<\/p>\n<div id=\"themify_builder_content-6888\" data-postid=\"6888\" class=\"themify_builder_content themify_builder_content-6888 themify_builder themify_builder_front\">\n\t<\/div>\n<!-- \/themify_builder_content -->","protected":false},"excerpt":{"rendered":"<p>PROTOM\u00c1RTIR 26 de Dezembro Santo Est\u00eav\u00e3o \u00e9 o primeiro m\u00e1rtir do cristianismo, \u00e9 considerado santo por quase todas as denomina\u00e7\u00f5es crist\u00e3s. Est\u00eav\u00e3o foi um dos sete primeiros di\u00e1conos da igreja, pregou os ensinamentos de Cristo, pregava uma mensagem mais radical. Segundo os Actos dos Ap\u00f3stolos, Est\u00eav\u00e3o foi um dos sete primeiros di\u00e1conos da igreja nascente, [&hellip;]<\/p>\n","protected":false},"author":14,"featured_media":0,"comment_status":"open","ping_status":"open","sticky":false,"template":"","format":"standard","meta":{"ngg_post_thumbnail":0,"footnotes":""},"categories":[186],"tags":[1371],"yoast_head":"<!-- This site is optimized with the Yoast SEO plugin v23.5 - https:\/\/yoast.com\/wordpress\/plugins\/seo\/ -->\n<title>Santo Est\u00eav\u00e3o - O Arcanjo no ar<\/title>\n<meta name=\"robots\" content=\"index, follow, max-snippet:-1, max-image-preview:large, max-video-preview:-1\" \/>\n<link rel=\"canonical\" href=\"https:\/\/www.oarcanjo.net\/site\/santo-estevao\/\" \/>\n<meta property=\"og:locale\" content=\"pt_BR\" \/>\n<meta property=\"og:type\" content=\"article\" \/>\n<meta property=\"og:title\" content=\"Santo Est\u00eav\u00e3o - O Arcanjo no ar\" \/>\n<meta property=\"og:description\" content=\"PROTOM\u00c1RTIR 26 de Dezembro Santo Est\u00eav\u00e3o \u00e9 o primeiro m\u00e1rtir do cristianismo, \u00e9 considerado santo por quase todas as denomina\u00e7\u00f5es crist\u00e3s. Est\u00eav\u00e3o foi um dos sete primeiros di\u00e1conos da igreja, pregou os ensinamentos de Cristo, pregava uma mensagem mais radical. Segundo os Actos dos Ap\u00f3stolos, Est\u00eav\u00e3o foi um dos sete primeiros di\u00e1conos da igreja nascente, [&hellip;]\" \/>\n<meta property=\"og:url\" content=\"https:\/\/www.oarcanjo.net\/site\/santo-estevao\/\" \/>\n<meta property=\"og:site_name\" content=\"O Arcanjo no ar\" \/>\n<meta property=\"article:publisher\" content=\"https:\/\/www.facebook.com\/OArcanjoNoAr\/\" \/>\n<meta property=\"article:published_time\" content=\"2017-12-26T10:00:01+00:00\" \/>\n<meta property=\"article:modified_time\" content=\"2017-07-31T10:22:48+00:00\" \/>\n<meta property=\"og:image\" content=\"http:\/\/www.oarcanjo.net\/site\/wp-content\/uploads\/Santo-Estevao.jpg\" \/>\n<meta name=\"author\" content=\"danilo\" \/>\n<meta name=\"twitter:card\" content=\"summary_large_image\" \/>\n<meta name=\"twitter:label1\" content=\"Escrito por\" \/>\n\t<meta name=\"twitter:data1\" content=\"danilo\" \/>\n\t<meta name=\"twitter:label2\" content=\"Est. tempo de leitura\" \/>\n\t<meta name=\"twitter:data2\" content=\"2 minutos\" \/>\n<script type=\"application\/ld+json\" class=\"yoast-schema-graph\">{\"@context\":\"https:\/\/schema.org\",\"@graph\":[{\"@type\":\"Article\",\"@id\":\"https:\/\/www.oarcanjo.net\/site\/santo-estevao\/#article\",\"isPartOf\":{\"@id\":\"https:\/\/www.oarcanjo.net\/site\/santo-estevao\/\"},\"author\":{\"name\":\"danilo\",\"@id\":\"https:\/\/www.oarcanjo.net\/site\/#\/schema\/person\/5eb9480bedd2f3c97e430ce128c29c6c\"},\"headline\":\"Santo Est\u00eav\u00e3o\",\"datePublished\":\"2017-12-26T10:00:01+00:00\",\"dateModified\":\"2017-07-31T10:22:48+00:00\",\"mainEntityOfPage\":{\"@id\":\"https:\/\/www.oarcanjo.net\/site\/santo-estevao\/\"},\"wordCount\":383,\"commentCount\":1,\"publisher\":{\"@id\":\"https:\/\/www.oarcanjo.net\/site\/#organization\"},\"image\":{\"@id\":\"https:\/\/www.oarcanjo.net\/site\/santo-estevao\/#primaryimage\"},\"thumbnailUrl\":\"http:\/\/www.oarcanjo.net\/site\/wp-content\/uploads\/Santo-Estevao.jpg\",\"keywords\":[\"Santo Estev\u00e3o\"],\"articleSection\":[\"Testemunhos\"],\"inLanguage\":\"pt-BR\",\"potentialAction\":[{\"@type\":\"CommentAction\",\"name\":\"Comment\",\"target\":[\"https:\/\/www.oarcanjo.net\/site\/santo-estevao\/#respond\"]}]},{\"@type\":\"WebPage\",\"@id\":\"https:\/\/www.oarcanjo.net\/site\/santo-estevao\/\",\"url\":\"https:\/\/www.oarcanjo.net\/site\/santo-estevao\/\",\"name\":\"Santo Est\u00eav\u00e3o - O Arcanjo no ar\",\"isPartOf\":{\"@id\":\"https:\/\/www.oarcanjo.net\/site\/#website\"},\"primaryImageOfPage\":{\"@id\":\"https:\/\/www.oarcanjo.net\/site\/santo-estevao\/#primaryimage\"},\"image\":{\"@id\":\"https:\/\/www.oarcanjo.net\/site\/santo-estevao\/#primaryimage\"},\"thumbnailUrl\":\"http:\/\/www.oarcanjo.net\/site\/wp-content\/uploads\/Santo-Estevao.jpg\",\"datePublished\":\"2017-12-26T10:00:01+00:00\",\"dateModified\":\"2017-07-31T10:22:48+00:00\",\"breadcrumb\":{\"@id\":\"https:\/\/www.oarcanjo.net\/site\/santo-estevao\/#breadcrumb\"},\"inLanguage\":\"pt-BR\",\"potentialAction\":[{\"@type\":\"ReadAction\",\"target\":[\"https:\/\/www.oarcanjo.net\/site\/santo-estevao\/\"]}]},{\"@type\":\"ImageObject\",\"inLanguage\":\"pt-BR\",\"@id\":\"https:\/\/www.oarcanjo.net\/site\/santo-estevao\/#primaryimage\",\"url\":\"https:\/\/www.oarcanjo.net\/site\/wp-content\/uploads\/Santo-Estevao.jpg\",\"contentUrl\":\"https:\/\/www.oarcanjo.net\/site\/wp-content\/uploads\/Santo-Estevao.jpg\",\"width\":275,\"height\":356,\"caption\":\"Santo Est\u00eav\u00e3o\"},{\"@type\":\"BreadcrumbList\",\"@id\":\"https:\/\/www.oarcanjo.net\/site\/santo-estevao\/#breadcrumb\",\"itemListElement\":[{\"@type\":\"ListItem\",\"position\":1,\"name\":\"In\u00edcio\",\"item\":\"https:\/\/www.oarcanjo.net\/site\/\"},{\"@type\":\"ListItem\",\"position\":2,\"name\":\"Santo Est\u00eav\u00e3o\"}]},{\"@type\":\"WebSite\",\"@id\":\"https:\/\/www.oarcanjo.net\/site\/#website\",\"url\":\"https:\/\/www.oarcanjo.net\/site\/\",\"name\":\"O Arcanjo no ar\",\"description\":\"Site da Par\u00f3quia S\u00e3o Miguel Arcanjo (Arquidiocese de SP)\",\"publisher\":{\"@id\":\"https:\/\/www.oarcanjo.net\/site\/#organization\"},\"potentialAction\":[{\"@type\":\"SearchAction\",\"target\":{\"@type\":\"EntryPoint\",\"urlTemplate\":\"https:\/\/www.oarcanjo.net\/site\/?s={search_term_string}\"},\"query-input\":{\"@type\":\"PropertyValueSpecification\",\"valueRequired\":true,\"valueName\":\"search_term_string\"}}],\"inLanguage\":\"pt-BR\"},{\"@type\":\"Organization\",\"@id\":\"https:\/\/www.oarcanjo.net\/site\/#organization\",\"name\":\"Par\u00f3quia S\u00e3o Miguel Arcanjo\",\"url\":\"https:\/\/www.oarcanjo.net\/site\/\",\"logo\":{\"@type\":\"ImageObject\",\"inLanguage\":\"pt-BR\",\"@id\":\"https:\/\/www.oarcanjo.net\/site\/#\/schema\/logo\/image\/\",\"url\":\"https:\/\/www.oarcanjo.net\/site\/wp-content\/uploads\/LogoOArcanjo.png\",\"contentUrl\":\"https:\/\/www.oarcanjo.net\/site\/wp-content\/uploads\/LogoOArcanjo.png\",\"width\":319,\"height\":99,\"caption\":\"Par\u00f3quia S\u00e3o Miguel Arcanjo\"},\"image\":{\"@id\":\"https:\/\/www.oarcanjo.net\/site\/#\/schema\/logo\/image\/\"},\"sameAs\":[\"https:\/\/www.facebook.com\/OArcanjoNoAr\/\"]},{\"@type\":\"Person\",\"@id\":\"https:\/\/www.oarcanjo.net\/site\/#\/schema\/person\/5eb9480bedd2f3c97e430ce128c29c6c\",\"name\":\"danilo\"}]}<\/script>\n<!-- \/ Yoast SEO plugin. -->","yoast_head_json":{"title":"Santo Est\u00eav\u00e3o - O Arcanjo no ar","robots":{"index":"index","follow":"follow","max-snippet":"max-snippet:-1","max-image-preview":"max-image-preview:large","max-video-preview":"max-video-preview:-1"},"canonical":"https:\/\/www.oarcanjo.net\/site\/santo-estevao\/","og_locale":"pt_BR","og_type":"article","og_title":"Santo Est\u00eav\u00e3o - O Arcanjo no ar","og_description":"PROTOM\u00c1RTIR 26 de Dezembro Santo Est\u00eav\u00e3o \u00e9 o primeiro m\u00e1rtir do cristianismo, \u00e9 considerado santo por quase todas as denomina\u00e7\u00f5es crist\u00e3s. Est\u00eav\u00e3o foi um dos sete primeiros di\u00e1conos da igreja, pregou os ensinamentos de Cristo, pregava uma mensagem mais radical. Segundo os Actos dos Ap\u00f3stolos, Est\u00eav\u00e3o foi um dos sete primeiros di\u00e1conos da igreja nascente, [&hellip;]","og_url":"https:\/\/www.oarcanjo.net\/site\/santo-estevao\/","og_site_name":"O Arcanjo no ar","article_publisher":"https:\/\/www.facebook.com\/OArcanjoNoAr\/","article_published_time":"2017-12-26T10:00:01+00:00","article_modified_time":"2017-07-31T10:22:48+00:00","og_image":[{"url":"http:\/\/www.oarcanjo.net\/site\/wp-content\/uploads\/Santo-Estevao.jpg"}],"author":"danilo","twitter_card":"summary_large_image","twitter_misc":{"Escrito por":"danilo","Est. tempo de leitura":"2 minutos"},"schema":{"@context":"https:\/\/schema.org","@graph":[{"@type":"Article","@id":"https:\/\/www.oarcanjo.net\/site\/santo-estevao\/#article","isPartOf":{"@id":"https:\/\/www.oarcanjo.net\/site\/santo-estevao\/"},"author":{"name":"danilo","@id":"https:\/\/www.oarcanjo.net\/site\/#\/schema\/person\/5eb9480bedd2f3c97e430ce128c29c6c"},"headline":"Santo Est\u00eav\u00e3o","datePublished":"2017-12-26T10:00:01+00:00","dateModified":"2017-07-31T10:22:48+00:00","mainEntityOfPage":{"@id":"https:\/\/www.oarcanjo.net\/site\/santo-estevao\/"},"wordCount":383,"commentCount":1,"publisher":{"@id":"https:\/\/www.oarcanjo.net\/site\/#organization"},"image":{"@id":"https:\/\/www.oarcanjo.net\/site\/santo-estevao\/#primaryimage"},"thumbnailUrl":"http:\/\/www.oarcanjo.net\/site\/wp-content\/uploads\/Santo-Estevao.jpg","keywords":["Santo Estev\u00e3o"],"articleSection":["Testemunhos"],"inLanguage":"pt-BR","potentialAction":[{"@type":"CommentAction","name":"Comment","target":["https:\/\/www.oarcanjo.net\/site\/santo-estevao\/#respond"]}]},{"@type":"WebPage","@id":"https:\/\/www.oarcanjo.net\/site\/santo-estevao\/","url":"https:\/\/www.oarcanjo.net\/site\/santo-estevao\/","name":"Santo Est\u00eav\u00e3o - O Arcanjo no ar","isPartOf":{"@id":"https:\/\/www.oarcanjo.net\/site\/#website"},"primaryImageOfPage":{"@id":"https:\/\/www.oarcanjo.net\/site\/santo-estevao\/#primaryimage"},"image":{"@id":"https:\/\/www.oarcanjo.net\/site\/santo-estevao\/#primaryimage"},"thumbnailUrl":"http:\/\/www.oarcanjo.net\/site\/wp-content\/uploads\/Santo-Estevao.jpg","datePublished":"2017-12-26T10:00:01+00:00","dateModified":"2017-07-31T10:22:48+00:00","breadcrumb":{"@id":"https:\/\/www.oarcanjo.net\/site\/santo-estevao\/#breadcrumb"},"inLanguage":"pt-BR","potentialAction":[{"@type":"ReadAction","target":["https:\/\/www.oarcanjo.net\/site\/santo-estevao\/"]}]},{"@type":"ImageObject","inLanguage":"pt-BR","@id":"https:\/\/www.oarcanjo.net\/site\/santo-estevao\/#primaryimage","url":"https:\/\/www.oarcanjo.net\/site\/wp-content\/uploads\/Santo-Estevao.jpg","contentUrl":"https:\/\/www.oarcanjo.net\/site\/wp-content\/uploads\/Santo-Estevao.jpg","width":275,"height":356,"caption":"Santo Est\u00eav\u00e3o"},{"@type":"BreadcrumbList","@id":"https:\/\/www.oarcanjo.net\/site\/santo-estevao\/#breadcrumb","itemListElement":[{"@type":"ListItem","position":1,"name":"In\u00edcio","item":"https:\/\/www.oarcanjo.net\/site\/"},{"@type":"ListItem","position":2,"name":"Santo Est\u00eav\u00e3o"}]},{"@type":"WebSite","@id":"https:\/\/www.oarcanjo.net\/site\/#website","url":"https:\/\/www.oarcanjo.net\/site\/","name":"O Arcanjo no ar","description":"Site da Par\u00f3quia S\u00e3o Miguel Arcanjo (Arquidiocese de SP)","publisher":{"@id":"https:\/\/www.oarcanjo.net\/site\/#organization"},"potentialAction":[{"@type":"SearchAction","target":{"@type":"EntryPoint","urlTemplate":"https:\/\/www.oarcanjo.net\/site\/?s={search_term_string}"},"query-input":{"@type":"PropertyValueSpecification","valueRequired":true,"valueName":"search_term_string"}}],"inLanguage":"pt-BR"},{"@type":"Organization","@id":"https:\/\/www.oarcanjo.net\/site\/#organization","name":"Par\u00f3quia S\u00e3o Miguel Arcanjo","url":"https:\/\/www.oarcanjo.net\/site\/","logo":{"@type":"ImageObject","inLanguage":"pt-BR","@id":"https:\/\/www.oarcanjo.net\/site\/#\/schema\/logo\/image\/","url":"https:\/\/www.oarcanjo.net\/site\/wp-content\/uploads\/LogoOArcanjo.png","contentUrl":"https:\/\/www.oarcanjo.net\/site\/wp-content\/uploads\/LogoOArcanjo.png","width":319,"height":99,"caption":"Par\u00f3quia S\u00e3o Miguel Arcanjo"},"image":{"@id":"https:\/\/www.oarcanjo.net\/site\/#\/schema\/logo\/image\/"},"sameAs":["https:\/\/www.facebook.com\/OArcanjoNoAr\/"]},{"@type":"Person","@id":"https:\/\/www.oarcanjo.net\/site\/#\/schema\/person\/5eb9480bedd2f3c97e430ce128c29c6c","name":"danilo"}]}},"publishpress_future_action":{"enabled":false,"date":"2026-05-08 15:11:19","action":"category","newStatus":"draft","terms":[],"taxonomy":"category"},"publishpress_future_workflow_manual_trigger":{"enabledWorkflows":[]},"_links":{"self":[{"href":"https:\/\/www.oarcanjo.net\/site\/wp-json\/wp\/v2\/posts\/6888"}],"collection":[{"href":"https:\/\/www.oarcanjo.net\/site\/wp-json\/wp\/v2\/posts"}],"about":[{"href":"https:\/\/www.oarcanjo.net\/site\/wp-json\/wp\/v2\/types\/post"}],"author":[{"embeddable":true,"href":"https:\/\/www.oarcanjo.net\/site\/wp-json\/wp\/v2\/users\/14"}],"replies":[{"embeddable":true,"href":"https:\/\/www.oarcanjo.net\/site\/wp-json\/wp\/v2\/comments?post=6888"}],"version-history":[{"count":0,"href":"https:\/\/www.oarcanjo.net\/site\/wp-json\/wp\/v2\/posts\/6888\/revisions"}],"wp:attachment":[{"href":"https:\/\/www.oarcanjo.net\/site\/wp-json\/wp\/v2\/media?parent=6888"}],"wp:term":[{"taxonomy":"category","embeddable":true,"href":"https:\/\/www.oarcanjo.net\/site\/wp-json\/wp\/v2\/categories?post=6888"},{"taxonomy":"post_tag","embeddable":true,"href":"https:\/\/www.oarcanjo.net\/site\/wp-json\/wp\/v2\/tags?post=6888"}],"curies":[{"name":"wp","href":"https:\/\/api.w.org\/{rel}","templated":true}]}}