
{"id":6891,"date":"2017-12-27T06:12:34","date_gmt":"2017-12-27T08:12:34","guid":{"rendered":"http:\/\/www.oarcanjo.net\/site\/?p=6891"},"modified":"2017-08-11T15:01:10","modified_gmt":"2017-08-11T18:01:10","slug":"sao-joao-evangelista","status":"publish","type":"post","link":"https:\/\/www.oarcanjo.net\/site\/sao-joao-evangelista\/","title":{"rendered":"S\u00e3o Jo\u00e3o Evangelista"},"content":{"rendered":"<p><img loading=\"lazy\" decoding=\"async\" class=\"alignnone  wp-image-68651\" src=\"http:\/\/www.oarcanjo.net\/site\/wp-content\/uploads\/Sao-Joao-Evangelista.jpg\" alt=\"S\u00e3o Jo\u00e3o Evangelista\" width=\"241\" height=\"376\" \/><\/p>\n<p>27 de Dezembro<\/p>\n<p>\u00c9 muito dif\u00edcil imaginar que esse autor do quarto evangelho e do Apocalipse tenha sido considerado inculto e n\u00e3o douto. Mas foi dessa forma que o sin\u00e9drio classificou Jo\u00e3o, o ap\u00f3stolo e evangelista, conhecido como &#8220;o disc\u00edpulo que Jesus amava&#8221;. Ele foi o \u00fanico ap\u00f3stolo que esteve com Jesus at\u00e9 a sua morte na cruz.<\/p>\n<p>Jo\u00e3o era um dos mais jovens ap\u00f3stolos de Cristo, irm\u00e3o do disc\u00edpulo Tiago Maior, ambos filhos de Zebedeu, rico pescador da Betsaida, e de Salom\u00e9, uma das mulheres que colaboravam com os disc\u00edpulos de Jesus. Assim como seu pai, Jo\u00e3o era pescador, e teve como mestre Jo\u00e3o Batista, o qual, depois, o enviou a Jesus. Jo\u00e3o, Tiago Maior, Pedro e Andr\u00e9 foram os quatro disc\u00edpulos que mais participaram do cotidiano de Jesus.<\/p>\n<p>Costuma ser definido, entre os ap\u00f3stolos, como homem de eleva\u00e7\u00e3o espiritual, mais propenso \u00e0 contempla\u00e7\u00e3o do que \u00e0 a\u00e7\u00e3o. Apesar desse temperamento, foi incumbido por Jesus com o maior n\u00famero de encargos, estando presente em quase todos os momentos e eventos narrados na B\u00edblia. Estava presente, por exemplo, quando ressuscitou a filha de Jairo, na Transfigura\u00e7\u00e3o de Jesus e na sua afli\u00e7\u00e3o no Gets\u00eamani. Tamb\u00e9m na \u00faltima ceia, durante o processo e, como vimos, foi o \u00fanico na hora final. Na cruz, Jesus, vendo-o ao lado da Virgem, lhe confiou a tarefa de cuidar da M\u00e3e, Maria.<\/p>\n<p>Os detalhes que se conhece revelam que, ap\u00f3s o Pentecostes, Jo\u00e3o ficou pregando em Jerusal\u00e9m. Participou do Conc\u00edlio de Jerusal\u00e9m, depois, com Pedro, se transferiu para a Samaria. Mas logo foi viver em \u00c9feso, na companhia de Nossa Senhora. Dessa cidade, organizou e orientou muitas igrejas da \u00c1sia. Durante o governo do imperador Domiciano, foi preso e exilado na ilha de Patmos, na Gr\u00e9cia, onde escreveu o quarto evangelho, o Apocalipse e as ep\u00edstolas aos crist\u00e3os.<\/p>\n<p>Diz a tradi\u00e7\u00e3o que, antes de o imperador Domiciano exilar Jo\u00e3o, ele teria sido jogado dentro de um caldeir\u00e3o de \u00f3leo fervente. Mas saiu ileso, vivo, sem nenhuma queimadura. Jo\u00e3o morreu, ap\u00f3s muito sofrimento por todas as persegui\u00e7\u00f5es que sofreu durante sua vida, por pregar a Palavra de Deus, e foi sepultado em \u00c9feso. Tinha noventa anos de idade.<\/p>\n<p>O evangelho de Jo\u00e3o fala dos mist\u00e9rios de Jesus, mostrando os discursos do Mestre com uma vis\u00e3o mais agu\u00e7ada, mais profunda. Enquanto os outros tr\u00eas descrevem Jesus em a\u00e7\u00e3o, Jo\u00e3o nos revela Jesus em comunh\u00e3o e medita\u00e7\u00e3o, ou seja, em toda a sua espiritualidade. Os primeiros escritos de Jo\u00e3o foram encontrados em fragmentos de papiros no Egito, por isso alguns estudiosos acreditam que ele tenha visitado essas regi\u00f5es.<\/p>\n<p><strong>Preemin\u00eancia de tr\u00eas Ap\u00f3stolos sobre os demais<\/strong><\/p>\n<p>Desde logo, Pedro, Tiago e Jo\u00e3o tomaram preemin\u00eancia sobre os outros Ap\u00f3stolos, tornando-se os &#8220;escolhidos dentre os escolhidos&#8221;. E, como tais, participaram de alguns dos mais not\u00e1veis epis\u00f3dios na vida do Salvador, como a ressurrei\u00e7\u00e3o da filha de Jairo, a Transfigura\u00e7\u00e3o no Tabor e a Agonia no Horto das Oliveiras.<\/p>\n<p>S\u00e3o Jo\u00e3o foi tamb\u00e9m um dos quatro que estavam presentes quando Jesus revelou os sinais da ru\u00edna de Jerusal\u00e9m e do fim do mundo. Mais tarde, com S\u00e3o Pedro, a quem o unia respeitosa e profunda amizade, foi encarregado de preparar a \u00daltima Ceia. S\u00e3o Pedro amava ternamente S\u00e3o Jo\u00e3o, e essa amizade \u00e9 vis\u00edvel tanto no Evangelho quanto nos Atos dos Ap\u00f3stolos.<\/p>\n<p>Por sua pureza de vida, inoc\u00eancia e virgindade, Jo\u00e3o tornou-se logo o disc\u00edpulo amado, e isso de um modo t\u00e3o not\u00f3rio, que ele sempre se identificar\u00e1 em seu Evangelho como &#8220;o disc\u00edpulo que Jesus amava&#8221;. Apesar de os Ap\u00f3stolos n\u00e3o estarem ainda confirmados em gra\u00e7a, isso n\u00e3o provocava neles inveja nem emula\u00e7\u00e3o. Quando queriam obter algo de Nosso Senhor, faziam-no por meio de S\u00e3o Jo\u00e3o, pois seu bom g\u00eanio e bondade de esp\u00edrito tornavam-no querido de todos.<\/p>\n<p>&#8220;Mas esta serenidade, esta do\u00e7ura, este car\u00e1ter recolhido e amoroso [de Jo\u00e3o Evangelista] s\u00e3o algo diferente da in\u00e9rcia e da passividade. Os pintores nos acostumaram a ver nele um n\u00e3o sei qu\u00ea de feminino e sentimental, que est\u00e1 em contraste com a energia varonil e o zelo fulgurante que se descobre em algumas passagens evang\u00e9licas&#8221; 1.<\/p>\n<p>Se Nosso Senhor amava particularmente S\u00e3o Jo\u00e3o, tamb\u00e9m era por ele amado de maneira especial\u00edssima. Com seu irm\u00e3o Tiago, recebeu de Cristo o cognome de &#8220;Boanerges&#8221;, ou &#8220;filhos do trov\u00e3o&#8221;, por seu zelo. Indignaram-se contra os samaritanos, que n\u00e3o quiseram receber o Mestre, e pediram-Lhe para fazer descer sobre aqueles ind\u00f3ceis o fogo do c\u00e9u.<\/p>\n<p>Foi por esse amor, e n\u00e3o por ambi\u00e7\u00e3o, que ele e o irm\u00e3o secundaram a m\u00e3e, Salom\u00e9, solicitando que um e outro ficassem \u00e0 direita e \u00e0 esquerda do Redentor, em seu Reino (um tanto equivocadamente, pois imaginavam ainda um reino terreno). Quando Nosso Senhor perguntou-lhes se estavam dispostos a beber com Ele o mesmo c\u00e1lice do sofrimento e da amargura, com determina\u00e7\u00e3o responderam afirmativamente.<\/p>\n<table border=\"0\" width=\"1\" cellspacing=\"0\" cellpadding=\"10\" align=\"right\">\n<tbody>\n<tr>\n<td>\n<div><a href=\"http:\/\/www.lepanto.com.br\/Imagens\/SJEv2.jpg\" target=\"_blank\"><img loading=\"lazy\" decoding=\"async\" src=\"http:\/\/www.lepanto.com.br\/Imagens\/SJEv2_small.jpg\" alt=\"SJEv2.jpg (25499 bytes)\" width=\"100\" height=\"132\" border=\"0\" \/><\/a> <em><br \/>\nA <\/em><em>\u00daltima Ceia (detalhe)- Fra Ang\u00e9lico (s\u00e9c. XV), Museu de S\u00e3o Marcos, Floren\u00e7a<\/em><\/div>\n<\/td>\n<\/tr>\n<\/tbody>\n<\/table>\n<p><strong>O primeiro devoto do Cora\u00e7\u00e3o de Jesus<\/strong><\/p>\n<p>Entretanto, uma das maiores provas de afei\u00e7\u00e3o de Nosso Senhor a S\u00e3o Jo\u00e3o deu-se na \u00daltima Ceia. Quis o Divino Mestre ter \u00e0 sua direita o Ap\u00f3stolo Virgem, permitindo-lhe a familiaridade de recostar-se em seu cora\u00e7\u00e3o. Diz Santo Agostinho que nesse momento, estando t\u00e3o pr\u00f3ximo da fonte de luz, ele absorveu dela os mais altos segredos e mist\u00e9rios que depois derramaria sobre a Igreja.<\/p>\n<p>A pedido de Pedro, perguntou a Jesus quem seria o traidor, e obteve a resposta.<\/p>\n<p>S\u00e3o Jo\u00e3o teve por\u00e9m um momento de fraqueza \u2014 e das mais censur\u00e1veis \u2014 quando os inimigos prenderam Jesus, tendo ent\u00e3o fugido como os outros Ap\u00f3stolos. Era o momento em que Nosso Senhor mais precisava de apoio! Logo depois o vemos acompanhando, de longe, o Mestre ao pal\u00e1cio do Sumo Sacerdote. Como era ali conhecido, fez entrar tamb\u00e9m Sim\u00e3o Pedro. Pode-se supor que ele tenha permanecido sempre nas proximidades de Nosso Senhor durante toda aquela tr\u00e1gica noite, e que n\u00e3o saiu sen\u00e3o para ir comunicar a Maria Sant\u00edssima o que se passava com seu Filho. Acompanhou-A ent\u00e3o no caminho do Calv\u00e1rio e com Ela permaneceu ao p\u00e9 da cruz. Era o sinal evidente de seu arrependimento.<\/p>\n<p><strong>Cust\u00f3dia da M\u00e3e de Deus ao Ap\u00f3stolo virgem<\/strong><\/p>\n<p>Foi ent\u00e3o que, recebendo-A como M\u00e3e, obteve o maior legado que criatura humana jamais podia receber. Diz S\u00e3o Jer\u00f4nimo: &#8220;Jo\u00e3o, que era virgem, ao crer em Cristo permaneceu sempre virgem. Por isso foi o disc\u00edpulo amado e reclinou sua cabe\u00e7a sobre o cora\u00e7\u00e3o de Jesus. Em breves palavras, para mostrar qual \u00e9 o privil\u00e9gio de Jo\u00e3o, ou melhor, o privil\u00e9gio da virgindade nele, basta dizer que o Senhor virgem p\u00f4s sua M\u00e3e virgem nas m\u00e3os do disc\u00edpulo virgem&#8221; 2. Ensinam os Padres da Igreja que esse grande Ap\u00f3stolo representava naquele momento todos os fi\u00e9is. E que, por meio de S\u00e3o Jo\u00e3o, Maria nos foi dada por M\u00e3e, e n\u00f3s a Ela como filhos. Mas Jo\u00e3o foi o primeiro em tal ado\u00e7\u00e3o.<\/p>\n<p>Foi ele tamb\u00e9m o \u00fanico dos Ap\u00f3stolos a presenciar e a sofrer o drama do G\u00f3lgota, servindo de apoio \u00e0 M\u00e3e das Dores, que com seu Filho compartilhava a terr\u00edvel Paix\u00e3o.<\/p>\n<p>Quando, no Domingo da Ressurrei\u00e7\u00e3o, Maria Madalena veio dizer aos Ap\u00f3stolos que o t\u00famulo estava vazio, foi ele o primeiro a correr, seguido de Pedro, para o local. E depois, estando no Mar de Tiber\u00edades, aparecendo Nosso Senhor na margem, foi o primeiro a reconhec\u00ea-Lo.<\/p>\n<p><strong>Uma das tr\u00eas colunas da Igreja nascente<\/strong><\/p>\n<p>Nos Atos dos Ap\u00f3stolos, ele aparece sempre com S\u00e3o Pedro. Juntos estavam quando, indo rezar no Templo junto \u00e0 porta Formosa, um coxo pediu-lhes esmola. Pedro curou-o, e depois pregou ao povo que se reuniu por causa de tal maravilha. Juntos foram presos at\u00e9 o dia seguinte, quando corajosamente defenderam sua f\u00e9 em Cristo diante dos fariseus. Mais adiante, quando o di\u00e1cono Felipe havia convertido e batizado muitos na Samaria, era necess\u00e1rio que para l\u00e1 fosse um dos Ap\u00f3stolos a fim de os crismar. Foram escolhidos Pedro e Jo\u00e3o para a miss\u00e3o.<\/p>\n<p>S\u00e3o Paulo, em sua terceira ida a Jerusal\u00e9m, narra em sua Ep\u00edstola aos G\u00e1latas (2, 9) que l\u00e1 encontrou &#8220;Tiago, Cleofas e Jo\u00e3o, que s\u00e3o considerados as colunas&#8221;, e que eles, &#8220;reconhecendo a gra\u00e7a que me foi dada [para pregar o Evangelho], deram as m\u00e3os a mim e a Barnab\u00e9 em sinal de pleno acordo&#8221;.<\/p>\n<p>Depois disso os Evangelhos se calam a respeito de S\u00e3o Jo\u00e3o. Mas resta a Tradi\u00e7\u00e3o. Segundo esta, ele permaneceu com Maria Sant\u00edssima durante o que restou de sua vida mortal, dedicando-se tamb\u00e9m \u00e0 prega\u00e7\u00e3o. Depois da intimidade com o Filho, o Ap\u00f3stolo virgem \u00e9 chamado a uma estreita intimidade de alma com a M\u00e3e que, sendo a Medianeira de todas as gra\u00e7as, deve t\u00ea-lo cumulado delas em alt\u00edssimo grau. Que grande virtude deveria ter algu\u00e9m para ser o cust\u00f3dio da Rainha do C\u00e9u e da Terra!<\/p>\n<p>Assim, teria ele permanecido com Ela em Jerusal\u00e9m e depois em \u00c9feso. &#8220;Dois motivos principais deveriam ter ocasionado essa mudan\u00e7a de resid\u00eancia: de um lado, a vitalidade do cristianismo nessa nobre cidade; de outro, as perniciosas heresias que come\u00e7avam a germinar. Jo\u00e3o queria assim empenhar sua autoridade apost\u00f3lica, quer para preservar quer para coroar o glorioso edif\u00edcio constru\u00eddo por S\u00e3o Paulo; e sua poderosa influ\u00eancia n\u00e3o contribuiu pouco para dar \u00e0s igrejas da \u00c1sia a surpreendente vitalidade que elas conservaram durante o s\u00e9culo II&#8221; 3.<\/p>\n<p>Ap\u00f3s a dormi\u00e7\u00e3o de Nossa Senhora \u2014 que \u00e9 como a Igreja chama o fim de sua vida terrena \u2014 e a Assun\u00e7\u00e3o d&#8217;Ela aos C\u00e9us, fundou ele muitas comunidades crist\u00e3s na \u00c1sia menor.<\/p>\n<p><strong>Vivo ap\u00f3s o mart\u00edrio<\/strong><\/p>\n<p>Ocorre ent\u00e3o o mart\u00edrio de S\u00e3o Jo\u00e3o, que \u00e9 comemorado no dia 6 de maio. O Imperador Domiciano o fez prender e levar a Roma. Na Cidade Eterna, ele foi flagelado e colocado num caldeir\u00e3o de azeite fervendo. Mas o Ap\u00f3stolo virgem saiu dele rejuvenescido e sem sofrer dano algum. Domiciano, espantado com o grande milagre, n\u00e3o ousou atentar uma segunda vez contra ele, mas o desterrou para a ilha de Patmos, que era pouco mais do que um rochedo. Foi ali, segundo a Tradi\u00e7\u00e3o, que S\u00e3o Jo\u00e3o escreveu o mais prof\u00e9tico dos livros das Sagradas Escrituras, o Apocalipse.<\/p>\n<p>Ap\u00f3s a morte de Domiciano, o Ap\u00f3stolo voltou a \u00c9feso. \u00c9 l\u00e1 que, segundo v\u00e1rios Padres e Doutores da Igreja, para combater as doutrinas nascentes de Cerinto e de Ebion \u2014 que negavam a natureza divina de Cristo \u2014 escreveu ele seu Evangelho 4. Ordenou antes a todos os fi\u00e9is um jejum que ele mesmo observou rigorosamente, para em seguida ditar a seu disc\u00edpulo Pr\u00f3coro, no alto de uma montanha, o monumento que \u00e9 seu Evangelho. Transportado em Deus, com um v\u00f4o de \u00e1guia, ele o come\u00e7a de uma altura sublime: <strong>&#8220;No princ\u00edpio era o Verbo, e o Verbo estava em Deus, e o Verbo era Deus&#8221;<\/strong>. Este Evangelho, dos mais sublimes textos jamais escritos, era tido em tanta venera\u00e7\u00e3o pela Igreja, que figura no ordin\u00e1rio da Missa promulgada por S\u00e3o Pio V, pela fundamental doutrina que cont\u00e9m.<\/p>\n<p>Segundo S\u00e3o Jo\u00e3o Cris\u00f3stomo, os pr\u00f3prios Anjos a\u00ed aprenderam coisas que n\u00e3o sabiam.<\/p>\n<p>S\u00e3o Jo\u00e3o escreveu tamb\u00e9m tr\u00eas Ep\u00edstolas, sempre visando estabelecer a verdadeira doutrina contra erros incipientes que se infiltravam na Igreja.<\/p>\n<p>Segundo uma tradi\u00e7\u00e3o, o disc\u00edpulo que Jesus amava teria morrido em \u00c9feso, provavelmente em 27 de dezembro do ano 101 ou 102.<\/p>\n<p>Mas alguns exegetas levantam a hip\u00f3tese de ele n\u00e3o ter falecido, com base na seguinte passagem do Evangelho: logo ap\u00f3s a pesca milagrosa no lago de Tiber\u00edades \u2014 depois da Ressurrei\u00e7\u00e3o de Jesus \u2014 Nosso Senhor confiou mais uma vez a Igreja a S\u00e3o Pedro. Este, voltando-se a Nosso Senhor, perguntou-lhe, referindo-se a S\u00e3o Jo\u00e3o: &#8220;E este? Que ser\u00e1 dele?&#8221; Respondeu-lhe Jesus: &#8220;Que te importa se eu quero que ele fique at\u00e9 que eu venha?&#8221; O pr\u00f3prio S\u00e3o Jo\u00e3o comenta: &#8220;Correu por isso o boato entre os irm\u00e3os de que aquele disc\u00edpulo n\u00e3o morreria. Mas Jesus n\u00e3o lhe disse `n\u00e3o morrer\u00e1&#8217;, mas `que te importa se quero que ele fique assim at\u00e9 que eu venha?'&#8221; (Jo 21, 15 a 23).<\/p>\n<div id=\"themify_builder_content-6891\" data-postid=\"6891\" class=\"themify_builder_content themify_builder_content-6891 themify_builder themify_builder_front\">\n\t<\/div>\n<!-- \/themify_builder_content -->","protected":false},"excerpt":{"rendered":"<p>27 de Dezembro \u00c9 muito dif\u00edcil imaginar que esse autor do quarto evangelho e do Apocalipse tenha sido considerado inculto e n\u00e3o douto. Mas foi dessa forma que o sin\u00e9drio classificou Jo\u00e3o, o ap\u00f3stolo e evangelista, conhecido como &#8220;o disc\u00edpulo que Jesus amava&#8221;. Ele foi o \u00fanico ap\u00f3stolo que esteve com Jesus at\u00e9 a sua [&hellip;]<\/p>\n","protected":false},"author":14,"featured_media":0,"comment_status":"open","ping_status":"open","sticky":false,"template":"","format":"standard","meta":{"ngg_post_thumbnail":0,"footnotes":""},"categories":[186],"tags":[],"yoast_head":"<!-- This site is optimized with the Yoast SEO plugin v23.5 - https:\/\/yoast.com\/wordpress\/plugins\/seo\/ -->\n<title>S\u00e3o Jo\u00e3o Evangelista - O Arcanjo no ar<\/title>\n<meta name=\"robots\" content=\"index, follow, max-snippet:-1, max-image-preview:large, max-video-preview:-1\" \/>\n<link rel=\"canonical\" href=\"https:\/\/www.oarcanjo.net\/site\/sao-joao-evangelista\/\" \/>\n<meta property=\"og:locale\" content=\"pt_BR\" \/>\n<meta property=\"og:type\" content=\"article\" \/>\n<meta property=\"og:title\" content=\"S\u00e3o Jo\u00e3o Evangelista - O Arcanjo no ar\" \/>\n<meta property=\"og:description\" content=\"27 de Dezembro \u00c9 muito dif\u00edcil imaginar que esse autor do quarto evangelho e do Apocalipse tenha sido considerado inculto e n\u00e3o douto. Mas foi dessa forma que o sin\u00e9drio classificou Jo\u00e3o, o ap\u00f3stolo e evangelista, conhecido como &#8220;o disc\u00edpulo que Jesus amava&#8221;. Ele foi o \u00fanico ap\u00f3stolo que esteve com Jesus at\u00e9 a sua [&hellip;]\" \/>\n<meta property=\"og:url\" content=\"https:\/\/www.oarcanjo.net\/site\/sao-joao-evangelista\/\" \/>\n<meta property=\"og:site_name\" content=\"O Arcanjo no ar\" \/>\n<meta property=\"article:publisher\" content=\"https:\/\/www.facebook.com\/OArcanjoNoAr\/\" \/>\n<meta property=\"article:published_time\" content=\"2017-12-27T08:12:34+00:00\" \/>\n<meta property=\"article:modified_time\" content=\"2017-08-11T18:01:10+00:00\" \/>\n<meta property=\"og:image\" content=\"http:\/\/www.oarcanjo.net\/site\/wp-content\/uploads\/Sao-Joao-Evangelista.jpg\" \/>\n<meta name=\"author\" content=\"danilo\" \/>\n<meta name=\"twitter:card\" content=\"summary_large_image\" \/>\n<meta name=\"twitter:label1\" content=\"Escrito por\" \/>\n\t<meta name=\"twitter:data1\" content=\"danilo\" \/>\n\t<meta name=\"twitter:label2\" content=\"Est. tempo de leitura\" \/>\n\t<meta name=\"twitter:data2\" content=\"11 minutos\" \/>\n<script type=\"application\/ld+json\" class=\"yoast-schema-graph\">{\"@context\":\"https:\/\/schema.org\",\"@graph\":[{\"@type\":\"Article\",\"@id\":\"https:\/\/www.oarcanjo.net\/site\/sao-joao-evangelista\/#article\",\"isPartOf\":{\"@id\":\"https:\/\/www.oarcanjo.net\/site\/sao-joao-evangelista\/\"},\"author\":{\"name\":\"danilo\",\"@id\":\"https:\/\/www.oarcanjo.net\/site\/#\/schema\/person\/5eb9480bedd2f3c97e430ce128c29c6c\"},\"headline\":\"S\u00e3o Jo\u00e3o Evangelista\",\"datePublished\":\"2017-12-27T08:12:34+00:00\",\"dateModified\":\"2017-08-11T18:01:10+00:00\",\"mainEntityOfPage\":{\"@id\":\"https:\/\/www.oarcanjo.net\/site\/sao-joao-evangelista\/\"},\"wordCount\":2244,\"commentCount\":2,\"publisher\":{\"@id\":\"https:\/\/www.oarcanjo.net\/site\/#organization\"},\"image\":{\"@id\":\"https:\/\/www.oarcanjo.net\/site\/sao-joao-evangelista\/#primaryimage\"},\"thumbnailUrl\":\"http:\/\/www.oarcanjo.net\/site\/wp-content\/uploads\/Sao-Joao-Evangelista.jpg\",\"articleSection\":[\"Testemunhos\"],\"inLanguage\":\"pt-BR\",\"potentialAction\":[{\"@type\":\"CommentAction\",\"name\":\"Comment\",\"target\":[\"https:\/\/www.oarcanjo.net\/site\/sao-joao-evangelista\/#respond\"]}]},{\"@type\":\"WebPage\",\"@id\":\"https:\/\/www.oarcanjo.net\/site\/sao-joao-evangelista\/\",\"url\":\"https:\/\/www.oarcanjo.net\/site\/sao-joao-evangelista\/\",\"name\":\"S\u00e3o Jo\u00e3o Evangelista - O Arcanjo no ar\",\"isPartOf\":{\"@id\":\"https:\/\/www.oarcanjo.net\/site\/#website\"},\"primaryImageOfPage\":{\"@id\":\"https:\/\/www.oarcanjo.net\/site\/sao-joao-evangelista\/#primaryimage\"},\"image\":{\"@id\":\"https:\/\/www.oarcanjo.net\/site\/sao-joao-evangelista\/#primaryimage\"},\"thumbnailUrl\":\"http:\/\/www.oarcanjo.net\/site\/wp-content\/uploads\/Sao-Joao-Evangelista.jpg\",\"datePublished\":\"2017-12-27T08:12:34+00:00\",\"dateModified\":\"2017-08-11T18:01:10+00:00\",\"breadcrumb\":{\"@id\":\"https:\/\/www.oarcanjo.net\/site\/sao-joao-evangelista\/#breadcrumb\"},\"inLanguage\":\"pt-BR\",\"potentialAction\":[{\"@type\":\"ReadAction\",\"target\":[\"https:\/\/www.oarcanjo.net\/site\/sao-joao-evangelista\/\"]}]},{\"@type\":\"ImageObject\",\"inLanguage\":\"pt-BR\",\"@id\":\"https:\/\/www.oarcanjo.net\/site\/sao-joao-evangelista\/#primaryimage\",\"url\":\"https:\/\/www.oarcanjo.net\/site\/wp-content\/uploads\/Sao-Joao-Evangelista.jpg\",\"contentUrl\":\"https:\/\/www.oarcanjo.net\/site\/wp-content\/uploads\/Sao-Joao-Evangelista.jpg\",\"width\":350,\"height\":493,\"caption\":\"S\u00e3o Jo\u00e3o Evangelista\"},{\"@type\":\"BreadcrumbList\",\"@id\":\"https:\/\/www.oarcanjo.net\/site\/sao-joao-evangelista\/#breadcrumb\",\"itemListElement\":[{\"@type\":\"ListItem\",\"position\":1,\"name\":\"In\u00edcio\",\"item\":\"https:\/\/www.oarcanjo.net\/site\/\"},{\"@type\":\"ListItem\",\"position\":2,\"name\":\"S\u00e3o Jo\u00e3o Evangelista\"}]},{\"@type\":\"WebSite\",\"@id\":\"https:\/\/www.oarcanjo.net\/site\/#website\",\"url\":\"https:\/\/www.oarcanjo.net\/site\/\",\"name\":\"O Arcanjo no ar\",\"description\":\"Site da Par\u00f3quia S\u00e3o Miguel Arcanjo (Arquidiocese de SP)\",\"publisher\":{\"@id\":\"https:\/\/www.oarcanjo.net\/site\/#organization\"},\"potentialAction\":[{\"@type\":\"SearchAction\",\"target\":{\"@type\":\"EntryPoint\",\"urlTemplate\":\"https:\/\/www.oarcanjo.net\/site\/?s={search_term_string}\"},\"query-input\":{\"@type\":\"PropertyValueSpecification\",\"valueRequired\":true,\"valueName\":\"search_term_string\"}}],\"inLanguage\":\"pt-BR\"},{\"@type\":\"Organization\",\"@id\":\"https:\/\/www.oarcanjo.net\/site\/#organization\",\"name\":\"Par\u00f3quia S\u00e3o Miguel Arcanjo\",\"url\":\"https:\/\/www.oarcanjo.net\/site\/\",\"logo\":{\"@type\":\"ImageObject\",\"inLanguage\":\"pt-BR\",\"@id\":\"https:\/\/www.oarcanjo.net\/site\/#\/schema\/logo\/image\/\",\"url\":\"https:\/\/www.oarcanjo.net\/site\/wp-content\/uploads\/LogoOArcanjo.png\",\"contentUrl\":\"https:\/\/www.oarcanjo.net\/site\/wp-content\/uploads\/LogoOArcanjo.png\",\"width\":319,\"height\":99,\"caption\":\"Par\u00f3quia S\u00e3o Miguel Arcanjo\"},\"image\":{\"@id\":\"https:\/\/www.oarcanjo.net\/site\/#\/schema\/logo\/image\/\"},\"sameAs\":[\"https:\/\/www.facebook.com\/OArcanjoNoAr\/\"]},{\"@type\":\"Person\",\"@id\":\"https:\/\/www.oarcanjo.net\/site\/#\/schema\/person\/5eb9480bedd2f3c97e430ce128c29c6c\",\"name\":\"danilo\"}]}<\/script>\n<!-- \/ Yoast SEO plugin. -->","yoast_head_json":{"title":"S\u00e3o Jo\u00e3o Evangelista - O Arcanjo no ar","robots":{"index":"index","follow":"follow","max-snippet":"max-snippet:-1","max-image-preview":"max-image-preview:large","max-video-preview":"max-video-preview:-1"},"canonical":"https:\/\/www.oarcanjo.net\/site\/sao-joao-evangelista\/","og_locale":"pt_BR","og_type":"article","og_title":"S\u00e3o Jo\u00e3o Evangelista - O Arcanjo no ar","og_description":"27 de Dezembro \u00c9 muito dif\u00edcil imaginar que esse autor do quarto evangelho e do Apocalipse tenha sido considerado inculto e n\u00e3o douto. Mas foi dessa forma que o sin\u00e9drio classificou Jo\u00e3o, o ap\u00f3stolo e evangelista, conhecido como &#8220;o disc\u00edpulo que Jesus amava&#8221;. Ele foi o \u00fanico ap\u00f3stolo que esteve com Jesus at\u00e9 a sua [&hellip;]","og_url":"https:\/\/www.oarcanjo.net\/site\/sao-joao-evangelista\/","og_site_name":"O Arcanjo no ar","article_publisher":"https:\/\/www.facebook.com\/OArcanjoNoAr\/","article_published_time":"2017-12-27T08:12:34+00:00","article_modified_time":"2017-08-11T18:01:10+00:00","og_image":[{"url":"http:\/\/www.oarcanjo.net\/site\/wp-content\/uploads\/Sao-Joao-Evangelista.jpg"}],"author":"danilo","twitter_card":"summary_large_image","twitter_misc":{"Escrito por":"danilo","Est. tempo de leitura":"11 minutos"},"schema":{"@context":"https:\/\/schema.org","@graph":[{"@type":"Article","@id":"https:\/\/www.oarcanjo.net\/site\/sao-joao-evangelista\/#article","isPartOf":{"@id":"https:\/\/www.oarcanjo.net\/site\/sao-joao-evangelista\/"},"author":{"name":"danilo","@id":"https:\/\/www.oarcanjo.net\/site\/#\/schema\/person\/5eb9480bedd2f3c97e430ce128c29c6c"},"headline":"S\u00e3o Jo\u00e3o Evangelista","datePublished":"2017-12-27T08:12:34+00:00","dateModified":"2017-08-11T18:01:10+00:00","mainEntityOfPage":{"@id":"https:\/\/www.oarcanjo.net\/site\/sao-joao-evangelista\/"},"wordCount":2244,"commentCount":2,"publisher":{"@id":"https:\/\/www.oarcanjo.net\/site\/#organization"},"image":{"@id":"https:\/\/www.oarcanjo.net\/site\/sao-joao-evangelista\/#primaryimage"},"thumbnailUrl":"http:\/\/www.oarcanjo.net\/site\/wp-content\/uploads\/Sao-Joao-Evangelista.jpg","articleSection":["Testemunhos"],"inLanguage":"pt-BR","potentialAction":[{"@type":"CommentAction","name":"Comment","target":["https:\/\/www.oarcanjo.net\/site\/sao-joao-evangelista\/#respond"]}]},{"@type":"WebPage","@id":"https:\/\/www.oarcanjo.net\/site\/sao-joao-evangelista\/","url":"https:\/\/www.oarcanjo.net\/site\/sao-joao-evangelista\/","name":"S\u00e3o Jo\u00e3o Evangelista - O Arcanjo no ar","isPartOf":{"@id":"https:\/\/www.oarcanjo.net\/site\/#website"},"primaryImageOfPage":{"@id":"https:\/\/www.oarcanjo.net\/site\/sao-joao-evangelista\/#primaryimage"},"image":{"@id":"https:\/\/www.oarcanjo.net\/site\/sao-joao-evangelista\/#primaryimage"},"thumbnailUrl":"http:\/\/www.oarcanjo.net\/site\/wp-content\/uploads\/Sao-Joao-Evangelista.jpg","datePublished":"2017-12-27T08:12:34+00:00","dateModified":"2017-08-11T18:01:10+00:00","breadcrumb":{"@id":"https:\/\/www.oarcanjo.net\/site\/sao-joao-evangelista\/#breadcrumb"},"inLanguage":"pt-BR","potentialAction":[{"@type":"ReadAction","target":["https:\/\/www.oarcanjo.net\/site\/sao-joao-evangelista\/"]}]},{"@type":"ImageObject","inLanguage":"pt-BR","@id":"https:\/\/www.oarcanjo.net\/site\/sao-joao-evangelista\/#primaryimage","url":"https:\/\/www.oarcanjo.net\/site\/wp-content\/uploads\/Sao-Joao-Evangelista.jpg","contentUrl":"https:\/\/www.oarcanjo.net\/site\/wp-content\/uploads\/Sao-Joao-Evangelista.jpg","width":350,"height":493,"caption":"S\u00e3o Jo\u00e3o Evangelista"},{"@type":"BreadcrumbList","@id":"https:\/\/www.oarcanjo.net\/site\/sao-joao-evangelista\/#breadcrumb","itemListElement":[{"@type":"ListItem","position":1,"name":"In\u00edcio","item":"https:\/\/www.oarcanjo.net\/site\/"},{"@type":"ListItem","position":2,"name":"S\u00e3o Jo\u00e3o Evangelista"}]},{"@type":"WebSite","@id":"https:\/\/www.oarcanjo.net\/site\/#website","url":"https:\/\/www.oarcanjo.net\/site\/","name":"O Arcanjo no ar","description":"Site da Par\u00f3quia S\u00e3o Miguel Arcanjo (Arquidiocese de SP)","publisher":{"@id":"https:\/\/www.oarcanjo.net\/site\/#organization"},"potentialAction":[{"@type":"SearchAction","target":{"@type":"EntryPoint","urlTemplate":"https:\/\/www.oarcanjo.net\/site\/?s={search_term_string}"},"query-input":{"@type":"PropertyValueSpecification","valueRequired":true,"valueName":"search_term_string"}}],"inLanguage":"pt-BR"},{"@type":"Organization","@id":"https:\/\/www.oarcanjo.net\/site\/#organization","name":"Par\u00f3quia S\u00e3o Miguel Arcanjo","url":"https:\/\/www.oarcanjo.net\/site\/","logo":{"@type":"ImageObject","inLanguage":"pt-BR","@id":"https:\/\/www.oarcanjo.net\/site\/#\/schema\/logo\/image\/","url":"https:\/\/www.oarcanjo.net\/site\/wp-content\/uploads\/LogoOArcanjo.png","contentUrl":"https:\/\/www.oarcanjo.net\/site\/wp-content\/uploads\/LogoOArcanjo.png","width":319,"height":99,"caption":"Par\u00f3quia S\u00e3o Miguel Arcanjo"},"image":{"@id":"https:\/\/www.oarcanjo.net\/site\/#\/schema\/logo\/image\/"},"sameAs":["https:\/\/www.facebook.com\/OArcanjoNoAr\/"]},{"@type":"Person","@id":"https:\/\/www.oarcanjo.net\/site\/#\/schema\/person\/5eb9480bedd2f3c97e430ce128c29c6c","name":"danilo"}]}},"publishpress_future_action":{"enabled":false,"date":"2026-05-08 15:11:54","action":"category","newStatus":"draft","terms":[],"taxonomy":"category"},"publishpress_future_workflow_manual_trigger":{"enabledWorkflows":[]},"_links":{"self":[{"href":"https:\/\/www.oarcanjo.net\/site\/wp-json\/wp\/v2\/posts\/6891"}],"collection":[{"href":"https:\/\/www.oarcanjo.net\/site\/wp-json\/wp\/v2\/posts"}],"about":[{"href":"https:\/\/www.oarcanjo.net\/site\/wp-json\/wp\/v2\/types\/post"}],"author":[{"embeddable":true,"href":"https:\/\/www.oarcanjo.net\/site\/wp-json\/wp\/v2\/users\/14"}],"replies":[{"embeddable":true,"href":"https:\/\/www.oarcanjo.net\/site\/wp-json\/wp\/v2\/comments?post=6891"}],"version-history":[{"count":0,"href":"https:\/\/www.oarcanjo.net\/site\/wp-json\/wp\/v2\/posts\/6891\/revisions"}],"wp:attachment":[{"href":"https:\/\/www.oarcanjo.net\/site\/wp-json\/wp\/v2\/media?parent=6891"}],"wp:term":[{"taxonomy":"category","embeddable":true,"href":"https:\/\/www.oarcanjo.net\/site\/wp-json\/wp\/v2\/categories?post=6891"},{"taxonomy":"post_tag","embeddable":true,"href":"https:\/\/www.oarcanjo.net\/site\/wp-json\/wp\/v2\/tags?post=6891"}],"curies":[{"name":"wp","href":"https:\/\/api.w.org\/{rel}","templated":true}]}}