
{"id":690,"date":"2008-11-18T21:43:32","date_gmt":"2008-11-19T00:43:32","guid":{"rendered":"http:\/\/www.oarcanjo.net\/site\/?p=690"},"modified":"2008-11-18T21:43:32","modified_gmt":"2008-11-19T00:43:32","slug":"a-negritude-e-a-liberdade","status":"publish","type":"post","link":"https:\/\/www.oarcanjo.net\/site\/a-negritude-e-a-liberdade\/","title":{"rendered":"A negritude e a liberdade"},"content":{"rendered":"<p>Marcelo Barros *<\/p>\n<p>Enquanto o mundo inteiro comemora a chegada do primeiro negro ao posto de presidente dos Estados Unidos e muitos refletem sobre as conseq\u00fc\u00eancias disso para a Am\u00e9rica do Norte e para o mundo, o Brasil recorda a figura de Zumbi, l\u00edder negro do Quilombo dos Palmares, assassinado no dia 20 de novembro de 1697. Ele teve a sua cabe\u00e7a exposta em um poste, numa pra\u00e7a do Recife, para que ningu\u00e9m mais ousasse liderar um quilombo ou pretendesse ajudar os escravos a serem livres. Ao inv\u00e9s de p\u00f4r fim \u00e0s lutas pela liberdade, a morte de Zumbi, ao contr\u00e1rio, suscitou da parte de muitos escravos a consci\u00eancia de que n\u00e3o poderiam deixar que a morte desse grande chefe fosse in\u00fatil. A mem\u00f3ria do seu mart\u00edrio se tornou incentivo para que negros, \u00edndios e brancos se unissem em torno de um projeto de igualdade humana e de um Estado cujas ra\u00e7as e etnias pudessem ser cidad\u00e3s de pleno direito. At\u00e9 hoje, esta democracia racial plena n\u00e3o \u00e9 um direito adquirido. No Brasil, as pessoas de ra\u00e7a negra ainda t\u00eam menos condi\u00e7\u00f5es de acesso \u00e0 educa\u00e7\u00e3o, ao trabalho remunerado e \u00e0 plena cidadania. E n\u00e3o s\u00f3 isso. Jos\u00e9 Vicente, reitor da Universidade Zumbi dos Palmares, em S\u00e3o Paulo, afirma: &#8220;A cor negra da pele de homens e mulheres, assim como sua ra\u00e7a e cultura pr\u00f3prias, foram motivos de crueldade humana e de barb\u00e1rie que mancharam e continuam manchando a dignidade da humanidade&#8221; (Carta Capital, 12\/11\/2008,p. 60).<\/p>\n<p>Apesar das muitas repress\u00f5es ao povo negro e da imensa capacidade dos seres humanos de reinventar formas variadas de escravid\u00e3o, mais de tr\u00eas s\u00e9culos depois, o Brasil continua cheio de quilombos e comemora este 20 de novembro como o dia nacional da uni\u00e3o e consci\u00eancia negra. Em um Brasil multicultural e pluralista, a maioria da popula\u00e7\u00e3o tem influ\u00eancia das culturas negras que formaram com outras express\u00f5es culturais o variado tecido da brasilidade. Neste conjunto, sem d\u00favida, o povo afro-descendente tem uma fun\u00e7\u00e3o pr\u00f3pria. Ele vem de popula\u00e7\u00f5es que, mesmo nas condi\u00e7\u00f5es mais adversas e na pobreza mais extrema sabe dan\u00e7ar a vida e expressar alegria e confian\u00e7a. Quem n\u00e3o precisa disso? Como garantir que os filhos e filhas das culturas afrodescendentes possam cumprir sua miss\u00e3o pr\u00f3pria no conjunto da sociedade brasileira?<\/p>\n<p>Nos Estados Unidos, a cada ano se lembra a mem\u00f3ria do pastor Martin-Luther King, m\u00e1rtir da igualdade racial e do direito das minorias negras. V\u00e1rios analistas salientaram que a celebra\u00e7\u00e3o anual do anivers\u00e1rio do reverendo Luther King ajudou muito a que os cidad\u00e3os norte-americanos descobrissem que era poss\u00edvel eleger um negro como presidente do pa\u00eds.<\/p>\n<p>No Brasil, muitos setores da sociedade, v\u00edtimas do racismo disfar\u00e7ado e gentil que se esconde sob o v\u00e9u da democracia racial, n\u00e3o v\u00ea com simpatia esta luta. O pr\u00f3prio assunto de culturas afrodescendentes os assustam. \u00c9 preciso repetir a estes companheiros que a celebra\u00e7\u00e3o de um dia da &#8220;uni\u00e3o e consci\u00eancia negra&#8221; nada tem a ver com exalta\u00e7\u00e3o racial ou com supremacia de uma cultura, menos ainda com revanchismo ou revolta. Ao contr\u00e1rio, \u00e9 proposta pedag\u00f3gica e lit\u00fargica de di\u00e1logo e integra\u00e7\u00e3o.  Em v\u00e1rias cidades, como no Rio de Janeiro, Salvador, Macei\u00f3 e Recife, que tornaram o 20 de novembro feriado municipal, a educa\u00e7\u00e3o da juventude e o ambiente de conviv\u00eancia social t\u00eam progredido na dire\u00e7\u00e3o da justi\u00e7a.<\/p>\n<p>Em Goi\u00e2nia, por iniciativa do vereador S\u00e9rgio Alberto Dias, o Serj\u00e3o, que tem se dedicado \u00e0 causa da igualdade racial, a C\u00e2mara Municipal de Goi\u00e2nia aprovou o projeto de lei 434 de 13 de novembro de 2007 que institui o dia 20 de novembro como feriado municipal tamb\u00e9m em Goi\u00e2nia. Agora este projeto s\u00f3 depende da assinatura do prefeito que, esperamos, n\u00e3o tarde.<\/p>\n<p>As cidades de Goi\u00e1s, Piren\u00f3polis e outros n\u00facleos de coloniza\u00e7\u00e3o do Centro-oeste ainda guardam muros de pedra, constru\u00eddos pelos escravos. At\u00e9 pouco tempo, os garimpos eram mantidos por trabalhadores negros. Apesar de, aparentemente, guardar menos tra\u00e7os da cultura negra do que o Nordeste e alguns Estados do litoral, o Centro-Oeste, ao contr\u00e1rio, tem uma grave d\u00edvida social e moral com rela\u00e7\u00e3o \u00e0 popula\u00e7\u00e3o negra, libertada da escravid\u00e3o e posta na rua, sem indeniza\u00e7\u00e3o, nem condi\u00e7\u00f5es para se integrar social e economicamente na sociedade brasileira. As Igrejas crist\u00e3s, muitas vezes ou quase sempre, c\u00famplices da crueldade da escravid\u00e3o, discriminaram as culturas negras e demonizaram suas religi\u00f5es ancestrais.<\/p>\n<p>Ainda bem que Deus \u00e9 amor e n\u00e3o tem os mesmos preconceitos. Seu Esp\u00edrito sopra onde quer e abra\u00e7a todas as culturas. Por isso, Deus veio sempre encontrar seus filhos e filhas dos quilombos e terreiros. Num mundo sem esperan\u00e7a e consola\u00e7\u00e3o, eles se tornam para toda a humanidade, testemunhas de que Deus \u00e9 ternura e beleza. Viva o dia da uni\u00e3o e consci\u00eancia negra!<\/p>\n<p>* Monge beneditino e escritor<\/p>\n<div id=\"themify_builder_content-690\" data-postid=\"690\" class=\"themify_builder_content themify_builder_content-690 themify_builder themify_builder_front\">\n\t<\/div>\n<!-- \/themify_builder_content -->","protected":false},"excerpt":{"rendered":"<p>Marcelo Barros * Enquanto o mundo inteiro comemora a chegada do primeiro negro ao posto de presidente dos Estados Unidos e muitos refletem sobre as conseq\u00fc\u00eancias disso para a Am\u00e9rica do Norte e para o mundo, o Brasil recorda a figura de Zumbi, l\u00edder negro do Quilombo dos Palmares, assassinado no dia 20 de novembro [&hellip;]<\/p>\n","protected":false},"author":5,"featured_media":0,"comment_status":"open","ping_status":"open","sticky":false,"template":"","format":"standard","meta":{"ngg_post_thumbnail":0,"footnotes":""},"categories":[9],"tags":[117,115,114],"yoast_head":"<!-- This site is optimized with the Yoast SEO plugin v23.5 - https:\/\/yoast.com\/wordpress\/plugins\/seo\/ -->\n<title>A negritude e a liberdade - O Arcanjo no ar<\/title>\n<meta name=\"robots\" content=\"index, follow, max-snippet:-1, max-image-preview:large, max-video-preview:-1\" \/>\n<link rel=\"canonical\" href=\"https:\/\/www.oarcanjo.net\/site\/a-negritude-e-a-liberdade\/\" \/>\n<meta property=\"og:locale\" content=\"pt_BR\" \/>\n<meta property=\"og:type\" content=\"article\" \/>\n<meta property=\"og:title\" content=\"A negritude e a liberdade - O Arcanjo no ar\" \/>\n<meta property=\"og:description\" content=\"Marcelo Barros * Enquanto o mundo inteiro comemora a chegada do primeiro negro ao posto de presidente dos Estados Unidos e muitos refletem sobre as conseq\u00fc\u00eancias disso para a Am\u00e9rica do Norte e para o mundo, o Brasil recorda a figura de Zumbi, l\u00edder negro do Quilombo dos Palmares, assassinado no dia 20 de novembro [&hellip;]\" \/>\n<meta property=\"og:url\" content=\"https:\/\/www.oarcanjo.net\/site\/a-negritude-e-a-liberdade\/\" \/>\n<meta property=\"og:site_name\" content=\"O Arcanjo no ar\" \/>\n<meta property=\"article:publisher\" content=\"https:\/\/www.facebook.com\/OArcanjoNoAr\/\" \/>\n<meta property=\"article:published_time\" content=\"2008-11-19T00:43:32+00:00\" \/>\n<meta property=\"og:image\" content=\"https:\/\/www.oarcanjo.net\/site\/wp-content\/uploads\/logo-o-arcanjo-no-ar-facebook.png\" \/>\n\t<meta property=\"og:image:width\" content=\"300\" \/>\n\t<meta property=\"og:image:height\" content=\"300\" \/>\n\t<meta property=\"og:image:type\" content=\"image\/png\" \/>\n<meta name=\"author\" content=\"editor\" \/>\n<meta name=\"twitter:card\" content=\"summary_large_image\" \/>\n<meta name=\"twitter:label1\" content=\"Escrito por\" \/>\n\t<meta name=\"twitter:data1\" content=\"editor\" \/>\n\t<meta name=\"twitter:label2\" content=\"Est. tempo de leitura\" \/>\n\t<meta name=\"twitter:data2\" content=\"4 minutos\" \/>\n<script type=\"application\/ld+json\" class=\"yoast-schema-graph\">{\"@context\":\"https:\/\/schema.org\",\"@graph\":[{\"@type\":\"Article\",\"@id\":\"https:\/\/www.oarcanjo.net\/site\/a-negritude-e-a-liberdade\/#article\",\"isPartOf\":{\"@id\":\"https:\/\/www.oarcanjo.net\/site\/a-negritude-e-a-liberdade\/\"},\"author\":{\"name\":\"editor\",\"@id\":\"https:\/\/www.oarcanjo.net\/site\/#\/schema\/person\/f7024d007863202483a31326673a0838\"},\"headline\":\"A negritude e a liberdade\",\"datePublished\":\"2008-11-19T00:43:32+00:00\",\"dateModified\":\"2008-11-19T00:43:32+00:00\",\"mainEntityOfPage\":{\"@id\":\"https:\/\/www.oarcanjo.net\/site\/a-negritude-e-a-liberdade\/\"},\"wordCount\":879,\"commentCount\":0,\"publisher\":{\"@id\":\"https:\/\/www.oarcanjo.net\/site\/#organization\"},\"keywords\":[\"negro\",\"Palmares\",\"Zumbi\"],\"articleSection\":[\"Reflex\u00f5es\"],\"inLanguage\":\"pt-BR\",\"potentialAction\":[{\"@type\":\"CommentAction\",\"name\":\"Comment\",\"target\":[\"https:\/\/www.oarcanjo.net\/site\/a-negritude-e-a-liberdade\/#respond\"]}]},{\"@type\":\"WebPage\",\"@id\":\"https:\/\/www.oarcanjo.net\/site\/a-negritude-e-a-liberdade\/\",\"url\":\"https:\/\/www.oarcanjo.net\/site\/a-negritude-e-a-liberdade\/\",\"name\":\"A negritude e a liberdade - O Arcanjo no ar\",\"isPartOf\":{\"@id\":\"https:\/\/www.oarcanjo.net\/site\/#website\"},\"datePublished\":\"2008-11-19T00:43:32+00:00\",\"dateModified\":\"2008-11-19T00:43:32+00:00\",\"breadcrumb\":{\"@id\":\"https:\/\/www.oarcanjo.net\/site\/a-negritude-e-a-liberdade\/#breadcrumb\"},\"inLanguage\":\"pt-BR\",\"potentialAction\":[{\"@type\":\"ReadAction\",\"target\":[\"https:\/\/www.oarcanjo.net\/site\/a-negritude-e-a-liberdade\/\"]}]},{\"@type\":\"BreadcrumbList\",\"@id\":\"https:\/\/www.oarcanjo.net\/site\/a-negritude-e-a-liberdade\/#breadcrumb\",\"itemListElement\":[{\"@type\":\"ListItem\",\"position\":1,\"name\":\"In\u00edcio\",\"item\":\"https:\/\/www.oarcanjo.net\/site\/\"},{\"@type\":\"ListItem\",\"position\":2,\"name\":\"A negritude e a liberdade\"}]},{\"@type\":\"WebSite\",\"@id\":\"https:\/\/www.oarcanjo.net\/site\/#website\",\"url\":\"https:\/\/www.oarcanjo.net\/site\/\",\"name\":\"O Arcanjo no ar\",\"description\":\"Site da Par\u00f3quia S\u00e3o Miguel Arcanjo (Arquidiocese de SP)\",\"publisher\":{\"@id\":\"https:\/\/www.oarcanjo.net\/site\/#organization\"},\"potentialAction\":[{\"@type\":\"SearchAction\",\"target\":{\"@type\":\"EntryPoint\",\"urlTemplate\":\"https:\/\/www.oarcanjo.net\/site\/?s={search_term_string}\"},\"query-input\":{\"@type\":\"PropertyValueSpecification\",\"valueRequired\":true,\"valueName\":\"search_term_string\"}}],\"inLanguage\":\"pt-BR\"},{\"@type\":\"Organization\",\"@id\":\"https:\/\/www.oarcanjo.net\/site\/#organization\",\"name\":\"Par\u00f3quia S\u00e3o Miguel Arcanjo\",\"url\":\"https:\/\/www.oarcanjo.net\/site\/\",\"logo\":{\"@type\":\"ImageObject\",\"inLanguage\":\"pt-BR\",\"@id\":\"https:\/\/www.oarcanjo.net\/site\/#\/schema\/logo\/image\/\",\"url\":\"https:\/\/www.oarcanjo.net\/site\/wp-content\/uploads\/LogoOArcanjo.png\",\"contentUrl\":\"https:\/\/www.oarcanjo.net\/site\/wp-content\/uploads\/LogoOArcanjo.png\",\"width\":319,\"height\":99,\"caption\":\"Par\u00f3quia S\u00e3o Miguel Arcanjo\"},\"image\":{\"@id\":\"https:\/\/www.oarcanjo.net\/site\/#\/schema\/logo\/image\/\"},\"sameAs\":[\"https:\/\/www.facebook.com\/OArcanjoNoAr\/\"]},{\"@type\":\"Person\",\"@id\":\"https:\/\/www.oarcanjo.net\/site\/#\/schema\/person\/f7024d007863202483a31326673a0838\",\"name\":\"editor\",\"sameAs\":[\"http:\/\/www.oarcanjo.net\"]}]}<\/script>\n<!-- \/ Yoast SEO plugin. -->","yoast_head_json":{"title":"A negritude e a liberdade - O Arcanjo no ar","robots":{"index":"index","follow":"follow","max-snippet":"max-snippet:-1","max-image-preview":"max-image-preview:large","max-video-preview":"max-video-preview:-1"},"canonical":"https:\/\/www.oarcanjo.net\/site\/a-negritude-e-a-liberdade\/","og_locale":"pt_BR","og_type":"article","og_title":"A negritude e a liberdade - O Arcanjo no ar","og_description":"Marcelo Barros * Enquanto o mundo inteiro comemora a chegada do primeiro negro ao posto de presidente dos Estados Unidos e muitos refletem sobre as conseq\u00fc\u00eancias disso para a Am\u00e9rica do Norte e para o mundo, o Brasil recorda a figura de Zumbi, l\u00edder negro do Quilombo dos Palmares, assassinado no dia 20 de novembro [&hellip;]","og_url":"https:\/\/www.oarcanjo.net\/site\/a-negritude-e-a-liberdade\/","og_site_name":"O Arcanjo no ar","article_publisher":"https:\/\/www.facebook.com\/OArcanjoNoAr\/","article_published_time":"2008-11-19T00:43:32+00:00","og_image":[{"width":300,"height":300,"url":"https:\/\/www.oarcanjo.net\/site\/wp-content\/uploads\/logo-o-arcanjo-no-ar-facebook.png","type":"image\/png"}],"author":"editor","twitter_card":"summary_large_image","twitter_misc":{"Escrito por":"editor","Est. tempo de leitura":"4 minutos"},"schema":{"@context":"https:\/\/schema.org","@graph":[{"@type":"Article","@id":"https:\/\/www.oarcanjo.net\/site\/a-negritude-e-a-liberdade\/#article","isPartOf":{"@id":"https:\/\/www.oarcanjo.net\/site\/a-negritude-e-a-liberdade\/"},"author":{"name":"editor","@id":"https:\/\/www.oarcanjo.net\/site\/#\/schema\/person\/f7024d007863202483a31326673a0838"},"headline":"A negritude e a liberdade","datePublished":"2008-11-19T00:43:32+00:00","dateModified":"2008-11-19T00:43:32+00:00","mainEntityOfPage":{"@id":"https:\/\/www.oarcanjo.net\/site\/a-negritude-e-a-liberdade\/"},"wordCount":879,"commentCount":0,"publisher":{"@id":"https:\/\/www.oarcanjo.net\/site\/#organization"},"keywords":["negro","Palmares","Zumbi"],"articleSection":["Reflex\u00f5es"],"inLanguage":"pt-BR","potentialAction":[{"@type":"CommentAction","name":"Comment","target":["https:\/\/www.oarcanjo.net\/site\/a-negritude-e-a-liberdade\/#respond"]}]},{"@type":"WebPage","@id":"https:\/\/www.oarcanjo.net\/site\/a-negritude-e-a-liberdade\/","url":"https:\/\/www.oarcanjo.net\/site\/a-negritude-e-a-liberdade\/","name":"A negritude e a liberdade - O Arcanjo no ar","isPartOf":{"@id":"https:\/\/www.oarcanjo.net\/site\/#website"},"datePublished":"2008-11-19T00:43:32+00:00","dateModified":"2008-11-19T00:43:32+00:00","breadcrumb":{"@id":"https:\/\/www.oarcanjo.net\/site\/a-negritude-e-a-liberdade\/#breadcrumb"},"inLanguage":"pt-BR","potentialAction":[{"@type":"ReadAction","target":["https:\/\/www.oarcanjo.net\/site\/a-negritude-e-a-liberdade\/"]}]},{"@type":"BreadcrumbList","@id":"https:\/\/www.oarcanjo.net\/site\/a-negritude-e-a-liberdade\/#breadcrumb","itemListElement":[{"@type":"ListItem","position":1,"name":"In\u00edcio","item":"https:\/\/www.oarcanjo.net\/site\/"},{"@type":"ListItem","position":2,"name":"A negritude e a liberdade"}]},{"@type":"WebSite","@id":"https:\/\/www.oarcanjo.net\/site\/#website","url":"https:\/\/www.oarcanjo.net\/site\/","name":"O Arcanjo no ar","description":"Site da Par\u00f3quia S\u00e3o Miguel Arcanjo (Arquidiocese de SP)","publisher":{"@id":"https:\/\/www.oarcanjo.net\/site\/#organization"},"potentialAction":[{"@type":"SearchAction","target":{"@type":"EntryPoint","urlTemplate":"https:\/\/www.oarcanjo.net\/site\/?s={search_term_string}"},"query-input":{"@type":"PropertyValueSpecification","valueRequired":true,"valueName":"search_term_string"}}],"inLanguage":"pt-BR"},{"@type":"Organization","@id":"https:\/\/www.oarcanjo.net\/site\/#organization","name":"Par\u00f3quia S\u00e3o Miguel Arcanjo","url":"https:\/\/www.oarcanjo.net\/site\/","logo":{"@type":"ImageObject","inLanguage":"pt-BR","@id":"https:\/\/www.oarcanjo.net\/site\/#\/schema\/logo\/image\/","url":"https:\/\/www.oarcanjo.net\/site\/wp-content\/uploads\/LogoOArcanjo.png","contentUrl":"https:\/\/www.oarcanjo.net\/site\/wp-content\/uploads\/LogoOArcanjo.png","width":319,"height":99,"caption":"Par\u00f3quia S\u00e3o Miguel Arcanjo"},"image":{"@id":"https:\/\/www.oarcanjo.net\/site\/#\/schema\/logo\/image\/"},"sameAs":["https:\/\/www.facebook.com\/OArcanjoNoAr\/"]},{"@type":"Person","@id":"https:\/\/www.oarcanjo.net\/site\/#\/schema\/person\/f7024d007863202483a31326673a0838","name":"editor","sameAs":["http:\/\/www.oarcanjo.net"]}]}},"publishpress_future_action":{"enabled":false,"date":"2026-05-08 23:22:30","action":"category","newStatus":"draft","terms":[],"taxonomy":"category"},"publishpress_future_workflow_manual_trigger":{"enabledWorkflows":[]},"_links":{"self":[{"href":"https:\/\/www.oarcanjo.net\/site\/wp-json\/wp\/v2\/posts\/690"}],"collection":[{"href":"https:\/\/www.oarcanjo.net\/site\/wp-json\/wp\/v2\/posts"}],"about":[{"href":"https:\/\/www.oarcanjo.net\/site\/wp-json\/wp\/v2\/types\/post"}],"author":[{"embeddable":true,"href":"https:\/\/www.oarcanjo.net\/site\/wp-json\/wp\/v2\/users\/5"}],"replies":[{"embeddable":true,"href":"https:\/\/www.oarcanjo.net\/site\/wp-json\/wp\/v2\/comments?post=690"}],"version-history":[{"count":0,"href":"https:\/\/www.oarcanjo.net\/site\/wp-json\/wp\/v2\/posts\/690\/revisions"}],"wp:attachment":[{"href":"https:\/\/www.oarcanjo.net\/site\/wp-json\/wp\/v2\/media?parent=690"}],"wp:term":[{"taxonomy":"category","embeddable":true,"href":"https:\/\/www.oarcanjo.net\/site\/wp-json\/wp\/v2\/categories?post=690"},{"taxonomy":"post_tag","embeddable":true,"href":"https:\/\/www.oarcanjo.net\/site\/wp-json\/wp\/v2\/tags?post=690"}],"curies":[{"name":"wp","href":"https:\/\/api.w.org\/{rel}","templated":true}]}}