
{"id":69013,"date":"2016-02-10T14:07:51","date_gmt":"2016-02-10T16:07:51","guid":{"rendered":"http:\/\/www.oarcanjo.net\/site\/?p=69013"},"modified":"2016-02-10T16:47:25","modified_gmt":"2016-02-10T18:47:25","slug":"campanha-da-fraternidade-2016-casa-comum-nossa-responsabilidade","status":"publish","type":"post","link":"https:\/\/www.oarcanjo.net\/site\/campanha-da-fraternidade-2016-casa-comum-nossa-responsabilidade\/","title":{"rendered":"Campanha da Fraternidade 2016: &#8220;Casa Comum, nossa responsabilidade&#8221;"},"content":{"rendered":"<p>A CNBB &#8211; Confer\u00eancia Nacional dos Bispos do Brasil &#8211; e o CONIC &#8211; Conselho Nacional das Igrejas Crist\u00e3s &#8211; lan\u00e7am nesta quarta-feira de cinzas a <strong>Campanha da Fraternidade<\/strong>, convidando os crist\u00e3os a refletir durante a Quaresma sobre as quest\u00f5es de saneamento b\u00e1sico, desenvolvimento, sa\u00fade integral e qualidade de vida dos cidad\u00e3os. Este ano, a CF \u00e9 ecum\u00eanica e conta ainda com a parceria da Misereor, da Alemanha. Tem como tema &#8220;Casa Comum, nossa responsabilidade\u201d e lema \u201cQuero ver o direito brotar como fonte e correr a justi\u00e7a qual riacho que n\u00e3o seca\u201d (Am 5.24).<\/p>\n<p><iframe loading=\"lazy\" src=\"https:\/\/www.youtube.com\/embed\/-4yeFIM2Wbg?rel=0\" width=\"640\" height=\"360\" frameborder=\"0\" allowfullscreen=\"allowfullscreen\"><\/iframe><\/p>\n<p>Assista tamb\u00e9m \u00e0 <a href=\"http:\/\/www.oarcanjo.net\/site\/index.php\/cf\/chamada-da-campanha-da-fraternidade-2016\/\">chamada da Campanha da Fraternidade 2016<\/a>.<\/p>\n<p>E leia a <a href=\"http:\/\/www.oarcanjo.net\/site\/index.php\/reflexao\/mensagem-do-papa-francisco-para-a-quaresma-de-2016\/\">Mensagem do Papa Francisco para a Quaresma<\/a>.<\/p>\n<div id=\"themify_builder_content-69013\" data-postid=\"69013\" class=\"themify_builder_content themify_builder_content-69013 themify_builder themify_builder_front\">\n\t<\/div>\n<!-- \/themify_builder_content -->","protected":false},"excerpt":{"rendered":"<p>A CNBB e o CONIC lan\u00e7am nesta quarta-feira de cinzas a Campanha da Fraternidade 2016, que tem como tema &#8220;Casa Comum, nossa responsabilidade&#8221;<\/p>\n","protected":false},"author":5,"featured_media":0,"comment_status":"open","ping_status":"open","sticky":false,"template":"","format":"standard","meta":{"ngg_post_thumbnail":0,"footnotes":""},"categories":[241,8,280],"tags":[105,3234,3233,63,717,104,1055,916,3232],"yoast_head":"<!-- This site is optimized with the Yoast SEO plugin v23.5 - https:\/\/yoast.com\/wordpress\/plugins\/seo\/ -->\n<title>Campanha da Fraternidade 2016: &quot;Casa Comum, nossa responsabilidade&quot; - O Arcanjo no ar<\/title>\n<meta name=\"robots\" content=\"index, follow, max-snippet:-1, max-image-preview:large, max-video-preview:-1\" \/>\n<link rel=\"canonical\" href=\"https:\/\/www.oarcanjo.net\/site\/campanha-da-fraternidade-2016-casa-comum-nossa-responsabilidade\/\" \/>\n<meta property=\"og:locale\" content=\"pt_BR\" \/>\n<meta property=\"og:type\" content=\"article\" \/>\n<meta property=\"og:title\" content=\"Campanha da Fraternidade 2016: &quot;Casa Comum, nossa responsabilidade&quot; - O Arcanjo no ar\" \/>\n<meta property=\"og:description\" content=\"A CNBB e o CONIC lan\u00e7am nesta quarta-feira de cinzas a Campanha da Fraternidade 2016, que tem como tema &quot;Casa Comum, nossa responsabilidade&quot;\" \/>\n<meta property=\"og:url\" content=\"https:\/\/www.oarcanjo.net\/site\/campanha-da-fraternidade-2016-casa-comum-nossa-responsabilidade\/\" \/>\n<meta property=\"og:site_name\" content=\"O Arcanjo no ar\" \/>\n<meta property=\"article:publisher\" content=\"https:\/\/www.facebook.com\/OArcanjoNoAr\/\" \/>\n<meta property=\"article:published_time\" content=\"2016-02-10T16:07:51+00:00\" \/>\n<meta property=\"article:modified_time\" content=\"2016-02-10T18:47:25+00:00\" \/>\n<meta property=\"og:image\" content=\"https:\/\/www.oarcanjo.net\/site\/wp-content\/uploads\/logo-o-arcanjo-no-ar-facebook.png\" \/>\n\t<meta property=\"og:image:width\" content=\"300\" \/>\n\t<meta property=\"og:image:height\" content=\"300\" \/>\n\t<meta property=\"og:image:type\" content=\"image\/png\" \/>\n<meta name=\"author\" content=\"editor\" \/>\n<meta name=\"twitter:card\" content=\"summary_large_image\" \/>\n<meta name=\"twitter:label1\" content=\"Escrito por\" \/>\n\t<meta name=\"twitter:data1\" content=\"editor\" \/>\n\t<meta name=\"twitter:label2\" content=\"Est. tempo de leitura\" \/>\n\t<meta name=\"twitter:data2\" content=\"1 minuto\" \/>\n<script type=\"application\/ld+json\" class=\"yoast-schema-graph\">{\"@context\":\"https:\/\/schema.org\",\"@graph\":[{\"@type\":\"Article\",\"@id\":\"https:\/\/www.oarcanjo.net\/site\/campanha-da-fraternidade-2016-casa-comum-nossa-responsabilidade\/#article\",\"isPartOf\":{\"@id\":\"https:\/\/www.oarcanjo.net\/site\/campanha-da-fraternidade-2016-casa-comum-nossa-responsabilidade\/\"},\"author\":{\"name\":\"editor\",\"@id\":\"https:\/\/www.oarcanjo.net\/site\/#\/schema\/person\/f7024d007863202483a31326673a0838\"},\"headline\":\"Campanha da Fraternidade 2016: &#8220;Casa Comum, nossa responsabilidade&#8221;\",\"datePublished\":\"2016-02-10T16:07:51+00:00\",\"dateModified\":\"2016-02-10T18:47:25+00:00\",\"mainEntityOfPage\":{\"@id\":\"https:\/\/www.oarcanjo.net\/site\/campanha-da-fraternidade-2016-casa-comum-nossa-responsabilidade\/\"},\"wordCount\":129,\"commentCount\":0,\"publisher\":{\"@id\":\"https:\/\/www.oarcanjo.net\/site\/#organization\"},\"keywords\":[\"ambiente\",\"Campanha da Fraternidade Ecum\u00eanica\",\"CFE\",\"CNBB\",\"Conic\",\"ecologia\",\"ecumenismo\",\"exclus\u00e3o social\",\"saneamento\"],\"articleSection\":[\"CF\",\"Not\u00edcias\",\"V\u00eddeos\"],\"inLanguage\":\"pt-BR\",\"potentialAction\":[{\"@type\":\"CommentAction\",\"name\":\"Comment\",\"target\":[\"https:\/\/www.oarcanjo.net\/site\/campanha-da-fraternidade-2016-casa-comum-nossa-responsabilidade\/#respond\"]}]},{\"@type\":\"WebPage\",\"@id\":\"https:\/\/www.oarcanjo.net\/site\/campanha-da-fraternidade-2016-casa-comum-nossa-responsabilidade\/\",\"url\":\"https:\/\/www.oarcanjo.net\/site\/campanha-da-fraternidade-2016-casa-comum-nossa-responsabilidade\/\",\"name\":\"Campanha da Fraternidade 2016: \\\"Casa Comum, nossa responsabilidade\\\" - O Arcanjo no ar\",\"isPartOf\":{\"@id\":\"https:\/\/www.oarcanjo.net\/site\/#website\"},\"datePublished\":\"2016-02-10T16:07:51+00:00\",\"dateModified\":\"2016-02-10T18:47:25+00:00\",\"breadcrumb\":{\"@id\":\"https:\/\/www.oarcanjo.net\/site\/campanha-da-fraternidade-2016-casa-comum-nossa-responsabilidade\/#breadcrumb\"},\"inLanguage\":\"pt-BR\",\"potentialAction\":[{\"@type\":\"ReadAction\",\"target\":[\"https:\/\/www.oarcanjo.net\/site\/campanha-da-fraternidade-2016-casa-comum-nossa-responsabilidade\/\"]}]},{\"@type\":\"BreadcrumbList\",\"@id\":\"https:\/\/www.oarcanjo.net\/site\/campanha-da-fraternidade-2016-casa-comum-nossa-responsabilidade\/#breadcrumb\",\"itemListElement\":[{\"@type\":\"ListItem\",\"position\":1,\"name\":\"In\u00edcio\",\"item\":\"https:\/\/www.oarcanjo.net\/site\/\"},{\"@type\":\"ListItem\",\"position\":2,\"name\":\"Campanha da Fraternidade 2016: &#8220;Casa Comum, nossa responsabilidade&#8221;\"}]},{\"@type\":\"WebSite\",\"@id\":\"https:\/\/www.oarcanjo.net\/site\/#website\",\"url\":\"https:\/\/www.oarcanjo.net\/site\/\",\"name\":\"O Arcanjo no ar\",\"description\":\"Site da Par\u00f3quia S\u00e3o Miguel Arcanjo (Arquidiocese de SP)\",\"publisher\":{\"@id\":\"https:\/\/www.oarcanjo.net\/site\/#organization\"},\"potentialAction\":[{\"@type\":\"SearchAction\",\"target\":{\"@type\":\"EntryPoint\",\"urlTemplate\":\"https:\/\/www.oarcanjo.net\/site\/?s={search_term_string}\"},\"query-input\":{\"@type\":\"PropertyValueSpecification\",\"valueRequired\":true,\"valueName\":\"search_term_string\"}}],\"inLanguage\":\"pt-BR\"},{\"@type\":\"Organization\",\"@id\":\"https:\/\/www.oarcanjo.net\/site\/#organization\",\"name\":\"Par\u00f3quia S\u00e3o Miguel Arcanjo\",\"url\":\"https:\/\/www.oarcanjo.net\/site\/\",\"logo\":{\"@type\":\"ImageObject\",\"inLanguage\":\"pt-BR\",\"@id\":\"https:\/\/www.oarcanjo.net\/site\/#\/schema\/logo\/image\/\",\"url\":\"https:\/\/www.oarcanjo.net\/site\/wp-content\/uploads\/LogoOArcanjo.png\",\"contentUrl\":\"https:\/\/www.oarcanjo.net\/site\/wp-content\/uploads\/LogoOArcanjo.png\",\"width\":319,\"height\":99,\"caption\":\"Par\u00f3quia S\u00e3o Miguel Arcanjo\"},\"image\":{\"@id\":\"https:\/\/www.oarcanjo.net\/site\/#\/schema\/logo\/image\/\"},\"sameAs\":[\"https:\/\/www.facebook.com\/OArcanjoNoAr\/\"]},{\"@type\":\"Person\",\"@id\":\"https:\/\/www.oarcanjo.net\/site\/#\/schema\/person\/f7024d007863202483a31326673a0838\",\"name\":\"editor\",\"sameAs\":[\"http:\/\/www.oarcanjo.net\"]}]}<\/script>\n<!-- \/ Yoast SEO plugin. -->","yoast_head_json":{"title":"Campanha da Fraternidade 2016: \"Casa Comum, nossa responsabilidade\" - O Arcanjo no ar","robots":{"index":"index","follow":"follow","max-snippet":"max-snippet:-1","max-image-preview":"max-image-preview:large","max-video-preview":"max-video-preview:-1"},"canonical":"https:\/\/www.oarcanjo.net\/site\/campanha-da-fraternidade-2016-casa-comum-nossa-responsabilidade\/","og_locale":"pt_BR","og_type":"article","og_title":"Campanha da Fraternidade 2016: \"Casa Comum, nossa responsabilidade\" - O Arcanjo no ar","og_description":"A CNBB e o CONIC lan\u00e7am nesta quarta-feira de cinzas a Campanha da Fraternidade 2016, que tem como tema \"Casa Comum, nossa responsabilidade\"","og_url":"https:\/\/www.oarcanjo.net\/site\/campanha-da-fraternidade-2016-casa-comum-nossa-responsabilidade\/","og_site_name":"O Arcanjo no ar","article_publisher":"https:\/\/www.facebook.com\/OArcanjoNoAr\/","article_published_time":"2016-02-10T16:07:51+00:00","article_modified_time":"2016-02-10T18:47:25+00:00","og_image":[{"width":300,"height":300,"url":"https:\/\/www.oarcanjo.net\/site\/wp-content\/uploads\/logo-o-arcanjo-no-ar-facebook.png","type":"image\/png"}],"author":"editor","twitter_card":"summary_large_image","twitter_misc":{"Escrito por":"editor","Est. tempo de leitura":"1 minuto"},"schema":{"@context":"https:\/\/schema.org","@graph":[{"@type":"Article","@id":"https:\/\/www.oarcanjo.net\/site\/campanha-da-fraternidade-2016-casa-comum-nossa-responsabilidade\/#article","isPartOf":{"@id":"https:\/\/www.oarcanjo.net\/site\/campanha-da-fraternidade-2016-casa-comum-nossa-responsabilidade\/"},"author":{"name":"editor","@id":"https:\/\/www.oarcanjo.net\/site\/#\/schema\/person\/f7024d007863202483a31326673a0838"},"headline":"Campanha da Fraternidade 2016: &#8220;Casa Comum, nossa responsabilidade&#8221;","datePublished":"2016-02-10T16:07:51+00:00","dateModified":"2016-02-10T18:47:25+00:00","mainEntityOfPage":{"@id":"https:\/\/www.oarcanjo.net\/site\/campanha-da-fraternidade-2016-casa-comum-nossa-responsabilidade\/"},"wordCount":129,"commentCount":0,"publisher":{"@id":"https:\/\/www.oarcanjo.net\/site\/#organization"},"keywords":["ambiente","Campanha da Fraternidade Ecum\u00eanica","CFE","CNBB","Conic","ecologia","ecumenismo","exclus\u00e3o social","saneamento"],"articleSection":["CF","Not\u00edcias","V\u00eddeos"],"inLanguage":"pt-BR","potentialAction":[{"@type":"CommentAction","name":"Comment","target":["https:\/\/www.oarcanjo.net\/site\/campanha-da-fraternidade-2016-casa-comum-nossa-responsabilidade\/#respond"]}]},{"@type":"WebPage","@id":"https:\/\/www.oarcanjo.net\/site\/campanha-da-fraternidade-2016-casa-comum-nossa-responsabilidade\/","url":"https:\/\/www.oarcanjo.net\/site\/campanha-da-fraternidade-2016-casa-comum-nossa-responsabilidade\/","name":"Campanha da Fraternidade 2016: \"Casa Comum, nossa responsabilidade\" - O Arcanjo no ar","isPartOf":{"@id":"https:\/\/www.oarcanjo.net\/site\/#website"},"datePublished":"2016-02-10T16:07:51+00:00","dateModified":"2016-02-10T18:47:25+00:00","breadcrumb":{"@id":"https:\/\/www.oarcanjo.net\/site\/campanha-da-fraternidade-2016-casa-comum-nossa-responsabilidade\/#breadcrumb"},"inLanguage":"pt-BR","potentialAction":[{"@type":"ReadAction","target":["https:\/\/www.oarcanjo.net\/site\/campanha-da-fraternidade-2016-casa-comum-nossa-responsabilidade\/"]}]},{"@type":"BreadcrumbList","@id":"https:\/\/www.oarcanjo.net\/site\/campanha-da-fraternidade-2016-casa-comum-nossa-responsabilidade\/#breadcrumb","itemListElement":[{"@type":"ListItem","position":1,"name":"In\u00edcio","item":"https:\/\/www.oarcanjo.net\/site\/"},{"@type":"ListItem","position":2,"name":"Campanha da Fraternidade 2016: &#8220;Casa Comum, nossa responsabilidade&#8221;"}]},{"@type":"WebSite","@id":"https:\/\/www.oarcanjo.net\/site\/#website","url":"https:\/\/www.oarcanjo.net\/site\/","name":"O Arcanjo no ar","description":"Site da Par\u00f3quia S\u00e3o Miguel Arcanjo (Arquidiocese de SP)","publisher":{"@id":"https:\/\/www.oarcanjo.net\/site\/#organization"},"potentialAction":[{"@type":"SearchAction","target":{"@type":"EntryPoint","urlTemplate":"https:\/\/www.oarcanjo.net\/site\/?s={search_term_string}"},"query-input":{"@type":"PropertyValueSpecification","valueRequired":true,"valueName":"search_term_string"}}],"inLanguage":"pt-BR"},{"@type":"Organization","@id":"https:\/\/www.oarcanjo.net\/site\/#organization","name":"Par\u00f3quia S\u00e3o Miguel Arcanjo","url":"https:\/\/www.oarcanjo.net\/site\/","logo":{"@type":"ImageObject","inLanguage":"pt-BR","@id":"https:\/\/www.oarcanjo.net\/site\/#\/schema\/logo\/image\/","url":"https:\/\/www.oarcanjo.net\/site\/wp-content\/uploads\/LogoOArcanjo.png","contentUrl":"https:\/\/www.oarcanjo.net\/site\/wp-content\/uploads\/LogoOArcanjo.png","width":319,"height":99,"caption":"Par\u00f3quia S\u00e3o Miguel Arcanjo"},"image":{"@id":"https:\/\/www.oarcanjo.net\/site\/#\/schema\/logo\/image\/"},"sameAs":["https:\/\/www.facebook.com\/OArcanjoNoAr\/"]},{"@type":"Person","@id":"https:\/\/www.oarcanjo.net\/site\/#\/schema\/person\/f7024d007863202483a31326673a0838","name":"editor","sameAs":["http:\/\/www.oarcanjo.net"]}]}},"publishpress_future_action":{"enabled":false,"date":"2026-05-09 04:32:54","action":"category","newStatus":"draft","terms":[],"taxonomy":"category"},"publishpress_future_workflow_manual_trigger":{"enabledWorkflows":[]},"_links":{"self":[{"href":"https:\/\/www.oarcanjo.net\/site\/wp-json\/wp\/v2\/posts\/69013"}],"collection":[{"href":"https:\/\/www.oarcanjo.net\/site\/wp-json\/wp\/v2\/posts"}],"about":[{"href":"https:\/\/www.oarcanjo.net\/site\/wp-json\/wp\/v2\/types\/post"}],"author":[{"embeddable":true,"href":"https:\/\/www.oarcanjo.net\/site\/wp-json\/wp\/v2\/users\/5"}],"replies":[{"embeddable":true,"href":"https:\/\/www.oarcanjo.net\/site\/wp-json\/wp\/v2\/comments?post=69013"}],"version-history":[{"count":0,"href":"https:\/\/www.oarcanjo.net\/site\/wp-json\/wp\/v2\/posts\/69013\/revisions"}],"wp:attachment":[{"href":"https:\/\/www.oarcanjo.net\/site\/wp-json\/wp\/v2\/media?parent=69013"}],"wp:term":[{"taxonomy":"category","embeddable":true,"href":"https:\/\/www.oarcanjo.net\/site\/wp-json\/wp\/v2\/categories?post=69013"},{"taxonomy":"post_tag","embeddable":true,"href":"https:\/\/www.oarcanjo.net\/site\/wp-json\/wp\/v2\/tags?post=69013"}],"curies":[{"name":"wp","href":"https:\/\/api.w.org\/{rel}","templated":true}]}}