
{"id":6902,"date":"2017-12-28T00:27:11","date_gmt":"2017-12-28T02:27:11","guid":{"rendered":"http:\/\/www.oarcanjo.net\/site\/?p=6902"},"modified":"2017-08-11T15:01:32","modified_gmt":"2017-08-11T18:01:32","slug":"catarina-volpicelli","status":"publish","type":"post","link":"https:\/\/www.oarcanjo.net\/site\/catarina-volpicelli\/","title":{"rendered":"Bem Aventurada Catarina Volpicelli"},"content":{"rendered":"<p><img loading=\"lazy\" decoding=\"async\" class=\"alignnone size-full wp-image-68645\" src=\"http:\/\/www.oarcanjo.net\/site\/wp-content\/uploads\/Bem-Aventurada-Catarina-Volpicelli.jpg\" alt=\"Bem Aventurada Catarina Volpicelli\" width=\"255\" height=\"347\" srcset=\"https:\/\/www.oarcanjo.net\/site\/wp-content\/uploads\/Bem-Aventurada-Catarina-Volpicelli.jpg 255w, https:\/\/www.oarcanjo.net\/site\/wp-content\/uploads\/Bem-Aventurada-Catarina-Volpicelli-220x300.jpg 220w\" sizes=\"(max-width: 255px) 100vw, 255px\" \/><\/p>\n<p>Bem-aventurada<\/p>\n<p>Fundou o Instituto das Servas do Sagrado Cora\u00e7\u00e3o de Jesus<\/p>\n<p>28 de Dezembro<\/p>\n<p>Caterina Volpicelli, para n\u00f3s Catarina, nasceu em N\u00e1poles no dia 21 de janeiro de 1839, no seio de uma fam\u00edlia da alta burguesia, da qual recebeu s\u00f3lida forma\u00e7\u00e3o humana e religiosa. Estudou letras, l\u00ednguas e m\u00fasica, coisa n\u00e3o freq\u00fcente para as mulheres do seu tempo. Guiada pelo Esp\u00edrito Santo e atrav\u00e9s dos diretores espirituais, Catarina renunciou \u00e0 vida social que apreciava para atender uma voz interior, o chamado de Deus \u00e0 vida religiosa.<\/p>\n<p>Foi em 1854 que ocorreu o seu encontro casual com o futuro bem-aventurado Ludovico da Casoria na sua cidade. Encontro depois considerado por ela uma gra\u00e7a providencial de Deus, porque por suas m\u00e3os se associou \u00e0 Ordem Franciscana Secular. Padre Ludovico foi enf\u00e1tico quando lhe indicou como \u00fanico objetivo de sua vida o culto ao Sagrado Cora\u00e7\u00e3o de Jesus. Apesar disso, cinco anos depois, orientada por seu confessor, ingressou em uma Congrega\u00e7\u00e3o religiosa, saindo, logo em seguida, por graves motivos de sa\u00fade.<\/p>\n<p>O plano de Deus sobre Catarina era outro, havia bem entendido o padre Ludovico, que muitas vezes dizia: &#8220;O Cora\u00e7\u00e3o de Jesus \u00e9 a tua obra, Catarina!&#8221; Novamente, com a indica\u00e7\u00e3o do seu confessor, tornou-se a primeira a receber, na It\u00e1lia, o diploma de zeladora da Associa\u00e7\u00e3o do Apostolado da Ora\u00e7\u00e3o da Fran\u00e7a. Em 1867, estabeleceu a sua Sede em N\u00e1poles mesmo, onde se dedicou \u00e0s atividades apost\u00f3licas.<\/p>\n<p>O apostolado da ora\u00e7\u00e3o passou a ser o ponto central da espiritualidade de Catarina. Na sua vida, totalmente consagrada ao Cora\u00e7\u00e3o de Jesus, distinguem-se tr\u00eas aspectos: a profunda espiritualidade eucar\u00edstica, a integral fidelidade \u00e0 Igreja e a imensa generosidade apost\u00f3lica.<\/p>\n<p>Com as suas primeiras zeladoras, em 1874 Catarina fundou o novo Instituto das Servas do Sagrado Cora\u00e7\u00e3o de Jesus, aprovado, antes, pelo seu arcebispo, e depois, em 1890, pelo Vaticano. Preocupada com o futuro da juventude, abriu o orfanato, fundou uma biblioteca circulante e instituiu a Associa\u00e7\u00e3o da Filhas de Maria. Em pouco tempo, abriu outras Casas na It\u00e1lia. E as servas muito se distinguiram na assist\u00eancia \u00e0s v\u00edtimas da c\u00f3lera em 1884, em v\u00e1rias localidades italianas.<\/p>\n<p>A participa\u00e7\u00e3o de Catarina no primeiro Congresso Eucar\u00edstico Nacional, celebrado em N\u00e1poles em 1891, foi um ato culminante do apostolado da fundadora e das Servas do Sagrado Cora\u00e7\u00e3o de Jesus. Catarina morreu no dia 28 de dezembro de 1894, em N\u00e1poles.<\/p>\n<p>O papa Jo\u00e3o Paulo II beatificou-a em 1999. A data de sua festa ocorre no dia de sua morte, mas o culto j\u00e1 era freq\u00fcente na comunidade crist\u00e3 onde as servas atuam mantendo o carisma da bem-aventurada Catarina Volpicelli.<\/p>\n<div id=\"themify_builder_content-6902\" data-postid=\"6902\" class=\"themify_builder_content themify_builder_content-6902 themify_builder themify_builder_front\">\n\t<\/div>\n<!-- \/themify_builder_content -->","protected":false},"excerpt":{"rendered":"<p>Bem-aventurada Fundou o Instituto das Servas do Sagrado Cora\u00e7\u00e3o de Jesus 28 de Dezembro Caterina Volpicelli, para n\u00f3s Catarina, nasceu em N\u00e1poles no dia 21 de janeiro de 1839, no seio de uma fam\u00edlia da alta burguesia, da qual recebeu s\u00f3lida forma\u00e7\u00e3o humana e religiosa. Estudou letras, l\u00ednguas e m\u00fasica, coisa n\u00e3o freq\u00fcente para as [&hellip;]<\/p>\n","protected":false},"author":14,"featured_media":0,"comment_status":"open","ping_status":"open","sticky":false,"template":"","format":"standard","meta":{"ngg_post_thumbnail":0,"footnotes":""},"categories":[186],"tags":[],"yoast_head":"<!-- This site is optimized with the Yoast SEO plugin v23.5 - https:\/\/yoast.com\/wordpress\/plugins\/seo\/ -->\n<title>Bem Aventurada Catarina Volpicelli - O Arcanjo no ar<\/title>\n<meta name=\"robots\" content=\"index, follow, max-snippet:-1, max-image-preview:large, max-video-preview:-1\" \/>\n<link rel=\"canonical\" href=\"https:\/\/www.oarcanjo.net\/site\/catarina-volpicelli\/\" \/>\n<meta property=\"og:locale\" content=\"pt_BR\" \/>\n<meta property=\"og:type\" content=\"article\" \/>\n<meta property=\"og:title\" content=\"Bem Aventurada Catarina Volpicelli - O Arcanjo no ar\" \/>\n<meta property=\"og:description\" content=\"Bem-aventurada Fundou o Instituto das Servas do Sagrado Cora\u00e7\u00e3o de Jesus 28 de Dezembro Caterina Volpicelli, para n\u00f3s Catarina, nasceu em N\u00e1poles no dia 21 de janeiro de 1839, no seio de uma fam\u00edlia da alta burguesia, da qual recebeu s\u00f3lida forma\u00e7\u00e3o humana e religiosa. Estudou letras, l\u00ednguas e m\u00fasica, coisa n\u00e3o freq\u00fcente para as [&hellip;]\" \/>\n<meta property=\"og:url\" content=\"https:\/\/www.oarcanjo.net\/site\/catarina-volpicelli\/\" \/>\n<meta property=\"og:site_name\" content=\"O Arcanjo no ar\" \/>\n<meta property=\"article:publisher\" content=\"https:\/\/www.facebook.com\/OArcanjoNoAr\/\" \/>\n<meta property=\"article:published_time\" content=\"2017-12-28T02:27:11+00:00\" \/>\n<meta property=\"article:modified_time\" content=\"2017-08-11T18:01:32+00:00\" \/>\n<meta property=\"og:image\" content=\"http:\/\/www.oarcanjo.net\/site\/wp-content\/uploads\/Bem-Aventurada-Catarina-Volpicelli.jpg\" \/>\n<meta name=\"author\" content=\"danilo\" \/>\n<meta name=\"twitter:card\" content=\"summary_large_image\" \/>\n<meta name=\"twitter:label1\" content=\"Escrito por\" \/>\n\t<meta name=\"twitter:data1\" content=\"danilo\" \/>\n\t<meta name=\"twitter:label2\" content=\"Est. tempo de leitura\" \/>\n\t<meta name=\"twitter:data2\" content=\"2 minutos\" \/>\n<script type=\"application\/ld+json\" class=\"yoast-schema-graph\">{\"@context\":\"https:\/\/schema.org\",\"@graph\":[{\"@type\":\"Article\",\"@id\":\"https:\/\/www.oarcanjo.net\/site\/catarina-volpicelli\/#article\",\"isPartOf\":{\"@id\":\"https:\/\/www.oarcanjo.net\/site\/catarina-volpicelli\/\"},\"author\":{\"name\":\"danilo\",\"@id\":\"https:\/\/www.oarcanjo.net\/site\/#\/schema\/person\/5eb9480bedd2f3c97e430ce128c29c6c\"},\"headline\":\"Bem Aventurada Catarina Volpicelli\",\"datePublished\":\"2017-12-28T02:27:11+00:00\",\"dateModified\":\"2017-08-11T18:01:32+00:00\",\"mainEntityOfPage\":{\"@id\":\"https:\/\/www.oarcanjo.net\/site\/catarina-volpicelli\/\"},\"wordCount\":466,\"commentCount\":0,\"publisher\":{\"@id\":\"https:\/\/www.oarcanjo.net\/site\/#organization\"},\"image\":{\"@id\":\"https:\/\/www.oarcanjo.net\/site\/catarina-volpicelli\/#primaryimage\"},\"thumbnailUrl\":\"http:\/\/www.oarcanjo.net\/site\/wp-content\/uploads\/Bem-Aventurada-Catarina-Volpicelli.jpg\",\"articleSection\":[\"Testemunhos\"],\"inLanguage\":\"pt-BR\",\"potentialAction\":[{\"@type\":\"CommentAction\",\"name\":\"Comment\",\"target\":[\"https:\/\/www.oarcanjo.net\/site\/catarina-volpicelli\/#respond\"]}]},{\"@type\":\"WebPage\",\"@id\":\"https:\/\/www.oarcanjo.net\/site\/catarina-volpicelli\/\",\"url\":\"https:\/\/www.oarcanjo.net\/site\/catarina-volpicelli\/\",\"name\":\"Bem Aventurada Catarina Volpicelli - O Arcanjo no ar\",\"isPartOf\":{\"@id\":\"https:\/\/www.oarcanjo.net\/site\/#website\"},\"primaryImageOfPage\":{\"@id\":\"https:\/\/www.oarcanjo.net\/site\/catarina-volpicelli\/#primaryimage\"},\"image\":{\"@id\":\"https:\/\/www.oarcanjo.net\/site\/catarina-volpicelli\/#primaryimage\"},\"thumbnailUrl\":\"http:\/\/www.oarcanjo.net\/site\/wp-content\/uploads\/Bem-Aventurada-Catarina-Volpicelli.jpg\",\"datePublished\":\"2017-12-28T02:27:11+00:00\",\"dateModified\":\"2017-08-11T18:01:32+00:00\",\"breadcrumb\":{\"@id\":\"https:\/\/www.oarcanjo.net\/site\/catarina-volpicelli\/#breadcrumb\"},\"inLanguage\":\"pt-BR\",\"potentialAction\":[{\"@type\":\"ReadAction\",\"target\":[\"https:\/\/www.oarcanjo.net\/site\/catarina-volpicelli\/\"]}]},{\"@type\":\"ImageObject\",\"inLanguage\":\"pt-BR\",\"@id\":\"https:\/\/www.oarcanjo.net\/site\/catarina-volpicelli\/#primaryimage\",\"url\":\"https:\/\/www.oarcanjo.net\/site\/wp-content\/uploads\/Bem-Aventurada-Catarina-Volpicelli.jpg\",\"contentUrl\":\"https:\/\/www.oarcanjo.net\/site\/wp-content\/uploads\/Bem-Aventurada-Catarina-Volpicelli.jpg\",\"width\":255,\"height\":347,\"caption\":\"Bem Aventurada Catarina Volpicelli\"},{\"@type\":\"BreadcrumbList\",\"@id\":\"https:\/\/www.oarcanjo.net\/site\/catarina-volpicelli\/#breadcrumb\",\"itemListElement\":[{\"@type\":\"ListItem\",\"position\":1,\"name\":\"In\u00edcio\",\"item\":\"https:\/\/www.oarcanjo.net\/site\/\"},{\"@type\":\"ListItem\",\"position\":2,\"name\":\"Bem Aventurada Catarina Volpicelli\"}]},{\"@type\":\"WebSite\",\"@id\":\"https:\/\/www.oarcanjo.net\/site\/#website\",\"url\":\"https:\/\/www.oarcanjo.net\/site\/\",\"name\":\"O Arcanjo no ar\",\"description\":\"Site da Par\u00f3quia S\u00e3o Miguel Arcanjo (Arquidiocese de SP)\",\"publisher\":{\"@id\":\"https:\/\/www.oarcanjo.net\/site\/#organization\"},\"potentialAction\":[{\"@type\":\"SearchAction\",\"target\":{\"@type\":\"EntryPoint\",\"urlTemplate\":\"https:\/\/www.oarcanjo.net\/site\/?s={search_term_string}\"},\"query-input\":{\"@type\":\"PropertyValueSpecification\",\"valueRequired\":true,\"valueName\":\"search_term_string\"}}],\"inLanguage\":\"pt-BR\"},{\"@type\":\"Organization\",\"@id\":\"https:\/\/www.oarcanjo.net\/site\/#organization\",\"name\":\"Par\u00f3quia S\u00e3o Miguel Arcanjo\",\"url\":\"https:\/\/www.oarcanjo.net\/site\/\",\"logo\":{\"@type\":\"ImageObject\",\"inLanguage\":\"pt-BR\",\"@id\":\"https:\/\/www.oarcanjo.net\/site\/#\/schema\/logo\/image\/\",\"url\":\"https:\/\/www.oarcanjo.net\/site\/wp-content\/uploads\/LogoOArcanjo.png\",\"contentUrl\":\"https:\/\/www.oarcanjo.net\/site\/wp-content\/uploads\/LogoOArcanjo.png\",\"width\":319,\"height\":99,\"caption\":\"Par\u00f3quia S\u00e3o Miguel Arcanjo\"},\"image\":{\"@id\":\"https:\/\/www.oarcanjo.net\/site\/#\/schema\/logo\/image\/\"},\"sameAs\":[\"https:\/\/www.facebook.com\/OArcanjoNoAr\/\"]},{\"@type\":\"Person\",\"@id\":\"https:\/\/www.oarcanjo.net\/site\/#\/schema\/person\/5eb9480bedd2f3c97e430ce128c29c6c\",\"name\":\"danilo\"}]}<\/script>\n<!-- \/ Yoast SEO plugin. -->","yoast_head_json":{"title":"Bem Aventurada Catarina Volpicelli - O Arcanjo no ar","robots":{"index":"index","follow":"follow","max-snippet":"max-snippet:-1","max-image-preview":"max-image-preview:large","max-video-preview":"max-video-preview:-1"},"canonical":"https:\/\/www.oarcanjo.net\/site\/catarina-volpicelli\/","og_locale":"pt_BR","og_type":"article","og_title":"Bem Aventurada Catarina Volpicelli - O Arcanjo no ar","og_description":"Bem-aventurada Fundou o Instituto das Servas do Sagrado Cora\u00e7\u00e3o de Jesus 28 de Dezembro Caterina Volpicelli, para n\u00f3s Catarina, nasceu em N\u00e1poles no dia 21 de janeiro de 1839, no seio de uma fam\u00edlia da alta burguesia, da qual recebeu s\u00f3lida forma\u00e7\u00e3o humana e religiosa. Estudou letras, l\u00ednguas e m\u00fasica, coisa n\u00e3o freq\u00fcente para as [&hellip;]","og_url":"https:\/\/www.oarcanjo.net\/site\/catarina-volpicelli\/","og_site_name":"O Arcanjo no ar","article_publisher":"https:\/\/www.facebook.com\/OArcanjoNoAr\/","article_published_time":"2017-12-28T02:27:11+00:00","article_modified_time":"2017-08-11T18:01:32+00:00","og_image":[{"url":"http:\/\/www.oarcanjo.net\/site\/wp-content\/uploads\/Bem-Aventurada-Catarina-Volpicelli.jpg"}],"author":"danilo","twitter_card":"summary_large_image","twitter_misc":{"Escrito por":"danilo","Est. tempo de leitura":"2 minutos"},"schema":{"@context":"https:\/\/schema.org","@graph":[{"@type":"Article","@id":"https:\/\/www.oarcanjo.net\/site\/catarina-volpicelli\/#article","isPartOf":{"@id":"https:\/\/www.oarcanjo.net\/site\/catarina-volpicelli\/"},"author":{"name":"danilo","@id":"https:\/\/www.oarcanjo.net\/site\/#\/schema\/person\/5eb9480bedd2f3c97e430ce128c29c6c"},"headline":"Bem Aventurada Catarina Volpicelli","datePublished":"2017-12-28T02:27:11+00:00","dateModified":"2017-08-11T18:01:32+00:00","mainEntityOfPage":{"@id":"https:\/\/www.oarcanjo.net\/site\/catarina-volpicelli\/"},"wordCount":466,"commentCount":0,"publisher":{"@id":"https:\/\/www.oarcanjo.net\/site\/#organization"},"image":{"@id":"https:\/\/www.oarcanjo.net\/site\/catarina-volpicelli\/#primaryimage"},"thumbnailUrl":"http:\/\/www.oarcanjo.net\/site\/wp-content\/uploads\/Bem-Aventurada-Catarina-Volpicelli.jpg","articleSection":["Testemunhos"],"inLanguage":"pt-BR","potentialAction":[{"@type":"CommentAction","name":"Comment","target":["https:\/\/www.oarcanjo.net\/site\/catarina-volpicelli\/#respond"]}]},{"@type":"WebPage","@id":"https:\/\/www.oarcanjo.net\/site\/catarina-volpicelli\/","url":"https:\/\/www.oarcanjo.net\/site\/catarina-volpicelli\/","name":"Bem Aventurada Catarina Volpicelli - O Arcanjo no ar","isPartOf":{"@id":"https:\/\/www.oarcanjo.net\/site\/#website"},"primaryImageOfPage":{"@id":"https:\/\/www.oarcanjo.net\/site\/catarina-volpicelli\/#primaryimage"},"image":{"@id":"https:\/\/www.oarcanjo.net\/site\/catarina-volpicelli\/#primaryimage"},"thumbnailUrl":"http:\/\/www.oarcanjo.net\/site\/wp-content\/uploads\/Bem-Aventurada-Catarina-Volpicelli.jpg","datePublished":"2017-12-28T02:27:11+00:00","dateModified":"2017-08-11T18:01:32+00:00","breadcrumb":{"@id":"https:\/\/www.oarcanjo.net\/site\/catarina-volpicelli\/#breadcrumb"},"inLanguage":"pt-BR","potentialAction":[{"@type":"ReadAction","target":["https:\/\/www.oarcanjo.net\/site\/catarina-volpicelli\/"]}]},{"@type":"ImageObject","inLanguage":"pt-BR","@id":"https:\/\/www.oarcanjo.net\/site\/catarina-volpicelli\/#primaryimage","url":"https:\/\/www.oarcanjo.net\/site\/wp-content\/uploads\/Bem-Aventurada-Catarina-Volpicelli.jpg","contentUrl":"https:\/\/www.oarcanjo.net\/site\/wp-content\/uploads\/Bem-Aventurada-Catarina-Volpicelli.jpg","width":255,"height":347,"caption":"Bem Aventurada Catarina Volpicelli"},{"@type":"BreadcrumbList","@id":"https:\/\/www.oarcanjo.net\/site\/catarina-volpicelli\/#breadcrumb","itemListElement":[{"@type":"ListItem","position":1,"name":"In\u00edcio","item":"https:\/\/www.oarcanjo.net\/site\/"},{"@type":"ListItem","position":2,"name":"Bem Aventurada Catarina Volpicelli"}]},{"@type":"WebSite","@id":"https:\/\/www.oarcanjo.net\/site\/#website","url":"https:\/\/www.oarcanjo.net\/site\/","name":"O Arcanjo no ar","description":"Site da Par\u00f3quia S\u00e3o Miguel Arcanjo (Arquidiocese de SP)","publisher":{"@id":"https:\/\/www.oarcanjo.net\/site\/#organization"},"potentialAction":[{"@type":"SearchAction","target":{"@type":"EntryPoint","urlTemplate":"https:\/\/www.oarcanjo.net\/site\/?s={search_term_string}"},"query-input":{"@type":"PropertyValueSpecification","valueRequired":true,"valueName":"search_term_string"}}],"inLanguage":"pt-BR"},{"@type":"Organization","@id":"https:\/\/www.oarcanjo.net\/site\/#organization","name":"Par\u00f3quia S\u00e3o Miguel Arcanjo","url":"https:\/\/www.oarcanjo.net\/site\/","logo":{"@type":"ImageObject","inLanguage":"pt-BR","@id":"https:\/\/www.oarcanjo.net\/site\/#\/schema\/logo\/image\/","url":"https:\/\/www.oarcanjo.net\/site\/wp-content\/uploads\/LogoOArcanjo.png","contentUrl":"https:\/\/www.oarcanjo.net\/site\/wp-content\/uploads\/LogoOArcanjo.png","width":319,"height":99,"caption":"Par\u00f3quia S\u00e3o Miguel Arcanjo"},"image":{"@id":"https:\/\/www.oarcanjo.net\/site\/#\/schema\/logo\/image\/"},"sameAs":["https:\/\/www.facebook.com\/OArcanjoNoAr\/"]},{"@type":"Person","@id":"https:\/\/www.oarcanjo.net\/site\/#\/schema\/person\/5eb9480bedd2f3c97e430ce128c29c6c","name":"danilo"}]}},"publishpress_future_action":{"enabled":false,"date":"2026-05-08 16:37:14","action":"category","newStatus":"draft","terms":[],"taxonomy":"category"},"publishpress_future_workflow_manual_trigger":{"enabledWorkflows":[]},"_links":{"self":[{"href":"https:\/\/www.oarcanjo.net\/site\/wp-json\/wp\/v2\/posts\/6902"}],"collection":[{"href":"https:\/\/www.oarcanjo.net\/site\/wp-json\/wp\/v2\/posts"}],"about":[{"href":"https:\/\/www.oarcanjo.net\/site\/wp-json\/wp\/v2\/types\/post"}],"author":[{"embeddable":true,"href":"https:\/\/www.oarcanjo.net\/site\/wp-json\/wp\/v2\/users\/14"}],"replies":[{"embeddable":true,"href":"https:\/\/www.oarcanjo.net\/site\/wp-json\/wp\/v2\/comments?post=6902"}],"version-history":[{"count":0,"href":"https:\/\/www.oarcanjo.net\/site\/wp-json\/wp\/v2\/posts\/6902\/revisions"}],"wp:attachment":[{"href":"https:\/\/www.oarcanjo.net\/site\/wp-json\/wp\/v2\/media?parent=6902"}],"wp:term":[{"taxonomy":"category","embeddable":true,"href":"https:\/\/www.oarcanjo.net\/site\/wp-json\/wp\/v2\/categories?post=6902"},{"taxonomy":"post_tag","embeddable":true,"href":"https:\/\/www.oarcanjo.net\/site\/wp-json\/wp\/v2\/tags?post=6902"}],"curies":[{"name":"wp","href":"https:\/\/api.w.org\/{rel}","templated":true}]}}