
{"id":6905,"date":"2017-12-28T00:01:02","date_gmt":"2017-12-28T02:01:02","guid":{"rendered":"http:\/\/www.oarcanjo.net\/site\/?p=6905"},"modified":"2017-08-11T15:01:16","modified_gmt":"2017-08-11T18:01:16","slug":"sao-gaspar-del-bufalo","status":"publish","type":"post","link":"https:\/\/www.oarcanjo.net\/site\/sao-gaspar-del-bufalo\/","title":{"rendered":"S\u00e3o Gaspar del Bufalo"},"content":{"rendered":"<p><img loading=\"lazy\" decoding=\"async\" src=\"http:\/\/www.30giorni.it\/foto\/1090935775776.jpg\" border=\"0\" alt=\"\" width=\"225\" height=\"321\" \/><\/p>\n<p><span style=\"font-size: large\">Fundador da <\/span><span style=\"font-size: large\">Congrega\u00e7\u00e3o dos Mission\u00e1rios do Precios\u00edssimo Sangue <\/span><\/p>\n<p><span style=\"font-size: large\">28 de Dezembro<\/span><\/p>\n<p>Nasceu em Roma aos 06 de Janeiro de 1786. Na sua alocu\u00e7\u00e3o por ocasi\u00e3o da Canoniza\u00e7\u00e3o deste santo,\u00a0 Pio XII declarou:\u00a0 \u201cNa gloriosa falange dos Santos, que a terra romana deu \u00e0 Igreja, Gaspar Del Bufalo\u00a0 resplandeceu\u00a0 com especial fulgor.\u00a0 Desde seus mais tenros anos, a prote\u00e7\u00e3o de S\u00e3o Francisco Xavier para ter obtido para ele, da Parte de Deus, uma extraordin\u00e1ria profus\u00e3o de dons sobrenaturais.\u00a0 Ainda estudante, entregava-se com assiduidade \u00e0s obras de caridade e assist\u00eancia, especialmente ao ensino da doutrina crist\u00e3, \u00e0s crian\u00e7as e aos pobres.\u00a0 Seguindo os passos de S\u00e3o Jo\u00e3o Batista de Rossi, fez voltar ao seu vigor primitivo a\u00a0 piedosa obra de S\u00e3o Galla e fundou, pouco depois, o Orat\u00f3rio de Santa Maria in Vincis.\u00a0\u00a0 Mas seu apostolado em Roma\u00a0\u00a0 foi interrompido \u00a0pela invas\u00e3o das tropas napole\u00f4nicas: tendo recusado\u00a0 prestar juramento de\u00a0 fidelidade a\u00a0 um poder hostil aos direitos da igreja, sofreu o ex\u00edlio e\u00a0 a pris\u00e3o. Finalmente posto em liberdade, e para maior alegria de quantos o\u00a0 conheciam e o veneravam ainda mais, \u00e0 sua\u00a0 volta para a sua querida Roma, recebeu do Soberano Pont\u00edfice Pio VII o encargo de\u00a0 se consagrar \u00e0s santas miss\u00f5es, destinadas a renovar o fervor dos fi\u00e9is em seus Estados,\u00a0 depois de tantas desordens e destrui\u00e7\u00f5es\u00a0 causadas pelas\u00a0 perturba\u00e7\u00f5es p\u00fablicas.\u00a0 Retomou ent\u00e3o a id\u00e9ia da institui\u00e7\u00e3o de\u00a0 uma\u00a0 congrega\u00e7\u00e3o de\u00a0 mission\u00e1rios, sob o t\u00edtulo de\u00a0 Precios\u00edssimo Sangue de\u00a0 Jesus,\u00a0 de quem era fidel\u00edssimo propagador e devoto. Apesar de\u00a0 toda a esp\u00e9cie de oposi\u00e7\u00f5es e\u00a0 obst\u00e1culos, inaugurou em 15 de\u00a0 agosto de\u00a0 1815, a primeira casa da obra, que ele\u00a0 mesmo confiou, com fervor, \u00e0 prote\u00e7\u00e3o da Sant\u00edssima Virgem.\u00a0 Assim come\u00e7ou para ele\u00a0 uma vida de incessantes\u00a0 trabalhos;\u00a0 percorreu quase todas as regi\u00f5es da It\u00e1lia central, levando por toda a parte, com o exemplo de sua piedade, de sua humildade e de\u00a0 sua caridade, a reconcilia\u00e7\u00e3o e a paz, o al\u00edvio das mis\u00e9rias\u00a0 corporais e sobretudo\u00a0 espirituais.\u00a0<\/p>\n<p>\u00a0\u00a0\u00a0\u00a0\u00a0\u00a0\u00a0\u00a0\u00a0\u00a0\u00a0\u00a0\u00a0\u00a0\u00a0\u00a0\u00a0\u00a0\u00a0\u00a0\u00a0\u00a0\u00a0\u00a0\u00a0\u00a0\u00a0\u00a0\u00a0\u00a0\u00a0\u00a0\u00a0\u00a0\u00a0\u00a0\u00a0\u00a0\u00a0 Ditou s\u00e1bias\u00a0 regras\u00a0 ao Instituto.\u00a0 Com a habitual exclama\u00e7\u00e3o:\u00a0 \u201c\u00d3 Para\u00edso, \u00f3 Para\u00edso!\u201d , subtra\u00eda-lhe a\u00a0 toda oferta de dignidades\u00a0\u00a0 eclesi\u00e1sticas, desejando permanecer at\u00e9 a morte naquela sua \u201ctribuna\u201d, isto \u00e9, no dom\u00ednio das prega\u00e7\u00f5es sagradas, certo como estava de receber assim mais facilmente, e sem atraso, a recompensa\u00a0 eterna.\u00a0\u00a0 \u201cMartelo dos Sect\u00e1rios\u201d, assim\u00a0 foi chamado, porque combateu com a palavra falada e escrita os inimigos da Igreja,\u00a0 obtendo muitas convers\u00f5es dos afiliados da sociedade\u00a0 secreta, a ma\u00e7onaria.\u00a0\u00a0 Al\u00e9m disso, foi escolhido pelo Papa para fazer desaparecer o banditismo no L\u00e1cio.<\/p>\n<p>\u00a0\u00a0\u00a0\u00a0\u00a0\u00a0\u00a0\u00a0\u00a0\u00a0\u00a0\u00a0\u00a0\u00a0\u00a0\u00a0\u00a0\u00a0\u00a0\u00a0\u00a0\u00a0\u00a0\u00a0\u00a0\u00a0\u00a0\u00a0\u00a0\u00a0\u00a0\u00a0\u00a0\u00a0\u00a0\u00a0\u00a0\u00a0\u00a0\u00a0 A sua corajosa atividade\u00a0 pelo saneamento moral e religioso, teve inesperados resultados.\u00a0 Deus\u00a0 se dignou de selar o m\u00faltiplo apostolado do seu servo, com sinais extraordin\u00e1rios, de car\u00e1ter sobrenatural, se bem que lhe reservou uma morte\u00a0 em\u00a0 meio de fadigas e sofrimentos.\u00a0 Foi assim\u00a0 que\u00a0 deixou para\u00a0 seus filhos, um modelo admir\u00e1vel de\u00a0 zelo her\u00f3ico, imolando-se\u00a0 generosamente para o maior bem das almas.<\/p>\n<p>\u00a0\u00a0\u00a0\u00a0\u00a0\u00a0\u00a0\u00a0\u00a0\u00a0\u00a0\u00a0\u00a0\u00a0\u00a0\u00a0\u00a0\u00a0\u00a0\u00a0\u00a0\u00a0\u00a0\u00a0\u00a0\u00a0\u00a0\u00a0\u00a0\u00a0\u00a0\u00a0\u00a0\u00a0\u00a0\u00a0\u00a0\u00a0\u00a0\u00a0Faleceu em Roma, em\u00a0 28 de dezembro de\u00a0 1837.\u00a0 Foi beatificado pelo Papa Pio X em 8 de\u00a0 dezembro de 1904 e,\u00a0 canonizado por Pio XII em 12 de junho de\u00a0 1954.<\/p>\n<div id=\"themify_builder_content-6905\" data-postid=\"6905\" class=\"themify_builder_content themify_builder_content-6905 themify_builder themify_builder_front\">\n\t<\/div>\n<!-- \/themify_builder_content -->","protected":false},"excerpt":{"rendered":"<p>Fundador da Congrega\u00e7\u00e3o dos Mission\u00e1rios do Precios\u00edssimo Sangue 28 de Dezembro Nasceu em Roma aos 06 de Janeiro de 1786. Na sua alocu\u00e7\u00e3o por ocasi\u00e3o da Canoniza\u00e7\u00e3o deste santo,\u00a0 Pio XII declarou:\u00a0 \u201cNa gloriosa falange dos Santos, que a terra romana deu \u00e0 Igreja, Gaspar Del Bufalo\u00a0 resplandeceu\u00a0 com especial fulgor.\u00a0 Desde seus mais tenros [&hellip;]<\/p>\n","protected":false},"author":14,"featured_media":0,"comment_status":"open","ping_status":"open","sticky":false,"template":"","format":"standard","meta":{"ngg_post_thumbnail":0,"footnotes":""},"categories":[186],"tags":[],"yoast_head":"<!-- This site is optimized with the Yoast SEO plugin v23.5 - https:\/\/yoast.com\/wordpress\/plugins\/seo\/ -->\n<title>S\u00e3o Gaspar del Bufalo - O Arcanjo no ar<\/title>\n<meta name=\"robots\" content=\"index, follow, max-snippet:-1, max-image-preview:large, max-video-preview:-1\" \/>\n<link rel=\"canonical\" href=\"https:\/\/www.oarcanjo.net\/site\/sao-gaspar-del-bufalo\/\" \/>\n<meta property=\"og:locale\" content=\"pt_BR\" \/>\n<meta property=\"og:type\" content=\"article\" \/>\n<meta property=\"og:title\" content=\"S\u00e3o Gaspar del Bufalo - O Arcanjo no ar\" \/>\n<meta property=\"og:description\" content=\"Fundador da Congrega\u00e7\u00e3o dos Mission\u00e1rios do Precios\u00edssimo Sangue 28 de Dezembro Nasceu em Roma aos 06 de Janeiro de 1786. Na sua alocu\u00e7\u00e3o por ocasi\u00e3o da Canoniza\u00e7\u00e3o deste santo,\u00a0 Pio XII declarou:\u00a0 \u201cNa gloriosa falange dos Santos, que a terra romana deu \u00e0 Igreja, Gaspar Del Bufalo\u00a0 resplandeceu\u00a0 com especial fulgor.\u00a0 Desde seus mais tenros [&hellip;]\" \/>\n<meta property=\"og:url\" content=\"https:\/\/www.oarcanjo.net\/site\/sao-gaspar-del-bufalo\/\" \/>\n<meta property=\"og:site_name\" content=\"O Arcanjo no ar\" \/>\n<meta property=\"article:publisher\" content=\"https:\/\/www.facebook.com\/OArcanjoNoAr\/\" \/>\n<meta property=\"article:published_time\" content=\"2017-12-28T02:01:02+00:00\" \/>\n<meta property=\"article:modified_time\" content=\"2017-08-11T18:01:16+00:00\" \/>\n<meta property=\"og:image\" content=\"http:\/\/www.30giorni.it\/foto\/1090935775776.jpg\" \/>\n<meta name=\"author\" content=\"danilo\" \/>\n<meta name=\"twitter:card\" content=\"summary_large_image\" \/>\n<meta name=\"twitter:label1\" content=\"Escrito por\" \/>\n\t<meta name=\"twitter:data1\" content=\"danilo\" \/>\n\t<meta name=\"twitter:label2\" content=\"Est. tempo de leitura\" \/>\n\t<meta name=\"twitter:data2\" content=\"3 minutos\" \/>\n<script type=\"application\/ld+json\" class=\"yoast-schema-graph\">{\"@context\":\"https:\/\/schema.org\",\"@graph\":[{\"@type\":\"Article\",\"@id\":\"https:\/\/www.oarcanjo.net\/site\/sao-gaspar-del-bufalo\/#article\",\"isPartOf\":{\"@id\":\"https:\/\/www.oarcanjo.net\/site\/sao-gaspar-del-bufalo\/\"},\"author\":{\"name\":\"danilo\",\"@id\":\"https:\/\/www.oarcanjo.net\/site\/#\/schema\/person\/5eb9480bedd2f3c97e430ce128c29c6c\"},\"headline\":\"S\u00e3o Gaspar del Bufalo\",\"datePublished\":\"2017-12-28T02:01:02+00:00\",\"dateModified\":\"2017-08-11T18:01:16+00:00\",\"mainEntityOfPage\":{\"@id\":\"https:\/\/www.oarcanjo.net\/site\/sao-gaspar-del-bufalo\/\"},\"wordCount\":564,\"commentCount\":0,\"publisher\":{\"@id\":\"https:\/\/www.oarcanjo.net\/site\/#organization\"},\"image\":{\"@id\":\"https:\/\/www.oarcanjo.net\/site\/sao-gaspar-del-bufalo\/#primaryimage\"},\"thumbnailUrl\":\"http:\/\/www.30giorni.it\/foto\/1090935775776.jpg\",\"articleSection\":[\"Testemunhos\"],\"inLanguage\":\"pt-BR\",\"potentialAction\":[{\"@type\":\"CommentAction\",\"name\":\"Comment\",\"target\":[\"https:\/\/www.oarcanjo.net\/site\/sao-gaspar-del-bufalo\/#respond\"]}]},{\"@type\":\"WebPage\",\"@id\":\"https:\/\/www.oarcanjo.net\/site\/sao-gaspar-del-bufalo\/\",\"url\":\"https:\/\/www.oarcanjo.net\/site\/sao-gaspar-del-bufalo\/\",\"name\":\"S\u00e3o Gaspar del Bufalo - O Arcanjo no ar\",\"isPartOf\":{\"@id\":\"https:\/\/www.oarcanjo.net\/site\/#website\"},\"primaryImageOfPage\":{\"@id\":\"https:\/\/www.oarcanjo.net\/site\/sao-gaspar-del-bufalo\/#primaryimage\"},\"image\":{\"@id\":\"https:\/\/www.oarcanjo.net\/site\/sao-gaspar-del-bufalo\/#primaryimage\"},\"thumbnailUrl\":\"http:\/\/www.30giorni.it\/foto\/1090935775776.jpg\",\"datePublished\":\"2017-12-28T02:01:02+00:00\",\"dateModified\":\"2017-08-11T18:01:16+00:00\",\"breadcrumb\":{\"@id\":\"https:\/\/www.oarcanjo.net\/site\/sao-gaspar-del-bufalo\/#breadcrumb\"},\"inLanguage\":\"pt-BR\",\"potentialAction\":[{\"@type\":\"ReadAction\",\"target\":[\"https:\/\/www.oarcanjo.net\/site\/sao-gaspar-del-bufalo\/\"]}]},{\"@type\":\"ImageObject\",\"inLanguage\":\"pt-BR\",\"@id\":\"https:\/\/www.oarcanjo.net\/site\/sao-gaspar-del-bufalo\/#primaryimage\",\"url\":\"http:\/\/www.30giorni.it\/foto\/1090935775776.jpg\",\"contentUrl\":\"http:\/\/www.30giorni.it\/foto\/1090935775776.jpg\"},{\"@type\":\"BreadcrumbList\",\"@id\":\"https:\/\/www.oarcanjo.net\/site\/sao-gaspar-del-bufalo\/#breadcrumb\",\"itemListElement\":[{\"@type\":\"ListItem\",\"position\":1,\"name\":\"In\u00edcio\",\"item\":\"https:\/\/www.oarcanjo.net\/site\/\"},{\"@type\":\"ListItem\",\"position\":2,\"name\":\"S\u00e3o Gaspar del Bufalo\"}]},{\"@type\":\"WebSite\",\"@id\":\"https:\/\/www.oarcanjo.net\/site\/#website\",\"url\":\"https:\/\/www.oarcanjo.net\/site\/\",\"name\":\"O Arcanjo no ar\",\"description\":\"Site da Par\u00f3quia S\u00e3o Miguel Arcanjo (Arquidiocese de SP)\",\"publisher\":{\"@id\":\"https:\/\/www.oarcanjo.net\/site\/#organization\"},\"potentialAction\":[{\"@type\":\"SearchAction\",\"target\":{\"@type\":\"EntryPoint\",\"urlTemplate\":\"https:\/\/www.oarcanjo.net\/site\/?s={search_term_string}\"},\"query-input\":{\"@type\":\"PropertyValueSpecification\",\"valueRequired\":true,\"valueName\":\"search_term_string\"}}],\"inLanguage\":\"pt-BR\"},{\"@type\":\"Organization\",\"@id\":\"https:\/\/www.oarcanjo.net\/site\/#organization\",\"name\":\"Par\u00f3quia S\u00e3o Miguel Arcanjo\",\"url\":\"https:\/\/www.oarcanjo.net\/site\/\",\"logo\":{\"@type\":\"ImageObject\",\"inLanguage\":\"pt-BR\",\"@id\":\"https:\/\/www.oarcanjo.net\/site\/#\/schema\/logo\/image\/\",\"url\":\"https:\/\/www.oarcanjo.net\/site\/wp-content\/uploads\/LogoOArcanjo.png\",\"contentUrl\":\"https:\/\/www.oarcanjo.net\/site\/wp-content\/uploads\/LogoOArcanjo.png\",\"width\":319,\"height\":99,\"caption\":\"Par\u00f3quia S\u00e3o Miguel Arcanjo\"},\"image\":{\"@id\":\"https:\/\/www.oarcanjo.net\/site\/#\/schema\/logo\/image\/\"},\"sameAs\":[\"https:\/\/www.facebook.com\/OArcanjoNoAr\/\"]},{\"@type\":\"Person\",\"@id\":\"https:\/\/www.oarcanjo.net\/site\/#\/schema\/person\/5eb9480bedd2f3c97e430ce128c29c6c\",\"name\":\"danilo\"}]}<\/script>\n<!-- \/ Yoast SEO plugin. -->","yoast_head_json":{"title":"S\u00e3o Gaspar del Bufalo - O Arcanjo no ar","robots":{"index":"index","follow":"follow","max-snippet":"max-snippet:-1","max-image-preview":"max-image-preview:large","max-video-preview":"max-video-preview:-1"},"canonical":"https:\/\/www.oarcanjo.net\/site\/sao-gaspar-del-bufalo\/","og_locale":"pt_BR","og_type":"article","og_title":"S\u00e3o Gaspar del Bufalo - O Arcanjo no ar","og_description":"Fundador da Congrega\u00e7\u00e3o dos Mission\u00e1rios do Precios\u00edssimo Sangue 28 de Dezembro Nasceu em Roma aos 06 de Janeiro de 1786. Na sua alocu\u00e7\u00e3o por ocasi\u00e3o da Canoniza\u00e7\u00e3o deste santo,\u00a0 Pio XII declarou:\u00a0 \u201cNa gloriosa falange dos Santos, que a terra romana deu \u00e0 Igreja, Gaspar Del Bufalo\u00a0 resplandeceu\u00a0 com especial fulgor.\u00a0 Desde seus mais tenros [&hellip;]","og_url":"https:\/\/www.oarcanjo.net\/site\/sao-gaspar-del-bufalo\/","og_site_name":"O Arcanjo no ar","article_publisher":"https:\/\/www.facebook.com\/OArcanjoNoAr\/","article_published_time":"2017-12-28T02:01:02+00:00","article_modified_time":"2017-08-11T18:01:16+00:00","og_image":[{"url":"http:\/\/www.30giorni.it\/foto\/1090935775776.jpg"}],"author":"danilo","twitter_card":"summary_large_image","twitter_misc":{"Escrito por":"danilo","Est. tempo de leitura":"3 minutos"},"schema":{"@context":"https:\/\/schema.org","@graph":[{"@type":"Article","@id":"https:\/\/www.oarcanjo.net\/site\/sao-gaspar-del-bufalo\/#article","isPartOf":{"@id":"https:\/\/www.oarcanjo.net\/site\/sao-gaspar-del-bufalo\/"},"author":{"name":"danilo","@id":"https:\/\/www.oarcanjo.net\/site\/#\/schema\/person\/5eb9480bedd2f3c97e430ce128c29c6c"},"headline":"S\u00e3o Gaspar del Bufalo","datePublished":"2017-12-28T02:01:02+00:00","dateModified":"2017-08-11T18:01:16+00:00","mainEntityOfPage":{"@id":"https:\/\/www.oarcanjo.net\/site\/sao-gaspar-del-bufalo\/"},"wordCount":564,"commentCount":0,"publisher":{"@id":"https:\/\/www.oarcanjo.net\/site\/#organization"},"image":{"@id":"https:\/\/www.oarcanjo.net\/site\/sao-gaspar-del-bufalo\/#primaryimage"},"thumbnailUrl":"http:\/\/www.30giorni.it\/foto\/1090935775776.jpg","articleSection":["Testemunhos"],"inLanguage":"pt-BR","potentialAction":[{"@type":"CommentAction","name":"Comment","target":["https:\/\/www.oarcanjo.net\/site\/sao-gaspar-del-bufalo\/#respond"]}]},{"@type":"WebPage","@id":"https:\/\/www.oarcanjo.net\/site\/sao-gaspar-del-bufalo\/","url":"https:\/\/www.oarcanjo.net\/site\/sao-gaspar-del-bufalo\/","name":"S\u00e3o Gaspar del Bufalo - O Arcanjo no ar","isPartOf":{"@id":"https:\/\/www.oarcanjo.net\/site\/#website"},"primaryImageOfPage":{"@id":"https:\/\/www.oarcanjo.net\/site\/sao-gaspar-del-bufalo\/#primaryimage"},"image":{"@id":"https:\/\/www.oarcanjo.net\/site\/sao-gaspar-del-bufalo\/#primaryimage"},"thumbnailUrl":"http:\/\/www.30giorni.it\/foto\/1090935775776.jpg","datePublished":"2017-12-28T02:01:02+00:00","dateModified":"2017-08-11T18:01:16+00:00","breadcrumb":{"@id":"https:\/\/www.oarcanjo.net\/site\/sao-gaspar-del-bufalo\/#breadcrumb"},"inLanguage":"pt-BR","potentialAction":[{"@type":"ReadAction","target":["https:\/\/www.oarcanjo.net\/site\/sao-gaspar-del-bufalo\/"]}]},{"@type":"ImageObject","inLanguage":"pt-BR","@id":"https:\/\/www.oarcanjo.net\/site\/sao-gaspar-del-bufalo\/#primaryimage","url":"http:\/\/www.30giorni.it\/foto\/1090935775776.jpg","contentUrl":"http:\/\/www.30giorni.it\/foto\/1090935775776.jpg"},{"@type":"BreadcrumbList","@id":"https:\/\/www.oarcanjo.net\/site\/sao-gaspar-del-bufalo\/#breadcrumb","itemListElement":[{"@type":"ListItem","position":1,"name":"In\u00edcio","item":"https:\/\/www.oarcanjo.net\/site\/"},{"@type":"ListItem","position":2,"name":"S\u00e3o Gaspar del Bufalo"}]},{"@type":"WebSite","@id":"https:\/\/www.oarcanjo.net\/site\/#website","url":"https:\/\/www.oarcanjo.net\/site\/","name":"O Arcanjo no ar","description":"Site da Par\u00f3quia S\u00e3o Miguel Arcanjo (Arquidiocese de SP)","publisher":{"@id":"https:\/\/www.oarcanjo.net\/site\/#organization"},"potentialAction":[{"@type":"SearchAction","target":{"@type":"EntryPoint","urlTemplate":"https:\/\/www.oarcanjo.net\/site\/?s={search_term_string}"},"query-input":{"@type":"PropertyValueSpecification","valueRequired":true,"valueName":"search_term_string"}}],"inLanguage":"pt-BR"},{"@type":"Organization","@id":"https:\/\/www.oarcanjo.net\/site\/#organization","name":"Par\u00f3quia S\u00e3o Miguel Arcanjo","url":"https:\/\/www.oarcanjo.net\/site\/","logo":{"@type":"ImageObject","inLanguage":"pt-BR","@id":"https:\/\/www.oarcanjo.net\/site\/#\/schema\/logo\/image\/","url":"https:\/\/www.oarcanjo.net\/site\/wp-content\/uploads\/LogoOArcanjo.png","contentUrl":"https:\/\/www.oarcanjo.net\/site\/wp-content\/uploads\/LogoOArcanjo.png","width":319,"height":99,"caption":"Par\u00f3quia S\u00e3o Miguel Arcanjo"},"image":{"@id":"https:\/\/www.oarcanjo.net\/site\/#\/schema\/logo\/image\/"},"sameAs":["https:\/\/www.facebook.com\/OArcanjoNoAr\/"]},{"@type":"Person","@id":"https:\/\/www.oarcanjo.net\/site\/#\/schema\/person\/5eb9480bedd2f3c97e430ce128c29c6c","name":"danilo"}]}},"publishpress_future_action":{"enabled":false,"date":"2026-05-08 15:12:04","action":"category","newStatus":"draft","terms":[],"taxonomy":"category"},"publishpress_future_workflow_manual_trigger":{"enabledWorkflows":[]},"_links":{"self":[{"href":"https:\/\/www.oarcanjo.net\/site\/wp-json\/wp\/v2\/posts\/6905"}],"collection":[{"href":"https:\/\/www.oarcanjo.net\/site\/wp-json\/wp\/v2\/posts"}],"about":[{"href":"https:\/\/www.oarcanjo.net\/site\/wp-json\/wp\/v2\/types\/post"}],"author":[{"embeddable":true,"href":"https:\/\/www.oarcanjo.net\/site\/wp-json\/wp\/v2\/users\/14"}],"replies":[{"embeddable":true,"href":"https:\/\/www.oarcanjo.net\/site\/wp-json\/wp\/v2\/comments?post=6905"}],"version-history":[{"count":0,"href":"https:\/\/www.oarcanjo.net\/site\/wp-json\/wp\/v2\/posts\/6905\/revisions"}],"wp:attachment":[{"href":"https:\/\/www.oarcanjo.net\/site\/wp-json\/wp\/v2\/media?parent=6905"}],"wp:term":[{"taxonomy":"category","embeddable":true,"href":"https:\/\/www.oarcanjo.net\/site\/wp-json\/wp\/v2\/categories?post=6905"},{"taxonomy":"post_tag","embeddable":true,"href":"https:\/\/www.oarcanjo.net\/site\/wp-json\/wp\/v2\/tags?post=6905"}],"curies":[{"name":"wp","href":"https:\/\/api.w.org\/{rel}","templated":true}]}}