
{"id":6907,"date":"2017-12-29T00:34:47","date_gmt":"2017-12-29T02:34:47","guid":{"rendered":"http:\/\/www.oarcanjo.net\/site\/?p=6907"},"modified":"2017-08-11T15:01:38","modified_gmt":"2017-08-11T18:01:38","slug":"sagrada-familia","status":"publish","type":"post","link":"https:\/\/www.oarcanjo.net\/site\/sagrada-familia\/","title":{"rendered":"Sagrada Fam\u00edlia"},"content":{"rendered":"<p><img loading=\"lazy\" decoding=\"async\" src=\"http:\/\/www.falkenberg.com.br\/catalogosantos\/Images\/008-Sagrada%20Fam\u00edlia.jpg\" alt=\"..\/Images\/008-Sagrada Fam\u00edlia.jpg\" width=\"256\" height=\"256\" align=\"top\" \/><\/p>\n<p>29 de Dezembro<\/p>\n<p>O projeto de Deus para a reden\u00e7\u00e3o de toda a humanidade tem como centro a encarna\u00e7\u00e3o do seu Filho como homem vivendo entre n\u00f3s. Quis que seu amado Filho fosse o exemplo de tudo. Por isso ele foi acolhido no seio de uma verdadeira fam\u00edlia. Uma humilde, boa e honrada fam\u00edlia, ligada pela f\u00e9 e os bons costumes. Ele escolheu, seus anjos agiram e a Sagrada Fam\u00edlia foi constitu\u00edda.<\/p>\n<p>Deus Pai enviou Jesus com a natureza divina e a natureza humana: o Verbo encarnado, trazendo a sua reden\u00e7\u00e3o para todos os seres humanos. Ou seja: a salva\u00e7\u00e3o do ser humano somente se d\u00e1 atrav\u00e9s de Jesus, quem crer e seguir ter\u00e1 a vida eterna no Reino de Deus.<\/p>\n<p>Assim,Jesus nasceu numa verdadeira fam\u00edlia para receber tudo o que necessitava para crescer e viver, mesmo sendo muito pobre. Teve o amor dos pais unidos pela religi\u00e3o, trabalhadores honrados, solid\u00e1rios com a comunidade, conscientes e respons\u00e1veis por sua forma\u00e7\u00e3o escolar, c\u00edvica, religiosa e profissional. Maria, Jos\u00e9 e Jesus s\u00e3o o s\u00edmbolo da verdadeira fam\u00edlia idealizada pelo Criador.<\/p>\n<p>A \u00fanica diferen\u00e7a, que a tornou a &#8220;Sagrada Fam\u00edlia&#8221;, foi a sua abnega\u00e7\u00e3o, a aceita\u00e7\u00e3o e a ades\u00e3o ao projeto de Deus, com a entrega plena \u00e0s suas disposi\u00e7\u00f5es. Mesmo assim,n\u00e3o perderam sua condi\u00e7\u00e3o humana, imprescind\u00edvel para que todas as profecias se cumprissem.<\/p>\n<p>A fam\u00edlia residiu em Nazar\u00e9 at\u00e9 que Jesus estivesse pronto para desempenhar sua miss\u00e3o.<\/p>\n<p>L\u00e1, Jesus aprendeu a andar, correr, brincar, comer, rezar, cresceu, estudou, foi aprendiz e auxiliar de seu pai adotivo, Jos\u00e9, a quem amava muito e que por ele era muito amado tamb\u00e9m. Foi um filho obediente \u00e0 m\u00e3e, Maria, e demonstrou isso j\u00e1 bem adulto, e na presen\u00e7a dos ap\u00f3stolos, nas bodas de Can\u00e1, quando, a pedido de Maria, operou o milagre do vinho.<\/p>\n<p>Quando o Messias come\u00e7ou a trilhar os caminhos, aldeias e cidades, pregando o Evangelho, era reconhecido como o filho de Jos\u00e9, o carpinteiro da Galil\u00e9ia. At\u00e9 ser identificado como o Filho de Deus aguardado pelo povo eleito, Jesus trabalhou como todas as pessoas fazem. Conheceu as agruras dos oper\u00e1rios, suas dificuldades e o suor necess\u00e1rio para ganhar o p\u00e3o de cada dia.<\/p>\n<p>Essa fam\u00edlia \u00e9 o modelo de todos os tempos. \u00c9 exemplar para toda a sociedade, especialmente nos dias de hoje, t\u00e3o atormentada por div\u00f3rcios e separa\u00e7\u00f5es de tantos casais, com filhos desajustados e todos infelizes. A fam\u00edlia deve ser criada no amor, na compreens\u00e3o, no di\u00e1logo, com consci\u00eancia de que haver\u00e1 momentos dif\u00edceis e crises formais. S\u00f3 a certeza e a firmeza nos prop\u00f3sitos da uni\u00e3o e a f\u00e9 na b\u00ean\u00e7\u00e3o de Deus recebida no casamento far\u00e1 tudo ser superado. Pedir esse sacramento \u00e0 Igreja \u00e9 uma decis\u00e3o de grande responsabilidade, ainda maior nos novos tempos, onde tudo \u00e9 passageiro, f\u00fatil e superficial.<\/p>\n<p>Esta celebra\u00e7\u00e3o serve para que todas as fam\u00edlias se lembrem da humilde Sagrada Fam\u00edlia, que mudou o rumo da humanidade. Ela representa o gesto transcendente de Deus, que se acolheu numa fam\u00edlia humana para ensinar o modo de ser feliz: amar o pr\u00f3ximo como a n\u00f3s mesmos. A Igreja comemora a festa da Sagrada Fam\u00edlia em data m\u00f3vel, no domingo ap\u00f3s o Natal, ou, alternativamente, no dia 29 de dezembro.<\/p>\n<div id=\"themify_builder_content-6907\" data-postid=\"6907\" class=\"themify_builder_content themify_builder_content-6907 themify_builder themify_builder_front\">\n\t<\/div>\n<!-- \/themify_builder_content -->","protected":false},"excerpt":{"rendered":"<p>29 de Dezembro O projeto de Deus para a reden\u00e7\u00e3o de toda a humanidade tem como centro a encarna\u00e7\u00e3o do seu Filho como homem vivendo entre n\u00f3s. Quis que seu amado Filho fosse o exemplo de tudo. Por isso ele foi acolhido no seio de uma verdadeira fam\u00edlia. Uma humilde, boa e honrada fam\u00edlia, ligada [&hellip;]<\/p>\n","protected":false},"author":14,"featured_media":0,"comment_status":"open","ping_status":"open","sticky":false,"template":"","format":"standard","meta":{"ngg_post_thumbnail":0,"footnotes":""},"categories":[186],"tags":[],"yoast_head":"<!-- This site is optimized with the Yoast SEO plugin v23.5 - https:\/\/yoast.com\/wordpress\/plugins\/seo\/ -->\n<title>Sagrada Fam\u00edlia - O Arcanjo no ar<\/title>\n<meta name=\"robots\" content=\"index, follow, max-snippet:-1, max-image-preview:large, max-video-preview:-1\" \/>\n<link rel=\"canonical\" href=\"https:\/\/www.oarcanjo.net\/site\/sagrada-familia\/\" \/>\n<meta property=\"og:locale\" content=\"pt_BR\" \/>\n<meta property=\"og:type\" content=\"article\" \/>\n<meta property=\"og:title\" content=\"Sagrada Fam\u00edlia - O Arcanjo no ar\" \/>\n<meta property=\"og:description\" content=\"29 de Dezembro O projeto de Deus para a reden\u00e7\u00e3o de toda a humanidade tem como centro a encarna\u00e7\u00e3o do seu Filho como homem vivendo entre n\u00f3s. Quis que seu amado Filho fosse o exemplo de tudo. Por isso ele foi acolhido no seio de uma verdadeira fam\u00edlia. Uma humilde, boa e honrada fam\u00edlia, ligada [&hellip;]\" \/>\n<meta property=\"og:url\" content=\"https:\/\/www.oarcanjo.net\/site\/sagrada-familia\/\" \/>\n<meta property=\"og:site_name\" content=\"O Arcanjo no ar\" \/>\n<meta property=\"article:publisher\" content=\"https:\/\/www.facebook.com\/OArcanjoNoAr\/\" \/>\n<meta property=\"article:published_time\" content=\"2017-12-29T02:34:47+00:00\" \/>\n<meta property=\"article:modified_time\" content=\"2017-08-11T18:01:38+00:00\" \/>\n<meta property=\"og:image\" content=\"https:\/\/www.oarcanjo.net\/site\/wp-content\/uploads\/logo-o-arcanjo-no-ar-facebook.png\" \/>\n\t<meta property=\"og:image:width\" content=\"300\" \/>\n\t<meta property=\"og:image:height\" content=\"300\" \/>\n\t<meta property=\"og:image:type\" content=\"image\/png\" \/>\n<meta name=\"author\" content=\"danilo\" \/>\n<meta name=\"twitter:card\" content=\"summary_large_image\" \/>\n<meta name=\"twitter:label1\" content=\"Escrito por\" \/>\n\t<meta name=\"twitter:data1\" content=\"danilo\" \/>\n\t<meta name=\"twitter:label2\" content=\"Est. tempo de leitura\" \/>\n\t<meta name=\"twitter:data2\" content=\"3 minutos\" \/>\n<script type=\"application\/ld+json\" class=\"yoast-schema-graph\">{\"@context\":\"https:\/\/schema.org\",\"@graph\":[{\"@type\":\"Article\",\"@id\":\"https:\/\/www.oarcanjo.net\/site\/sagrada-familia\/#article\",\"isPartOf\":{\"@id\":\"https:\/\/www.oarcanjo.net\/site\/sagrada-familia\/\"},\"author\":{\"name\":\"danilo\",\"@id\":\"https:\/\/www.oarcanjo.net\/site\/#\/schema\/person\/5eb9480bedd2f3c97e430ce128c29c6c\"},\"headline\":\"Sagrada Fam\u00edlia\",\"datePublished\":\"2017-12-29T02:34:47+00:00\",\"dateModified\":\"2017-08-11T18:01:38+00:00\",\"mainEntityOfPage\":{\"@id\":\"https:\/\/www.oarcanjo.net\/site\/sagrada-familia\/\"},\"wordCount\":594,\"commentCount\":0,\"publisher\":{\"@id\":\"https:\/\/www.oarcanjo.net\/site\/#organization\"},\"articleSection\":[\"Testemunhos\"],\"inLanguage\":\"pt-BR\",\"potentialAction\":[{\"@type\":\"CommentAction\",\"name\":\"Comment\",\"target\":[\"https:\/\/www.oarcanjo.net\/site\/sagrada-familia\/#respond\"]}]},{\"@type\":\"WebPage\",\"@id\":\"https:\/\/www.oarcanjo.net\/site\/sagrada-familia\/\",\"url\":\"https:\/\/www.oarcanjo.net\/site\/sagrada-familia\/\",\"name\":\"Sagrada Fam\u00edlia - O Arcanjo no ar\",\"isPartOf\":{\"@id\":\"https:\/\/www.oarcanjo.net\/site\/#website\"},\"datePublished\":\"2017-12-29T02:34:47+00:00\",\"dateModified\":\"2017-08-11T18:01:38+00:00\",\"breadcrumb\":{\"@id\":\"https:\/\/www.oarcanjo.net\/site\/sagrada-familia\/#breadcrumb\"},\"inLanguage\":\"pt-BR\",\"potentialAction\":[{\"@type\":\"ReadAction\",\"target\":[\"https:\/\/www.oarcanjo.net\/site\/sagrada-familia\/\"]}]},{\"@type\":\"BreadcrumbList\",\"@id\":\"https:\/\/www.oarcanjo.net\/site\/sagrada-familia\/#breadcrumb\",\"itemListElement\":[{\"@type\":\"ListItem\",\"position\":1,\"name\":\"In\u00edcio\",\"item\":\"https:\/\/www.oarcanjo.net\/site\/\"},{\"@type\":\"ListItem\",\"position\":2,\"name\":\"Sagrada Fam\u00edlia\"}]},{\"@type\":\"WebSite\",\"@id\":\"https:\/\/www.oarcanjo.net\/site\/#website\",\"url\":\"https:\/\/www.oarcanjo.net\/site\/\",\"name\":\"O Arcanjo no ar\",\"description\":\"Site da Par\u00f3quia S\u00e3o Miguel Arcanjo (Arquidiocese de SP)\",\"publisher\":{\"@id\":\"https:\/\/www.oarcanjo.net\/site\/#organization\"},\"potentialAction\":[{\"@type\":\"SearchAction\",\"target\":{\"@type\":\"EntryPoint\",\"urlTemplate\":\"https:\/\/www.oarcanjo.net\/site\/?s={search_term_string}\"},\"query-input\":{\"@type\":\"PropertyValueSpecification\",\"valueRequired\":true,\"valueName\":\"search_term_string\"}}],\"inLanguage\":\"pt-BR\"},{\"@type\":\"Organization\",\"@id\":\"https:\/\/www.oarcanjo.net\/site\/#organization\",\"name\":\"Par\u00f3quia S\u00e3o Miguel Arcanjo\",\"url\":\"https:\/\/www.oarcanjo.net\/site\/\",\"logo\":{\"@type\":\"ImageObject\",\"inLanguage\":\"pt-BR\",\"@id\":\"https:\/\/www.oarcanjo.net\/site\/#\/schema\/logo\/image\/\",\"url\":\"https:\/\/www.oarcanjo.net\/site\/wp-content\/uploads\/LogoOArcanjo.png\",\"contentUrl\":\"https:\/\/www.oarcanjo.net\/site\/wp-content\/uploads\/LogoOArcanjo.png\",\"width\":319,\"height\":99,\"caption\":\"Par\u00f3quia S\u00e3o Miguel Arcanjo\"},\"image\":{\"@id\":\"https:\/\/www.oarcanjo.net\/site\/#\/schema\/logo\/image\/\"},\"sameAs\":[\"https:\/\/www.facebook.com\/OArcanjoNoAr\/\"]},{\"@type\":\"Person\",\"@id\":\"https:\/\/www.oarcanjo.net\/site\/#\/schema\/person\/5eb9480bedd2f3c97e430ce128c29c6c\",\"name\":\"danilo\"}]}<\/script>\n<!-- \/ Yoast SEO plugin. -->","yoast_head_json":{"title":"Sagrada Fam\u00edlia - O Arcanjo no ar","robots":{"index":"index","follow":"follow","max-snippet":"max-snippet:-1","max-image-preview":"max-image-preview:large","max-video-preview":"max-video-preview:-1"},"canonical":"https:\/\/www.oarcanjo.net\/site\/sagrada-familia\/","og_locale":"pt_BR","og_type":"article","og_title":"Sagrada Fam\u00edlia - O Arcanjo no ar","og_description":"29 de Dezembro O projeto de Deus para a reden\u00e7\u00e3o de toda a humanidade tem como centro a encarna\u00e7\u00e3o do seu Filho como homem vivendo entre n\u00f3s. Quis que seu amado Filho fosse o exemplo de tudo. Por isso ele foi acolhido no seio de uma verdadeira fam\u00edlia. Uma humilde, boa e honrada fam\u00edlia, ligada [&hellip;]","og_url":"https:\/\/www.oarcanjo.net\/site\/sagrada-familia\/","og_site_name":"O Arcanjo no ar","article_publisher":"https:\/\/www.facebook.com\/OArcanjoNoAr\/","article_published_time":"2017-12-29T02:34:47+00:00","article_modified_time":"2017-08-11T18:01:38+00:00","og_image":[{"width":300,"height":300,"url":"https:\/\/www.oarcanjo.net\/site\/wp-content\/uploads\/logo-o-arcanjo-no-ar-facebook.png","type":"image\/png"}],"author":"danilo","twitter_card":"summary_large_image","twitter_misc":{"Escrito por":"danilo","Est. tempo de leitura":"3 minutos"},"schema":{"@context":"https:\/\/schema.org","@graph":[{"@type":"Article","@id":"https:\/\/www.oarcanjo.net\/site\/sagrada-familia\/#article","isPartOf":{"@id":"https:\/\/www.oarcanjo.net\/site\/sagrada-familia\/"},"author":{"name":"danilo","@id":"https:\/\/www.oarcanjo.net\/site\/#\/schema\/person\/5eb9480bedd2f3c97e430ce128c29c6c"},"headline":"Sagrada Fam\u00edlia","datePublished":"2017-12-29T02:34:47+00:00","dateModified":"2017-08-11T18:01:38+00:00","mainEntityOfPage":{"@id":"https:\/\/www.oarcanjo.net\/site\/sagrada-familia\/"},"wordCount":594,"commentCount":0,"publisher":{"@id":"https:\/\/www.oarcanjo.net\/site\/#organization"},"articleSection":["Testemunhos"],"inLanguage":"pt-BR","potentialAction":[{"@type":"CommentAction","name":"Comment","target":["https:\/\/www.oarcanjo.net\/site\/sagrada-familia\/#respond"]}]},{"@type":"WebPage","@id":"https:\/\/www.oarcanjo.net\/site\/sagrada-familia\/","url":"https:\/\/www.oarcanjo.net\/site\/sagrada-familia\/","name":"Sagrada Fam\u00edlia - O Arcanjo no ar","isPartOf":{"@id":"https:\/\/www.oarcanjo.net\/site\/#website"},"datePublished":"2017-12-29T02:34:47+00:00","dateModified":"2017-08-11T18:01:38+00:00","breadcrumb":{"@id":"https:\/\/www.oarcanjo.net\/site\/sagrada-familia\/#breadcrumb"},"inLanguage":"pt-BR","potentialAction":[{"@type":"ReadAction","target":["https:\/\/www.oarcanjo.net\/site\/sagrada-familia\/"]}]},{"@type":"BreadcrumbList","@id":"https:\/\/www.oarcanjo.net\/site\/sagrada-familia\/#breadcrumb","itemListElement":[{"@type":"ListItem","position":1,"name":"In\u00edcio","item":"https:\/\/www.oarcanjo.net\/site\/"},{"@type":"ListItem","position":2,"name":"Sagrada Fam\u00edlia"}]},{"@type":"WebSite","@id":"https:\/\/www.oarcanjo.net\/site\/#website","url":"https:\/\/www.oarcanjo.net\/site\/","name":"O Arcanjo no ar","description":"Site da Par\u00f3quia S\u00e3o Miguel Arcanjo (Arquidiocese de SP)","publisher":{"@id":"https:\/\/www.oarcanjo.net\/site\/#organization"},"potentialAction":[{"@type":"SearchAction","target":{"@type":"EntryPoint","urlTemplate":"https:\/\/www.oarcanjo.net\/site\/?s={search_term_string}"},"query-input":{"@type":"PropertyValueSpecification","valueRequired":true,"valueName":"search_term_string"}}],"inLanguage":"pt-BR"},{"@type":"Organization","@id":"https:\/\/www.oarcanjo.net\/site\/#organization","name":"Par\u00f3quia S\u00e3o Miguel Arcanjo","url":"https:\/\/www.oarcanjo.net\/site\/","logo":{"@type":"ImageObject","inLanguage":"pt-BR","@id":"https:\/\/www.oarcanjo.net\/site\/#\/schema\/logo\/image\/","url":"https:\/\/www.oarcanjo.net\/site\/wp-content\/uploads\/LogoOArcanjo.png","contentUrl":"https:\/\/www.oarcanjo.net\/site\/wp-content\/uploads\/LogoOArcanjo.png","width":319,"height":99,"caption":"Par\u00f3quia S\u00e3o Miguel Arcanjo"},"image":{"@id":"https:\/\/www.oarcanjo.net\/site\/#\/schema\/logo\/image\/"},"sameAs":["https:\/\/www.facebook.com\/OArcanjoNoAr\/"]},{"@type":"Person","@id":"https:\/\/www.oarcanjo.net\/site\/#\/schema\/person\/5eb9480bedd2f3c97e430ce128c29c6c","name":"danilo"}]}},"publishpress_future_action":{"enabled":false,"date":"2026-05-08 15:12:05","action":"category","newStatus":"draft","terms":[],"taxonomy":"category"},"publishpress_future_workflow_manual_trigger":{"enabledWorkflows":[]},"_links":{"self":[{"href":"https:\/\/www.oarcanjo.net\/site\/wp-json\/wp\/v2\/posts\/6907"}],"collection":[{"href":"https:\/\/www.oarcanjo.net\/site\/wp-json\/wp\/v2\/posts"}],"about":[{"href":"https:\/\/www.oarcanjo.net\/site\/wp-json\/wp\/v2\/types\/post"}],"author":[{"embeddable":true,"href":"https:\/\/www.oarcanjo.net\/site\/wp-json\/wp\/v2\/users\/14"}],"replies":[{"embeddable":true,"href":"https:\/\/www.oarcanjo.net\/site\/wp-json\/wp\/v2\/comments?post=6907"}],"version-history":[{"count":0,"href":"https:\/\/www.oarcanjo.net\/site\/wp-json\/wp\/v2\/posts\/6907\/revisions"}],"wp:attachment":[{"href":"https:\/\/www.oarcanjo.net\/site\/wp-json\/wp\/v2\/media?parent=6907"}],"wp:term":[{"taxonomy":"category","embeddable":true,"href":"https:\/\/www.oarcanjo.net\/site\/wp-json\/wp\/v2\/categories?post=6907"},{"taxonomy":"post_tag","embeddable":true,"href":"https:\/\/www.oarcanjo.net\/site\/wp-json\/wp\/v2\/tags?post=6907"}],"curies":[{"name":"wp","href":"https:\/\/api.w.org\/{rel}","templated":true}]}}