
{"id":6910,"date":"2017-12-29T00:38:56","date_gmt":"2017-12-29T02:38:56","guid":{"rendered":"http:\/\/www.oarcanjo.net\/site\/?p=6910"},"modified":"2017-08-11T15:01:43","modified_gmt":"2017-08-11T18:01:43","slug":"sao-tomas-becket","status":"publish","type":"post","link":"https:\/\/www.oarcanjo.net\/site\/sao-tomas-becket\/","title":{"rendered":"S\u00e3o Tom\u00e1s Becket"},"content":{"rendered":"<p><img loading=\"lazy\" decoding=\"async\" src=\"http:\/\/www.tradicioncatolica.com\/images\/santoral\/1229-SANTO-TOMAS-BECKET.jpg\" alt=\"SANTO TOM\u00c1S BECKET, Obispo y M\u00e1rtir\" width=\"267\" height=\"360\" \/><\/p>\n<p>29 de Dezembro<\/p>\n<p>Tom\u00e1s Becket nasceu no dia 21 de dezembro de 1118, em Londres. Era filho de pai normando e cresceu na Corte ao lado do herdeiro do trono, Henrique. Era um dos jovens cortes\u00e3os da comitiva do futuro rei da Inglaterra, um dos amigos \u00edntimos com que Henrique mais tinha afinidade. Era ambicioso, audacioso, gostava das divers\u00f5es com belas mulheres, das ca\u00e7adas e das disputas perigosas. Compartilharam os belos anos da adolesc\u00eancia e da juventude antes que as responsabilidades da Coroa os afastasse.<\/p>\n<p>Quando foi corado Henrique II, a amizade teve uma certa continuidade, porque o rei nomeou Tom\u00e1s seu chanceler. Mas num dado momento Tom\u00e1s voltou seus interesses para a vida religiosa. Passou a dedicar-se ao estudo da doutrina crist\u00e3 e acabou se tornando amigo do arcebispo de Canterbury, Teobaldo. Tom\u00e1s, por sua orienta\u00e7\u00e3o, foi se entregando \u00e0 f\u00e9 de tal modo que deixou de ser o chanceler do rei para ser nomeado arcedi\u00e1cono do religioso.<\/p>\n<p>Quando o arcebispo Teobaldo morreu e o papa concedeu o privil\u00e9gio ao rei de escolher e nomear o sucessor, Henrique II n\u00e3o vacilou em colocar no cargo o amigo.<\/p>\n<p>Mas o rei n\u00e3o sabia que o antigo amigo se tornara, de fato, um fervoroso pastor de almas para o Senhor e ferrenho defensor dos direitos da Igreja de Roma. Tom\u00e1s foi ordenado sacerdote em 1162 e, no dia seguinte, consagrado arcebispo de Canterbury. N\u00e3o demorou muito para indispor-se, imediatamente, com o rei. Negou-se a reconhecer as novas leis das &#8220;constitui\u00e7\u00f5es de Clarendon&#8221;, que permitiam direitos abusivos ao soberano, e teve de fugir para a Fran\u00e7a, para escapar de sua ira.<\/p>\n<p>Ficou no ex\u00edlio por seis anos, at\u00e9 que o papa Alexandre III conseguiu uma paz formal entre os dois. Assim, Tom\u00e1s p\u00f4de voltar para a diocese de Canterbury a fim de reassumir seu cargo. Foi aclamado pelos fi\u00e9is, que o respeitavam e amavam sua integridade de homem e pastor do Senhor. Mas ele sabia o que o esperava e disse a todos: &#8220;Voltei para morrer no meio de v\u00f3s&#8221;. A sua primeira atitude foi logo destituir os bispos que haviam compactuado com o rei, isto \u00e9, aceitado as leis por ele repudiadas. Naquele momento, tamb\u00e9m a paz conseguida com tanta dificuldade acabava.<\/p>\n<p>O rei ficou sabendo e imediatamente pediu que algu\u00e9m tirasse Tom\u00e1s do seu caminho. O arcebispo foi at\u00e9 avisado de que o rei mandaria mat\u00e1-lo, mas n\u00e3o quis fugir novamente. Apenas respondeu com a frase que ficou registrada nos anais da hist\u00f3ria: &#8220;O medo da morte n\u00e3o deve fazer-nos perder de vista a justi\u00e7a&#8221;. Encheu-se de coragem e, vestido com os paramentos sagrados, recebeu os quatro cavaleiros que foram assassin\u00e1-lo. Deixou-se apunhalar sem opor resist\u00eancia. Era o dia 29 de dezembro de 1170.<\/p>\n<p>O pr\u00f3prio papa Alexandre III canonizou Tom\u00e1s Becket tr\u00eas anos depois do seu testemunho de f\u00e9 em Cristo. A sua mem\u00f3ria \u00e9 homenageada com festa lit\u00fargica no dia de sua morte.<\/p>\n<div id=\"themify_builder_content-6910\" data-postid=\"6910\" class=\"themify_builder_content themify_builder_content-6910 themify_builder themify_builder_front\">\n\t<\/div>\n<!-- \/themify_builder_content -->","protected":false},"excerpt":{"rendered":"<p>29 de Dezembro Tom\u00e1s Becket nasceu no dia 21 de dezembro de 1118, em Londres. Era filho de pai normando e cresceu na Corte ao lado do herdeiro do trono, Henrique. Era um dos jovens cortes\u00e3os da comitiva do futuro rei da Inglaterra, um dos amigos \u00edntimos com que Henrique mais tinha afinidade. Era ambicioso, [&hellip;]<\/p>\n","protected":false},"author":14,"featured_media":0,"comment_status":"open","ping_status":"open","sticky":false,"template":"","format":"standard","meta":{"ngg_post_thumbnail":0,"footnotes":""},"categories":[186],"tags":[1373],"yoast_head":"<!-- This site is optimized with the Yoast SEO plugin v23.5 - https:\/\/yoast.com\/wordpress\/plugins\/seo\/ -->\n<title>S\u00e3o Tom\u00e1s Becket - O Arcanjo no ar<\/title>\n<meta name=\"robots\" content=\"index, follow, max-snippet:-1, max-image-preview:large, max-video-preview:-1\" \/>\n<link rel=\"canonical\" href=\"https:\/\/www.oarcanjo.net\/site\/sao-tomas-becket\/\" \/>\n<meta property=\"og:locale\" content=\"pt_BR\" \/>\n<meta property=\"og:type\" content=\"article\" \/>\n<meta property=\"og:title\" content=\"S\u00e3o Tom\u00e1s Becket - O Arcanjo no ar\" \/>\n<meta property=\"og:description\" content=\"29 de Dezembro Tom\u00e1s Becket nasceu no dia 21 de dezembro de 1118, em Londres. Era filho de pai normando e cresceu na Corte ao lado do herdeiro do trono, Henrique. Era um dos jovens cortes\u00e3os da comitiva do futuro rei da Inglaterra, um dos amigos \u00edntimos com que Henrique mais tinha afinidade. Era ambicioso, [&hellip;]\" \/>\n<meta property=\"og:url\" content=\"https:\/\/www.oarcanjo.net\/site\/sao-tomas-becket\/\" \/>\n<meta property=\"og:site_name\" content=\"O Arcanjo no ar\" \/>\n<meta property=\"article:publisher\" content=\"https:\/\/www.facebook.com\/OArcanjoNoAr\/\" \/>\n<meta property=\"article:published_time\" content=\"2017-12-29T02:38:56+00:00\" \/>\n<meta property=\"article:modified_time\" content=\"2017-08-11T18:01:43+00:00\" \/>\n<meta property=\"og:image\" content=\"http:\/\/www.tradicioncatolica.com\/images\/santoral\/1229-SANTO-TOMAS-BECKET.jpg\" \/>\n<meta name=\"author\" content=\"danilo\" \/>\n<meta name=\"twitter:card\" content=\"summary_large_image\" \/>\n<meta name=\"twitter:label1\" content=\"Escrito por\" \/>\n\t<meta name=\"twitter:data1\" content=\"danilo\" \/>\n\t<meta name=\"twitter:label2\" content=\"Est. tempo de leitura\" \/>\n\t<meta name=\"twitter:data2\" content=\"3 minutos\" \/>\n<script type=\"application\/ld+json\" class=\"yoast-schema-graph\">{\"@context\":\"https:\/\/schema.org\",\"@graph\":[{\"@type\":\"Article\",\"@id\":\"https:\/\/www.oarcanjo.net\/site\/sao-tomas-becket\/#article\",\"isPartOf\":{\"@id\":\"https:\/\/www.oarcanjo.net\/site\/sao-tomas-becket\/\"},\"author\":{\"name\":\"danilo\",\"@id\":\"https:\/\/www.oarcanjo.net\/site\/#\/schema\/person\/5eb9480bedd2f3c97e430ce128c29c6c\"},\"headline\":\"S\u00e3o Tom\u00e1s Becket\",\"datePublished\":\"2017-12-29T02:38:56+00:00\",\"dateModified\":\"2017-08-11T18:01:43+00:00\",\"mainEntityOfPage\":{\"@id\":\"https:\/\/www.oarcanjo.net\/site\/sao-tomas-becket\/\"},\"wordCount\":518,\"commentCount\":0,\"publisher\":{\"@id\":\"https:\/\/www.oarcanjo.net\/site\/#organization\"},\"image\":{\"@id\":\"https:\/\/www.oarcanjo.net\/site\/sao-tomas-becket\/#primaryimage\"},\"thumbnailUrl\":\"http:\/\/www.tradicioncatolica.com\/images\/santoral\/1229-SANTO-TOMAS-BECKET.jpg\",\"keywords\":[\"S\u00e3o Tom\u00e1s Becket\"],\"articleSection\":[\"Testemunhos\"],\"inLanguage\":\"pt-BR\",\"potentialAction\":[{\"@type\":\"CommentAction\",\"name\":\"Comment\",\"target\":[\"https:\/\/www.oarcanjo.net\/site\/sao-tomas-becket\/#respond\"]}]},{\"@type\":\"WebPage\",\"@id\":\"https:\/\/www.oarcanjo.net\/site\/sao-tomas-becket\/\",\"url\":\"https:\/\/www.oarcanjo.net\/site\/sao-tomas-becket\/\",\"name\":\"S\u00e3o Tom\u00e1s Becket - O Arcanjo no ar\",\"isPartOf\":{\"@id\":\"https:\/\/www.oarcanjo.net\/site\/#website\"},\"primaryImageOfPage\":{\"@id\":\"https:\/\/www.oarcanjo.net\/site\/sao-tomas-becket\/#primaryimage\"},\"image\":{\"@id\":\"https:\/\/www.oarcanjo.net\/site\/sao-tomas-becket\/#primaryimage\"},\"thumbnailUrl\":\"http:\/\/www.tradicioncatolica.com\/images\/santoral\/1229-SANTO-TOMAS-BECKET.jpg\",\"datePublished\":\"2017-12-29T02:38:56+00:00\",\"dateModified\":\"2017-08-11T18:01:43+00:00\",\"breadcrumb\":{\"@id\":\"https:\/\/www.oarcanjo.net\/site\/sao-tomas-becket\/#breadcrumb\"},\"inLanguage\":\"pt-BR\",\"potentialAction\":[{\"@type\":\"ReadAction\",\"target\":[\"https:\/\/www.oarcanjo.net\/site\/sao-tomas-becket\/\"]}]},{\"@type\":\"ImageObject\",\"inLanguage\":\"pt-BR\",\"@id\":\"https:\/\/www.oarcanjo.net\/site\/sao-tomas-becket\/#primaryimage\",\"url\":\"http:\/\/www.tradicioncatolica.com\/images\/santoral\/1229-SANTO-TOMAS-BECKET.jpg\",\"contentUrl\":\"http:\/\/www.tradicioncatolica.com\/images\/santoral\/1229-SANTO-TOMAS-BECKET.jpg\"},{\"@type\":\"BreadcrumbList\",\"@id\":\"https:\/\/www.oarcanjo.net\/site\/sao-tomas-becket\/#breadcrumb\",\"itemListElement\":[{\"@type\":\"ListItem\",\"position\":1,\"name\":\"In\u00edcio\",\"item\":\"https:\/\/www.oarcanjo.net\/site\/\"},{\"@type\":\"ListItem\",\"position\":2,\"name\":\"S\u00e3o Tom\u00e1s Becket\"}]},{\"@type\":\"WebSite\",\"@id\":\"https:\/\/www.oarcanjo.net\/site\/#website\",\"url\":\"https:\/\/www.oarcanjo.net\/site\/\",\"name\":\"O Arcanjo no ar\",\"description\":\"Site da Par\u00f3quia S\u00e3o Miguel Arcanjo (Arquidiocese de SP)\",\"publisher\":{\"@id\":\"https:\/\/www.oarcanjo.net\/site\/#organization\"},\"potentialAction\":[{\"@type\":\"SearchAction\",\"target\":{\"@type\":\"EntryPoint\",\"urlTemplate\":\"https:\/\/www.oarcanjo.net\/site\/?s={search_term_string}\"},\"query-input\":{\"@type\":\"PropertyValueSpecification\",\"valueRequired\":true,\"valueName\":\"search_term_string\"}}],\"inLanguage\":\"pt-BR\"},{\"@type\":\"Organization\",\"@id\":\"https:\/\/www.oarcanjo.net\/site\/#organization\",\"name\":\"Par\u00f3quia S\u00e3o Miguel Arcanjo\",\"url\":\"https:\/\/www.oarcanjo.net\/site\/\",\"logo\":{\"@type\":\"ImageObject\",\"inLanguage\":\"pt-BR\",\"@id\":\"https:\/\/www.oarcanjo.net\/site\/#\/schema\/logo\/image\/\",\"url\":\"https:\/\/www.oarcanjo.net\/site\/wp-content\/uploads\/LogoOArcanjo.png\",\"contentUrl\":\"https:\/\/www.oarcanjo.net\/site\/wp-content\/uploads\/LogoOArcanjo.png\",\"width\":319,\"height\":99,\"caption\":\"Par\u00f3quia S\u00e3o Miguel Arcanjo\"},\"image\":{\"@id\":\"https:\/\/www.oarcanjo.net\/site\/#\/schema\/logo\/image\/\"},\"sameAs\":[\"https:\/\/www.facebook.com\/OArcanjoNoAr\/\"]},{\"@type\":\"Person\",\"@id\":\"https:\/\/www.oarcanjo.net\/site\/#\/schema\/person\/5eb9480bedd2f3c97e430ce128c29c6c\",\"name\":\"danilo\"}]}<\/script>\n<!-- \/ Yoast SEO plugin. -->","yoast_head_json":{"title":"S\u00e3o Tom\u00e1s Becket - O Arcanjo no ar","robots":{"index":"index","follow":"follow","max-snippet":"max-snippet:-1","max-image-preview":"max-image-preview:large","max-video-preview":"max-video-preview:-1"},"canonical":"https:\/\/www.oarcanjo.net\/site\/sao-tomas-becket\/","og_locale":"pt_BR","og_type":"article","og_title":"S\u00e3o Tom\u00e1s Becket - O Arcanjo no ar","og_description":"29 de Dezembro Tom\u00e1s Becket nasceu no dia 21 de dezembro de 1118, em Londres. Era filho de pai normando e cresceu na Corte ao lado do herdeiro do trono, Henrique. Era um dos jovens cortes\u00e3os da comitiva do futuro rei da Inglaterra, um dos amigos \u00edntimos com que Henrique mais tinha afinidade. Era ambicioso, [&hellip;]","og_url":"https:\/\/www.oarcanjo.net\/site\/sao-tomas-becket\/","og_site_name":"O Arcanjo no ar","article_publisher":"https:\/\/www.facebook.com\/OArcanjoNoAr\/","article_published_time":"2017-12-29T02:38:56+00:00","article_modified_time":"2017-08-11T18:01:43+00:00","og_image":[{"url":"http:\/\/www.tradicioncatolica.com\/images\/santoral\/1229-SANTO-TOMAS-BECKET.jpg"}],"author":"danilo","twitter_card":"summary_large_image","twitter_misc":{"Escrito por":"danilo","Est. tempo de leitura":"3 minutos"},"schema":{"@context":"https:\/\/schema.org","@graph":[{"@type":"Article","@id":"https:\/\/www.oarcanjo.net\/site\/sao-tomas-becket\/#article","isPartOf":{"@id":"https:\/\/www.oarcanjo.net\/site\/sao-tomas-becket\/"},"author":{"name":"danilo","@id":"https:\/\/www.oarcanjo.net\/site\/#\/schema\/person\/5eb9480bedd2f3c97e430ce128c29c6c"},"headline":"S\u00e3o Tom\u00e1s Becket","datePublished":"2017-12-29T02:38:56+00:00","dateModified":"2017-08-11T18:01:43+00:00","mainEntityOfPage":{"@id":"https:\/\/www.oarcanjo.net\/site\/sao-tomas-becket\/"},"wordCount":518,"commentCount":0,"publisher":{"@id":"https:\/\/www.oarcanjo.net\/site\/#organization"},"image":{"@id":"https:\/\/www.oarcanjo.net\/site\/sao-tomas-becket\/#primaryimage"},"thumbnailUrl":"http:\/\/www.tradicioncatolica.com\/images\/santoral\/1229-SANTO-TOMAS-BECKET.jpg","keywords":["S\u00e3o Tom\u00e1s Becket"],"articleSection":["Testemunhos"],"inLanguage":"pt-BR","potentialAction":[{"@type":"CommentAction","name":"Comment","target":["https:\/\/www.oarcanjo.net\/site\/sao-tomas-becket\/#respond"]}]},{"@type":"WebPage","@id":"https:\/\/www.oarcanjo.net\/site\/sao-tomas-becket\/","url":"https:\/\/www.oarcanjo.net\/site\/sao-tomas-becket\/","name":"S\u00e3o Tom\u00e1s Becket - O Arcanjo no ar","isPartOf":{"@id":"https:\/\/www.oarcanjo.net\/site\/#website"},"primaryImageOfPage":{"@id":"https:\/\/www.oarcanjo.net\/site\/sao-tomas-becket\/#primaryimage"},"image":{"@id":"https:\/\/www.oarcanjo.net\/site\/sao-tomas-becket\/#primaryimage"},"thumbnailUrl":"http:\/\/www.tradicioncatolica.com\/images\/santoral\/1229-SANTO-TOMAS-BECKET.jpg","datePublished":"2017-12-29T02:38:56+00:00","dateModified":"2017-08-11T18:01:43+00:00","breadcrumb":{"@id":"https:\/\/www.oarcanjo.net\/site\/sao-tomas-becket\/#breadcrumb"},"inLanguage":"pt-BR","potentialAction":[{"@type":"ReadAction","target":["https:\/\/www.oarcanjo.net\/site\/sao-tomas-becket\/"]}]},{"@type":"ImageObject","inLanguage":"pt-BR","@id":"https:\/\/www.oarcanjo.net\/site\/sao-tomas-becket\/#primaryimage","url":"http:\/\/www.tradicioncatolica.com\/images\/santoral\/1229-SANTO-TOMAS-BECKET.jpg","contentUrl":"http:\/\/www.tradicioncatolica.com\/images\/santoral\/1229-SANTO-TOMAS-BECKET.jpg"},{"@type":"BreadcrumbList","@id":"https:\/\/www.oarcanjo.net\/site\/sao-tomas-becket\/#breadcrumb","itemListElement":[{"@type":"ListItem","position":1,"name":"In\u00edcio","item":"https:\/\/www.oarcanjo.net\/site\/"},{"@type":"ListItem","position":2,"name":"S\u00e3o Tom\u00e1s Becket"}]},{"@type":"WebSite","@id":"https:\/\/www.oarcanjo.net\/site\/#website","url":"https:\/\/www.oarcanjo.net\/site\/","name":"O Arcanjo no ar","description":"Site da Par\u00f3quia S\u00e3o Miguel Arcanjo (Arquidiocese de SP)","publisher":{"@id":"https:\/\/www.oarcanjo.net\/site\/#organization"},"potentialAction":[{"@type":"SearchAction","target":{"@type":"EntryPoint","urlTemplate":"https:\/\/www.oarcanjo.net\/site\/?s={search_term_string}"},"query-input":{"@type":"PropertyValueSpecification","valueRequired":true,"valueName":"search_term_string"}}],"inLanguage":"pt-BR"},{"@type":"Organization","@id":"https:\/\/www.oarcanjo.net\/site\/#organization","name":"Par\u00f3quia S\u00e3o Miguel Arcanjo","url":"https:\/\/www.oarcanjo.net\/site\/","logo":{"@type":"ImageObject","inLanguage":"pt-BR","@id":"https:\/\/www.oarcanjo.net\/site\/#\/schema\/logo\/image\/","url":"https:\/\/www.oarcanjo.net\/site\/wp-content\/uploads\/LogoOArcanjo.png","contentUrl":"https:\/\/www.oarcanjo.net\/site\/wp-content\/uploads\/LogoOArcanjo.png","width":319,"height":99,"caption":"Par\u00f3quia S\u00e3o Miguel Arcanjo"},"image":{"@id":"https:\/\/www.oarcanjo.net\/site\/#\/schema\/logo\/image\/"},"sameAs":["https:\/\/www.facebook.com\/OArcanjoNoAr\/"]},{"@type":"Person","@id":"https:\/\/www.oarcanjo.net\/site\/#\/schema\/person\/5eb9480bedd2f3c97e430ce128c29c6c","name":"danilo"}]}},"publishpress_future_action":{"enabled":false,"date":"2026-05-08 15:12:06","action":"category","newStatus":"draft","terms":[],"taxonomy":"category"},"publishpress_future_workflow_manual_trigger":{"enabledWorkflows":[]},"_links":{"self":[{"href":"https:\/\/www.oarcanjo.net\/site\/wp-json\/wp\/v2\/posts\/6910"}],"collection":[{"href":"https:\/\/www.oarcanjo.net\/site\/wp-json\/wp\/v2\/posts"}],"about":[{"href":"https:\/\/www.oarcanjo.net\/site\/wp-json\/wp\/v2\/types\/post"}],"author":[{"embeddable":true,"href":"https:\/\/www.oarcanjo.net\/site\/wp-json\/wp\/v2\/users\/14"}],"replies":[{"embeddable":true,"href":"https:\/\/www.oarcanjo.net\/site\/wp-json\/wp\/v2\/comments?post=6910"}],"version-history":[{"count":0,"href":"https:\/\/www.oarcanjo.net\/site\/wp-json\/wp\/v2\/posts\/6910\/revisions"}],"wp:attachment":[{"href":"https:\/\/www.oarcanjo.net\/site\/wp-json\/wp\/v2\/media?parent=6910"}],"wp:term":[{"taxonomy":"category","embeddable":true,"href":"https:\/\/www.oarcanjo.net\/site\/wp-json\/wp\/v2\/categories?post=6910"},{"taxonomy":"post_tag","embeddable":true,"href":"https:\/\/www.oarcanjo.net\/site\/wp-json\/wp\/v2\/tags?post=6910"}],"curies":[{"name":"wp","href":"https:\/\/api.w.org\/{rel}","templated":true}]}}