
{"id":6913,"date":"2017-12-30T00:40:14","date_gmt":"2017-12-30T02:40:14","guid":{"rendered":"http:\/\/www.oarcanjo.net\/site\/?p=6913"},"modified":"2017-08-11T15:01:50","modified_gmt":"2017-08-11T18:01:50","slug":"sao-rugero","status":"publish","type":"post","link":"https:\/\/www.oarcanjo.net\/site\/sao-rugero\/","title":{"rendered":"S\u00e3o Rugero"},"content":{"rendered":"<p><img decoding=\"async\" src=\"http:\/\/www.bethania.com.br\/img\/r-275-206-80\/conteudo\/santos\/97\/rugero.gif\" alt=\"\" \/><\/p>\n<p>30 de Dezembro<\/p>\n<p>Rugero nasceu entre 1060 e 1070, na c\u00e9lebre e antiga cidade italiana de Cane. O seu nome, de origem normanda, sugere que seja essa a sua origem. Al\u00e9m dessas poucas refer\u00eancias imprecisas, nada mais se sabe sobre sua vida na inf\u00e2ncia e juventude. Mas ele era respeitado, pelos habitantes da cidade, como um homem trabalhador, bom, caridoso e muito penitente. Quando o bispo de Cane morreu, os fi\u00e9is quiseram que Rugero ficasse no seu lugar de pastor. E foi o que aconteceu: aos trinta anos de idade, ele foi consagrado bispo de Cane.<\/p>\n<p>No s\u00e9culo II, essa cidade havia sido destru\u00edda pelo imperador An\u00edbal, quando expulsou o ex\u00e9rcito romano. Depois, ela retomou sua import\u00e2ncia no per\u00edodo medieval, sendo at\u00e9 mesmo uma sede episcopal. No s\u00e9culo XI, mais precisamente em 1083, por causa da rivalidade entre o conde de Cane e o duque de Puglia, localidade vizinha, a cidade ficou novamente em ru\u00ednas.<\/p>\n<p>O bispo Rugero assumiu a dire\u00e7\u00e3o da diocese dentro de um clima de prostra\u00e7\u00e3o geral.<\/p>\n<p>Assim, depois desse desastre, seu primeiro dever era tratar da sobreviv\u00eancia da popula\u00e7\u00e3o abatida pelo flagelo das epidemias do p\u00f3s-guerra. Ele transformou a sua sede numa hospedaria aberta dia e noite, para abrigar viajantes, peregrinos e as vi\u00favas com seus \u00f3rf\u00e3os. Possuindo o dom da cura, socorria a todos, incans\u00e1vel, andando por todos os cantos, descal\u00e7o. Doava tudo o que fosse poss\u00edvel e a sua carruagem era usada apenas para transportar os doentes e as crian\u00e7as.<\/p>\n<p>Todavia esse s\u00e9culo tamb\u00e9m foi um per\u00edodo conturbado para a hist\u00f3ria da Igreja. Com excessivo poder civil estava dividida entre religiosos corruptos e os que viviam em santidade. Rugero estava entre os que entendiam o episcopado como uma miss\u00e3o e n\u00e3o como uma posi\u00e7\u00e3o de prest\u00edgio para ser usada em benef\u00edcio pr\u00f3prio. Vivia para o seu rebanho, seguindo o ensinamento de s\u00e3o Paulo: &#8220;Tudo para todos&#8221;.<\/p>\n<p>Por tudo isso e por seus dons de conselho e sabedoria, no seu tempo foi estimado por dois papas: Pascoal II e Cel\u00e1sio II. Para ambos, executou miss\u00f5es delicadas e os aconselhou nas quest\u00f5es das rivalidades internas da Igreja, que tentava iniciar sua renova\u00e7\u00e3o.<\/p>\n<p>Entrou rico de merecimentos no Reino de Deus, no dia 30 de dezembro de 1129, em Cane, onde foi sepultado na catedral. Considerado taumaturgo em vida, pelos prod\u00edgios que promovia com a for\u00e7a de suas ora\u00e7\u00f5es, logo depois de sua morte os devotos divulgaram a sua santidade.<\/p>\n<p>No s\u00e9culo XVIII, a cidade de Cane praticamente j\u00e1 n\u00e3o existia. A popula\u00e7\u00e3o se transferira para outra mais pr\u00f3spera, Barleta. Mas eles j\u00e1 cultuavam o querido bispo Rugero como santo. Pediram a transfer\u00eancia das suas rel\u00edquias para a igreja de Santa Maria Maior, em Barleta. Depois, foi acolhido na sepultura definitiva na igreja do Mosteiro de Santo Est\u00eav\u00e3o, atual Santu\u00e1rio de S\u00e3o Rugero. Os devotos o veneram no dia de sua morte como o bispo de Cane e o padroeiro de Barleta. Em 1946, s\u00e3o Rugero foi canonizado pela Igreja.<\/p>\n<div id=\"themify_builder_content-6913\" data-postid=\"6913\" class=\"themify_builder_content themify_builder_content-6913 themify_builder themify_builder_front\">\n\t<\/div>\n<!-- \/themify_builder_content -->","protected":false},"excerpt":{"rendered":"<p>30 de Dezembro Rugero nasceu entre 1060 e 1070, na c\u00e9lebre e antiga cidade italiana de Cane. O seu nome, de origem normanda, sugere que seja essa a sua origem. Al\u00e9m dessas poucas refer\u00eancias imprecisas, nada mais se sabe sobre sua vida na inf\u00e2ncia e juventude. Mas ele era respeitado, pelos habitantes da cidade, como [&hellip;]<\/p>\n","protected":false},"author":14,"featured_media":0,"comment_status":"open","ping_status":"open","sticky":false,"template":"","format":"standard","meta":{"ngg_post_thumbnail":0,"footnotes":""},"categories":[186],"tags":[1377],"yoast_head":"<!-- This site is optimized with the Yoast SEO plugin v23.5 - https:\/\/yoast.com\/wordpress\/plugins\/seo\/ -->\n<title>S\u00e3o Rugero - O Arcanjo no ar<\/title>\n<meta name=\"robots\" content=\"index, follow, max-snippet:-1, max-image-preview:large, max-video-preview:-1\" \/>\n<link rel=\"canonical\" href=\"https:\/\/www.oarcanjo.net\/site\/sao-rugero\/\" \/>\n<meta property=\"og:locale\" content=\"pt_BR\" \/>\n<meta property=\"og:type\" content=\"article\" \/>\n<meta property=\"og:title\" content=\"S\u00e3o Rugero - O Arcanjo no ar\" \/>\n<meta property=\"og:description\" content=\"30 de Dezembro Rugero nasceu entre 1060 e 1070, na c\u00e9lebre e antiga cidade italiana de Cane. O seu nome, de origem normanda, sugere que seja essa a sua origem. Al\u00e9m dessas poucas refer\u00eancias imprecisas, nada mais se sabe sobre sua vida na inf\u00e2ncia e juventude. Mas ele era respeitado, pelos habitantes da cidade, como [&hellip;]\" \/>\n<meta property=\"og:url\" content=\"https:\/\/www.oarcanjo.net\/site\/sao-rugero\/\" \/>\n<meta property=\"og:site_name\" content=\"O Arcanjo no ar\" \/>\n<meta property=\"article:publisher\" content=\"https:\/\/www.facebook.com\/OArcanjoNoAr\/\" \/>\n<meta property=\"article:published_time\" content=\"2017-12-30T02:40:14+00:00\" \/>\n<meta property=\"article:modified_time\" content=\"2017-08-11T18:01:50+00:00\" \/>\n<meta property=\"og:image\" content=\"http:\/\/www.bethania.com.br\/img\/r-275-206-80\/conteudo\/santos\/97\/rugero.gif\" \/>\n<meta name=\"author\" content=\"danilo\" \/>\n<meta name=\"twitter:card\" content=\"summary_large_image\" \/>\n<meta name=\"twitter:label1\" content=\"Escrito por\" \/>\n\t<meta name=\"twitter:data1\" content=\"danilo\" \/>\n\t<meta name=\"twitter:label2\" content=\"Est. tempo de leitura\" \/>\n\t<meta name=\"twitter:data2\" content=\"3 minutos\" \/>\n<script type=\"application\/ld+json\" class=\"yoast-schema-graph\">{\"@context\":\"https:\/\/schema.org\",\"@graph\":[{\"@type\":\"Article\",\"@id\":\"https:\/\/www.oarcanjo.net\/site\/sao-rugero\/#article\",\"isPartOf\":{\"@id\":\"https:\/\/www.oarcanjo.net\/site\/sao-rugero\/\"},\"author\":{\"name\":\"danilo\",\"@id\":\"https:\/\/www.oarcanjo.net\/site\/#\/schema\/person\/5eb9480bedd2f3c97e430ce128c29c6c\"},\"headline\":\"S\u00e3o Rugero\",\"datePublished\":\"2017-12-30T02:40:14+00:00\",\"dateModified\":\"2017-08-11T18:01:50+00:00\",\"mainEntityOfPage\":{\"@id\":\"https:\/\/www.oarcanjo.net\/site\/sao-rugero\/\"},\"wordCount\":542,\"commentCount\":0,\"publisher\":{\"@id\":\"https:\/\/www.oarcanjo.net\/site\/#organization\"},\"image\":{\"@id\":\"https:\/\/www.oarcanjo.net\/site\/sao-rugero\/#primaryimage\"},\"thumbnailUrl\":\"http:\/\/www.bethania.com.br\/img\/r-275-206-80\/conteudo\/santos\/97\/rugero.gif\",\"keywords\":[\"S\u00e3o Rugero\"],\"articleSection\":[\"Testemunhos\"],\"inLanguage\":\"pt-BR\",\"potentialAction\":[{\"@type\":\"CommentAction\",\"name\":\"Comment\",\"target\":[\"https:\/\/www.oarcanjo.net\/site\/sao-rugero\/#respond\"]}]},{\"@type\":\"WebPage\",\"@id\":\"https:\/\/www.oarcanjo.net\/site\/sao-rugero\/\",\"url\":\"https:\/\/www.oarcanjo.net\/site\/sao-rugero\/\",\"name\":\"S\u00e3o Rugero - O Arcanjo no ar\",\"isPartOf\":{\"@id\":\"https:\/\/www.oarcanjo.net\/site\/#website\"},\"primaryImageOfPage\":{\"@id\":\"https:\/\/www.oarcanjo.net\/site\/sao-rugero\/#primaryimage\"},\"image\":{\"@id\":\"https:\/\/www.oarcanjo.net\/site\/sao-rugero\/#primaryimage\"},\"thumbnailUrl\":\"http:\/\/www.bethania.com.br\/img\/r-275-206-80\/conteudo\/santos\/97\/rugero.gif\",\"datePublished\":\"2017-12-30T02:40:14+00:00\",\"dateModified\":\"2017-08-11T18:01:50+00:00\",\"breadcrumb\":{\"@id\":\"https:\/\/www.oarcanjo.net\/site\/sao-rugero\/#breadcrumb\"},\"inLanguage\":\"pt-BR\",\"potentialAction\":[{\"@type\":\"ReadAction\",\"target\":[\"https:\/\/www.oarcanjo.net\/site\/sao-rugero\/\"]}]},{\"@type\":\"ImageObject\",\"inLanguage\":\"pt-BR\",\"@id\":\"https:\/\/www.oarcanjo.net\/site\/sao-rugero\/#primaryimage\",\"url\":\"http:\/\/www.bethania.com.br\/img\/r-275-206-80\/conteudo\/santos\/97\/rugero.gif\",\"contentUrl\":\"http:\/\/www.bethania.com.br\/img\/r-275-206-80\/conteudo\/santos\/97\/rugero.gif\"},{\"@type\":\"BreadcrumbList\",\"@id\":\"https:\/\/www.oarcanjo.net\/site\/sao-rugero\/#breadcrumb\",\"itemListElement\":[{\"@type\":\"ListItem\",\"position\":1,\"name\":\"In\u00edcio\",\"item\":\"https:\/\/www.oarcanjo.net\/site\/\"},{\"@type\":\"ListItem\",\"position\":2,\"name\":\"S\u00e3o Rugero\"}]},{\"@type\":\"WebSite\",\"@id\":\"https:\/\/www.oarcanjo.net\/site\/#website\",\"url\":\"https:\/\/www.oarcanjo.net\/site\/\",\"name\":\"O Arcanjo no ar\",\"description\":\"Site da Par\u00f3quia S\u00e3o Miguel Arcanjo (Arquidiocese de SP)\",\"publisher\":{\"@id\":\"https:\/\/www.oarcanjo.net\/site\/#organization\"},\"potentialAction\":[{\"@type\":\"SearchAction\",\"target\":{\"@type\":\"EntryPoint\",\"urlTemplate\":\"https:\/\/www.oarcanjo.net\/site\/?s={search_term_string}\"},\"query-input\":{\"@type\":\"PropertyValueSpecification\",\"valueRequired\":true,\"valueName\":\"search_term_string\"}}],\"inLanguage\":\"pt-BR\"},{\"@type\":\"Organization\",\"@id\":\"https:\/\/www.oarcanjo.net\/site\/#organization\",\"name\":\"Par\u00f3quia S\u00e3o Miguel Arcanjo\",\"url\":\"https:\/\/www.oarcanjo.net\/site\/\",\"logo\":{\"@type\":\"ImageObject\",\"inLanguage\":\"pt-BR\",\"@id\":\"https:\/\/www.oarcanjo.net\/site\/#\/schema\/logo\/image\/\",\"url\":\"https:\/\/www.oarcanjo.net\/site\/wp-content\/uploads\/LogoOArcanjo.png\",\"contentUrl\":\"https:\/\/www.oarcanjo.net\/site\/wp-content\/uploads\/LogoOArcanjo.png\",\"width\":319,\"height\":99,\"caption\":\"Par\u00f3quia S\u00e3o Miguel Arcanjo\"},\"image\":{\"@id\":\"https:\/\/www.oarcanjo.net\/site\/#\/schema\/logo\/image\/\"},\"sameAs\":[\"https:\/\/www.facebook.com\/OArcanjoNoAr\/\"]},{\"@type\":\"Person\",\"@id\":\"https:\/\/www.oarcanjo.net\/site\/#\/schema\/person\/5eb9480bedd2f3c97e430ce128c29c6c\",\"name\":\"danilo\"}]}<\/script>\n<!-- \/ Yoast SEO plugin. -->","yoast_head_json":{"title":"S\u00e3o Rugero - O Arcanjo no ar","robots":{"index":"index","follow":"follow","max-snippet":"max-snippet:-1","max-image-preview":"max-image-preview:large","max-video-preview":"max-video-preview:-1"},"canonical":"https:\/\/www.oarcanjo.net\/site\/sao-rugero\/","og_locale":"pt_BR","og_type":"article","og_title":"S\u00e3o Rugero - O Arcanjo no ar","og_description":"30 de Dezembro Rugero nasceu entre 1060 e 1070, na c\u00e9lebre e antiga cidade italiana de Cane. O seu nome, de origem normanda, sugere que seja essa a sua origem. Al\u00e9m dessas poucas refer\u00eancias imprecisas, nada mais se sabe sobre sua vida na inf\u00e2ncia e juventude. Mas ele era respeitado, pelos habitantes da cidade, como [&hellip;]","og_url":"https:\/\/www.oarcanjo.net\/site\/sao-rugero\/","og_site_name":"O Arcanjo no ar","article_publisher":"https:\/\/www.facebook.com\/OArcanjoNoAr\/","article_published_time":"2017-12-30T02:40:14+00:00","article_modified_time":"2017-08-11T18:01:50+00:00","og_image":[{"url":"http:\/\/www.bethania.com.br\/img\/r-275-206-80\/conteudo\/santos\/97\/rugero.gif"}],"author":"danilo","twitter_card":"summary_large_image","twitter_misc":{"Escrito por":"danilo","Est. tempo de leitura":"3 minutos"},"schema":{"@context":"https:\/\/schema.org","@graph":[{"@type":"Article","@id":"https:\/\/www.oarcanjo.net\/site\/sao-rugero\/#article","isPartOf":{"@id":"https:\/\/www.oarcanjo.net\/site\/sao-rugero\/"},"author":{"name":"danilo","@id":"https:\/\/www.oarcanjo.net\/site\/#\/schema\/person\/5eb9480bedd2f3c97e430ce128c29c6c"},"headline":"S\u00e3o Rugero","datePublished":"2017-12-30T02:40:14+00:00","dateModified":"2017-08-11T18:01:50+00:00","mainEntityOfPage":{"@id":"https:\/\/www.oarcanjo.net\/site\/sao-rugero\/"},"wordCount":542,"commentCount":0,"publisher":{"@id":"https:\/\/www.oarcanjo.net\/site\/#organization"},"image":{"@id":"https:\/\/www.oarcanjo.net\/site\/sao-rugero\/#primaryimage"},"thumbnailUrl":"http:\/\/www.bethania.com.br\/img\/r-275-206-80\/conteudo\/santos\/97\/rugero.gif","keywords":["S\u00e3o Rugero"],"articleSection":["Testemunhos"],"inLanguage":"pt-BR","potentialAction":[{"@type":"CommentAction","name":"Comment","target":["https:\/\/www.oarcanjo.net\/site\/sao-rugero\/#respond"]}]},{"@type":"WebPage","@id":"https:\/\/www.oarcanjo.net\/site\/sao-rugero\/","url":"https:\/\/www.oarcanjo.net\/site\/sao-rugero\/","name":"S\u00e3o Rugero - O Arcanjo no ar","isPartOf":{"@id":"https:\/\/www.oarcanjo.net\/site\/#website"},"primaryImageOfPage":{"@id":"https:\/\/www.oarcanjo.net\/site\/sao-rugero\/#primaryimage"},"image":{"@id":"https:\/\/www.oarcanjo.net\/site\/sao-rugero\/#primaryimage"},"thumbnailUrl":"http:\/\/www.bethania.com.br\/img\/r-275-206-80\/conteudo\/santos\/97\/rugero.gif","datePublished":"2017-12-30T02:40:14+00:00","dateModified":"2017-08-11T18:01:50+00:00","breadcrumb":{"@id":"https:\/\/www.oarcanjo.net\/site\/sao-rugero\/#breadcrumb"},"inLanguage":"pt-BR","potentialAction":[{"@type":"ReadAction","target":["https:\/\/www.oarcanjo.net\/site\/sao-rugero\/"]}]},{"@type":"ImageObject","inLanguage":"pt-BR","@id":"https:\/\/www.oarcanjo.net\/site\/sao-rugero\/#primaryimage","url":"http:\/\/www.bethania.com.br\/img\/r-275-206-80\/conteudo\/santos\/97\/rugero.gif","contentUrl":"http:\/\/www.bethania.com.br\/img\/r-275-206-80\/conteudo\/santos\/97\/rugero.gif"},{"@type":"BreadcrumbList","@id":"https:\/\/www.oarcanjo.net\/site\/sao-rugero\/#breadcrumb","itemListElement":[{"@type":"ListItem","position":1,"name":"In\u00edcio","item":"https:\/\/www.oarcanjo.net\/site\/"},{"@type":"ListItem","position":2,"name":"S\u00e3o Rugero"}]},{"@type":"WebSite","@id":"https:\/\/www.oarcanjo.net\/site\/#website","url":"https:\/\/www.oarcanjo.net\/site\/","name":"O Arcanjo no ar","description":"Site da Par\u00f3quia S\u00e3o Miguel Arcanjo (Arquidiocese de SP)","publisher":{"@id":"https:\/\/www.oarcanjo.net\/site\/#organization"},"potentialAction":[{"@type":"SearchAction","target":{"@type":"EntryPoint","urlTemplate":"https:\/\/www.oarcanjo.net\/site\/?s={search_term_string}"},"query-input":{"@type":"PropertyValueSpecification","valueRequired":true,"valueName":"search_term_string"}}],"inLanguage":"pt-BR"},{"@type":"Organization","@id":"https:\/\/www.oarcanjo.net\/site\/#organization","name":"Par\u00f3quia S\u00e3o Miguel Arcanjo","url":"https:\/\/www.oarcanjo.net\/site\/","logo":{"@type":"ImageObject","inLanguage":"pt-BR","@id":"https:\/\/www.oarcanjo.net\/site\/#\/schema\/logo\/image\/","url":"https:\/\/www.oarcanjo.net\/site\/wp-content\/uploads\/LogoOArcanjo.png","contentUrl":"https:\/\/www.oarcanjo.net\/site\/wp-content\/uploads\/LogoOArcanjo.png","width":319,"height":99,"caption":"Par\u00f3quia S\u00e3o Miguel Arcanjo"},"image":{"@id":"https:\/\/www.oarcanjo.net\/site\/#\/schema\/logo\/image\/"},"sameAs":["https:\/\/www.facebook.com\/OArcanjoNoAr\/"]},{"@type":"Person","@id":"https:\/\/www.oarcanjo.net\/site\/#\/schema\/person\/5eb9480bedd2f3c97e430ce128c29c6c","name":"danilo"}]}},"publishpress_future_action":{"enabled":false,"date":"2026-05-08 15:12:49","action":"category","newStatus":"draft","terms":[],"taxonomy":"category"},"publishpress_future_workflow_manual_trigger":{"enabledWorkflows":[]},"_links":{"self":[{"href":"https:\/\/www.oarcanjo.net\/site\/wp-json\/wp\/v2\/posts\/6913"}],"collection":[{"href":"https:\/\/www.oarcanjo.net\/site\/wp-json\/wp\/v2\/posts"}],"about":[{"href":"https:\/\/www.oarcanjo.net\/site\/wp-json\/wp\/v2\/types\/post"}],"author":[{"embeddable":true,"href":"https:\/\/www.oarcanjo.net\/site\/wp-json\/wp\/v2\/users\/14"}],"replies":[{"embeddable":true,"href":"https:\/\/www.oarcanjo.net\/site\/wp-json\/wp\/v2\/comments?post=6913"}],"version-history":[{"count":0,"href":"https:\/\/www.oarcanjo.net\/site\/wp-json\/wp\/v2\/posts\/6913\/revisions"}],"wp:attachment":[{"href":"https:\/\/www.oarcanjo.net\/site\/wp-json\/wp\/v2\/media?parent=6913"}],"wp:term":[{"taxonomy":"category","embeddable":true,"href":"https:\/\/www.oarcanjo.net\/site\/wp-json\/wp\/v2\/categories?post=6913"},{"taxonomy":"post_tag","embeddable":true,"href":"https:\/\/www.oarcanjo.net\/site\/wp-json\/wp\/v2\/tags?post=6913"}],"curies":[{"name":"wp","href":"https:\/\/api.w.org\/{rel}","templated":true}]}}