
{"id":6915,"date":"2017-12-31T00:01:19","date_gmt":"2017-12-31T02:01:19","guid":{"rendered":"http:\/\/www.oarcanjo.net\/site\/?p=6915"},"modified":"2017-08-11T15:01:57","modified_gmt":"2017-08-11T18:01:57","slug":"santa-catarina-laboure-2","status":"publish","type":"post","link":"https:\/\/www.oarcanjo.net\/site\/santa-catarina-laboure-2\/","title":{"rendered":"Santa Catarina Labour\u00e9"},"content":{"rendered":"<p><img loading=\"lazy\" decoding=\"async\" src=\"http:\/\/www.tudook.com\/portalcatolico\/images\/santos8.jpg\" alt=\"\" width=\"191\" height=\"399\" \/><\/p>\n<p>31 de Dezembro<\/p>\n<p>A chamada &#8220;medalha milagrosa&#8221; \u00e9 fruto de uma vis\u00e3o que a religiosa vicentina Catarina Labour\u00e9 teve da Virgem Maria em 1830. Na vis\u00e3o, a Imaculada apareceu como est\u00e1 na imagem e pronunciou a ora\u00e7\u00e3o &#8220;\u00d3 Maria concebida sem pecado, rogai por n\u00f3s, que recorremos a v\u00f3s&#8221;, exatamente como a conhecemos.<\/p>\n<p>Irm\u00e3 Catarina foi batizada com o nome de Zoe de Labour\u00e9. Filha de uma numerosa fam\u00edlia de fazendeiros crist\u00e3os, nasceu em 2 de maio de 1806, na regi\u00e3o de Borgonha, interior da Fran\u00e7a. Na inf\u00e2ncia, ficou \u00f3rf\u00e3 de m\u00e3e e desde ent\u00e3o &#8220;adotou M\u00e3e Maria&#8221; como sua guia, dedicando-lhe grande devo\u00e7\u00e3o. Cresceu estudiosa, obediente e muito piedosa. Aos dezoito anos, a voca\u00e7\u00e3o para a vida religiosa era forte, ent\u00e3o pediu ao pai para segui-la, mas ele relutou.<\/p>\n<p>Dada a insist\u00eancia por anos a fio, ela j\u00e1 estava com vinte e quatro anos, antes de consentir preferiu mand\u00e1-la a Paris, para que testasse sua voca\u00e7\u00e3o. Chegou em abril de 1830 na cidade, e logo percebeu que estava certa na decis\u00e3o, pois n\u00e3o se motivou com os encantos da vida agitada da sociedade urbana. Ent\u00e3o, em maio, com autoriza\u00e7\u00e3o de seu pai, iniciou o noviciado no Convento das Filhas da Caridade de S\u00e3o Vicente de Paulo, em Paris mesmo.<\/p>\n<p>Quando recebeu o h\u00e1bito das vicentinas, mudou o nome para irm\u00e3 Catarina. A jovem novi\u00e7a impressionava pelo fervor com que rezava na capela das vicentinas, diante do relic\u00e1rio de s\u00e3o Vicente de Paulo, onde tinha constantes vis\u00f5es. Contou ao confessor que primeiro lhe apareceu v\u00e1rias vezes o fundador, depois as vis\u00f5es foram substitu\u00eddas por Jesus eucar\u00edstico e Cristo Rei, em junho do mesmo ano. Orientada pelo confessor, continuou com as ora\u00e7\u00f5es, mas anotando tudo o que lhe acontecia nesses per\u00edodos. Assim fez, e continuou o seu trabalho num hospital de Paris.<\/p>\n<p>Em junho, sempre de 1830, teve um ciclo de cinco apari\u00e7\u00f5es da Imaculada da medalha milagrosa, sendo tr\u00eas consideradas mais significativas. A primeira delas foi na noite de 18 de junho, quanto veio um anjo e a conduziu \u00e0 capela da Casa-m\u00e3e, onde Catarina conversou mais de duas horas com Nossa Senhora, que avisou sobre os novos encontros.<\/p>\n<p>Ela voltou a aparecer em novembro e dezembro. A que mais chamou a aten\u00e7\u00e3o foi a de 27 de novembro, quando veio em duas seq\u00fc\u00eancias, que, por uma intui\u00e7\u00e3o interior, Catarina pensou em cunhar numa medalha. Foi assim que surgiram as primeiras, em junho do ano seguinte. Tamb\u00e9m foi criada a Associa\u00e7\u00e3o das Filhas de Maria Imaculada, que propagou o culto a Nossa Senhora Imaculada atrav\u00e9s da medalha. Desde aquela \u00e9poca, passou a ser conhecida como &#8220;a medalha milagrosa&#8221;, pelas centenas de curas, gra\u00e7as e convers\u00f5es que produziu por intercess\u00e3o de Maria.<\/p>\n<p>Depois disso, as vis\u00f5es terminaram. Catarina Labour\u00e9 morreu em 31 de dezembro de 1876, em Paris, onde trabalhou quarenta e cinco anos, no mesmo hospital designado desde o in\u00edcio de sua miss\u00e3o de religiosa vicentina.<\/p>\n<p>Foi beatificada, em 1933, pelo papa Pio XI e canonizada pelo papa Pio XII em 1947. Seu corpo est\u00e1 guardado num esquife de cristal na capela onde ocorreram as apari\u00e7\u00f5es. Para a fam\u00edlia vicentina, o Vaticano autorizou uma festa no dia 28 de novembro. A celebra\u00e7\u00e3o universal a santa Catarina Labour\u00e9 foi marcada no dia de sua morte pela Igreja de Roma.<\/p>\n<p><img loading=\"lazy\" decoding=\"async\" src=\"http:\/\/www.servidomini.com.br\/igrejacatolica\/incorrupcao\/m_incorrupcao2.jpg\" alt=\"Santa Catarina Laboure\" width=\"600\" height=\"376\" \/><\/p>\n<p><strong>Corpo incorrupto de Santa Catarina Laboure<\/strong><\/p>\n<div id=\"themify_builder_content-6915\" data-postid=\"6915\" class=\"themify_builder_content themify_builder_content-6915 themify_builder themify_builder_front\">\n\t<\/div>\n<!-- \/themify_builder_content -->","protected":false},"excerpt":{"rendered":"<p>31 de Dezembro A chamada &#8220;medalha milagrosa&#8221; \u00e9 fruto de uma vis\u00e3o que a religiosa vicentina Catarina Labour\u00e9 teve da Virgem Maria em 1830. Na vis\u00e3o, a Imaculada apareceu como est\u00e1 na imagem e pronunciou a ora\u00e7\u00e3o &#8220;\u00d3 Maria concebida sem pecado, rogai por n\u00f3s, que recorremos a v\u00f3s&#8221;, exatamente como a conhecemos. Irm\u00e3 Catarina [&hellip;]<\/p>\n","protected":false},"author":14,"featured_media":0,"comment_status":"open","ping_status":"open","sticky":false,"template":"","format":"standard","meta":{"ngg_post_thumbnail":0,"footnotes":""},"categories":[186],"tags":[],"yoast_head":"<!-- This site is optimized with the Yoast SEO plugin v23.5 - https:\/\/yoast.com\/wordpress\/plugins\/seo\/ -->\n<title>Santa Catarina Labour\u00e9 - O Arcanjo no ar<\/title>\n<meta name=\"robots\" content=\"index, follow, max-snippet:-1, max-image-preview:large, max-video-preview:-1\" \/>\n<link rel=\"canonical\" href=\"https:\/\/www.oarcanjo.net\/site\/santa-catarina-laboure-2\/\" \/>\n<meta property=\"og:locale\" content=\"pt_BR\" \/>\n<meta property=\"og:type\" content=\"article\" \/>\n<meta property=\"og:title\" content=\"Santa Catarina Labour\u00e9 - O Arcanjo no ar\" \/>\n<meta property=\"og:description\" content=\"31 de Dezembro A chamada &#8220;medalha milagrosa&#8221; \u00e9 fruto de uma vis\u00e3o que a religiosa vicentina Catarina Labour\u00e9 teve da Virgem Maria em 1830. Na vis\u00e3o, a Imaculada apareceu como est\u00e1 na imagem e pronunciou a ora\u00e7\u00e3o &#8220;\u00d3 Maria concebida sem pecado, rogai por n\u00f3s, que recorremos a v\u00f3s&#8221;, exatamente como a conhecemos. Irm\u00e3 Catarina [&hellip;]\" \/>\n<meta property=\"og:url\" content=\"https:\/\/www.oarcanjo.net\/site\/santa-catarina-laboure-2\/\" \/>\n<meta property=\"og:site_name\" content=\"O Arcanjo no ar\" \/>\n<meta property=\"article:publisher\" content=\"https:\/\/www.facebook.com\/OArcanjoNoAr\/\" \/>\n<meta property=\"article:published_time\" content=\"2017-12-31T02:01:19+00:00\" \/>\n<meta property=\"article:modified_time\" content=\"2017-08-11T18:01:57+00:00\" \/>\n<meta property=\"og:image\" content=\"http:\/\/www.tudook.com\/portalcatolico\/images\/santos8.jpg\" \/>\n<meta name=\"author\" content=\"danilo\" \/>\n<meta name=\"twitter:card\" content=\"summary_large_image\" \/>\n<meta name=\"twitter:label1\" content=\"Escrito por\" \/>\n\t<meta name=\"twitter:data1\" content=\"danilo\" \/>\n\t<meta name=\"twitter:label2\" content=\"Est. tempo de leitura\" \/>\n\t<meta name=\"twitter:data2\" content=\"3 minutos\" \/>\n<script type=\"application\/ld+json\" class=\"yoast-schema-graph\">{\"@context\":\"https:\/\/schema.org\",\"@graph\":[{\"@type\":\"Article\",\"@id\":\"https:\/\/www.oarcanjo.net\/site\/santa-catarina-laboure-2\/#article\",\"isPartOf\":{\"@id\":\"https:\/\/www.oarcanjo.net\/site\/santa-catarina-laboure-2\/\"},\"author\":{\"name\":\"danilo\",\"@id\":\"https:\/\/www.oarcanjo.net\/site\/#\/schema\/person\/5eb9480bedd2f3c97e430ce128c29c6c\"},\"headline\":\"Santa Catarina Labour\u00e9\",\"datePublished\":\"2017-12-31T02:01:19+00:00\",\"dateModified\":\"2017-08-11T18:01:57+00:00\",\"mainEntityOfPage\":{\"@id\":\"https:\/\/www.oarcanjo.net\/site\/santa-catarina-laboure-2\/\"},\"wordCount\":594,\"commentCount\":1,\"publisher\":{\"@id\":\"https:\/\/www.oarcanjo.net\/site\/#organization\"},\"image\":{\"@id\":\"https:\/\/www.oarcanjo.net\/site\/santa-catarina-laboure-2\/#primaryimage\"},\"thumbnailUrl\":\"http:\/\/www.tudook.com\/portalcatolico\/images\/santos8.jpg\",\"articleSection\":[\"Testemunhos\"],\"inLanguage\":\"pt-BR\",\"potentialAction\":[{\"@type\":\"CommentAction\",\"name\":\"Comment\",\"target\":[\"https:\/\/www.oarcanjo.net\/site\/santa-catarina-laboure-2\/#respond\"]}]},{\"@type\":\"WebPage\",\"@id\":\"https:\/\/www.oarcanjo.net\/site\/santa-catarina-laboure-2\/\",\"url\":\"https:\/\/www.oarcanjo.net\/site\/santa-catarina-laboure-2\/\",\"name\":\"Santa Catarina Labour\u00e9 - O Arcanjo no ar\",\"isPartOf\":{\"@id\":\"https:\/\/www.oarcanjo.net\/site\/#website\"},\"primaryImageOfPage\":{\"@id\":\"https:\/\/www.oarcanjo.net\/site\/santa-catarina-laboure-2\/#primaryimage\"},\"image\":{\"@id\":\"https:\/\/www.oarcanjo.net\/site\/santa-catarina-laboure-2\/#primaryimage\"},\"thumbnailUrl\":\"http:\/\/www.tudook.com\/portalcatolico\/images\/santos8.jpg\",\"datePublished\":\"2017-12-31T02:01:19+00:00\",\"dateModified\":\"2017-08-11T18:01:57+00:00\",\"breadcrumb\":{\"@id\":\"https:\/\/www.oarcanjo.net\/site\/santa-catarina-laboure-2\/#breadcrumb\"},\"inLanguage\":\"pt-BR\",\"potentialAction\":[{\"@type\":\"ReadAction\",\"target\":[\"https:\/\/www.oarcanjo.net\/site\/santa-catarina-laboure-2\/\"]}]},{\"@type\":\"ImageObject\",\"inLanguage\":\"pt-BR\",\"@id\":\"https:\/\/www.oarcanjo.net\/site\/santa-catarina-laboure-2\/#primaryimage\",\"url\":\"http:\/\/www.tudook.com\/portalcatolico\/images\/santos8.jpg\",\"contentUrl\":\"http:\/\/www.tudook.com\/portalcatolico\/images\/santos8.jpg\"},{\"@type\":\"BreadcrumbList\",\"@id\":\"https:\/\/www.oarcanjo.net\/site\/santa-catarina-laboure-2\/#breadcrumb\",\"itemListElement\":[{\"@type\":\"ListItem\",\"position\":1,\"name\":\"In\u00edcio\",\"item\":\"https:\/\/www.oarcanjo.net\/site\/\"},{\"@type\":\"ListItem\",\"position\":2,\"name\":\"Santa Catarina Labour\u00e9\"}]},{\"@type\":\"WebSite\",\"@id\":\"https:\/\/www.oarcanjo.net\/site\/#website\",\"url\":\"https:\/\/www.oarcanjo.net\/site\/\",\"name\":\"O Arcanjo no ar\",\"description\":\"Site da Par\u00f3quia S\u00e3o Miguel Arcanjo (Arquidiocese de SP)\",\"publisher\":{\"@id\":\"https:\/\/www.oarcanjo.net\/site\/#organization\"},\"potentialAction\":[{\"@type\":\"SearchAction\",\"target\":{\"@type\":\"EntryPoint\",\"urlTemplate\":\"https:\/\/www.oarcanjo.net\/site\/?s={search_term_string}\"},\"query-input\":{\"@type\":\"PropertyValueSpecification\",\"valueRequired\":true,\"valueName\":\"search_term_string\"}}],\"inLanguage\":\"pt-BR\"},{\"@type\":\"Organization\",\"@id\":\"https:\/\/www.oarcanjo.net\/site\/#organization\",\"name\":\"Par\u00f3quia S\u00e3o Miguel Arcanjo\",\"url\":\"https:\/\/www.oarcanjo.net\/site\/\",\"logo\":{\"@type\":\"ImageObject\",\"inLanguage\":\"pt-BR\",\"@id\":\"https:\/\/www.oarcanjo.net\/site\/#\/schema\/logo\/image\/\",\"url\":\"https:\/\/www.oarcanjo.net\/site\/wp-content\/uploads\/LogoOArcanjo.png\",\"contentUrl\":\"https:\/\/www.oarcanjo.net\/site\/wp-content\/uploads\/LogoOArcanjo.png\",\"width\":319,\"height\":99,\"caption\":\"Par\u00f3quia S\u00e3o Miguel Arcanjo\"},\"image\":{\"@id\":\"https:\/\/www.oarcanjo.net\/site\/#\/schema\/logo\/image\/\"},\"sameAs\":[\"https:\/\/www.facebook.com\/OArcanjoNoAr\/\"]},{\"@type\":\"Person\",\"@id\":\"https:\/\/www.oarcanjo.net\/site\/#\/schema\/person\/5eb9480bedd2f3c97e430ce128c29c6c\",\"name\":\"danilo\"}]}<\/script>\n<!-- \/ Yoast SEO plugin. -->","yoast_head_json":{"title":"Santa Catarina Labour\u00e9 - O Arcanjo no ar","robots":{"index":"index","follow":"follow","max-snippet":"max-snippet:-1","max-image-preview":"max-image-preview:large","max-video-preview":"max-video-preview:-1"},"canonical":"https:\/\/www.oarcanjo.net\/site\/santa-catarina-laboure-2\/","og_locale":"pt_BR","og_type":"article","og_title":"Santa Catarina Labour\u00e9 - O Arcanjo no ar","og_description":"31 de Dezembro A chamada &#8220;medalha milagrosa&#8221; \u00e9 fruto de uma vis\u00e3o que a religiosa vicentina Catarina Labour\u00e9 teve da Virgem Maria em 1830. Na vis\u00e3o, a Imaculada apareceu como est\u00e1 na imagem e pronunciou a ora\u00e7\u00e3o &#8220;\u00d3 Maria concebida sem pecado, rogai por n\u00f3s, que recorremos a v\u00f3s&#8221;, exatamente como a conhecemos. Irm\u00e3 Catarina [&hellip;]","og_url":"https:\/\/www.oarcanjo.net\/site\/santa-catarina-laboure-2\/","og_site_name":"O Arcanjo no ar","article_publisher":"https:\/\/www.facebook.com\/OArcanjoNoAr\/","article_published_time":"2017-12-31T02:01:19+00:00","article_modified_time":"2017-08-11T18:01:57+00:00","og_image":[{"url":"http:\/\/www.tudook.com\/portalcatolico\/images\/santos8.jpg"}],"author":"danilo","twitter_card":"summary_large_image","twitter_misc":{"Escrito por":"danilo","Est. tempo de leitura":"3 minutos"},"schema":{"@context":"https:\/\/schema.org","@graph":[{"@type":"Article","@id":"https:\/\/www.oarcanjo.net\/site\/santa-catarina-laboure-2\/#article","isPartOf":{"@id":"https:\/\/www.oarcanjo.net\/site\/santa-catarina-laboure-2\/"},"author":{"name":"danilo","@id":"https:\/\/www.oarcanjo.net\/site\/#\/schema\/person\/5eb9480bedd2f3c97e430ce128c29c6c"},"headline":"Santa Catarina Labour\u00e9","datePublished":"2017-12-31T02:01:19+00:00","dateModified":"2017-08-11T18:01:57+00:00","mainEntityOfPage":{"@id":"https:\/\/www.oarcanjo.net\/site\/santa-catarina-laboure-2\/"},"wordCount":594,"commentCount":1,"publisher":{"@id":"https:\/\/www.oarcanjo.net\/site\/#organization"},"image":{"@id":"https:\/\/www.oarcanjo.net\/site\/santa-catarina-laboure-2\/#primaryimage"},"thumbnailUrl":"http:\/\/www.tudook.com\/portalcatolico\/images\/santos8.jpg","articleSection":["Testemunhos"],"inLanguage":"pt-BR","potentialAction":[{"@type":"CommentAction","name":"Comment","target":["https:\/\/www.oarcanjo.net\/site\/santa-catarina-laboure-2\/#respond"]}]},{"@type":"WebPage","@id":"https:\/\/www.oarcanjo.net\/site\/santa-catarina-laboure-2\/","url":"https:\/\/www.oarcanjo.net\/site\/santa-catarina-laboure-2\/","name":"Santa Catarina Labour\u00e9 - O Arcanjo no ar","isPartOf":{"@id":"https:\/\/www.oarcanjo.net\/site\/#website"},"primaryImageOfPage":{"@id":"https:\/\/www.oarcanjo.net\/site\/santa-catarina-laboure-2\/#primaryimage"},"image":{"@id":"https:\/\/www.oarcanjo.net\/site\/santa-catarina-laboure-2\/#primaryimage"},"thumbnailUrl":"http:\/\/www.tudook.com\/portalcatolico\/images\/santos8.jpg","datePublished":"2017-12-31T02:01:19+00:00","dateModified":"2017-08-11T18:01:57+00:00","breadcrumb":{"@id":"https:\/\/www.oarcanjo.net\/site\/santa-catarina-laboure-2\/#breadcrumb"},"inLanguage":"pt-BR","potentialAction":[{"@type":"ReadAction","target":["https:\/\/www.oarcanjo.net\/site\/santa-catarina-laboure-2\/"]}]},{"@type":"ImageObject","inLanguage":"pt-BR","@id":"https:\/\/www.oarcanjo.net\/site\/santa-catarina-laboure-2\/#primaryimage","url":"http:\/\/www.tudook.com\/portalcatolico\/images\/santos8.jpg","contentUrl":"http:\/\/www.tudook.com\/portalcatolico\/images\/santos8.jpg"},{"@type":"BreadcrumbList","@id":"https:\/\/www.oarcanjo.net\/site\/santa-catarina-laboure-2\/#breadcrumb","itemListElement":[{"@type":"ListItem","position":1,"name":"In\u00edcio","item":"https:\/\/www.oarcanjo.net\/site\/"},{"@type":"ListItem","position":2,"name":"Santa Catarina Labour\u00e9"}]},{"@type":"WebSite","@id":"https:\/\/www.oarcanjo.net\/site\/#website","url":"https:\/\/www.oarcanjo.net\/site\/","name":"O Arcanjo no ar","description":"Site da Par\u00f3quia S\u00e3o Miguel Arcanjo (Arquidiocese de SP)","publisher":{"@id":"https:\/\/www.oarcanjo.net\/site\/#organization"},"potentialAction":[{"@type":"SearchAction","target":{"@type":"EntryPoint","urlTemplate":"https:\/\/www.oarcanjo.net\/site\/?s={search_term_string}"},"query-input":{"@type":"PropertyValueSpecification","valueRequired":true,"valueName":"search_term_string"}}],"inLanguage":"pt-BR"},{"@type":"Organization","@id":"https:\/\/www.oarcanjo.net\/site\/#organization","name":"Par\u00f3quia S\u00e3o Miguel Arcanjo","url":"https:\/\/www.oarcanjo.net\/site\/","logo":{"@type":"ImageObject","inLanguage":"pt-BR","@id":"https:\/\/www.oarcanjo.net\/site\/#\/schema\/logo\/image\/","url":"https:\/\/www.oarcanjo.net\/site\/wp-content\/uploads\/LogoOArcanjo.png","contentUrl":"https:\/\/www.oarcanjo.net\/site\/wp-content\/uploads\/LogoOArcanjo.png","width":319,"height":99,"caption":"Par\u00f3quia S\u00e3o Miguel Arcanjo"},"image":{"@id":"https:\/\/www.oarcanjo.net\/site\/#\/schema\/logo\/image\/"},"sameAs":["https:\/\/www.facebook.com\/OArcanjoNoAr\/"]},{"@type":"Person","@id":"https:\/\/www.oarcanjo.net\/site\/#\/schema\/person\/5eb9480bedd2f3c97e430ce128c29c6c","name":"danilo"}]}},"publishpress_future_action":{"enabled":false,"date":"2026-05-08 16:37:34","action":"category","newStatus":"draft","terms":[],"taxonomy":"category"},"publishpress_future_workflow_manual_trigger":{"enabledWorkflows":[]},"_links":{"self":[{"href":"https:\/\/www.oarcanjo.net\/site\/wp-json\/wp\/v2\/posts\/6915"}],"collection":[{"href":"https:\/\/www.oarcanjo.net\/site\/wp-json\/wp\/v2\/posts"}],"about":[{"href":"https:\/\/www.oarcanjo.net\/site\/wp-json\/wp\/v2\/types\/post"}],"author":[{"embeddable":true,"href":"https:\/\/www.oarcanjo.net\/site\/wp-json\/wp\/v2\/users\/14"}],"replies":[{"embeddable":true,"href":"https:\/\/www.oarcanjo.net\/site\/wp-json\/wp\/v2\/comments?post=6915"}],"version-history":[{"count":0,"href":"https:\/\/www.oarcanjo.net\/site\/wp-json\/wp\/v2\/posts\/6915\/revisions"}],"wp:attachment":[{"href":"https:\/\/www.oarcanjo.net\/site\/wp-json\/wp\/v2\/media?parent=6915"}],"wp:term":[{"taxonomy":"category","embeddable":true,"href":"https:\/\/www.oarcanjo.net\/site\/wp-json\/wp\/v2\/categories?post=6915"},{"taxonomy":"post_tag","embeddable":true,"href":"https:\/\/www.oarcanjo.net\/site\/wp-json\/wp\/v2\/tags?post=6915"}],"curies":[{"name":"wp","href":"https:\/\/api.w.org\/{rel}","templated":true}]}}