
{"id":6925,"date":"2018-01-01T00:05:44","date_gmt":"2018-01-01T02:05:44","guid":{"rendered":"http:\/\/www.oarcanjo.net\/site\/?p=6925"},"modified":"2017-08-11T15:02:28","modified_gmt":"2017-08-11T18:02:28","slug":"santo-fulgencio","status":"publish","type":"post","link":"https:\/\/www.oarcanjo.net\/site\/santo-fulgencio\/","title":{"rendered":"Santo Fulg\u00eancio"},"content":{"rendered":"<p><img loading=\"lazy\" decoding=\"async\" src=\"http:\/\/www.derradeirasgracas.com\/images\/1.%20O%20Santo%20do%20Dia%20-%20Fotos\/Santos%20de%20Janeiro%20-%20%20Fotos\/S\u00e3o%20f\u00e7lug\u00eancio,5.gif\" border=\"0\" alt=\"\" width=\"125\" height=\"159\" \/><\/p>\n<p>1 de Janeiro<\/p>\n<p>F\u00e1bio Cl\u00e1udio Gordiano Fulg\u00eancio nasceu em Cartago, na atual Tun\u00edsia, \u00c1frica, no ano 465. Nasceu numa rica fam\u00edlia crist\u00e3 , seu pai era um senador romano e a m\u00e3e era de uma fam\u00edlia local influente. Teve uma forma\u00e7\u00e3o intelectual excelente, com car\u00e1ter firme, esp\u00edrito de lideran\u00e7a e habilidade para os neg\u00f3cios. Na juventude se destacou na administra\u00e7\u00e3o dos bens da fam\u00edlia, o que o levou a ocupar altos postos no setor p\u00fablico. Fulg\u00eancio era muito culto e educado, interessava-se tanto pela religi\u00e3o quanto pelas artes e literatura. Freq\u00fcentava um mosteiro vizinho, onde orava com os monges e vasculhava sua biblioteca. Os bi\u00f3grafos afirmam que ap\u00f3s ler os coment\u00e1rios de Santo Agostinho sobre o salmo 36, decidiu-se pela vida de austeridade e de solid\u00e3o.<\/p>\n<p>A \u00c1frica romana do seu tempo, era reino o dos Vassalos, com a capital em Cartago, o que vale dizer que os arianos dominavam e os cat\u00f3licos eram s\u00faditos. A conviv\u00eancia era dif\u00edcil e o rei Trasamundo havia recome\u00e7ado as persegui\u00e7\u00f5es. Fulg\u00eancio tentou ir para o Egito ao encontro dos monges do deserto, mas o navio que o transportava teve de ancorar em Siracusa, onde as not\u00edcias dos conflitos da igreja egipciana o fizeram desistir. Em 500, foi a vez de Roma decepcion\u00e1-lo, na \u00e9poca governada por Teodorico, onde os crist\u00e3os tamb\u00e9m estavam submissos. Voltou para a \u00c1frica.<\/p>\n<p>Foi na sua p\u00e1tria que Fulg\u00eancio se ordenou sacerdote. Em 510, o rei que desejava a extin\u00e7\u00e3o total da Igreja, proibiu que houvesse sucessor para os bispos falecidos. Mas os crist\u00e3os os elegeram em segredo, e um deles foi Fulg\u00eancio, designado para a diocese de Ruspe, na Tun\u00edsia mesmo.O rei soube e mandou exilar todos, sessenta, na ilha italiana da Sardenha, que pertencia aos seus dom\u00ednios. Pelo menos l\u00e1, os crist\u00e3os viviam em paz.<\/p>\n<p>No mosteiro do ex\u00edlio, Fulg\u00eancio se tornou professor dos bispos, padres, monges, e conselheiro e pacificador entre a popula\u00e7\u00e3o. Tornou-se, dentro da sua humildade, um l\u00edder, uma figura que nem mesmo o rei podia ignorar. De fato, o rei mandou que viesse para a capital, onde o deixou livre para o minist\u00e9rio sacerdotal, pedindo que o ajudasse no esclarecimento das quest\u00f5es da f\u00e9, ou seja, respeitava muito Fulg\u00eancio. Tanto que o mandou de volta para a Sardenha, para acalmar os s\u00faditos arianos radicais.<\/p>\n<p>Durante os anos em que ali permaneceu, escreveu muito. Al\u00e9m de tratados religiosos, manteve uma vasta correspond\u00eancia com seus disc\u00edpulos e superiores, bem como com as maiores autoridades da Igreja de ent\u00e3o, S\u00f3 quando o rei morreu, Fulg\u00eancio pode retornar para sua p\u00e1tria e sua sede episcopal em Ruspe. Foi recebido em triunfo, reorganizou a diocese, restabeleceu a ordem e a disciplina. Morreu no dia primeiro de janeiro de 533, aos sessenta e oito anos, pregando a caridade como &#8220;o caminho que conduz ao c\u00e9u&#8221;.<\/p>\n<p>O Conc\u00edlo Vaticano II, no decreto sobre a atividade mission\u00e1ria da Igreja, faz men\u00e7\u00e3o ao pensamento de S\u00e3o Fulg\u00eancio expresso em uma carta ao rei Trasamundo. Este Santo, comemorado anteriormente no dia 12 de janeiro, continua ensinado atrav\u00e9s dos s\u00e9culos. A Igreja determinou a festa de S\u00e3o Fulg\u00eancio para o dia de sua morte.<\/p>\n<div id=\"themify_builder_content-6925\" data-postid=\"6925\" class=\"themify_builder_content themify_builder_content-6925 themify_builder themify_builder_front\">\n\t<\/div>\n<!-- \/themify_builder_content -->","protected":false},"excerpt":{"rendered":"<p>1 de Janeiro F\u00e1bio Cl\u00e1udio Gordiano Fulg\u00eancio nasceu em Cartago, na atual Tun\u00edsia, \u00c1frica, no ano 465. Nasceu numa rica fam\u00edlia crist\u00e3 , seu pai era um senador romano e a m\u00e3e era de uma fam\u00edlia local influente. Teve uma forma\u00e7\u00e3o intelectual excelente, com car\u00e1ter firme, esp\u00edrito de lideran\u00e7a e habilidade para os neg\u00f3cios. Na [&hellip;]<\/p>\n","protected":false},"author":14,"featured_media":0,"comment_status":"open","ping_status":"open","sticky":false,"template":"","format":"standard","meta":{"ngg_post_thumbnail":0,"footnotes":""},"categories":[186],"tags":[],"yoast_head":"<!-- This site is optimized with the Yoast SEO plugin v23.5 - https:\/\/yoast.com\/wordpress\/plugins\/seo\/ -->\n<title>Santo Fulg\u00eancio - O Arcanjo no ar<\/title>\n<meta name=\"robots\" content=\"index, follow, max-snippet:-1, max-image-preview:large, max-video-preview:-1\" \/>\n<link rel=\"canonical\" href=\"https:\/\/www.oarcanjo.net\/site\/santo-fulgencio\/\" \/>\n<meta property=\"og:locale\" content=\"pt_BR\" \/>\n<meta property=\"og:type\" content=\"article\" \/>\n<meta property=\"og:title\" content=\"Santo Fulg\u00eancio - O Arcanjo no ar\" \/>\n<meta property=\"og:description\" content=\"1 de Janeiro F\u00e1bio Cl\u00e1udio Gordiano Fulg\u00eancio nasceu em Cartago, na atual Tun\u00edsia, \u00c1frica, no ano 465. Nasceu numa rica fam\u00edlia crist\u00e3 , seu pai era um senador romano e a m\u00e3e era de uma fam\u00edlia local influente. Teve uma forma\u00e7\u00e3o intelectual excelente, com car\u00e1ter firme, esp\u00edrito de lideran\u00e7a e habilidade para os neg\u00f3cios. Na [&hellip;]\" \/>\n<meta property=\"og:url\" content=\"https:\/\/www.oarcanjo.net\/site\/santo-fulgencio\/\" \/>\n<meta property=\"og:site_name\" content=\"O Arcanjo no ar\" \/>\n<meta property=\"article:publisher\" content=\"https:\/\/www.facebook.com\/OArcanjoNoAr\/\" \/>\n<meta property=\"article:published_time\" content=\"2018-01-01T02:05:44+00:00\" \/>\n<meta property=\"article:modified_time\" content=\"2017-08-11T18:02:28+00:00\" \/>\n<meta property=\"og:image\" content=\"https:\/\/www.oarcanjo.net\/site\/wp-content\/uploads\/logo-o-arcanjo-no-ar-facebook.png\" \/>\n\t<meta property=\"og:image:width\" content=\"300\" \/>\n\t<meta property=\"og:image:height\" content=\"300\" \/>\n\t<meta property=\"og:image:type\" content=\"image\/png\" \/>\n<meta name=\"author\" content=\"danilo\" \/>\n<meta name=\"twitter:card\" content=\"summary_large_image\" \/>\n<meta name=\"twitter:label1\" content=\"Escrito por\" \/>\n\t<meta name=\"twitter:data1\" content=\"danilo\" \/>\n\t<meta name=\"twitter:label2\" content=\"Est. tempo de leitura\" \/>\n\t<meta name=\"twitter:data2\" content=\"3 minutos\" \/>\n<script type=\"application\/ld+json\" class=\"yoast-schema-graph\">{\"@context\":\"https:\/\/schema.org\",\"@graph\":[{\"@type\":\"Article\",\"@id\":\"https:\/\/www.oarcanjo.net\/site\/santo-fulgencio\/#article\",\"isPartOf\":{\"@id\":\"https:\/\/www.oarcanjo.net\/site\/santo-fulgencio\/\"},\"author\":{\"name\":\"danilo\",\"@id\":\"https:\/\/www.oarcanjo.net\/site\/#\/schema\/person\/5eb9480bedd2f3c97e430ce128c29c6c\"},\"headline\":\"Santo Fulg\u00eancio\",\"datePublished\":\"2018-01-01T02:05:44+00:00\",\"dateModified\":\"2017-08-11T18:02:28+00:00\",\"mainEntityOfPage\":{\"@id\":\"https:\/\/www.oarcanjo.net\/site\/santo-fulgencio\/\"},\"wordCount\":581,\"commentCount\":0,\"publisher\":{\"@id\":\"https:\/\/www.oarcanjo.net\/site\/#organization\"},\"articleSection\":[\"Testemunhos\"],\"inLanguage\":\"pt-BR\",\"potentialAction\":[{\"@type\":\"CommentAction\",\"name\":\"Comment\",\"target\":[\"https:\/\/www.oarcanjo.net\/site\/santo-fulgencio\/#respond\"]}]},{\"@type\":\"WebPage\",\"@id\":\"https:\/\/www.oarcanjo.net\/site\/santo-fulgencio\/\",\"url\":\"https:\/\/www.oarcanjo.net\/site\/santo-fulgencio\/\",\"name\":\"Santo Fulg\u00eancio - O Arcanjo no ar\",\"isPartOf\":{\"@id\":\"https:\/\/www.oarcanjo.net\/site\/#website\"},\"datePublished\":\"2018-01-01T02:05:44+00:00\",\"dateModified\":\"2017-08-11T18:02:28+00:00\",\"breadcrumb\":{\"@id\":\"https:\/\/www.oarcanjo.net\/site\/santo-fulgencio\/#breadcrumb\"},\"inLanguage\":\"pt-BR\",\"potentialAction\":[{\"@type\":\"ReadAction\",\"target\":[\"https:\/\/www.oarcanjo.net\/site\/santo-fulgencio\/\"]}]},{\"@type\":\"BreadcrumbList\",\"@id\":\"https:\/\/www.oarcanjo.net\/site\/santo-fulgencio\/#breadcrumb\",\"itemListElement\":[{\"@type\":\"ListItem\",\"position\":1,\"name\":\"In\u00edcio\",\"item\":\"https:\/\/www.oarcanjo.net\/site\/\"},{\"@type\":\"ListItem\",\"position\":2,\"name\":\"Santo Fulg\u00eancio\"}]},{\"@type\":\"WebSite\",\"@id\":\"https:\/\/www.oarcanjo.net\/site\/#website\",\"url\":\"https:\/\/www.oarcanjo.net\/site\/\",\"name\":\"O Arcanjo no ar\",\"description\":\"Site da Par\u00f3quia S\u00e3o Miguel Arcanjo (Arquidiocese de SP)\",\"publisher\":{\"@id\":\"https:\/\/www.oarcanjo.net\/site\/#organization\"},\"potentialAction\":[{\"@type\":\"SearchAction\",\"target\":{\"@type\":\"EntryPoint\",\"urlTemplate\":\"https:\/\/www.oarcanjo.net\/site\/?s={search_term_string}\"},\"query-input\":{\"@type\":\"PropertyValueSpecification\",\"valueRequired\":true,\"valueName\":\"search_term_string\"}}],\"inLanguage\":\"pt-BR\"},{\"@type\":\"Organization\",\"@id\":\"https:\/\/www.oarcanjo.net\/site\/#organization\",\"name\":\"Par\u00f3quia S\u00e3o Miguel Arcanjo\",\"url\":\"https:\/\/www.oarcanjo.net\/site\/\",\"logo\":{\"@type\":\"ImageObject\",\"inLanguage\":\"pt-BR\",\"@id\":\"https:\/\/www.oarcanjo.net\/site\/#\/schema\/logo\/image\/\",\"url\":\"https:\/\/www.oarcanjo.net\/site\/wp-content\/uploads\/LogoOArcanjo.png\",\"contentUrl\":\"https:\/\/www.oarcanjo.net\/site\/wp-content\/uploads\/LogoOArcanjo.png\",\"width\":319,\"height\":99,\"caption\":\"Par\u00f3quia S\u00e3o Miguel Arcanjo\"},\"image\":{\"@id\":\"https:\/\/www.oarcanjo.net\/site\/#\/schema\/logo\/image\/\"},\"sameAs\":[\"https:\/\/www.facebook.com\/OArcanjoNoAr\/\"]},{\"@type\":\"Person\",\"@id\":\"https:\/\/www.oarcanjo.net\/site\/#\/schema\/person\/5eb9480bedd2f3c97e430ce128c29c6c\",\"name\":\"danilo\"}]}<\/script>\n<!-- \/ Yoast SEO plugin. -->","yoast_head_json":{"title":"Santo Fulg\u00eancio - O Arcanjo no ar","robots":{"index":"index","follow":"follow","max-snippet":"max-snippet:-1","max-image-preview":"max-image-preview:large","max-video-preview":"max-video-preview:-1"},"canonical":"https:\/\/www.oarcanjo.net\/site\/santo-fulgencio\/","og_locale":"pt_BR","og_type":"article","og_title":"Santo Fulg\u00eancio - O Arcanjo no ar","og_description":"1 de Janeiro F\u00e1bio Cl\u00e1udio Gordiano Fulg\u00eancio nasceu em Cartago, na atual Tun\u00edsia, \u00c1frica, no ano 465. Nasceu numa rica fam\u00edlia crist\u00e3 , seu pai era um senador romano e a m\u00e3e era de uma fam\u00edlia local influente. Teve uma forma\u00e7\u00e3o intelectual excelente, com car\u00e1ter firme, esp\u00edrito de lideran\u00e7a e habilidade para os neg\u00f3cios. Na [&hellip;]","og_url":"https:\/\/www.oarcanjo.net\/site\/santo-fulgencio\/","og_site_name":"O Arcanjo no ar","article_publisher":"https:\/\/www.facebook.com\/OArcanjoNoAr\/","article_published_time":"2018-01-01T02:05:44+00:00","article_modified_time":"2017-08-11T18:02:28+00:00","og_image":[{"width":300,"height":300,"url":"https:\/\/www.oarcanjo.net\/site\/wp-content\/uploads\/logo-o-arcanjo-no-ar-facebook.png","type":"image\/png"}],"author":"danilo","twitter_card":"summary_large_image","twitter_misc":{"Escrito por":"danilo","Est. tempo de leitura":"3 minutos"},"schema":{"@context":"https:\/\/schema.org","@graph":[{"@type":"Article","@id":"https:\/\/www.oarcanjo.net\/site\/santo-fulgencio\/#article","isPartOf":{"@id":"https:\/\/www.oarcanjo.net\/site\/santo-fulgencio\/"},"author":{"name":"danilo","@id":"https:\/\/www.oarcanjo.net\/site\/#\/schema\/person\/5eb9480bedd2f3c97e430ce128c29c6c"},"headline":"Santo Fulg\u00eancio","datePublished":"2018-01-01T02:05:44+00:00","dateModified":"2017-08-11T18:02:28+00:00","mainEntityOfPage":{"@id":"https:\/\/www.oarcanjo.net\/site\/santo-fulgencio\/"},"wordCount":581,"commentCount":0,"publisher":{"@id":"https:\/\/www.oarcanjo.net\/site\/#organization"},"articleSection":["Testemunhos"],"inLanguage":"pt-BR","potentialAction":[{"@type":"CommentAction","name":"Comment","target":["https:\/\/www.oarcanjo.net\/site\/santo-fulgencio\/#respond"]}]},{"@type":"WebPage","@id":"https:\/\/www.oarcanjo.net\/site\/santo-fulgencio\/","url":"https:\/\/www.oarcanjo.net\/site\/santo-fulgencio\/","name":"Santo Fulg\u00eancio - O Arcanjo no ar","isPartOf":{"@id":"https:\/\/www.oarcanjo.net\/site\/#website"},"datePublished":"2018-01-01T02:05:44+00:00","dateModified":"2017-08-11T18:02:28+00:00","breadcrumb":{"@id":"https:\/\/www.oarcanjo.net\/site\/santo-fulgencio\/#breadcrumb"},"inLanguage":"pt-BR","potentialAction":[{"@type":"ReadAction","target":["https:\/\/www.oarcanjo.net\/site\/santo-fulgencio\/"]}]},{"@type":"BreadcrumbList","@id":"https:\/\/www.oarcanjo.net\/site\/santo-fulgencio\/#breadcrumb","itemListElement":[{"@type":"ListItem","position":1,"name":"In\u00edcio","item":"https:\/\/www.oarcanjo.net\/site\/"},{"@type":"ListItem","position":2,"name":"Santo Fulg\u00eancio"}]},{"@type":"WebSite","@id":"https:\/\/www.oarcanjo.net\/site\/#website","url":"https:\/\/www.oarcanjo.net\/site\/","name":"O Arcanjo no ar","description":"Site da Par\u00f3quia S\u00e3o Miguel Arcanjo (Arquidiocese de SP)","publisher":{"@id":"https:\/\/www.oarcanjo.net\/site\/#organization"},"potentialAction":[{"@type":"SearchAction","target":{"@type":"EntryPoint","urlTemplate":"https:\/\/www.oarcanjo.net\/site\/?s={search_term_string}"},"query-input":{"@type":"PropertyValueSpecification","valueRequired":true,"valueName":"search_term_string"}}],"inLanguage":"pt-BR"},{"@type":"Organization","@id":"https:\/\/www.oarcanjo.net\/site\/#organization","name":"Par\u00f3quia S\u00e3o Miguel Arcanjo","url":"https:\/\/www.oarcanjo.net\/site\/","logo":{"@type":"ImageObject","inLanguage":"pt-BR","@id":"https:\/\/www.oarcanjo.net\/site\/#\/schema\/logo\/image\/","url":"https:\/\/www.oarcanjo.net\/site\/wp-content\/uploads\/LogoOArcanjo.png","contentUrl":"https:\/\/www.oarcanjo.net\/site\/wp-content\/uploads\/LogoOArcanjo.png","width":319,"height":99,"caption":"Par\u00f3quia S\u00e3o Miguel Arcanjo"},"image":{"@id":"https:\/\/www.oarcanjo.net\/site\/#\/schema\/logo\/image\/"},"sameAs":["https:\/\/www.facebook.com\/OArcanjoNoAr\/"]},{"@type":"Person","@id":"https:\/\/www.oarcanjo.net\/site\/#\/schema\/person\/5eb9480bedd2f3c97e430ce128c29c6c","name":"danilo"}]}},"publishpress_future_action":{"enabled":false,"date":"2026-05-08 14:15:41","action":"category","newStatus":"draft","terms":[],"taxonomy":"category"},"publishpress_future_workflow_manual_trigger":{"enabledWorkflows":[]},"_links":{"self":[{"href":"https:\/\/www.oarcanjo.net\/site\/wp-json\/wp\/v2\/posts\/6925"}],"collection":[{"href":"https:\/\/www.oarcanjo.net\/site\/wp-json\/wp\/v2\/posts"}],"about":[{"href":"https:\/\/www.oarcanjo.net\/site\/wp-json\/wp\/v2\/types\/post"}],"author":[{"embeddable":true,"href":"https:\/\/www.oarcanjo.net\/site\/wp-json\/wp\/v2\/users\/14"}],"replies":[{"embeddable":true,"href":"https:\/\/www.oarcanjo.net\/site\/wp-json\/wp\/v2\/comments?post=6925"}],"version-history":[{"count":0,"href":"https:\/\/www.oarcanjo.net\/site\/wp-json\/wp\/v2\/posts\/6925\/revisions"}],"wp:attachment":[{"href":"https:\/\/www.oarcanjo.net\/site\/wp-json\/wp\/v2\/media?parent=6925"}],"wp:term":[{"taxonomy":"category","embeddable":true,"href":"https:\/\/www.oarcanjo.net\/site\/wp-json\/wp\/v2\/categories?post=6925"},{"taxonomy":"post_tag","embeddable":true,"href":"https:\/\/www.oarcanjo.net\/site\/wp-json\/wp\/v2\/tags?post=6925"}],"curies":[{"name":"wp","href":"https:\/\/api.w.org\/{rel}","templated":true}]}}