
{"id":6928,"date":"2018-01-01T00:07:44","date_gmt":"2018-01-01T02:07:44","guid":{"rendered":"http:\/\/www.oarcanjo.net\/site\/?p=6928"},"modified":"2017-08-11T15:02:32","modified_gmt":"2017-08-11T18:02:32","slug":"santo-vicente-maria-strambi","status":"publish","type":"post","link":"https:\/\/www.oarcanjo.net\/site\/santo-vicente-maria-strambi\/","title":{"rendered":"Santo Vicente Maria Strambi"},"content":{"rendered":"<p><img decoding=\"async\" src=\"http:\/\/4.bp.blogspot.com\/_VsL8VkjSZWw\/Srt61nJA-qI\/AAAAAAAABxE\/SvEcjj0ytN8\/s400\/San_Vincenzo_Maria_Strambi_B.jpg\" alt=\"\" \/><\/p>\n<p>1 de Janeiro<\/p>\n<p>Vicente Maria Strambi, nasceu no dia 1 de janeiro de 1745, em Civitavechia, na It\u00e1lia, onde seu pai era dono de uma farm\u00e1cia. Estudou no semin\u00e1rio desde a inf\u00e2ncia. Aos quinze anos, venceu a resist\u00eancia dos pais ingressando no noviciado da Ordem menor dos capuchinhos.<\/p>\n<p>Foi ordenado sacerdote em 1767. Um ano depois o jovem sacerdote, ingressou na Congrega\u00e7\u00e3o Passionista, que acabava de ser fundada. Foi disc\u00edpulo perfeito do seu fundador, Paulo da Cruz. Professou a f\u00e9 e recebeu o h\u00e1bito dos passionistas em 1769.<\/p>\n<p>Eminente diretor espiritual, excelente mission\u00e1rio e excepcional catequista, percorreu a It\u00e1lia central proclamando com fervor e compet\u00eancia os tesouros que encontramos em Cristo, especialmente na Sua Paix\u00e3o. Assistiu \u00e0 morte do fundador e, como postulador da causa dos passionistas, escreveu a sua primeira biografia, obra fundamental para o conhecimento de S\u00e3o Paulo da Cruz. Foi Provincial da Apresenta\u00e7\u00e3o e Consultor Geral.<\/p>\n<p>A 5 de julho de 1801, Vicente Maria, que j\u00e1 era o consultor geral da congrega\u00e7\u00e3o, foi nomeado bispo de Macerata e Tolentino. Nos movimentos revolucion\u00e1rios do seu tempo, foi intr\u00e9pido defensor da liberdade da Igreja. Recusou prestar juramento de fidelidade a Napole\u00e3o Bonaparte, que invadira e usurpara os Estados Pontif\u00edcios. Em conseq\u00fc\u00eancia, foi exilado para Novara e Mil\u00e3o, durante sete anos.<\/p>\n<p>Em 1814, ano em que o imperador Napole\u00e3o foi deposto, ele regressou \u00e0 sua sede episcopal, onde ficou por mais nove anos. Estando j\u00e1 idoso e enfraquecido, renunciou ao bispado em 1823. O papa Le\u00e3o XII, acatou sua decis\u00e3o, por\u00e9m o chamou como seu conselheiro e diretor espiritual. Assim, sem esquecer as suas ocupa\u00e7\u00f5es habituais, continuou a pregar miss\u00f5es, como tinha feito antes, em Roma.<\/p>\n<p>Em primeiro de novembro deste mesmo ano, o papa Le\u00e3o XII ficou gravemente doente. Ele ofereceu sua vida a Deus para que o Papa n\u00e3o morresse, rezando e fazendo penit\u00eancia. Aos poucos ele se restabeleceu completamente, alguns meses depois, monsenhor Vicente Maria morreu, era o dia 1 de janeiro de 1824.<\/p>\n<p>Foi canonizado em 1950. A comemora\u00e7\u00e3o de S\u00e3o Vicente Maria Strambi acontece no dia de sua morte, recebendo homenagens especiais em Macerata, onde os seus restos mortais descansam na igreja de S\u00e3o Felipe, desde 1957.<\/p>\n<div id=\"themify_builder_content-6928\" data-postid=\"6928\" class=\"themify_builder_content themify_builder_content-6928 themify_builder themify_builder_front\">\n\t<\/div>\n<!-- \/themify_builder_content -->","protected":false},"excerpt":{"rendered":"<p>1 de Janeiro Vicente Maria Strambi, nasceu no dia 1 de janeiro de 1745, em Civitavechia, na It\u00e1lia, onde seu pai era dono de uma farm\u00e1cia. Estudou no semin\u00e1rio desde a inf\u00e2ncia. Aos quinze anos, venceu a resist\u00eancia dos pais ingressando no noviciado da Ordem menor dos capuchinhos. Foi ordenado sacerdote em 1767. Um ano [&hellip;]<\/p>\n","protected":false},"author":14,"featured_media":0,"comment_status":"open","ping_status":"open","sticky":false,"template":"","format":"standard","meta":{"ngg_post_thumbnail":0,"footnotes":""},"categories":[186],"tags":[],"yoast_head":"<!-- This site is optimized with the Yoast SEO plugin v23.5 - https:\/\/yoast.com\/wordpress\/plugins\/seo\/ -->\n<title>Santo Vicente Maria Strambi - O Arcanjo no ar<\/title>\n<meta name=\"robots\" content=\"index, follow, max-snippet:-1, max-image-preview:large, max-video-preview:-1\" \/>\n<link rel=\"canonical\" href=\"https:\/\/www.oarcanjo.net\/site\/santo-vicente-maria-strambi\/\" \/>\n<meta property=\"og:locale\" content=\"pt_BR\" \/>\n<meta property=\"og:type\" content=\"article\" \/>\n<meta property=\"og:title\" content=\"Santo Vicente Maria Strambi - O Arcanjo no ar\" \/>\n<meta property=\"og:description\" content=\"1 de Janeiro Vicente Maria Strambi, nasceu no dia 1 de janeiro de 1745, em Civitavechia, na It\u00e1lia, onde seu pai era dono de uma farm\u00e1cia. Estudou no semin\u00e1rio desde a inf\u00e2ncia. Aos quinze anos, venceu a resist\u00eancia dos pais ingressando no noviciado da Ordem menor dos capuchinhos. Foi ordenado sacerdote em 1767. Um ano [&hellip;]\" \/>\n<meta property=\"og:url\" content=\"https:\/\/www.oarcanjo.net\/site\/santo-vicente-maria-strambi\/\" \/>\n<meta property=\"og:site_name\" content=\"O Arcanjo no ar\" \/>\n<meta property=\"article:publisher\" content=\"https:\/\/www.facebook.com\/OArcanjoNoAr\/\" \/>\n<meta property=\"article:published_time\" content=\"2018-01-01T02:07:44+00:00\" \/>\n<meta property=\"article:modified_time\" content=\"2017-08-11T18:02:32+00:00\" \/>\n<meta property=\"og:image\" content=\"http:\/\/4.bp.blogspot.com\/_VsL8VkjSZWw\/Srt61nJA-qI\/AAAAAAAABxE\/SvEcjj0ytN8\/s400\/San_Vincenzo_Maria_Strambi_B.jpg\" \/>\n<meta name=\"author\" content=\"danilo\" \/>\n<meta name=\"twitter:card\" content=\"summary_large_image\" \/>\n<meta name=\"twitter:label1\" content=\"Escrito por\" \/>\n\t<meta name=\"twitter:data1\" content=\"danilo\" \/>\n\t<meta name=\"twitter:label2\" content=\"Est. tempo de leitura\" \/>\n\t<meta name=\"twitter:data2\" content=\"2 minutos\" \/>\n<script type=\"application\/ld+json\" class=\"yoast-schema-graph\">{\"@context\":\"https:\/\/schema.org\",\"@graph\":[{\"@type\":\"Article\",\"@id\":\"https:\/\/www.oarcanjo.net\/site\/santo-vicente-maria-strambi\/#article\",\"isPartOf\":{\"@id\":\"https:\/\/www.oarcanjo.net\/site\/santo-vicente-maria-strambi\/\"},\"author\":{\"name\":\"danilo\",\"@id\":\"https:\/\/www.oarcanjo.net\/site\/#\/schema\/person\/5eb9480bedd2f3c97e430ce128c29c6c\"},\"headline\":\"Santo Vicente Maria Strambi\",\"datePublished\":\"2018-01-01T02:07:44+00:00\",\"dateModified\":\"2017-08-11T18:02:32+00:00\",\"mainEntityOfPage\":{\"@id\":\"https:\/\/www.oarcanjo.net\/site\/santo-vicente-maria-strambi\/\"},\"wordCount\":384,\"commentCount\":0,\"publisher\":{\"@id\":\"https:\/\/www.oarcanjo.net\/site\/#organization\"},\"image\":{\"@id\":\"https:\/\/www.oarcanjo.net\/site\/santo-vicente-maria-strambi\/#primaryimage\"},\"thumbnailUrl\":\"http:\/\/4.bp.blogspot.com\/_VsL8VkjSZWw\/Srt61nJA-qI\/AAAAAAAABxE\/SvEcjj0ytN8\/s400\/San_Vincenzo_Maria_Strambi_B.jpg\",\"articleSection\":[\"Testemunhos\"],\"inLanguage\":\"pt-BR\",\"potentialAction\":[{\"@type\":\"CommentAction\",\"name\":\"Comment\",\"target\":[\"https:\/\/www.oarcanjo.net\/site\/santo-vicente-maria-strambi\/#respond\"]}]},{\"@type\":\"WebPage\",\"@id\":\"https:\/\/www.oarcanjo.net\/site\/santo-vicente-maria-strambi\/\",\"url\":\"https:\/\/www.oarcanjo.net\/site\/santo-vicente-maria-strambi\/\",\"name\":\"Santo Vicente Maria Strambi - O Arcanjo no ar\",\"isPartOf\":{\"@id\":\"https:\/\/www.oarcanjo.net\/site\/#website\"},\"primaryImageOfPage\":{\"@id\":\"https:\/\/www.oarcanjo.net\/site\/santo-vicente-maria-strambi\/#primaryimage\"},\"image\":{\"@id\":\"https:\/\/www.oarcanjo.net\/site\/santo-vicente-maria-strambi\/#primaryimage\"},\"thumbnailUrl\":\"http:\/\/4.bp.blogspot.com\/_VsL8VkjSZWw\/Srt61nJA-qI\/AAAAAAAABxE\/SvEcjj0ytN8\/s400\/San_Vincenzo_Maria_Strambi_B.jpg\",\"datePublished\":\"2018-01-01T02:07:44+00:00\",\"dateModified\":\"2017-08-11T18:02:32+00:00\",\"breadcrumb\":{\"@id\":\"https:\/\/www.oarcanjo.net\/site\/santo-vicente-maria-strambi\/#breadcrumb\"},\"inLanguage\":\"pt-BR\",\"potentialAction\":[{\"@type\":\"ReadAction\",\"target\":[\"https:\/\/www.oarcanjo.net\/site\/santo-vicente-maria-strambi\/\"]}]},{\"@type\":\"ImageObject\",\"inLanguage\":\"pt-BR\",\"@id\":\"https:\/\/www.oarcanjo.net\/site\/santo-vicente-maria-strambi\/#primaryimage\",\"url\":\"http:\/\/4.bp.blogspot.com\/_VsL8VkjSZWw\/Srt61nJA-qI\/AAAAAAAABxE\/SvEcjj0ytN8\/s400\/San_Vincenzo_Maria_Strambi_B.jpg\",\"contentUrl\":\"http:\/\/4.bp.blogspot.com\/_VsL8VkjSZWw\/Srt61nJA-qI\/AAAAAAAABxE\/SvEcjj0ytN8\/s400\/San_Vincenzo_Maria_Strambi_B.jpg\"},{\"@type\":\"BreadcrumbList\",\"@id\":\"https:\/\/www.oarcanjo.net\/site\/santo-vicente-maria-strambi\/#breadcrumb\",\"itemListElement\":[{\"@type\":\"ListItem\",\"position\":1,\"name\":\"In\u00edcio\",\"item\":\"https:\/\/www.oarcanjo.net\/site\/\"},{\"@type\":\"ListItem\",\"position\":2,\"name\":\"Santo Vicente Maria Strambi\"}]},{\"@type\":\"WebSite\",\"@id\":\"https:\/\/www.oarcanjo.net\/site\/#website\",\"url\":\"https:\/\/www.oarcanjo.net\/site\/\",\"name\":\"O Arcanjo no ar\",\"description\":\"Site da Par\u00f3quia S\u00e3o Miguel Arcanjo (Arquidiocese de SP)\",\"publisher\":{\"@id\":\"https:\/\/www.oarcanjo.net\/site\/#organization\"},\"potentialAction\":[{\"@type\":\"SearchAction\",\"target\":{\"@type\":\"EntryPoint\",\"urlTemplate\":\"https:\/\/www.oarcanjo.net\/site\/?s={search_term_string}\"},\"query-input\":{\"@type\":\"PropertyValueSpecification\",\"valueRequired\":true,\"valueName\":\"search_term_string\"}}],\"inLanguage\":\"pt-BR\"},{\"@type\":\"Organization\",\"@id\":\"https:\/\/www.oarcanjo.net\/site\/#organization\",\"name\":\"Par\u00f3quia S\u00e3o Miguel Arcanjo\",\"url\":\"https:\/\/www.oarcanjo.net\/site\/\",\"logo\":{\"@type\":\"ImageObject\",\"inLanguage\":\"pt-BR\",\"@id\":\"https:\/\/www.oarcanjo.net\/site\/#\/schema\/logo\/image\/\",\"url\":\"https:\/\/www.oarcanjo.net\/site\/wp-content\/uploads\/LogoOArcanjo.png\",\"contentUrl\":\"https:\/\/www.oarcanjo.net\/site\/wp-content\/uploads\/LogoOArcanjo.png\",\"width\":319,\"height\":99,\"caption\":\"Par\u00f3quia S\u00e3o Miguel Arcanjo\"},\"image\":{\"@id\":\"https:\/\/www.oarcanjo.net\/site\/#\/schema\/logo\/image\/\"},\"sameAs\":[\"https:\/\/www.facebook.com\/OArcanjoNoAr\/\"]},{\"@type\":\"Person\",\"@id\":\"https:\/\/www.oarcanjo.net\/site\/#\/schema\/person\/5eb9480bedd2f3c97e430ce128c29c6c\",\"name\":\"danilo\"}]}<\/script>\n<!-- \/ Yoast SEO plugin. -->","yoast_head_json":{"title":"Santo Vicente Maria Strambi - O Arcanjo no ar","robots":{"index":"index","follow":"follow","max-snippet":"max-snippet:-1","max-image-preview":"max-image-preview:large","max-video-preview":"max-video-preview:-1"},"canonical":"https:\/\/www.oarcanjo.net\/site\/santo-vicente-maria-strambi\/","og_locale":"pt_BR","og_type":"article","og_title":"Santo Vicente Maria Strambi - O Arcanjo no ar","og_description":"1 de Janeiro Vicente Maria Strambi, nasceu no dia 1 de janeiro de 1745, em Civitavechia, na It\u00e1lia, onde seu pai era dono de uma farm\u00e1cia. Estudou no semin\u00e1rio desde a inf\u00e2ncia. Aos quinze anos, venceu a resist\u00eancia dos pais ingressando no noviciado da Ordem menor dos capuchinhos. Foi ordenado sacerdote em 1767. Um ano [&hellip;]","og_url":"https:\/\/www.oarcanjo.net\/site\/santo-vicente-maria-strambi\/","og_site_name":"O Arcanjo no ar","article_publisher":"https:\/\/www.facebook.com\/OArcanjoNoAr\/","article_published_time":"2018-01-01T02:07:44+00:00","article_modified_time":"2017-08-11T18:02:32+00:00","og_image":[{"url":"http:\/\/4.bp.blogspot.com\/_VsL8VkjSZWw\/Srt61nJA-qI\/AAAAAAAABxE\/SvEcjj0ytN8\/s400\/San_Vincenzo_Maria_Strambi_B.jpg"}],"author":"danilo","twitter_card":"summary_large_image","twitter_misc":{"Escrito por":"danilo","Est. tempo de leitura":"2 minutos"},"schema":{"@context":"https:\/\/schema.org","@graph":[{"@type":"Article","@id":"https:\/\/www.oarcanjo.net\/site\/santo-vicente-maria-strambi\/#article","isPartOf":{"@id":"https:\/\/www.oarcanjo.net\/site\/santo-vicente-maria-strambi\/"},"author":{"name":"danilo","@id":"https:\/\/www.oarcanjo.net\/site\/#\/schema\/person\/5eb9480bedd2f3c97e430ce128c29c6c"},"headline":"Santo Vicente Maria Strambi","datePublished":"2018-01-01T02:07:44+00:00","dateModified":"2017-08-11T18:02:32+00:00","mainEntityOfPage":{"@id":"https:\/\/www.oarcanjo.net\/site\/santo-vicente-maria-strambi\/"},"wordCount":384,"commentCount":0,"publisher":{"@id":"https:\/\/www.oarcanjo.net\/site\/#organization"},"image":{"@id":"https:\/\/www.oarcanjo.net\/site\/santo-vicente-maria-strambi\/#primaryimage"},"thumbnailUrl":"http:\/\/4.bp.blogspot.com\/_VsL8VkjSZWw\/Srt61nJA-qI\/AAAAAAAABxE\/SvEcjj0ytN8\/s400\/San_Vincenzo_Maria_Strambi_B.jpg","articleSection":["Testemunhos"],"inLanguage":"pt-BR","potentialAction":[{"@type":"CommentAction","name":"Comment","target":["https:\/\/www.oarcanjo.net\/site\/santo-vicente-maria-strambi\/#respond"]}]},{"@type":"WebPage","@id":"https:\/\/www.oarcanjo.net\/site\/santo-vicente-maria-strambi\/","url":"https:\/\/www.oarcanjo.net\/site\/santo-vicente-maria-strambi\/","name":"Santo Vicente Maria Strambi - O Arcanjo no ar","isPartOf":{"@id":"https:\/\/www.oarcanjo.net\/site\/#website"},"primaryImageOfPage":{"@id":"https:\/\/www.oarcanjo.net\/site\/santo-vicente-maria-strambi\/#primaryimage"},"image":{"@id":"https:\/\/www.oarcanjo.net\/site\/santo-vicente-maria-strambi\/#primaryimage"},"thumbnailUrl":"http:\/\/4.bp.blogspot.com\/_VsL8VkjSZWw\/Srt61nJA-qI\/AAAAAAAABxE\/SvEcjj0ytN8\/s400\/San_Vincenzo_Maria_Strambi_B.jpg","datePublished":"2018-01-01T02:07:44+00:00","dateModified":"2017-08-11T18:02:32+00:00","breadcrumb":{"@id":"https:\/\/www.oarcanjo.net\/site\/santo-vicente-maria-strambi\/#breadcrumb"},"inLanguage":"pt-BR","potentialAction":[{"@type":"ReadAction","target":["https:\/\/www.oarcanjo.net\/site\/santo-vicente-maria-strambi\/"]}]},{"@type":"ImageObject","inLanguage":"pt-BR","@id":"https:\/\/www.oarcanjo.net\/site\/santo-vicente-maria-strambi\/#primaryimage","url":"http:\/\/4.bp.blogspot.com\/_VsL8VkjSZWw\/Srt61nJA-qI\/AAAAAAAABxE\/SvEcjj0ytN8\/s400\/San_Vincenzo_Maria_Strambi_B.jpg","contentUrl":"http:\/\/4.bp.blogspot.com\/_VsL8VkjSZWw\/Srt61nJA-qI\/AAAAAAAABxE\/SvEcjj0ytN8\/s400\/San_Vincenzo_Maria_Strambi_B.jpg"},{"@type":"BreadcrumbList","@id":"https:\/\/www.oarcanjo.net\/site\/santo-vicente-maria-strambi\/#breadcrumb","itemListElement":[{"@type":"ListItem","position":1,"name":"In\u00edcio","item":"https:\/\/www.oarcanjo.net\/site\/"},{"@type":"ListItem","position":2,"name":"Santo Vicente Maria Strambi"}]},{"@type":"WebSite","@id":"https:\/\/www.oarcanjo.net\/site\/#website","url":"https:\/\/www.oarcanjo.net\/site\/","name":"O Arcanjo no ar","description":"Site da Par\u00f3quia S\u00e3o Miguel Arcanjo (Arquidiocese de SP)","publisher":{"@id":"https:\/\/www.oarcanjo.net\/site\/#organization"},"potentialAction":[{"@type":"SearchAction","target":{"@type":"EntryPoint","urlTemplate":"https:\/\/www.oarcanjo.net\/site\/?s={search_term_string}"},"query-input":{"@type":"PropertyValueSpecification","valueRequired":true,"valueName":"search_term_string"}}],"inLanguage":"pt-BR"},{"@type":"Organization","@id":"https:\/\/www.oarcanjo.net\/site\/#organization","name":"Par\u00f3quia S\u00e3o Miguel Arcanjo","url":"https:\/\/www.oarcanjo.net\/site\/","logo":{"@type":"ImageObject","inLanguage":"pt-BR","@id":"https:\/\/www.oarcanjo.net\/site\/#\/schema\/logo\/image\/","url":"https:\/\/www.oarcanjo.net\/site\/wp-content\/uploads\/LogoOArcanjo.png","contentUrl":"https:\/\/www.oarcanjo.net\/site\/wp-content\/uploads\/LogoOArcanjo.png","width":319,"height":99,"caption":"Par\u00f3quia S\u00e3o Miguel Arcanjo"},"image":{"@id":"https:\/\/www.oarcanjo.net\/site\/#\/schema\/logo\/image\/"},"sameAs":["https:\/\/www.facebook.com\/OArcanjoNoAr\/"]},{"@type":"Person","@id":"https:\/\/www.oarcanjo.net\/site\/#\/schema\/person\/5eb9480bedd2f3c97e430ce128c29c6c","name":"danilo"}]}},"publishpress_future_action":{"enabled":false,"date":"2026-05-08 14:14:43","action":"category","newStatus":"draft","terms":[],"taxonomy":"category"},"publishpress_future_workflow_manual_trigger":{"enabledWorkflows":[]},"_links":{"self":[{"href":"https:\/\/www.oarcanjo.net\/site\/wp-json\/wp\/v2\/posts\/6928"}],"collection":[{"href":"https:\/\/www.oarcanjo.net\/site\/wp-json\/wp\/v2\/posts"}],"about":[{"href":"https:\/\/www.oarcanjo.net\/site\/wp-json\/wp\/v2\/types\/post"}],"author":[{"embeddable":true,"href":"https:\/\/www.oarcanjo.net\/site\/wp-json\/wp\/v2\/users\/14"}],"replies":[{"embeddable":true,"href":"https:\/\/www.oarcanjo.net\/site\/wp-json\/wp\/v2\/comments?post=6928"}],"version-history":[{"count":0,"href":"https:\/\/www.oarcanjo.net\/site\/wp-json\/wp\/v2\/posts\/6928\/revisions"}],"wp:attachment":[{"href":"https:\/\/www.oarcanjo.net\/site\/wp-json\/wp\/v2\/media?parent=6928"}],"wp:term":[{"taxonomy":"category","embeddable":true,"href":"https:\/\/www.oarcanjo.net\/site\/wp-json\/wp\/v2\/categories?post=6928"},{"taxonomy":"post_tag","embeddable":true,"href":"https:\/\/www.oarcanjo.net\/site\/wp-json\/wp\/v2\/tags?post=6928"}],"curies":[{"name":"wp","href":"https:\/\/api.w.org\/{rel}","templated":true}]}}