
{"id":6942,"date":"2017-01-02T00:26:02","date_gmt":"2017-01-02T02:26:02","guid":{"rendered":"http:\/\/www.oarcanjo.net\/site\/?p=6942"},"modified":"2016-12-27T06:06:55","modified_gmt":"2016-12-27T08:06:55","slug":"santo-gregorio-nazianzeno","status":"publish","type":"post","link":"https:\/\/www.oarcanjo.net\/site\/santo-gregorio-nazianzeno\/","title":{"rendered":"Santo Greg\u00f3rio Nazianzeno"},"content":{"rendered":"<p><img decoding=\"async\" src=\"http:\/\/mercaba.files.wordpress.com\/2007\/04\/s_gregorio_nazianzeno.gif\" alt=\"s_gregorio_nazianzeno.gif\" \/><\/p>\n<p>2 de Janeiro<\/p>\n<p>Greg\u00f3rio nasceu no ano 329, numa fam\u00edlia muito devota, na Capad\u00f3cia, atual Turquia. Seu pai foi eleito bispo da cidade de Nazianzo e teve o cuidado para que seu filho fosse educado nas melhores escolas e academias da Antiguidade. Desde pequeno demonstrava um forte temperamento m\u00edstico e inclina\u00e7\u00e3o para a vida de monge.<\/p>\n<p>Ele passou quase dez anos em Atenas como estudante, onde cultivou uma fiel amizade com S\u00e3o Bas\u00edlio, cujo culto tamb\u00e9m se comemora hoje. Durante este per\u00edodo desenvolveu, de vez, sua capacidade para a poesia, literatura e ret\u00f3rica. N\u00e3o cedendo \u00e0 tenta\u00e7\u00e3o de viver entre a frivolidade de oradores e fil\u00f3sofos, ao contr\u00e1rio, se aprimorou numa profunda vida religiosa, junto com seu fiel amigo.<\/p>\n<p>Ao regressar a Nazianzo recebeu o Batismo das m\u00e3os de seu pr\u00f3prio pai e, mais tarde, a Ordem sacerdotal para poder ajuda-lo na pastoral da sua diocese. Como estava vaga a diocese de S\u00e1simos, na \u00c1sia Menor, o ent\u00e3o bispo S\u00e3o Bas\u00edlio o consagrou \u00e0 dignidade episcopal desta sede. Tornou-se um famos\u00edssimo orador e te\u00f3logo sendo muito perseguido pelos arianos. Por isto, preferiu desistir da vida episcopal e se recolher num mosteiro onde se dedicava inteiramente \u00e0s ora\u00e7\u00f5es, \u00e0 medita\u00e7\u00e3o, ao estudo do Evangelho.<\/p>\n<p>Em virtude de sua grande erudi\u00e7\u00e3o teol\u00f3gica e seus claros conhecimentos sobre a discutida cristologia dos primeiros tempos, foi escolhido para ser o bispo de Constantinopla. Neste caso, mesmo sob press\u00e3o dos inimigos, Greg\u00f3rio aceitou ser declarado patriarca desta metr\u00f3pole e nesta posi\u00e7\u00e3o presidiu o primeiro Conc\u00edlio Ecum\u00eanico da Igreja al\u00ed sediado em 381, que triunfou a doutrina da Sant\u00edssima Trindade ortodoxa, ou seja, reconheceu a divindade do Esp\u00edrito Santo.<\/p>\n<p>Mesmo com seu car\u00e1ter demasiado sens\u00edvel, suportou as dificuldades da administra\u00e7\u00e3o de uma diocese. Mas as persegui\u00e7\u00f5es arianas foram tantas que novamente se viu obrigado a abdicar do cargo, voltando para sua solid\u00e3o de monge, para o trabalho liter\u00e1rio, ao exerc\u00edcio de medita\u00e7\u00e3o e aos mist\u00e9rios de Deus.<\/p>\n<p>Greg\u00f3rio morreu no ano 390. Dentre o seu legado encontramos quase cinq\u00fcenta serm\u00f5es e duzentas e quarenta e quatro cartas, que tratam, em especial, sobre a verdadeira divindade do Esp\u00edrito Santo e da santidade da Virgem Maria como M\u00e3e de Deus.<\/p>\n<p>Sua inspira\u00e7\u00e3o po\u00e9tica tamb\u00e9m nos presenteou com cerca de quatrocentos poemas. Seus serm\u00f5es e escritos deixaram um tesouro de testemunho ortodoxo, em um tempo de muita confus\u00e3o e luta interna na Igreja de Roma.<\/p>\n<p>A Igreja o incluiu no Calend\u00e1rio dos Santos mantendo seu culto no dia 2 de janeiro, como sempre foi venerado. S\u00e3o Greg\u00f3rio de Nazianzeno junto com S\u00e3o Bas\u00edlio Magno, e o irm\u00e3o mais novo deste, chamado de S\u00e3o Greg\u00f3rio de Nissa, receberam o t\u00edtulo de &#8220;Os tr\u00eas capad\u00f3cios&#8221;.<\/p>\n<p><img loading=\"lazy\" decoding=\"async\" src=\"http:\/\/www.pime.org.br\/imagens\/mjabr2002-f5a.jpg\" alt=\"\" width=\"201\" height=\"257\" \/><\/p>\n<p><span style=\"font-size: x-small\"><em>Os tr\u00eas Capad\u00f3cios: Bas\u00edlio de Cesar\u00e9ia, Greg\u00f3rio de Nazianzo e Greg\u00f3rio de Nissa<\/em><\/span><\/p>\n<div id=\"themify_builder_content-6942\" data-postid=\"6942\" class=\"themify_builder_content themify_builder_content-6942 themify_builder themify_builder_front\">\n\t<\/div>\n<!-- \/themify_builder_content -->","protected":false},"excerpt":{"rendered":"<p>2 de Janeiro Greg\u00f3rio nasceu no ano 329, numa fam\u00edlia muito devota, na Capad\u00f3cia, atual Turquia. Seu pai foi eleito bispo da cidade de Nazianzo e teve o cuidado para que seu filho fosse educado nas melhores escolas e academias da Antiguidade. Desde pequeno demonstrava um forte temperamento m\u00edstico e inclina\u00e7\u00e3o para a vida de [&hellip;]<\/p>\n","protected":false},"author":14,"featured_media":0,"comment_status":"open","ping_status":"open","sticky":false,"template":"","format":"standard","meta":{"ngg_post_thumbnail":0,"footnotes":""},"categories":[186],"tags":[],"yoast_head":"<!-- This site is optimized with the Yoast SEO plugin v23.5 - https:\/\/yoast.com\/wordpress\/plugins\/seo\/ -->\n<title>Santo Greg\u00f3rio Nazianzeno - O Arcanjo no ar<\/title>\n<meta name=\"robots\" content=\"index, follow, max-snippet:-1, max-image-preview:large, max-video-preview:-1\" \/>\n<link rel=\"canonical\" href=\"https:\/\/www.oarcanjo.net\/site\/santo-gregorio-nazianzeno\/\" \/>\n<meta property=\"og:locale\" content=\"pt_BR\" \/>\n<meta property=\"og:type\" content=\"article\" \/>\n<meta property=\"og:title\" content=\"Santo Greg\u00f3rio Nazianzeno - O Arcanjo no ar\" \/>\n<meta property=\"og:description\" content=\"2 de Janeiro Greg\u00f3rio nasceu no ano 329, numa fam\u00edlia muito devota, na Capad\u00f3cia, atual Turquia. Seu pai foi eleito bispo da cidade de Nazianzo e teve o cuidado para que seu filho fosse educado nas melhores escolas e academias da Antiguidade. Desde pequeno demonstrava um forte temperamento m\u00edstico e inclina\u00e7\u00e3o para a vida de [&hellip;]\" \/>\n<meta property=\"og:url\" content=\"https:\/\/www.oarcanjo.net\/site\/santo-gregorio-nazianzeno\/\" \/>\n<meta property=\"og:site_name\" content=\"O Arcanjo no ar\" \/>\n<meta property=\"article:publisher\" content=\"https:\/\/www.facebook.com\/OArcanjoNoAr\/\" \/>\n<meta property=\"article:published_time\" content=\"2017-01-02T02:26:02+00:00\" \/>\n<meta property=\"article:modified_time\" content=\"2016-12-27T08:06:55+00:00\" \/>\n<meta property=\"og:image\" content=\"http:\/\/mercaba.files.wordpress.com\/2007\/04\/s_gregorio_nazianzeno.gif\" \/>\n<meta name=\"author\" content=\"danilo\" \/>\n<meta name=\"twitter:card\" content=\"summary_large_image\" \/>\n<meta name=\"twitter:label1\" content=\"Escrito por\" \/>\n\t<meta name=\"twitter:data1\" content=\"danilo\" \/>\n\t<meta name=\"twitter:label2\" content=\"Est. tempo de leitura\" \/>\n\t<meta name=\"twitter:data2\" content=\"3 minutos\" \/>\n<script type=\"application\/ld+json\" class=\"yoast-schema-graph\">{\"@context\":\"https:\/\/schema.org\",\"@graph\":[{\"@type\":\"Article\",\"@id\":\"https:\/\/www.oarcanjo.net\/site\/santo-gregorio-nazianzeno\/#article\",\"isPartOf\":{\"@id\":\"https:\/\/www.oarcanjo.net\/site\/santo-gregorio-nazianzeno\/\"},\"author\":{\"name\":\"danilo\",\"@id\":\"https:\/\/www.oarcanjo.net\/site\/#\/schema\/person\/5eb9480bedd2f3c97e430ce128c29c6c\"},\"headline\":\"Santo Greg\u00f3rio Nazianzeno\",\"datePublished\":\"2017-01-02T02:26:02+00:00\",\"dateModified\":\"2016-12-27T08:06:55+00:00\",\"mainEntityOfPage\":{\"@id\":\"https:\/\/www.oarcanjo.net\/site\/santo-gregorio-nazianzeno\/\"},\"wordCount\":523,\"commentCount\":0,\"publisher\":{\"@id\":\"https:\/\/www.oarcanjo.net\/site\/#organization\"},\"image\":{\"@id\":\"https:\/\/www.oarcanjo.net\/site\/santo-gregorio-nazianzeno\/#primaryimage\"},\"thumbnailUrl\":\"http:\/\/mercaba.files.wordpress.com\/2007\/04\/s_gregorio_nazianzeno.gif\",\"articleSection\":[\"Testemunhos\"],\"inLanguage\":\"pt-BR\",\"potentialAction\":[{\"@type\":\"CommentAction\",\"name\":\"Comment\",\"target\":[\"https:\/\/www.oarcanjo.net\/site\/santo-gregorio-nazianzeno\/#respond\"]}]},{\"@type\":\"WebPage\",\"@id\":\"https:\/\/www.oarcanjo.net\/site\/santo-gregorio-nazianzeno\/\",\"url\":\"https:\/\/www.oarcanjo.net\/site\/santo-gregorio-nazianzeno\/\",\"name\":\"Santo Greg\u00f3rio Nazianzeno - O Arcanjo no ar\",\"isPartOf\":{\"@id\":\"https:\/\/www.oarcanjo.net\/site\/#website\"},\"primaryImageOfPage\":{\"@id\":\"https:\/\/www.oarcanjo.net\/site\/santo-gregorio-nazianzeno\/#primaryimage\"},\"image\":{\"@id\":\"https:\/\/www.oarcanjo.net\/site\/santo-gregorio-nazianzeno\/#primaryimage\"},\"thumbnailUrl\":\"http:\/\/mercaba.files.wordpress.com\/2007\/04\/s_gregorio_nazianzeno.gif\",\"datePublished\":\"2017-01-02T02:26:02+00:00\",\"dateModified\":\"2016-12-27T08:06:55+00:00\",\"breadcrumb\":{\"@id\":\"https:\/\/www.oarcanjo.net\/site\/santo-gregorio-nazianzeno\/#breadcrumb\"},\"inLanguage\":\"pt-BR\",\"potentialAction\":[{\"@type\":\"ReadAction\",\"target\":[\"https:\/\/www.oarcanjo.net\/site\/santo-gregorio-nazianzeno\/\"]}]},{\"@type\":\"ImageObject\",\"inLanguage\":\"pt-BR\",\"@id\":\"https:\/\/www.oarcanjo.net\/site\/santo-gregorio-nazianzeno\/#primaryimage\",\"url\":\"http:\/\/mercaba.files.wordpress.com\/2007\/04\/s_gregorio_nazianzeno.gif\",\"contentUrl\":\"http:\/\/mercaba.files.wordpress.com\/2007\/04\/s_gregorio_nazianzeno.gif\"},{\"@type\":\"BreadcrumbList\",\"@id\":\"https:\/\/www.oarcanjo.net\/site\/santo-gregorio-nazianzeno\/#breadcrumb\",\"itemListElement\":[{\"@type\":\"ListItem\",\"position\":1,\"name\":\"In\u00edcio\",\"item\":\"https:\/\/www.oarcanjo.net\/site\/\"},{\"@type\":\"ListItem\",\"position\":2,\"name\":\"Santo Greg\u00f3rio Nazianzeno\"}]},{\"@type\":\"WebSite\",\"@id\":\"https:\/\/www.oarcanjo.net\/site\/#website\",\"url\":\"https:\/\/www.oarcanjo.net\/site\/\",\"name\":\"O Arcanjo no ar\",\"description\":\"Site da Par\u00f3quia S\u00e3o Miguel Arcanjo (Arquidiocese de SP)\",\"publisher\":{\"@id\":\"https:\/\/www.oarcanjo.net\/site\/#organization\"},\"potentialAction\":[{\"@type\":\"SearchAction\",\"target\":{\"@type\":\"EntryPoint\",\"urlTemplate\":\"https:\/\/www.oarcanjo.net\/site\/?s={search_term_string}\"},\"query-input\":{\"@type\":\"PropertyValueSpecification\",\"valueRequired\":true,\"valueName\":\"search_term_string\"}}],\"inLanguage\":\"pt-BR\"},{\"@type\":\"Organization\",\"@id\":\"https:\/\/www.oarcanjo.net\/site\/#organization\",\"name\":\"Par\u00f3quia S\u00e3o Miguel Arcanjo\",\"url\":\"https:\/\/www.oarcanjo.net\/site\/\",\"logo\":{\"@type\":\"ImageObject\",\"inLanguage\":\"pt-BR\",\"@id\":\"https:\/\/www.oarcanjo.net\/site\/#\/schema\/logo\/image\/\",\"url\":\"https:\/\/www.oarcanjo.net\/site\/wp-content\/uploads\/LogoOArcanjo.png\",\"contentUrl\":\"https:\/\/www.oarcanjo.net\/site\/wp-content\/uploads\/LogoOArcanjo.png\",\"width\":319,\"height\":99,\"caption\":\"Par\u00f3quia S\u00e3o Miguel Arcanjo\"},\"image\":{\"@id\":\"https:\/\/www.oarcanjo.net\/site\/#\/schema\/logo\/image\/\"},\"sameAs\":[\"https:\/\/www.facebook.com\/OArcanjoNoAr\/\"]},{\"@type\":\"Person\",\"@id\":\"https:\/\/www.oarcanjo.net\/site\/#\/schema\/person\/5eb9480bedd2f3c97e430ce128c29c6c\",\"name\":\"danilo\"}]}<\/script>\n<!-- \/ Yoast SEO plugin. -->","yoast_head_json":{"title":"Santo Greg\u00f3rio Nazianzeno - O Arcanjo no ar","robots":{"index":"index","follow":"follow","max-snippet":"max-snippet:-1","max-image-preview":"max-image-preview:large","max-video-preview":"max-video-preview:-1"},"canonical":"https:\/\/www.oarcanjo.net\/site\/santo-gregorio-nazianzeno\/","og_locale":"pt_BR","og_type":"article","og_title":"Santo Greg\u00f3rio Nazianzeno - O Arcanjo no ar","og_description":"2 de Janeiro Greg\u00f3rio nasceu no ano 329, numa fam\u00edlia muito devota, na Capad\u00f3cia, atual Turquia. Seu pai foi eleito bispo da cidade de Nazianzo e teve o cuidado para que seu filho fosse educado nas melhores escolas e academias da Antiguidade. Desde pequeno demonstrava um forte temperamento m\u00edstico e inclina\u00e7\u00e3o para a vida de [&hellip;]","og_url":"https:\/\/www.oarcanjo.net\/site\/santo-gregorio-nazianzeno\/","og_site_name":"O Arcanjo no ar","article_publisher":"https:\/\/www.facebook.com\/OArcanjoNoAr\/","article_published_time":"2017-01-02T02:26:02+00:00","article_modified_time":"2016-12-27T08:06:55+00:00","og_image":[{"url":"http:\/\/mercaba.files.wordpress.com\/2007\/04\/s_gregorio_nazianzeno.gif"}],"author":"danilo","twitter_card":"summary_large_image","twitter_misc":{"Escrito por":"danilo","Est. tempo de leitura":"3 minutos"},"schema":{"@context":"https:\/\/schema.org","@graph":[{"@type":"Article","@id":"https:\/\/www.oarcanjo.net\/site\/santo-gregorio-nazianzeno\/#article","isPartOf":{"@id":"https:\/\/www.oarcanjo.net\/site\/santo-gregorio-nazianzeno\/"},"author":{"name":"danilo","@id":"https:\/\/www.oarcanjo.net\/site\/#\/schema\/person\/5eb9480bedd2f3c97e430ce128c29c6c"},"headline":"Santo Greg\u00f3rio Nazianzeno","datePublished":"2017-01-02T02:26:02+00:00","dateModified":"2016-12-27T08:06:55+00:00","mainEntityOfPage":{"@id":"https:\/\/www.oarcanjo.net\/site\/santo-gregorio-nazianzeno\/"},"wordCount":523,"commentCount":0,"publisher":{"@id":"https:\/\/www.oarcanjo.net\/site\/#organization"},"image":{"@id":"https:\/\/www.oarcanjo.net\/site\/santo-gregorio-nazianzeno\/#primaryimage"},"thumbnailUrl":"http:\/\/mercaba.files.wordpress.com\/2007\/04\/s_gregorio_nazianzeno.gif","articleSection":["Testemunhos"],"inLanguage":"pt-BR","potentialAction":[{"@type":"CommentAction","name":"Comment","target":["https:\/\/www.oarcanjo.net\/site\/santo-gregorio-nazianzeno\/#respond"]}]},{"@type":"WebPage","@id":"https:\/\/www.oarcanjo.net\/site\/santo-gregorio-nazianzeno\/","url":"https:\/\/www.oarcanjo.net\/site\/santo-gregorio-nazianzeno\/","name":"Santo Greg\u00f3rio Nazianzeno - O Arcanjo no ar","isPartOf":{"@id":"https:\/\/www.oarcanjo.net\/site\/#website"},"primaryImageOfPage":{"@id":"https:\/\/www.oarcanjo.net\/site\/santo-gregorio-nazianzeno\/#primaryimage"},"image":{"@id":"https:\/\/www.oarcanjo.net\/site\/santo-gregorio-nazianzeno\/#primaryimage"},"thumbnailUrl":"http:\/\/mercaba.files.wordpress.com\/2007\/04\/s_gregorio_nazianzeno.gif","datePublished":"2017-01-02T02:26:02+00:00","dateModified":"2016-12-27T08:06:55+00:00","breadcrumb":{"@id":"https:\/\/www.oarcanjo.net\/site\/santo-gregorio-nazianzeno\/#breadcrumb"},"inLanguage":"pt-BR","potentialAction":[{"@type":"ReadAction","target":["https:\/\/www.oarcanjo.net\/site\/santo-gregorio-nazianzeno\/"]}]},{"@type":"ImageObject","inLanguage":"pt-BR","@id":"https:\/\/www.oarcanjo.net\/site\/santo-gregorio-nazianzeno\/#primaryimage","url":"http:\/\/mercaba.files.wordpress.com\/2007\/04\/s_gregorio_nazianzeno.gif","contentUrl":"http:\/\/mercaba.files.wordpress.com\/2007\/04\/s_gregorio_nazianzeno.gif"},{"@type":"BreadcrumbList","@id":"https:\/\/www.oarcanjo.net\/site\/santo-gregorio-nazianzeno\/#breadcrumb","itemListElement":[{"@type":"ListItem","position":1,"name":"In\u00edcio","item":"https:\/\/www.oarcanjo.net\/site\/"},{"@type":"ListItem","position":2,"name":"Santo Greg\u00f3rio Nazianzeno"}]},{"@type":"WebSite","@id":"https:\/\/www.oarcanjo.net\/site\/#website","url":"https:\/\/www.oarcanjo.net\/site\/","name":"O Arcanjo no ar","description":"Site da Par\u00f3quia S\u00e3o Miguel Arcanjo (Arquidiocese de SP)","publisher":{"@id":"https:\/\/www.oarcanjo.net\/site\/#organization"},"potentialAction":[{"@type":"SearchAction","target":{"@type":"EntryPoint","urlTemplate":"https:\/\/www.oarcanjo.net\/site\/?s={search_term_string}"},"query-input":{"@type":"PropertyValueSpecification","valueRequired":true,"valueName":"search_term_string"}}],"inLanguage":"pt-BR"},{"@type":"Organization","@id":"https:\/\/www.oarcanjo.net\/site\/#organization","name":"Par\u00f3quia S\u00e3o Miguel Arcanjo","url":"https:\/\/www.oarcanjo.net\/site\/","logo":{"@type":"ImageObject","inLanguage":"pt-BR","@id":"https:\/\/www.oarcanjo.net\/site\/#\/schema\/logo\/image\/","url":"https:\/\/www.oarcanjo.net\/site\/wp-content\/uploads\/LogoOArcanjo.png","contentUrl":"https:\/\/www.oarcanjo.net\/site\/wp-content\/uploads\/LogoOArcanjo.png","width":319,"height":99,"caption":"Par\u00f3quia S\u00e3o Miguel Arcanjo"},"image":{"@id":"https:\/\/www.oarcanjo.net\/site\/#\/schema\/logo\/image\/"},"sameAs":["https:\/\/www.facebook.com\/OArcanjoNoAr\/"]},{"@type":"Person","@id":"https:\/\/www.oarcanjo.net\/site\/#\/schema\/person\/5eb9480bedd2f3c97e430ce128c29c6c","name":"danilo"}]}},"publishpress_future_action":{"enabled":false,"date":"2026-05-08 13:45:12","action":"category","newStatus":"draft","terms":[],"taxonomy":"category"},"publishpress_future_workflow_manual_trigger":{"enabledWorkflows":[]},"_links":{"self":[{"href":"https:\/\/www.oarcanjo.net\/site\/wp-json\/wp\/v2\/posts\/6942"}],"collection":[{"href":"https:\/\/www.oarcanjo.net\/site\/wp-json\/wp\/v2\/posts"}],"about":[{"href":"https:\/\/www.oarcanjo.net\/site\/wp-json\/wp\/v2\/types\/post"}],"author":[{"embeddable":true,"href":"https:\/\/www.oarcanjo.net\/site\/wp-json\/wp\/v2\/users\/14"}],"replies":[{"embeddable":true,"href":"https:\/\/www.oarcanjo.net\/site\/wp-json\/wp\/v2\/comments?post=6942"}],"version-history":[{"count":0,"href":"https:\/\/www.oarcanjo.net\/site\/wp-json\/wp\/v2\/posts\/6942\/revisions"}],"wp:attachment":[{"href":"https:\/\/www.oarcanjo.net\/site\/wp-json\/wp\/v2\/media?parent=6942"}],"wp:term":[{"taxonomy":"category","embeddable":true,"href":"https:\/\/www.oarcanjo.net\/site\/wp-json\/wp\/v2\/categories?post=6942"},{"taxonomy":"post_tag","embeddable":true,"href":"https:\/\/www.oarcanjo.net\/site\/wp-json\/wp\/v2\/tags?post=6942"}],"curies":[{"name":"wp","href":"https:\/\/api.w.org\/{rel}","templated":true}]}}