
{"id":6945,"date":"2018-01-02T00:01:12","date_gmt":"2018-01-02T02:01:12","guid":{"rendered":"http:\/\/www.oarcanjo.net\/site\/?p=6945"},"modified":"2017-08-11T15:02:46","modified_gmt":"2017-08-11T18:02:46","slug":"maria-ana-blondin","status":"publish","type":"post","link":"https:\/\/www.oarcanjo.net\/site\/maria-ana-blondin\/","title":{"rendered":"Maria Ana Blondin"},"content":{"rendered":"<p>\u00a0<\/p>\n<p><a href=\"http:\/\/www.oarcanjo.net\/site\/wp-content\/uploads\/MariaAnaBlondin1.gif\"><img loading=\"lazy\" decoding=\"async\" class=\"aligncenter size-full wp-image-6946\" src=\"http:\/\/www.oarcanjo.net\/site\/wp-content\/uploads\/MariaAnaBlondin1.gif\" alt=\"\" width=\"150\" height=\"190\" \/><\/a><\/p>\n<p>2 de Janeiro<\/p>\n<p>Bem-aventurada<\/p>\n<p>Fundou a Congrega\u00e7\u00e3o das Irm\u00e3s de Santa Ana<\/p>\n<p>Maria Ester Soureau-Blondin nasceu na cidade de Terrebonne, na prov\u00edncia de Quebeque,<br \/>\nno Canad\u00e1, no dia 18 de abril de 1809, de uma fam\u00edlia profundamente crist\u00e3. Primog\u00eanita de doze filho, herdou da sua m\u00e3e, uma simples dona de casa, a piedade centrada na Provid\u00eancia e na Eucaristia, e do seu pai, um pobre agricultor, a f\u00e9 s\u00f3lida e uma grande paci\u00eancia no sofrimento. Ela recebeu de seus pais a forma\u00e7\u00e3o e os ensinamentos rudimentares, posto que todos eram v\u00edtimas do analfabetismo reinante no s\u00e9culo dezenove no Canad\u00e1, ent\u00e3o dominado pelos ingleses protestantes. De fato \u00e0 \u00e9poca havia uma escassez imensa de escolas francesas cat\u00f3licas. Aos vinte anos de idade, foi contratada como empregada ao servi\u00e7o das religiosas da Congrega\u00e7\u00e3o de Nossa Senhora, que acabavam de chegar \u00e0 sua cidade. Um ano mais tarde, inscreveu-se como interna desejosa de aprender a ler e a escrever. Depois, entrou no noviciado da mesma Congrega\u00e7\u00e3o, mas teve de sair devido \u00e0 sua sa\u00fade, que era extremamente fr\u00e1gil<\/p>\n<p>Em 1833, tornou-se professora na cidade de Vaudreuil, colaborando com a diminui\u00e7\u00e3o do analfabetismo e divulgando a aprendizagem do catolicismo romano. Depois de cinco anos tornou-se diretora daquela escola enquanto amadurecia a id\u00e9ia de fundar uma congrega\u00e7\u00e3o religiosa para alfabetiza\u00e7\u00e3o e evangeliza\u00e7\u00e3o infantil. Em 1848, apresentou ao seu bispo, Dom In\u00e1cio Bourget, o projeto que para a sua \u00e9poca era inovador, pareceu at\u00e9 mesmo &#8220;temer\u00e1rio e subversivo&#8221; em rela\u00e7\u00e3o \u00e0 ordem estabelecida. Contudo, o Estado favorecia este tipo de escolas, por isto o bispo deu a sua autoriza\u00e7\u00e3o. Maria Ester Soureau-Blondin, tomando o nome de Maria Ana, junto com um grupo de religiosas, pronunciou os votos diante daquele bispo, em 1850. Assim deu in\u00edcio \u00e0 Congrega\u00e7\u00e3o das Irm\u00e3s de Santa Ana, fundada em Vaudreuil.<\/p>\n<p>Madre Maria Ana era a superiora da casa-m\u00e3e da Congrega\u00e7\u00e3o quando em 1853, foi transferida para a comunidade de Saint-Jacques de l&#8217;Achigan, a pedido do mesmo bispo. Al\u00ed o novo capel\u00e3o, padre Luis Adolfo Marechal, decidiu interferir na vida interna da Congrega\u00e7\u00e3o, tanto nos aspectos material como espiritual. O conflito entre o capel\u00e3o e a superiora durou cerca de um ano, at\u00e9 que o bispo decretou como solu\u00e7\u00e3o a &#8220;ren\u00fancia&#8221; da madre Maria Ana, em 1854. Depois, convocou novas elei\u00e7\u00f5es exigindo que ela n\u00e3o aceitasse o cargo, mesmo se fosse reeleita. Obedeceu humildemente ao seu bispo, que para ela representava o instrumento da vontade de Deus.<\/p>\n<p>Foi afastada como superiora de um pequeno Convento em Santa Genoveva mas, com o pretexto de m\u00e1 administra\u00e7\u00e3o, foi chamada \u00e0 casa-m\u00e3e em 1858. Desde essa destitui\u00e7\u00e3o durante trinta e dois anos, at\u00e9 \u00e0 sua morte, mantiveram-na fora da responsabilidade administrativa e deliberativa, tendo sido designada para desempenhar as tarefas mais humildes, numa vida de ren\u00fancia total, dando contudo um grande exemplo de humildade e caridade her\u00f3ica a muitas gera\u00e7\u00f5es de novi\u00e7as. Certa vez, esclareceu \u00e0 uma novi\u00e7a admirada ao v\u00ea-la desempenhar tarefas t\u00e3o humildes: &#8220;Quanto mais se aprofundar a raiz da \u00e1rvore, tanto mais possibilidades ela tem de crescer e dar fruto&#8221;. Despojada at\u00e9 de sua correspond\u00eancia pessoal com o seu bispo, cedeu a tudo sem resist\u00eancia, confiando sempre em Deus. Al\u00e9m disso, soube dar aos acontecimentos da sua vida um grandioso sentido evang\u00e9lico, buscando em tudo unicamente a gl\u00f3ria de Deus.<\/p>\n<p>As autoridades que lhe sucederam proibiram que ela fosse chamada de madre. Aceitou o abandono pela vida da sua Congrega\u00e7\u00e3o que viu receber a aprova\u00e7\u00e3o can\u00f4nica em 1884. Entretanto, sem se apegar ao seu t\u00edtulo de fundadora, n\u00e3o abdicou da sua voca\u00e7\u00e3o de &#8220;m\u00e3e espiritual&#8221;. Viveu a persegui\u00e7\u00e3o, perdoando a todos. Este perd\u00e3o evang\u00e9lico era para ela a garantia da &#8220;paz na alma&#8221;, o &#8220;bem mais precioso&#8221;, do qual deu o \u00faltimo testemunho no seu leito de morte, perdoando ao capel\u00e3o, padre Marechal.<\/p>\n<p>Morreu, aos oitenta e um anos de idade, v\u00edtima de complica\u00e7\u00e3o pulmonar no dia 02 de janeiro de 1890, na Casa de Lachine, Canad\u00e1. Nesta ocasi\u00e3o a Congrega\u00e7\u00e3o contava com 428 religiosas dedicadas ao ensino fundamental das crian\u00e7as e \u00e0 cura dos doentes das 43 Casas existentes em Quebeque, Col\u00f4mbia Canadense, Estados Unidos e Alasca.<br \/>\nNo ano 2001 em Roma, o Papa Jo\u00e3o Paulo II proclamou Beata, madre Maria Ana Blondin.<\/p>\n<div id=\"themify_builder_content-6945\" data-postid=\"6945\" class=\"themify_builder_content themify_builder_content-6945 themify_builder themify_builder_front\">\n\t<\/div>\n<!-- \/themify_builder_content -->","protected":false},"excerpt":{"rendered":"<p>\u00a0 2 de Janeiro Bem-aventurada Fundou a Congrega\u00e7\u00e3o das Irm\u00e3s de Santa Ana Maria Ester Soureau-Blondin nasceu na cidade de Terrebonne, na prov\u00edncia de Quebeque, no Canad\u00e1, no dia 18 de abril de 1809, de uma fam\u00edlia profundamente crist\u00e3. Primog\u00eanita de doze filho, herdou da sua m\u00e3e, uma simples dona de casa, a piedade centrada [&hellip;]<\/p>\n","protected":false},"author":14,"featured_media":0,"comment_status":"open","ping_status":"open","sticky":false,"template":"","format":"standard","meta":{"ngg_post_thumbnail":0,"footnotes":""},"categories":[186],"tags":[],"yoast_head":"<!-- This site is optimized with the Yoast SEO plugin v23.5 - https:\/\/yoast.com\/wordpress\/plugins\/seo\/ -->\n<title>Maria Ana Blondin - O Arcanjo no ar<\/title>\n<meta name=\"robots\" content=\"index, follow, max-snippet:-1, max-image-preview:large, max-video-preview:-1\" \/>\n<link rel=\"canonical\" href=\"https:\/\/www.oarcanjo.net\/site\/maria-ana-blondin\/\" \/>\n<meta property=\"og:locale\" content=\"pt_BR\" \/>\n<meta property=\"og:type\" content=\"article\" \/>\n<meta property=\"og:title\" content=\"Maria Ana Blondin - O Arcanjo no ar\" \/>\n<meta property=\"og:description\" content=\"\u00a0 2 de Janeiro Bem-aventurada Fundou a Congrega\u00e7\u00e3o das Irm\u00e3s de Santa Ana Maria Ester Soureau-Blondin nasceu na cidade de Terrebonne, na prov\u00edncia de Quebeque, no Canad\u00e1, no dia 18 de abril de 1809, de uma fam\u00edlia profundamente crist\u00e3. Primog\u00eanita de doze filho, herdou da sua m\u00e3e, uma simples dona de casa, a piedade centrada [&hellip;]\" \/>\n<meta property=\"og:url\" content=\"https:\/\/www.oarcanjo.net\/site\/maria-ana-blondin\/\" \/>\n<meta property=\"og:site_name\" content=\"O Arcanjo no ar\" \/>\n<meta property=\"article:publisher\" content=\"https:\/\/www.facebook.com\/OArcanjoNoAr\/\" \/>\n<meta property=\"article:published_time\" content=\"2018-01-02T02:01:12+00:00\" \/>\n<meta property=\"article:modified_time\" content=\"2017-08-11T18:02:46+00:00\" \/>\n<meta property=\"og:image\" content=\"http:\/\/www.oarcanjo.net\/site\/wp-content\/uploads\/MariaAnaBlondin1.gif\" \/>\n<meta name=\"author\" content=\"danilo\" \/>\n<meta name=\"twitter:card\" content=\"summary_large_image\" \/>\n<meta name=\"twitter:label1\" content=\"Escrito por\" \/>\n\t<meta name=\"twitter:data1\" content=\"danilo\" \/>\n\t<meta name=\"twitter:label2\" content=\"Est. tempo de leitura\" \/>\n\t<meta name=\"twitter:data2\" content=\"4 minutos\" \/>\n<script type=\"application\/ld+json\" class=\"yoast-schema-graph\">{\"@context\":\"https:\/\/schema.org\",\"@graph\":[{\"@type\":\"Article\",\"@id\":\"https:\/\/www.oarcanjo.net\/site\/maria-ana-blondin\/#article\",\"isPartOf\":{\"@id\":\"https:\/\/www.oarcanjo.net\/site\/maria-ana-blondin\/\"},\"author\":{\"name\":\"danilo\",\"@id\":\"https:\/\/www.oarcanjo.net\/site\/#\/schema\/person\/5eb9480bedd2f3c97e430ce128c29c6c\"},\"headline\":\"Maria Ana Blondin\",\"datePublished\":\"2018-01-02T02:01:12+00:00\",\"dateModified\":\"2017-08-11T18:02:46+00:00\",\"mainEntityOfPage\":{\"@id\":\"https:\/\/www.oarcanjo.net\/site\/maria-ana-blondin\/\"},\"wordCount\":754,\"commentCount\":0,\"publisher\":{\"@id\":\"https:\/\/www.oarcanjo.net\/site\/#organization\"},\"image\":{\"@id\":\"https:\/\/www.oarcanjo.net\/site\/maria-ana-blondin\/#primaryimage\"},\"thumbnailUrl\":\"http:\/\/www.oarcanjo.net\/site\/wp-content\/uploads\/MariaAnaBlondin1.gif\",\"articleSection\":[\"Testemunhos\"],\"inLanguage\":\"pt-BR\",\"potentialAction\":[{\"@type\":\"CommentAction\",\"name\":\"Comment\",\"target\":[\"https:\/\/www.oarcanjo.net\/site\/maria-ana-blondin\/#respond\"]}]},{\"@type\":\"WebPage\",\"@id\":\"https:\/\/www.oarcanjo.net\/site\/maria-ana-blondin\/\",\"url\":\"https:\/\/www.oarcanjo.net\/site\/maria-ana-blondin\/\",\"name\":\"Maria Ana Blondin - O Arcanjo no ar\",\"isPartOf\":{\"@id\":\"https:\/\/www.oarcanjo.net\/site\/#website\"},\"primaryImageOfPage\":{\"@id\":\"https:\/\/www.oarcanjo.net\/site\/maria-ana-blondin\/#primaryimage\"},\"image\":{\"@id\":\"https:\/\/www.oarcanjo.net\/site\/maria-ana-blondin\/#primaryimage\"},\"thumbnailUrl\":\"http:\/\/www.oarcanjo.net\/site\/wp-content\/uploads\/MariaAnaBlondin1.gif\",\"datePublished\":\"2018-01-02T02:01:12+00:00\",\"dateModified\":\"2017-08-11T18:02:46+00:00\",\"breadcrumb\":{\"@id\":\"https:\/\/www.oarcanjo.net\/site\/maria-ana-blondin\/#breadcrumb\"},\"inLanguage\":\"pt-BR\",\"potentialAction\":[{\"@type\":\"ReadAction\",\"target\":[\"https:\/\/www.oarcanjo.net\/site\/maria-ana-blondin\/\"]}]},{\"@type\":\"ImageObject\",\"inLanguage\":\"pt-BR\",\"@id\":\"https:\/\/www.oarcanjo.net\/site\/maria-ana-blondin\/#primaryimage\",\"url\":\"http:\/\/www.oarcanjo.net\/site\/wp-content\/uploads\/MariaAnaBlondin1.gif\",\"contentUrl\":\"http:\/\/www.oarcanjo.net\/site\/wp-content\/uploads\/MariaAnaBlondin1.gif\"},{\"@type\":\"BreadcrumbList\",\"@id\":\"https:\/\/www.oarcanjo.net\/site\/maria-ana-blondin\/#breadcrumb\",\"itemListElement\":[{\"@type\":\"ListItem\",\"position\":1,\"name\":\"In\u00edcio\",\"item\":\"https:\/\/www.oarcanjo.net\/site\/\"},{\"@type\":\"ListItem\",\"position\":2,\"name\":\"Maria Ana Blondin\"}]},{\"@type\":\"WebSite\",\"@id\":\"https:\/\/www.oarcanjo.net\/site\/#website\",\"url\":\"https:\/\/www.oarcanjo.net\/site\/\",\"name\":\"O Arcanjo no ar\",\"description\":\"Site da Par\u00f3quia S\u00e3o Miguel Arcanjo (Arquidiocese de SP)\",\"publisher\":{\"@id\":\"https:\/\/www.oarcanjo.net\/site\/#organization\"},\"potentialAction\":[{\"@type\":\"SearchAction\",\"target\":{\"@type\":\"EntryPoint\",\"urlTemplate\":\"https:\/\/www.oarcanjo.net\/site\/?s={search_term_string}\"},\"query-input\":{\"@type\":\"PropertyValueSpecification\",\"valueRequired\":true,\"valueName\":\"search_term_string\"}}],\"inLanguage\":\"pt-BR\"},{\"@type\":\"Organization\",\"@id\":\"https:\/\/www.oarcanjo.net\/site\/#organization\",\"name\":\"Par\u00f3quia S\u00e3o Miguel Arcanjo\",\"url\":\"https:\/\/www.oarcanjo.net\/site\/\",\"logo\":{\"@type\":\"ImageObject\",\"inLanguage\":\"pt-BR\",\"@id\":\"https:\/\/www.oarcanjo.net\/site\/#\/schema\/logo\/image\/\",\"url\":\"https:\/\/www.oarcanjo.net\/site\/wp-content\/uploads\/LogoOArcanjo.png\",\"contentUrl\":\"https:\/\/www.oarcanjo.net\/site\/wp-content\/uploads\/LogoOArcanjo.png\",\"width\":319,\"height\":99,\"caption\":\"Par\u00f3quia S\u00e3o Miguel Arcanjo\"},\"image\":{\"@id\":\"https:\/\/www.oarcanjo.net\/site\/#\/schema\/logo\/image\/\"},\"sameAs\":[\"https:\/\/www.facebook.com\/OArcanjoNoAr\/\"]},{\"@type\":\"Person\",\"@id\":\"https:\/\/www.oarcanjo.net\/site\/#\/schema\/person\/5eb9480bedd2f3c97e430ce128c29c6c\",\"name\":\"danilo\"}]}<\/script>\n<!-- \/ Yoast SEO plugin. -->","yoast_head_json":{"title":"Maria Ana Blondin - O Arcanjo no ar","robots":{"index":"index","follow":"follow","max-snippet":"max-snippet:-1","max-image-preview":"max-image-preview:large","max-video-preview":"max-video-preview:-1"},"canonical":"https:\/\/www.oarcanjo.net\/site\/maria-ana-blondin\/","og_locale":"pt_BR","og_type":"article","og_title":"Maria Ana Blondin - O Arcanjo no ar","og_description":"\u00a0 2 de Janeiro Bem-aventurada Fundou a Congrega\u00e7\u00e3o das Irm\u00e3s de Santa Ana Maria Ester Soureau-Blondin nasceu na cidade de Terrebonne, na prov\u00edncia de Quebeque, no Canad\u00e1, no dia 18 de abril de 1809, de uma fam\u00edlia profundamente crist\u00e3. Primog\u00eanita de doze filho, herdou da sua m\u00e3e, uma simples dona de casa, a piedade centrada [&hellip;]","og_url":"https:\/\/www.oarcanjo.net\/site\/maria-ana-blondin\/","og_site_name":"O Arcanjo no ar","article_publisher":"https:\/\/www.facebook.com\/OArcanjoNoAr\/","article_published_time":"2018-01-02T02:01:12+00:00","article_modified_time":"2017-08-11T18:02:46+00:00","og_image":[{"url":"http:\/\/www.oarcanjo.net\/site\/wp-content\/uploads\/MariaAnaBlondin1.gif"}],"author":"danilo","twitter_card":"summary_large_image","twitter_misc":{"Escrito por":"danilo","Est. tempo de leitura":"4 minutos"},"schema":{"@context":"https:\/\/schema.org","@graph":[{"@type":"Article","@id":"https:\/\/www.oarcanjo.net\/site\/maria-ana-blondin\/#article","isPartOf":{"@id":"https:\/\/www.oarcanjo.net\/site\/maria-ana-blondin\/"},"author":{"name":"danilo","@id":"https:\/\/www.oarcanjo.net\/site\/#\/schema\/person\/5eb9480bedd2f3c97e430ce128c29c6c"},"headline":"Maria Ana Blondin","datePublished":"2018-01-02T02:01:12+00:00","dateModified":"2017-08-11T18:02:46+00:00","mainEntityOfPage":{"@id":"https:\/\/www.oarcanjo.net\/site\/maria-ana-blondin\/"},"wordCount":754,"commentCount":0,"publisher":{"@id":"https:\/\/www.oarcanjo.net\/site\/#organization"},"image":{"@id":"https:\/\/www.oarcanjo.net\/site\/maria-ana-blondin\/#primaryimage"},"thumbnailUrl":"http:\/\/www.oarcanjo.net\/site\/wp-content\/uploads\/MariaAnaBlondin1.gif","articleSection":["Testemunhos"],"inLanguage":"pt-BR","potentialAction":[{"@type":"CommentAction","name":"Comment","target":["https:\/\/www.oarcanjo.net\/site\/maria-ana-blondin\/#respond"]}]},{"@type":"WebPage","@id":"https:\/\/www.oarcanjo.net\/site\/maria-ana-blondin\/","url":"https:\/\/www.oarcanjo.net\/site\/maria-ana-blondin\/","name":"Maria Ana Blondin - O Arcanjo no ar","isPartOf":{"@id":"https:\/\/www.oarcanjo.net\/site\/#website"},"primaryImageOfPage":{"@id":"https:\/\/www.oarcanjo.net\/site\/maria-ana-blondin\/#primaryimage"},"image":{"@id":"https:\/\/www.oarcanjo.net\/site\/maria-ana-blondin\/#primaryimage"},"thumbnailUrl":"http:\/\/www.oarcanjo.net\/site\/wp-content\/uploads\/MariaAnaBlondin1.gif","datePublished":"2018-01-02T02:01:12+00:00","dateModified":"2017-08-11T18:02:46+00:00","breadcrumb":{"@id":"https:\/\/www.oarcanjo.net\/site\/maria-ana-blondin\/#breadcrumb"},"inLanguage":"pt-BR","potentialAction":[{"@type":"ReadAction","target":["https:\/\/www.oarcanjo.net\/site\/maria-ana-blondin\/"]}]},{"@type":"ImageObject","inLanguage":"pt-BR","@id":"https:\/\/www.oarcanjo.net\/site\/maria-ana-blondin\/#primaryimage","url":"http:\/\/www.oarcanjo.net\/site\/wp-content\/uploads\/MariaAnaBlondin1.gif","contentUrl":"http:\/\/www.oarcanjo.net\/site\/wp-content\/uploads\/MariaAnaBlondin1.gif"},{"@type":"BreadcrumbList","@id":"https:\/\/www.oarcanjo.net\/site\/maria-ana-blondin\/#breadcrumb","itemListElement":[{"@type":"ListItem","position":1,"name":"In\u00edcio","item":"https:\/\/www.oarcanjo.net\/site\/"},{"@type":"ListItem","position":2,"name":"Maria Ana Blondin"}]},{"@type":"WebSite","@id":"https:\/\/www.oarcanjo.net\/site\/#website","url":"https:\/\/www.oarcanjo.net\/site\/","name":"O Arcanjo no ar","description":"Site da Par\u00f3quia S\u00e3o Miguel Arcanjo (Arquidiocese de SP)","publisher":{"@id":"https:\/\/www.oarcanjo.net\/site\/#organization"},"potentialAction":[{"@type":"SearchAction","target":{"@type":"EntryPoint","urlTemplate":"https:\/\/www.oarcanjo.net\/site\/?s={search_term_string}"},"query-input":{"@type":"PropertyValueSpecification","valueRequired":true,"valueName":"search_term_string"}}],"inLanguage":"pt-BR"},{"@type":"Organization","@id":"https:\/\/www.oarcanjo.net\/site\/#organization","name":"Par\u00f3quia S\u00e3o Miguel Arcanjo","url":"https:\/\/www.oarcanjo.net\/site\/","logo":{"@type":"ImageObject","inLanguage":"pt-BR","@id":"https:\/\/www.oarcanjo.net\/site\/#\/schema\/logo\/image\/","url":"https:\/\/www.oarcanjo.net\/site\/wp-content\/uploads\/LogoOArcanjo.png","contentUrl":"https:\/\/www.oarcanjo.net\/site\/wp-content\/uploads\/LogoOArcanjo.png","width":319,"height":99,"caption":"Par\u00f3quia S\u00e3o Miguel Arcanjo"},"image":{"@id":"https:\/\/www.oarcanjo.net\/site\/#\/schema\/logo\/image\/"},"sameAs":["https:\/\/www.facebook.com\/OArcanjoNoAr\/"]},{"@type":"Person","@id":"https:\/\/www.oarcanjo.net\/site\/#\/schema\/person\/5eb9480bedd2f3c97e430ce128c29c6c","name":"danilo"}]}},"publishpress_future_action":{"enabled":false,"date":"2026-05-08 14:14:43","action":"category","newStatus":"draft","terms":[],"taxonomy":"category"},"publishpress_future_workflow_manual_trigger":{"enabledWorkflows":[]},"_links":{"self":[{"href":"https:\/\/www.oarcanjo.net\/site\/wp-json\/wp\/v2\/posts\/6945"}],"collection":[{"href":"https:\/\/www.oarcanjo.net\/site\/wp-json\/wp\/v2\/posts"}],"about":[{"href":"https:\/\/www.oarcanjo.net\/site\/wp-json\/wp\/v2\/types\/post"}],"author":[{"embeddable":true,"href":"https:\/\/www.oarcanjo.net\/site\/wp-json\/wp\/v2\/users\/14"}],"replies":[{"embeddable":true,"href":"https:\/\/www.oarcanjo.net\/site\/wp-json\/wp\/v2\/comments?post=6945"}],"version-history":[{"count":0,"href":"https:\/\/www.oarcanjo.net\/site\/wp-json\/wp\/v2\/posts\/6945\/revisions"}],"wp:attachment":[{"href":"https:\/\/www.oarcanjo.net\/site\/wp-json\/wp\/v2\/media?parent=6945"}],"wp:term":[{"taxonomy":"category","embeddable":true,"href":"https:\/\/www.oarcanjo.net\/site\/wp-json\/wp\/v2\/categories?post=6945"},{"taxonomy":"post_tag","embeddable":true,"href":"https:\/\/www.oarcanjo.net\/site\/wp-json\/wp\/v2\/tags?post=6945"}],"curies":[{"name":"wp","href":"https:\/\/api.w.org\/{rel}","templated":true}]}}