
{"id":6949,"date":"2017-01-03T00:10:42","date_gmt":"2017-01-03T02:10:42","guid":{"rendered":"http:\/\/www.oarcanjo.net\/site\/?p=6949"},"modified":"2016-12-27T06:13:17","modified_gmt":"2016-12-27T08:13:17","slug":"santa-genoveva","status":"publish","type":"post","link":"https:\/\/www.oarcanjo.net\/site\/santa-genoveva\/","title":{"rendered":"Santa Genoveva"},"content":{"rendered":"<p>\u00a03 de Janeiro<\/p>\n<p><img loading=\"lazy\" decoding=\"async\" src=\"http:\/\/www.paginaoriente.com\/santosdaigreja\/jan\/santagenoveva.jpg\" border=\"0\" alt=\"\" width=\"198\" height=\"297\" align=\"right\" \/><\/p>\n<p>Santa Genoveva, a gloriosa virgem, c\u00e9lebre por\u00a0 seus milagres, nasceu em 422,\u00a0 em Nanterre pr\u00f3ximo de Paris. Dos pais, Sebero e Ger\u00f4ncia, recebeu uma educa\u00e7\u00e3o esmerada, fundamento s\u00f3lido de sua futura santidade. Contava\u00a0 sete ou oito anos, quando\u00a0 por Nanterre passaram os dois bispos Germano de Auxerre e Lupo de Troyes, em demanda da Inglaterra, pa\u00eds ainda\u00a0 pag\u00e3o,\u00a0 onde iam dedicar-se \u00e0 obra da propaganda da f\u00e9.\u00a0 Grande\u00a0 multid\u00e3o do povo aglomerou-se em redor dos dois\u00a0 ap\u00f3stolos, pedindo-lhes sua b\u00ean\u00e7\u00e3o. Estavam presentes\u00a0 tamb\u00e9m Genoveva e\u00a0 seus pais.\u00a0 S\u00e3o Germano, por inspira\u00e7\u00e3o Divina, conheceu a menina e, dirigindo-se a\u00a0 Severo e\u00a0 Ger\u00f4ncia, disse-lhes:\u00a0 &#8220;Felizes de v\u00f3s, de possuirdes\u00a0 esta menina. Ela ser\u00e1 grande diante de Deus e\u00a0 atra\u00eddos pela\u00a0 sua virtude, muitos pecadores abandonar\u00e3o a\u00a0 senda do pecado e\u00a0 seguir\u00e3o Jesus\u00a0 Cristo&#8221;.\u00a0 A Genoveva, deu\u00a0 o conselho de\u00a0 fugir da vaidade do mundo e procurar a felicidade\u00a0 na pr\u00e1tica das virtudes. Em seguida deu-lhe uma medalha de\u00a0 cobre, que trazia\u00a0 a\u00a0 imagem da cruz e disse-lhe:\u00a0 &#8220;Leva esta medalha, como lembran\u00e7a minha.\u00a0 N\u00e3o ponhas nunca ouro, prata ou pedrarias, nem no pesco\u00e7o, nem nos dedos, porque\u00a0 se n\u00e3o desprezares o enfeite mundano, jamais\u00a0 alcan\u00e7ar\u00e1s a beleza eterna&#8221;.\u00a0\u00a0<\/p>\n<p>\u00a0\u00a0\u00a0\u00a0\u00a0\u00a0\u00a0\u00a0\u00a0\u00a0\u00a0\u00a0\u00a0\u00a0\u00a0\u00a0\u00a0\u00a0\u00a0\u00a0\u00a0\u00a0\u00a0\u00a0\u00a0\u00a0\u00a0\u00a0\u00a0\u00a0\u00a0\u00a0\u00a0\u00a0\u00a0\u00a0\u00a0\u00a0\u00a0\u00a0\u00a0\u00a0\u00a0\u00a0\u00a0\u00a0\u00a0\u00a0\u00a0\u00a0\u00a0\u00a0\u00a0\u00a0\u00a0\u00a0Genoveva com os\u00a0 anos\u00a0 progrediu\u00a0 em virtude e santidade. Diferente\u00a0 das outras crian\u00e7as, fugia dos divertimentos profanos e\u00a0 das vaidades;\u00a0 o desejo de\u00a0 ver, de ser vista, ali\u00e1s t\u00e3o pr\u00f3prio de seu sexo, e finalmente\u00a0 a conveni\u00eancia\u00a0 ou familiaridade com pessoas\u00a0 de\u00a0 outro sexo, a\u00a0 isca perniciosa do pecado, eram para Genoveva coisas completamente desconhecidas. Tinha por \u00fanico prazer\u00a0 visitar a igreja.\u00a0 Quando uma vez, em dia de festa, a m\u00e3e de Genoveva, indo \u00e0 Igreja, n\u00e3o quis que a filha\u00a0 a\u00a0 acompanhasse, esta\u00a0 disse, chorando:\u00a0 &#8220;Com a gra\u00e7a de Deus quero cumprir a\u00a0 palavra que dei a S\u00e3o Germano;\u00a0 irei \u00e0 igreja, para merecer a honra que ele me prometeu&#8221;. Ger\u00f4ncia,\u00a0 num acesso de c\u00f3lera bateu no rosto da filha. Por castigo veio-lhe a cegueira, que durou 21 meses. Passado este tempo recuperou a\u00a0 vista, lavando os olhos tr\u00eas vezes\u00a0 com a\u00a0 \u00e1gua que Genoveva tirara da fonte\u00a0 e\u00a0 benzera\u00a0 com o sinal da cruz.\u00a0<\/p>\n<p>\u00a0\u00a0\u00a0\u00a0\u00a0\u00a0\u00a0\u00a0\u00a0\u00a0\u00a0\u00a0\u00a0\u00a0\u00a0\u00a0\u00a0\u00a0\u00a0\u00a0\u00a0\u00a0\u00a0\u00a0\u00a0\u00a0\u00a0\u00a0\u00a0\u00a0\u00a0\u00a0\u00a0\u00a0\u00a0\u00a0\u00a0\u00a0\u00a0\u00a0\u00a0\u00a0\u00a0\u00a0\u00a0\u00a0\u00a0\u00a0\u00a0\u00a0\u00a0\u00a0\u00a0\u00a0\u00a0\u00a0Aos quinze anos, Genoveva\u00a0 fez o voto de castidade, nas m\u00e3os do bispo de Paris, e recebeu o v\u00e9u\u00a0 sagrado.\u00a0 Desde esse dia, penit\u00eancias e mortifica\u00e7\u00f5es lhe ocupavam grande parte do tempo, pois muito bem sabia\u00a0 que\u00a0 a flor\u00a0 delicad\u00edssima da\u00a0 pureza do cora\u00e7\u00e3o\u00a0 n\u00e3o pode desenvolver\u00a0 o seu encanto numa vida ociosa e de comodidades.\u00a0 Tinha por alimento p\u00e3o de cevada, por bebida \u00e1gua da fonte, por leito o ch\u00e3o.\u00a0 Apesar de sua vida santa e\u00a0 retra\u00edda, n\u00e3o logrou fugir da l\u00edngua\u00a0 b\u00edfida da\u00a0 cal\u00fania e\u00a0 maledic\u00eancia. Genoveva\u00a0 n\u00e3o se perturbou;\u00a0 antes se encheu de satisfa\u00e7\u00e3o por poder sofrer\u00a0 alguma\u00a0 coisa pelo nome de Jesus. Passado pelo crisol do sofrimento, ainda mais esplendorosa\u00a0 lhe brilhava a\u00a0 santidade.\u00a0 Deus\u00a0 envergonhou os\u00a0 caluniadores pelos\u00a0 grandes milagres\u00a0 que fez por interm\u00e9dio de sua humilde serva.\u00a0 O fantasma\u00a0 da\u00a0 fome, que dizimava a popula\u00e7\u00e3o de Paris, retrocedeu em face das ora\u00e7\u00f5es de\u00a0 Santa Genoveva.\u00a0 Tremiam os parisienses, na expectativa de ver a\u00a0 cidade\u00a0 arrasada pelo \u00edmpeto irresist\u00edvel das hordas de\u00a0 \u00c1tila.\u00a0 Genoveva\u00a0 tranq\u00fcilizou-os, predizendo uma\u00a0 mudan\u00e7a nos planos do temido &#8220;flagelo de Deus&#8221;. De fato, \u00c1tila viu-se obrigado a\u00a0 sacrificar grandes vantagens e\u00a0 desviar as ondas devastadoras\u00a0 de seu ex\u00e9rcito. Estes e outros fatos de interesse p\u00fablico fizeram com que todos enxergassem\u00a0 em Genoveva\u00a0 uma grande alma, privilegiada\u00a0 por Deus.\u00a0\u00a0<\/p>\n<p>\u00a0\u00a0\u00a0\u00a0\u00a0\u00a0\u00a0\u00a0\u00a0\u00a0\u00a0\u00a0\u00a0\u00a0\u00a0\u00a0\u00a0\u00a0\u00a0\u00a0\u00a0\u00a0\u00a0\u00a0\u00a0\u00a0\u00a0\u00a0\u00a0\u00a0\u00a0\u00a0\u00a0\u00a0\u00a0\u00a0\u00a0\u00a0\u00a0\u00a0\u00a0\u00a0\u00a0\u00a0\u00a0\u00a0\u00a0\u00a0\u00a0\u00a0\u00a0\u00a0\u00a0\u00a0\u00a0\u00a0O pr\u00f3prio\u00a0 rei Childerico\u00a0 tinha-a\u00a0 em\u00a0 grande conta. A pedido da Santa, muitas vezes,\u00a0 anistiou a\u00a0 r\u00e9us, condenados\u00a0 \u00e0 morte.\u00a0 Clovis,\u00a0 \u00e0\u00a0 iniciativa de Genoveva, construiu uma Igreja,\u00a0 dedicada a S\u00e3o Pedro e\u00a0 S\u00e3o Paulo.\u00a0<\/p>\n<p>\u00a0\u00a0\u00a0\u00a0\u00a0\u00a0\u00a0\u00a0\u00a0\u00a0\u00a0\u00a0\u00a0\u00a0\u00a0\u00a0\u00a0\u00a0\u00a0\u00a0\u00a0\u00a0\u00a0\u00a0\u00a0\u00a0\u00a0\u00a0\u00a0\u00a0\u00a0\u00a0\u00a0\u00a0\u00a0\u00a0\u00a0\u00a0\u00a0\u00a0\u00a0\u00a0\u00a0\u00a0\u00a0\u00a0\u00a0\u00a0\u00a0\u00a0\u00a0\u00a0\u00a0\u00a0\u00a0\u00a0Genoveva\u00a0 entretinha\u00a0 uma devo\u00e7\u00e3o\u00a0 tern\u00edssima\u00a0 \u00e0\u00a0 Sant\u00edssima\u00a0 Virgem e\u00a0 aos\u00a0 Santos\u00a0 Martinho e\u00a0 Dion\u00edsio. Mandou\u00a0 construir\u00a0 um templo no lugar\u00a0 onde S\u00e3o Dion\u00edsio derramara o sangue, em testemunho da f\u00e9.\u00a0 Genoveva\u00a0 morreu aos 89 anos.<\/p>\n<p>\u00a0\u00a0\u00a0\u00a0\u00a0\u00a0\u00a0\u00a0\u00a0\u00a0\u00a0\u00a0\u00a0\u00a0\u00a0\u00a0\u00a0\u00a0\u00a0\u00a0\u00a0\u00a0\u00a0\u00a0\u00a0\u00a0\u00a0\u00a0\u00a0\u00a0\u00a0\u00a0\u00a0\u00a0\u00a0\u00a0\u00a0\u00a0\u00a0\u00a0\u00a0\u00a0\u00a0\u00a0\u00a0\u00a0\u00a0\u00a0\u00a0\u00a0\u00a0\u00a0\u00a0\u00a0\u00a0\u00a0A cidade de Paris\u00a0 venera-a\u00a0 como\u00a0 padroeira. Em tempos bem cr\u00edticos, a capital da Fran\u00e7a\u00a0 tem experimentado\u00a0 a\u00a0 valiosa prote\u00e7\u00e3o de\u00a0 sua defensora. Em 1130 apareceu uma epidemia\u00a0 denominada &#8220;o fogo&#8221;, que\u00a0 transformou a\u00a0 cidade\u00a0 em grande hospital e causou muitas mortes. O povo apavorado fez preces\u00a0 p\u00fablicas suplicando ao\u00a0 c\u00e9u miseric\u00f3rdia. J\u00e1 existiam aproximadamente 1.400 doentes em Paris, quando a popula\u00e7\u00e3o\u00a0 resolveu organizar uma grande prociss\u00e3o, na qual foram levadas\u00a0 as\u00a0 rel\u00edquias de Santa Genoveva. A prociss\u00e3o realizou-se\u00a0 e a epidemia extinguiu-se\u00a0 como por encanto.\u00a0<\/p>\n<p>\u00a0\u00a0\u00a0\u00a0\u00a0\u00a0\u00a0\u00a0\u00a0\u00a0\u00a0\u00a0\u00a0\u00a0\u00a0\u00a0\u00a0\u00a0\u00a0\u00a0\u00a0\u00a0\u00a0\u00a0\u00a0\u00a0\u00a0\u00a0\u00a0\u00a0\u00a0\u00a0\u00a0\u00a0\u00a0\u00a0\u00a0\u00a0\u00a0\u00a0\u00a0\u00a0\u00a0\u00a0\u00a0\u00a0\u00a0\u00a0\u00a0\u00a0\u00a0\u00a0\u00a0\u00a0\u00a0\u00a0As rel\u00edquias da\u00a0 Santa foram\u00a0 queimadas no ano de\u00a0 1793 e sua igreja transformada em pante\u00e3o.\u00a0\u00a0<\/p>\n<p>*\u00a0\u00a0 *\u00a0\u00a0 *\u00a0\u00a0 *\u00a0\u00a0 *\u00a0\u00a0 *\u00a0\u00a0\u00a0<\/p>\n<p><span style=\"font-size: large\"><strong><span style=\"text-decoration: underline\">Reflex\u00f5es:<\/span><\/strong><\/span><\/p>\n<p>Da\u00a0 vida de Santa Genoveva, donzelas\u00a0 e mo\u00e7os podem aprender que,\u00a0 para conservar a inoc\u00eancia, n\u00e3o h\u00e1 meios\u00a0 mais id\u00f4neos que\u00a0 estes:\u00a0 a\u00a0 fuga das ocasi\u00f5es de pecar, amor ao trabalho,\u00a0 dedica\u00e7\u00e3o \u00e0 ora\u00e7\u00e3o e avers\u00e3o\u00a0 aos divertimentos profanos.\u00a0\u00a0 Jovens que d\u00e3o toda a\u00a0 liberdade aos\u00a0 sentidos, principalmente aos olhos;\u00a0 jovens\u00a0 que se sentem\u00a0 bem\u00a0 na companhia de\u00a0 pessoas mundanas;\u00a0 jovens que, avidamente\u00a0 se entregam aos\u00a0 divertimentos, por mais licenciosos e perigosos que como tais\u00a0 sejam\u00a0 acoimados;\u00a0 jovens\u00a0 que n\u00e3o rezam e\u00a0 qualificam a ora\u00e7\u00e3o de ocupa\u00e7\u00e3o in\u00fatil;\u00a0 se j\u00e1 n\u00e3o perderam\u00a0 a inoc\u00eancia, n\u00e3o est\u00e3o longe disto. Oxal\u00e1 todos\u00a0 os jovens queiram aceitar o conselho do Esp\u00edrito Santo que diz: <em>&#8220;Meu filho, quando os pecadores te chamarem, n\u00e3o lhes d\u00eas ouvido!&#8221;.\u00a0 <\/em>O veneno do pecado est\u00e1 muitas vezes escondido nas coisas\u00a0 que mais nos agradam, e que adulam os nossos sentidos. Na pr\u00e1tica da virtude, por\u00e9m, est\u00e3o depositadas a tranq\u00fcilidade da consci\u00eancia, o sossego do esp\u00edrito, a amizade com Deus e\u00a0 muitas\u00a0 vezes\u00a0 a\u00a0 sa\u00fade do corpo e\u00a0 a\u00a0 felicidade\u00a0 c\u00e1 na terra.<\/p>\n<div id=\"themify_builder_content-6949\" data-postid=\"6949\" class=\"themify_builder_content themify_builder_content-6949 themify_builder themify_builder_front\">\n\t<\/div>\n<!-- \/themify_builder_content -->","protected":false},"excerpt":{"rendered":"<p>\u00a03 de Janeiro Santa Genoveva, a gloriosa virgem, c\u00e9lebre por\u00a0 seus milagres, nasceu em 422,\u00a0 em Nanterre pr\u00f3ximo de Paris. Dos pais, Sebero e Ger\u00f4ncia, recebeu uma educa\u00e7\u00e3o esmerada, fundamento s\u00f3lido de sua futura santidade. Contava\u00a0 sete ou oito anos, quando\u00a0 por Nanterre passaram os dois bispos Germano de Auxerre e Lupo de Troyes, em [&hellip;]<\/p>\n","protected":false},"author":14,"featured_media":0,"comment_status":"open","ping_status":"open","sticky":false,"template":"","format":"standard","meta":{"ngg_post_thumbnail":0,"footnotes":""},"categories":[186],"tags":[1384],"yoast_head":"<!-- This site is optimized with the Yoast SEO plugin v23.5 - https:\/\/yoast.com\/wordpress\/plugins\/seo\/ -->\n<title>Santa Genoveva - O Arcanjo no ar<\/title>\n<meta name=\"robots\" content=\"index, follow, max-snippet:-1, max-image-preview:large, max-video-preview:-1\" \/>\n<link rel=\"canonical\" href=\"https:\/\/www.oarcanjo.net\/site\/santa-genoveva\/\" \/>\n<meta property=\"og:locale\" content=\"pt_BR\" \/>\n<meta property=\"og:type\" content=\"article\" \/>\n<meta property=\"og:title\" content=\"Santa Genoveva - O Arcanjo no ar\" \/>\n<meta property=\"og:description\" content=\"\u00a03 de Janeiro Santa Genoveva, a gloriosa virgem, c\u00e9lebre por\u00a0 seus milagres, nasceu em 422,\u00a0 em Nanterre pr\u00f3ximo de Paris. Dos pais, Sebero e Ger\u00f4ncia, recebeu uma educa\u00e7\u00e3o esmerada, fundamento s\u00f3lido de sua futura santidade. Contava\u00a0 sete ou oito anos, quando\u00a0 por Nanterre passaram os dois bispos Germano de Auxerre e Lupo de Troyes, em [&hellip;]\" \/>\n<meta property=\"og:url\" content=\"https:\/\/www.oarcanjo.net\/site\/santa-genoveva\/\" \/>\n<meta property=\"og:site_name\" content=\"O Arcanjo no ar\" \/>\n<meta property=\"article:publisher\" content=\"https:\/\/www.facebook.com\/OArcanjoNoAr\/\" \/>\n<meta property=\"article:published_time\" content=\"2017-01-03T02:10:42+00:00\" \/>\n<meta property=\"article:modified_time\" content=\"2016-12-27T08:13:17+00:00\" \/>\n<meta property=\"og:image\" content=\"http:\/\/www.paginaoriente.com\/santosdaigreja\/jan\/santagenoveva.jpg\" \/>\n<meta name=\"author\" content=\"danilo\" \/>\n<meta name=\"twitter:card\" content=\"summary_large_image\" \/>\n<meta name=\"twitter:label1\" content=\"Escrito por\" \/>\n\t<meta name=\"twitter:data1\" content=\"danilo\" \/>\n\t<meta name=\"twitter:label2\" content=\"Est. tempo de leitura\" \/>\n\t<meta name=\"twitter:data2\" content=\"5 minutos\" \/>\n<script type=\"application\/ld+json\" class=\"yoast-schema-graph\">{\"@context\":\"https:\/\/schema.org\",\"@graph\":[{\"@type\":\"Article\",\"@id\":\"https:\/\/www.oarcanjo.net\/site\/santa-genoveva\/#article\",\"isPartOf\":{\"@id\":\"https:\/\/www.oarcanjo.net\/site\/santa-genoveva\/\"},\"author\":{\"name\":\"danilo\",\"@id\":\"https:\/\/www.oarcanjo.net\/site\/#\/schema\/person\/5eb9480bedd2f3c97e430ce128c29c6c\"},\"headline\":\"Santa Genoveva\",\"datePublished\":\"2017-01-03T02:10:42+00:00\",\"dateModified\":\"2016-12-27T08:13:17+00:00\",\"mainEntityOfPage\":{\"@id\":\"https:\/\/www.oarcanjo.net\/site\/santa-genoveva\/\"},\"wordCount\":1020,\"commentCount\":1,\"publisher\":{\"@id\":\"https:\/\/www.oarcanjo.net\/site\/#organization\"},\"image\":{\"@id\":\"https:\/\/www.oarcanjo.net\/site\/santa-genoveva\/#primaryimage\"},\"thumbnailUrl\":\"http:\/\/www.paginaoriente.com\/santosdaigreja\/jan\/santagenoveva.jpg\",\"keywords\":[\"Santa Genoveva\"],\"articleSection\":[\"Testemunhos\"],\"inLanguage\":\"pt-BR\",\"potentialAction\":[{\"@type\":\"CommentAction\",\"name\":\"Comment\",\"target\":[\"https:\/\/www.oarcanjo.net\/site\/santa-genoveva\/#respond\"]}]},{\"@type\":\"WebPage\",\"@id\":\"https:\/\/www.oarcanjo.net\/site\/santa-genoveva\/\",\"url\":\"https:\/\/www.oarcanjo.net\/site\/santa-genoveva\/\",\"name\":\"Santa Genoveva - O Arcanjo no ar\",\"isPartOf\":{\"@id\":\"https:\/\/www.oarcanjo.net\/site\/#website\"},\"primaryImageOfPage\":{\"@id\":\"https:\/\/www.oarcanjo.net\/site\/santa-genoveva\/#primaryimage\"},\"image\":{\"@id\":\"https:\/\/www.oarcanjo.net\/site\/santa-genoveva\/#primaryimage\"},\"thumbnailUrl\":\"http:\/\/www.paginaoriente.com\/santosdaigreja\/jan\/santagenoveva.jpg\",\"datePublished\":\"2017-01-03T02:10:42+00:00\",\"dateModified\":\"2016-12-27T08:13:17+00:00\",\"breadcrumb\":{\"@id\":\"https:\/\/www.oarcanjo.net\/site\/santa-genoveva\/#breadcrumb\"},\"inLanguage\":\"pt-BR\",\"potentialAction\":[{\"@type\":\"ReadAction\",\"target\":[\"https:\/\/www.oarcanjo.net\/site\/santa-genoveva\/\"]}]},{\"@type\":\"ImageObject\",\"inLanguage\":\"pt-BR\",\"@id\":\"https:\/\/www.oarcanjo.net\/site\/santa-genoveva\/#primaryimage\",\"url\":\"http:\/\/www.paginaoriente.com\/santosdaigreja\/jan\/santagenoveva.jpg\",\"contentUrl\":\"http:\/\/www.paginaoriente.com\/santosdaigreja\/jan\/santagenoveva.jpg\"},{\"@type\":\"BreadcrumbList\",\"@id\":\"https:\/\/www.oarcanjo.net\/site\/santa-genoveva\/#breadcrumb\",\"itemListElement\":[{\"@type\":\"ListItem\",\"position\":1,\"name\":\"In\u00edcio\",\"item\":\"https:\/\/www.oarcanjo.net\/site\/\"},{\"@type\":\"ListItem\",\"position\":2,\"name\":\"Santa Genoveva\"}]},{\"@type\":\"WebSite\",\"@id\":\"https:\/\/www.oarcanjo.net\/site\/#website\",\"url\":\"https:\/\/www.oarcanjo.net\/site\/\",\"name\":\"O Arcanjo no ar\",\"description\":\"Site da Par\u00f3quia S\u00e3o Miguel Arcanjo (Arquidiocese de SP)\",\"publisher\":{\"@id\":\"https:\/\/www.oarcanjo.net\/site\/#organization\"},\"potentialAction\":[{\"@type\":\"SearchAction\",\"target\":{\"@type\":\"EntryPoint\",\"urlTemplate\":\"https:\/\/www.oarcanjo.net\/site\/?s={search_term_string}\"},\"query-input\":{\"@type\":\"PropertyValueSpecification\",\"valueRequired\":true,\"valueName\":\"search_term_string\"}}],\"inLanguage\":\"pt-BR\"},{\"@type\":\"Organization\",\"@id\":\"https:\/\/www.oarcanjo.net\/site\/#organization\",\"name\":\"Par\u00f3quia S\u00e3o Miguel Arcanjo\",\"url\":\"https:\/\/www.oarcanjo.net\/site\/\",\"logo\":{\"@type\":\"ImageObject\",\"inLanguage\":\"pt-BR\",\"@id\":\"https:\/\/www.oarcanjo.net\/site\/#\/schema\/logo\/image\/\",\"url\":\"https:\/\/www.oarcanjo.net\/site\/wp-content\/uploads\/LogoOArcanjo.png\",\"contentUrl\":\"https:\/\/www.oarcanjo.net\/site\/wp-content\/uploads\/LogoOArcanjo.png\",\"width\":319,\"height\":99,\"caption\":\"Par\u00f3quia S\u00e3o Miguel Arcanjo\"},\"image\":{\"@id\":\"https:\/\/www.oarcanjo.net\/site\/#\/schema\/logo\/image\/\"},\"sameAs\":[\"https:\/\/www.facebook.com\/OArcanjoNoAr\/\"]},{\"@type\":\"Person\",\"@id\":\"https:\/\/www.oarcanjo.net\/site\/#\/schema\/person\/5eb9480bedd2f3c97e430ce128c29c6c\",\"name\":\"danilo\"}]}<\/script>\n<!-- \/ Yoast SEO plugin. -->","yoast_head_json":{"title":"Santa Genoveva - O Arcanjo no ar","robots":{"index":"index","follow":"follow","max-snippet":"max-snippet:-1","max-image-preview":"max-image-preview:large","max-video-preview":"max-video-preview:-1"},"canonical":"https:\/\/www.oarcanjo.net\/site\/santa-genoveva\/","og_locale":"pt_BR","og_type":"article","og_title":"Santa Genoveva - O Arcanjo no ar","og_description":"\u00a03 de Janeiro Santa Genoveva, a gloriosa virgem, c\u00e9lebre por\u00a0 seus milagres, nasceu em 422,\u00a0 em Nanterre pr\u00f3ximo de Paris. Dos pais, Sebero e Ger\u00f4ncia, recebeu uma educa\u00e7\u00e3o esmerada, fundamento s\u00f3lido de sua futura santidade. Contava\u00a0 sete ou oito anos, quando\u00a0 por Nanterre passaram os dois bispos Germano de Auxerre e Lupo de Troyes, em [&hellip;]","og_url":"https:\/\/www.oarcanjo.net\/site\/santa-genoveva\/","og_site_name":"O Arcanjo no ar","article_publisher":"https:\/\/www.facebook.com\/OArcanjoNoAr\/","article_published_time":"2017-01-03T02:10:42+00:00","article_modified_time":"2016-12-27T08:13:17+00:00","og_image":[{"url":"http:\/\/www.paginaoriente.com\/santosdaigreja\/jan\/santagenoveva.jpg"}],"author":"danilo","twitter_card":"summary_large_image","twitter_misc":{"Escrito por":"danilo","Est. tempo de leitura":"5 minutos"},"schema":{"@context":"https:\/\/schema.org","@graph":[{"@type":"Article","@id":"https:\/\/www.oarcanjo.net\/site\/santa-genoveva\/#article","isPartOf":{"@id":"https:\/\/www.oarcanjo.net\/site\/santa-genoveva\/"},"author":{"name":"danilo","@id":"https:\/\/www.oarcanjo.net\/site\/#\/schema\/person\/5eb9480bedd2f3c97e430ce128c29c6c"},"headline":"Santa Genoveva","datePublished":"2017-01-03T02:10:42+00:00","dateModified":"2016-12-27T08:13:17+00:00","mainEntityOfPage":{"@id":"https:\/\/www.oarcanjo.net\/site\/santa-genoveva\/"},"wordCount":1020,"commentCount":1,"publisher":{"@id":"https:\/\/www.oarcanjo.net\/site\/#organization"},"image":{"@id":"https:\/\/www.oarcanjo.net\/site\/santa-genoveva\/#primaryimage"},"thumbnailUrl":"http:\/\/www.paginaoriente.com\/santosdaigreja\/jan\/santagenoveva.jpg","keywords":["Santa Genoveva"],"articleSection":["Testemunhos"],"inLanguage":"pt-BR","potentialAction":[{"@type":"CommentAction","name":"Comment","target":["https:\/\/www.oarcanjo.net\/site\/santa-genoveva\/#respond"]}]},{"@type":"WebPage","@id":"https:\/\/www.oarcanjo.net\/site\/santa-genoveva\/","url":"https:\/\/www.oarcanjo.net\/site\/santa-genoveva\/","name":"Santa Genoveva - O Arcanjo no ar","isPartOf":{"@id":"https:\/\/www.oarcanjo.net\/site\/#website"},"primaryImageOfPage":{"@id":"https:\/\/www.oarcanjo.net\/site\/santa-genoveva\/#primaryimage"},"image":{"@id":"https:\/\/www.oarcanjo.net\/site\/santa-genoveva\/#primaryimage"},"thumbnailUrl":"http:\/\/www.paginaoriente.com\/santosdaigreja\/jan\/santagenoveva.jpg","datePublished":"2017-01-03T02:10:42+00:00","dateModified":"2016-12-27T08:13:17+00:00","breadcrumb":{"@id":"https:\/\/www.oarcanjo.net\/site\/santa-genoveva\/#breadcrumb"},"inLanguage":"pt-BR","potentialAction":[{"@type":"ReadAction","target":["https:\/\/www.oarcanjo.net\/site\/santa-genoveva\/"]}]},{"@type":"ImageObject","inLanguage":"pt-BR","@id":"https:\/\/www.oarcanjo.net\/site\/santa-genoveva\/#primaryimage","url":"http:\/\/www.paginaoriente.com\/santosdaigreja\/jan\/santagenoveva.jpg","contentUrl":"http:\/\/www.paginaoriente.com\/santosdaigreja\/jan\/santagenoveva.jpg"},{"@type":"BreadcrumbList","@id":"https:\/\/www.oarcanjo.net\/site\/santa-genoveva\/#breadcrumb","itemListElement":[{"@type":"ListItem","position":1,"name":"In\u00edcio","item":"https:\/\/www.oarcanjo.net\/site\/"},{"@type":"ListItem","position":2,"name":"Santa Genoveva"}]},{"@type":"WebSite","@id":"https:\/\/www.oarcanjo.net\/site\/#website","url":"https:\/\/www.oarcanjo.net\/site\/","name":"O Arcanjo no ar","description":"Site da Par\u00f3quia S\u00e3o Miguel Arcanjo (Arquidiocese de SP)","publisher":{"@id":"https:\/\/www.oarcanjo.net\/site\/#organization"},"potentialAction":[{"@type":"SearchAction","target":{"@type":"EntryPoint","urlTemplate":"https:\/\/www.oarcanjo.net\/site\/?s={search_term_string}"},"query-input":{"@type":"PropertyValueSpecification","valueRequired":true,"valueName":"search_term_string"}}],"inLanguage":"pt-BR"},{"@type":"Organization","@id":"https:\/\/www.oarcanjo.net\/site\/#organization","name":"Par\u00f3quia S\u00e3o Miguel Arcanjo","url":"https:\/\/www.oarcanjo.net\/site\/","logo":{"@type":"ImageObject","inLanguage":"pt-BR","@id":"https:\/\/www.oarcanjo.net\/site\/#\/schema\/logo\/image\/","url":"https:\/\/www.oarcanjo.net\/site\/wp-content\/uploads\/LogoOArcanjo.png","contentUrl":"https:\/\/www.oarcanjo.net\/site\/wp-content\/uploads\/LogoOArcanjo.png","width":319,"height":99,"caption":"Par\u00f3quia S\u00e3o Miguel Arcanjo"},"image":{"@id":"https:\/\/www.oarcanjo.net\/site\/#\/schema\/logo\/image\/"},"sameAs":["https:\/\/www.facebook.com\/OArcanjoNoAr\/"]},{"@type":"Person","@id":"https:\/\/www.oarcanjo.net\/site\/#\/schema\/person\/5eb9480bedd2f3c97e430ce128c29c6c","name":"danilo"}]}},"publishpress_future_action":{"enabled":false,"date":"2026-05-08 15:12:06","action":"category","newStatus":"draft","terms":[],"taxonomy":"category"},"publishpress_future_workflow_manual_trigger":{"enabledWorkflows":[]},"_links":{"self":[{"href":"https:\/\/www.oarcanjo.net\/site\/wp-json\/wp\/v2\/posts\/6949"}],"collection":[{"href":"https:\/\/www.oarcanjo.net\/site\/wp-json\/wp\/v2\/posts"}],"about":[{"href":"https:\/\/www.oarcanjo.net\/site\/wp-json\/wp\/v2\/types\/post"}],"author":[{"embeddable":true,"href":"https:\/\/www.oarcanjo.net\/site\/wp-json\/wp\/v2\/users\/14"}],"replies":[{"embeddable":true,"href":"https:\/\/www.oarcanjo.net\/site\/wp-json\/wp\/v2\/comments?post=6949"}],"version-history":[{"count":0,"href":"https:\/\/www.oarcanjo.net\/site\/wp-json\/wp\/v2\/posts\/6949\/revisions"}],"wp:attachment":[{"href":"https:\/\/www.oarcanjo.net\/site\/wp-json\/wp\/v2\/media?parent=6949"}],"wp:term":[{"taxonomy":"category","embeddable":true,"href":"https:\/\/www.oarcanjo.net\/site\/wp-json\/wp\/v2\/categories?post=6949"},{"taxonomy":"post_tag","embeddable":true,"href":"https:\/\/www.oarcanjo.net\/site\/wp-json\/wp\/v2\/tags?post=6949"}],"curies":[{"name":"wp","href":"https:\/\/api.w.org\/{rel}","templated":true}]}}