
{"id":69559,"date":"2016-03-27T21:18:48","date_gmt":"2016-03-28T00:18:48","guid":{"rendered":"http:\/\/www.oarcanjo.net\/site\/?p=69559"},"modified":"2016-04-03T21:59:01","modified_gmt":"2016-04-04T00:59:01","slug":"video-homilia-do-pe-julio-na-vigilia-pascal","status":"publish","type":"post","link":"https:\/\/www.oarcanjo.net\/site\/video-homilia-do-pe-julio-na-vigilia-pascal\/","title":{"rendered":"V\u00cdDEO: Homilia do Pe. Julio na Vig\u00edlia da P\u00e1scoa"},"content":{"rendered":"<p>&#8220;Entre a vida e a morte, a vida \u00e9 mais forte&#8221;. Essa \u00e9 a mensagem central da festa da P\u00e1scoa. No s\u00e1bado \u00e0 noite, os crist\u00e3os celebram a Vig\u00edlia Pascal, que inicia com o chamado &#8220;fogo novo&#8221;, s\u00edmbolo de vida nova. Acompanhe a reflex\u00e3o do Pe. Julio Lancellotti nessa missa que marca o encerramento do Tr\u00edduo Pascal.<\/p>\n<p><iframe loading=\"lazy\" src=\"https:\/\/www.youtube.com\/embed\/VJ-4RjRXki8?rel=0\" width=\"640\" height=\"360\" frameborder=\"0\" allowfullscreen=\"allowfullscreen\"><\/iframe><\/p>\n<p>No final da missa, o Pe. Julio Lancellotti desejou uma feliz P\u00e1scoa aos participantes, agradeceu \u00e0 comunidade pelo empenho na organiza\u00e7\u00e3o do Tr\u00edduo e nos preparativos da Semana Santa e lembrou que todos os que participaram desse per\u00edodo de ora\u00e7\u00e3o ganharam um presente especial no Ano da Miseric\u00f3rdia:<\/p>\n<p><iframe loading=\"lazy\" src=\"https:\/\/www.youtube.com\/embed\/4e_5Haq4TMw?rel=0\" width=\"640\" height=\"360\" frameborder=\"0\" allowfullscreen=\"allowfullscreen\"><\/iframe><\/p>\n<p>Grava\u00e7\u00e3o realizada na igreja S\u00e3o Miguel Arcanjo em 26\/03\/2016.<\/p>\n<div id=\"themify_builder_content-69559\" data-postid=\"69559\" class=\"themify_builder_content themify_builder_content-69559 themify_builder themify_builder_front\">\n\t<\/div>\n<!-- \/themify_builder_content -->","protected":false},"excerpt":{"rendered":"<p>&#8220;Entre a vida e a morte, a vida \u00e9 mais forte&#8221;. Essa \u00e9 a mensagem central da festa da P\u00e1scoa, celebrada desde a Vig\u00edlia Pascal, no s\u00e1bado de aleluia<\/p>\n","protected":false},"author":5,"featured_media":69567,"comment_status":"open","ping_status":"open","sticky":false,"template":"","format":"standard","meta":{"ngg_post_thumbnail":0,"footnotes":""},"categories":[4,475],"tags":[],"yoast_head":"<!-- This site is optimized with the Yoast SEO plugin v23.5 - https:\/\/yoast.com\/wordpress\/plugins\/seo\/ -->\n<title>V\u00cdDEO: Homilia do Pe. Julio na Vig\u00edlia da P\u00e1scoa - O Arcanjo no ar<\/title>\n<meta name=\"robots\" content=\"index, follow, max-snippet:-1, max-image-preview:large, max-video-preview:-1\" \/>\n<link rel=\"canonical\" href=\"https:\/\/www.oarcanjo.net\/site\/video-homilia-do-pe-julio-na-vigilia-pascal\/\" \/>\n<meta property=\"og:locale\" content=\"pt_BR\" \/>\n<meta property=\"og:type\" content=\"article\" \/>\n<meta property=\"og:title\" content=\"V\u00cdDEO: Homilia do Pe. Julio na Vig\u00edlia da P\u00e1scoa - O Arcanjo no ar\" \/>\n<meta property=\"og:description\" content=\"&quot;Entre a vida e a morte, a vida \u00e9 mais forte&quot;. Essa \u00e9 a mensagem central da festa da P\u00e1scoa, celebrada desde a Vig\u00edlia Pascal, no s\u00e1bado de aleluia\" \/>\n<meta property=\"og:url\" content=\"https:\/\/www.oarcanjo.net\/site\/video-homilia-do-pe-julio-na-vigilia-pascal\/\" \/>\n<meta property=\"og:site_name\" content=\"O Arcanjo no ar\" \/>\n<meta property=\"article:publisher\" content=\"https:\/\/www.facebook.com\/OArcanjoNoAr\/\" \/>\n<meta property=\"article:published_time\" content=\"2016-03-28T00:18:48+00:00\" \/>\n<meta property=\"article:modified_time\" content=\"2016-04-04T00:59:01+00:00\" \/>\n<meta property=\"og:image\" content=\"https:\/\/www.oarcanjo.net\/site\/wp-content\/uploads\/20160326Mensagem.jpg\" \/>\n\t<meta property=\"og:image:width\" content=\"1280\" \/>\n\t<meta property=\"og:image:height\" content=\"720\" \/>\n\t<meta property=\"og:image:type\" content=\"image\/jpeg\" \/>\n<meta name=\"author\" content=\"editor\" \/>\n<meta name=\"twitter:card\" content=\"summary_large_image\" \/>\n<meta name=\"twitter:label1\" content=\"Escrito por\" \/>\n\t<meta name=\"twitter:data1\" content=\"editor\" \/>\n\t<meta name=\"twitter:label2\" content=\"Est. tempo de leitura\" \/>\n\t<meta name=\"twitter:data2\" content=\"1 minuto\" \/>\n<script type=\"application\/ld+json\" class=\"yoast-schema-graph\">{\"@context\":\"https:\/\/schema.org\",\"@graph\":[{\"@type\":\"Article\",\"@id\":\"https:\/\/www.oarcanjo.net\/site\/video-homilia-do-pe-julio-na-vigilia-pascal\/#article\",\"isPartOf\":{\"@id\":\"https:\/\/www.oarcanjo.net\/site\/video-homilia-do-pe-julio-na-vigilia-pascal\/\"},\"author\":{\"name\":\"editor\",\"@id\":\"https:\/\/www.oarcanjo.net\/site\/#\/schema\/person\/f7024d007863202483a31326673a0838\"},\"headline\":\"V\u00cdDEO: Homilia do Pe. Julio na Vig\u00edlia da P\u00e1scoa\",\"datePublished\":\"2016-03-28T00:18:48+00:00\",\"dateModified\":\"2016-04-04T00:59:01+00:00\",\"mainEntityOfPage\":{\"@id\":\"https:\/\/www.oarcanjo.net\/site\/video-homilia-do-pe-julio-na-vigilia-pascal\/\"},\"wordCount\":136,\"commentCount\":0,\"publisher\":{\"@id\":\"https:\/\/www.oarcanjo.net\/site\/#organization\"},\"image\":{\"@id\":\"https:\/\/www.oarcanjo.net\/site\/video-homilia-do-pe-julio-na-vigilia-pascal\/#primaryimage\"},\"thumbnailUrl\":\"https:\/\/www.oarcanjo.net\/site\/wp-content\/uploads\/20160326Mensagem.jpg\",\"articleSection\":[\"Blog\",\"Homilias\"],\"inLanguage\":\"pt-BR\",\"potentialAction\":[{\"@type\":\"CommentAction\",\"name\":\"Comment\",\"target\":[\"https:\/\/www.oarcanjo.net\/site\/video-homilia-do-pe-julio-na-vigilia-pascal\/#respond\"]}]},{\"@type\":\"WebPage\",\"@id\":\"https:\/\/www.oarcanjo.net\/site\/video-homilia-do-pe-julio-na-vigilia-pascal\/\",\"url\":\"https:\/\/www.oarcanjo.net\/site\/video-homilia-do-pe-julio-na-vigilia-pascal\/\",\"name\":\"V\u00cdDEO: Homilia do Pe. Julio na Vig\u00edlia da P\u00e1scoa - O Arcanjo no ar\",\"isPartOf\":{\"@id\":\"https:\/\/www.oarcanjo.net\/site\/#website\"},\"primaryImageOfPage\":{\"@id\":\"https:\/\/www.oarcanjo.net\/site\/video-homilia-do-pe-julio-na-vigilia-pascal\/#primaryimage\"},\"image\":{\"@id\":\"https:\/\/www.oarcanjo.net\/site\/video-homilia-do-pe-julio-na-vigilia-pascal\/#primaryimage\"},\"thumbnailUrl\":\"https:\/\/www.oarcanjo.net\/site\/wp-content\/uploads\/20160326Mensagem.jpg\",\"datePublished\":\"2016-03-28T00:18:48+00:00\",\"dateModified\":\"2016-04-04T00:59:01+00:00\",\"breadcrumb\":{\"@id\":\"https:\/\/www.oarcanjo.net\/site\/video-homilia-do-pe-julio-na-vigilia-pascal\/#breadcrumb\"},\"inLanguage\":\"pt-BR\",\"potentialAction\":[{\"@type\":\"ReadAction\",\"target\":[\"https:\/\/www.oarcanjo.net\/site\/video-homilia-do-pe-julio-na-vigilia-pascal\/\"]}]},{\"@type\":\"ImageObject\",\"inLanguage\":\"pt-BR\",\"@id\":\"https:\/\/www.oarcanjo.net\/site\/video-homilia-do-pe-julio-na-vigilia-pascal\/#primaryimage\",\"url\":\"https:\/\/www.oarcanjo.net\/site\/wp-content\/uploads\/20160326Mensagem.jpg\",\"contentUrl\":\"https:\/\/www.oarcanjo.net\/site\/wp-content\/uploads\/20160326Mensagem.jpg\",\"width\":1280,\"height\":720},{\"@type\":\"BreadcrumbList\",\"@id\":\"https:\/\/www.oarcanjo.net\/site\/video-homilia-do-pe-julio-na-vigilia-pascal\/#breadcrumb\",\"itemListElement\":[{\"@type\":\"ListItem\",\"position\":1,\"name\":\"In\u00edcio\",\"item\":\"https:\/\/www.oarcanjo.net\/site\/\"},{\"@type\":\"ListItem\",\"position\":2,\"name\":\"V\u00cdDEO: Homilia do Pe. Julio na Vig\u00edlia da P\u00e1scoa\"}]},{\"@type\":\"WebSite\",\"@id\":\"https:\/\/www.oarcanjo.net\/site\/#website\",\"url\":\"https:\/\/www.oarcanjo.net\/site\/\",\"name\":\"O Arcanjo no ar\",\"description\":\"Site da Par\u00f3quia S\u00e3o Miguel Arcanjo (Arquidiocese de SP)\",\"publisher\":{\"@id\":\"https:\/\/www.oarcanjo.net\/site\/#organization\"},\"potentialAction\":[{\"@type\":\"SearchAction\",\"target\":{\"@type\":\"EntryPoint\",\"urlTemplate\":\"https:\/\/www.oarcanjo.net\/site\/?s={search_term_string}\"},\"query-input\":{\"@type\":\"PropertyValueSpecification\",\"valueRequired\":true,\"valueName\":\"search_term_string\"}}],\"inLanguage\":\"pt-BR\"},{\"@type\":\"Organization\",\"@id\":\"https:\/\/www.oarcanjo.net\/site\/#organization\",\"name\":\"Par\u00f3quia S\u00e3o Miguel Arcanjo\",\"url\":\"https:\/\/www.oarcanjo.net\/site\/\",\"logo\":{\"@type\":\"ImageObject\",\"inLanguage\":\"pt-BR\",\"@id\":\"https:\/\/www.oarcanjo.net\/site\/#\/schema\/logo\/image\/\",\"url\":\"https:\/\/www.oarcanjo.net\/site\/wp-content\/uploads\/LogoOArcanjo.png\",\"contentUrl\":\"https:\/\/www.oarcanjo.net\/site\/wp-content\/uploads\/LogoOArcanjo.png\",\"width\":319,\"height\":99,\"caption\":\"Par\u00f3quia S\u00e3o Miguel Arcanjo\"},\"image\":{\"@id\":\"https:\/\/www.oarcanjo.net\/site\/#\/schema\/logo\/image\/\"},\"sameAs\":[\"https:\/\/www.facebook.com\/OArcanjoNoAr\/\"]},{\"@type\":\"Person\",\"@id\":\"https:\/\/www.oarcanjo.net\/site\/#\/schema\/person\/f7024d007863202483a31326673a0838\",\"name\":\"editor\",\"sameAs\":[\"http:\/\/www.oarcanjo.net\"]}]}<\/script>\n<!-- \/ Yoast SEO plugin. -->","yoast_head_json":{"title":"V\u00cdDEO: Homilia do Pe. Julio na Vig\u00edlia da P\u00e1scoa - O Arcanjo no ar","robots":{"index":"index","follow":"follow","max-snippet":"max-snippet:-1","max-image-preview":"max-image-preview:large","max-video-preview":"max-video-preview:-1"},"canonical":"https:\/\/www.oarcanjo.net\/site\/video-homilia-do-pe-julio-na-vigilia-pascal\/","og_locale":"pt_BR","og_type":"article","og_title":"V\u00cdDEO: Homilia do Pe. Julio na Vig\u00edlia da P\u00e1scoa - O Arcanjo no ar","og_description":"\"Entre a vida e a morte, a vida \u00e9 mais forte\". Essa \u00e9 a mensagem central da festa da P\u00e1scoa, celebrada desde a Vig\u00edlia Pascal, no s\u00e1bado de aleluia","og_url":"https:\/\/www.oarcanjo.net\/site\/video-homilia-do-pe-julio-na-vigilia-pascal\/","og_site_name":"O Arcanjo no ar","article_publisher":"https:\/\/www.facebook.com\/OArcanjoNoAr\/","article_published_time":"2016-03-28T00:18:48+00:00","article_modified_time":"2016-04-04T00:59:01+00:00","og_image":[{"width":1280,"height":720,"url":"https:\/\/www.oarcanjo.net\/site\/wp-content\/uploads\/20160326Mensagem.jpg","type":"image\/jpeg"}],"author":"editor","twitter_card":"summary_large_image","twitter_misc":{"Escrito por":"editor","Est. tempo de leitura":"1 minuto"},"schema":{"@context":"https:\/\/schema.org","@graph":[{"@type":"Article","@id":"https:\/\/www.oarcanjo.net\/site\/video-homilia-do-pe-julio-na-vigilia-pascal\/#article","isPartOf":{"@id":"https:\/\/www.oarcanjo.net\/site\/video-homilia-do-pe-julio-na-vigilia-pascal\/"},"author":{"name":"editor","@id":"https:\/\/www.oarcanjo.net\/site\/#\/schema\/person\/f7024d007863202483a31326673a0838"},"headline":"V\u00cdDEO: Homilia do Pe. Julio na Vig\u00edlia da P\u00e1scoa","datePublished":"2016-03-28T00:18:48+00:00","dateModified":"2016-04-04T00:59:01+00:00","mainEntityOfPage":{"@id":"https:\/\/www.oarcanjo.net\/site\/video-homilia-do-pe-julio-na-vigilia-pascal\/"},"wordCount":136,"commentCount":0,"publisher":{"@id":"https:\/\/www.oarcanjo.net\/site\/#organization"},"image":{"@id":"https:\/\/www.oarcanjo.net\/site\/video-homilia-do-pe-julio-na-vigilia-pascal\/#primaryimage"},"thumbnailUrl":"https:\/\/www.oarcanjo.net\/site\/wp-content\/uploads\/20160326Mensagem.jpg","articleSection":["Blog","Homilias"],"inLanguage":"pt-BR","potentialAction":[{"@type":"CommentAction","name":"Comment","target":["https:\/\/www.oarcanjo.net\/site\/video-homilia-do-pe-julio-na-vigilia-pascal\/#respond"]}]},{"@type":"WebPage","@id":"https:\/\/www.oarcanjo.net\/site\/video-homilia-do-pe-julio-na-vigilia-pascal\/","url":"https:\/\/www.oarcanjo.net\/site\/video-homilia-do-pe-julio-na-vigilia-pascal\/","name":"V\u00cdDEO: Homilia do Pe. Julio na Vig\u00edlia da P\u00e1scoa - O Arcanjo no ar","isPartOf":{"@id":"https:\/\/www.oarcanjo.net\/site\/#website"},"primaryImageOfPage":{"@id":"https:\/\/www.oarcanjo.net\/site\/video-homilia-do-pe-julio-na-vigilia-pascal\/#primaryimage"},"image":{"@id":"https:\/\/www.oarcanjo.net\/site\/video-homilia-do-pe-julio-na-vigilia-pascal\/#primaryimage"},"thumbnailUrl":"https:\/\/www.oarcanjo.net\/site\/wp-content\/uploads\/20160326Mensagem.jpg","datePublished":"2016-03-28T00:18:48+00:00","dateModified":"2016-04-04T00:59:01+00:00","breadcrumb":{"@id":"https:\/\/www.oarcanjo.net\/site\/video-homilia-do-pe-julio-na-vigilia-pascal\/#breadcrumb"},"inLanguage":"pt-BR","potentialAction":[{"@type":"ReadAction","target":["https:\/\/www.oarcanjo.net\/site\/video-homilia-do-pe-julio-na-vigilia-pascal\/"]}]},{"@type":"ImageObject","inLanguage":"pt-BR","@id":"https:\/\/www.oarcanjo.net\/site\/video-homilia-do-pe-julio-na-vigilia-pascal\/#primaryimage","url":"https:\/\/www.oarcanjo.net\/site\/wp-content\/uploads\/20160326Mensagem.jpg","contentUrl":"https:\/\/www.oarcanjo.net\/site\/wp-content\/uploads\/20160326Mensagem.jpg","width":1280,"height":720},{"@type":"BreadcrumbList","@id":"https:\/\/www.oarcanjo.net\/site\/video-homilia-do-pe-julio-na-vigilia-pascal\/#breadcrumb","itemListElement":[{"@type":"ListItem","position":1,"name":"In\u00edcio","item":"https:\/\/www.oarcanjo.net\/site\/"},{"@type":"ListItem","position":2,"name":"V\u00cdDEO: Homilia do Pe. Julio na Vig\u00edlia da P\u00e1scoa"}]},{"@type":"WebSite","@id":"https:\/\/www.oarcanjo.net\/site\/#website","url":"https:\/\/www.oarcanjo.net\/site\/","name":"O Arcanjo no ar","description":"Site da Par\u00f3quia S\u00e3o Miguel Arcanjo (Arquidiocese de SP)","publisher":{"@id":"https:\/\/www.oarcanjo.net\/site\/#organization"},"potentialAction":[{"@type":"SearchAction","target":{"@type":"EntryPoint","urlTemplate":"https:\/\/www.oarcanjo.net\/site\/?s={search_term_string}"},"query-input":{"@type":"PropertyValueSpecification","valueRequired":true,"valueName":"search_term_string"}}],"inLanguage":"pt-BR"},{"@type":"Organization","@id":"https:\/\/www.oarcanjo.net\/site\/#organization","name":"Par\u00f3quia S\u00e3o Miguel Arcanjo","url":"https:\/\/www.oarcanjo.net\/site\/","logo":{"@type":"ImageObject","inLanguage":"pt-BR","@id":"https:\/\/www.oarcanjo.net\/site\/#\/schema\/logo\/image\/","url":"https:\/\/www.oarcanjo.net\/site\/wp-content\/uploads\/LogoOArcanjo.png","contentUrl":"https:\/\/www.oarcanjo.net\/site\/wp-content\/uploads\/LogoOArcanjo.png","width":319,"height":99,"caption":"Par\u00f3quia S\u00e3o Miguel Arcanjo"},"image":{"@id":"https:\/\/www.oarcanjo.net\/site\/#\/schema\/logo\/image\/"},"sameAs":["https:\/\/www.facebook.com\/OArcanjoNoAr\/"]},{"@type":"Person","@id":"https:\/\/www.oarcanjo.net\/site\/#\/schema\/person\/f7024d007863202483a31326673a0838","name":"editor","sameAs":["http:\/\/www.oarcanjo.net"]}]}},"publishpress_future_action":{"enabled":false,"date":"2026-05-10 11:20:43","action":"category","newStatus":"draft","terms":[],"taxonomy":"category"},"publishpress_future_workflow_manual_trigger":{"enabledWorkflows":[]},"_links":{"self":[{"href":"https:\/\/www.oarcanjo.net\/site\/wp-json\/wp\/v2\/posts\/69559"}],"collection":[{"href":"https:\/\/www.oarcanjo.net\/site\/wp-json\/wp\/v2\/posts"}],"about":[{"href":"https:\/\/www.oarcanjo.net\/site\/wp-json\/wp\/v2\/types\/post"}],"author":[{"embeddable":true,"href":"https:\/\/www.oarcanjo.net\/site\/wp-json\/wp\/v2\/users\/5"}],"replies":[{"embeddable":true,"href":"https:\/\/www.oarcanjo.net\/site\/wp-json\/wp\/v2\/comments?post=69559"}],"version-history":[{"count":0,"href":"https:\/\/www.oarcanjo.net\/site\/wp-json\/wp\/v2\/posts\/69559\/revisions"}],"wp:featuredmedia":[{"embeddable":true,"href":"https:\/\/www.oarcanjo.net\/site\/wp-json\/wp\/v2\/media\/69567"}],"wp:attachment":[{"href":"https:\/\/www.oarcanjo.net\/site\/wp-json\/wp\/v2\/media?parent=69559"}],"wp:term":[{"taxonomy":"category","embeddable":true,"href":"https:\/\/www.oarcanjo.net\/site\/wp-json\/wp\/v2\/categories?post=69559"},{"taxonomy":"post_tag","embeddable":true,"href":"https:\/\/www.oarcanjo.net\/site\/wp-json\/wp\/v2\/tags?post=69559"}],"curies":[{"name":"wp","href":"https:\/\/api.w.org\/{rel}","templated":true}]}}