
{"id":6957,"date":"2017-01-04T00:46:50","date_gmt":"2017-01-04T02:46:50","guid":{"rendered":"http:\/\/www.oarcanjo.net\/site\/?p=6957"},"modified":"2016-12-27T06:06:49","modified_gmt":"2016-12-27T08:06:49","slug":"santa-elisabete-ana-baylei-seton","status":"publish","type":"post","link":"https:\/\/www.oarcanjo.net\/site\/santa-elisabete-ana-baylei-seton\/","title":{"rendered":"Santa Elisabete Ana Baylei Seton"},"content":{"rendered":"<p><img loading=\"lazy\" decoding=\"async\" src=\"http:\/\/retirovocacional.files.wordpress.com\/2009\/01\/elizabeteseton.jpg?w=306&amp;h=554\" alt=\"elizabeteseton\" width=\"306\" height=\"554\" \/><\/p>\n<p>4 de Janeiro<\/p>\n<p>Primeira norte-americana a ser canonizada. Em 1975, sob o pontificado do papa Paulo VI, nasceu nos Estados Unidos, no ano de 1774 dentro de uma fam\u00edlia cuja m\u00e3e era uma crist\u00e3 n\u00e3o cat\u00f3lica e o pai, conhecido como m\u00e9dico muito atarefado e famoso. A m\u00e3e faleceu e, infelizmente, a madrasta fazia sofrer Santa Elisabete. Seu ref\u00fagio era a ora\u00e7\u00e3o e a Palavra de Deus. Era algu\u00e9m que buscava cumprir os mandamentos do Senhor, responder como Cristo respondeu aos sofrimentos do seu tempo.<\/p>\n<p>Santa Elisabete Ana Bayley Seton chegou a casar-se, teve v\u00e1rios filhos, mas, por fal\u00eancia de seu esposo, tiveram que entrar no ritmo da migra\u00e7\u00e3o dos Estados Unidos para a It\u00e1lia. Com as dificuldades da viagem e a fragilidade de seu esposo, ele faleceu. Ela continuou at\u00e9 chegar \u00e0 It\u00e1lia e ser acolhida por uma fam\u00edlia amiga. Era uma fam\u00edlia feliz porque seguiam a Cristo como cat\u00f3licos praticantes. Tudo aquilo foi mexendo com o cora\u00e7\u00e3o de Santa Elisabete e ela quis se tornar cat\u00f3lica. N\u00e3o se sabe ao certo se tornou-se cat\u00f3lica ali na It\u00e1lia ou nos Estados Unidos, mas o fato \u00e9 que retornou para os Estados Unidos, foi acolhida pela Igreja de Cristo Cat\u00f3lica, mas pelos familiares que eram crist\u00e3os de outra igreja, n\u00e3o foi bem acolhida; foi at\u00e9 perseguida.<\/p>\n<p>De fato, o ecumenismo \u00e9 uma conquista de cada dia e em todos os tempos. Santa Elisabete Ana Bayley teve uma dificuldade com uma minoria cat\u00f3lica de tal forma, pois n\u00e3o encontrava espa\u00e7o para a educa\u00e7\u00e3o dos filhos, que inspiradamente come\u00e7ou uma obra que chegou a ser uma Congrega\u00e7\u00e3o das irm\u00e3s de S\u00e3o Jos\u00e9, com o objetivo de formar as crian\u00e7as numa f\u00e9 crist\u00e3 e cat\u00f3lica.<\/p>\n<p>Santa Elisabete, com apenas 47 anos, faleceu; mas deixou para todos os crist\u00e3os cat\u00f3licos do mundo inteiro o testemunho de um cora\u00e7\u00e3o que buscou, em tudo, a obedi\u00eancia ao Senhor.<\/p>\n<div id=\"themify_builder_content-6957\" data-postid=\"6957\" class=\"themify_builder_content themify_builder_content-6957 themify_builder themify_builder_front\">\n\t<\/div>\n<!-- \/themify_builder_content -->","protected":false},"excerpt":{"rendered":"<p>4 de Janeiro Primeira norte-americana a ser canonizada. Em 1975, sob o pontificado do papa Paulo VI, nasceu nos Estados Unidos, no ano de 1774 dentro de uma fam\u00edlia cuja m\u00e3e era uma crist\u00e3 n\u00e3o cat\u00f3lica e o pai, conhecido como m\u00e9dico muito atarefado e famoso. A m\u00e3e faleceu e, infelizmente, a madrasta fazia sofrer [&hellip;]<\/p>\n","protected":false},"author":14,"featured_media":0,"comment_status":"open","ping_status":"open","sticky":false,"template":"","format":"standard","meta":{"ngg_post_thumbnail":0,"footnotes":""},"categories":[186],"tags":[],"yoast_head":"<!-- This site is optimized with the Yoast SEO plugin v23.5 - https:\/\/yoast.com\/wordpress\/plugins\/seo\/ -->\n<title>Santa Elisabete Ana Baylei Seton - O Arcanjo no ar<\/title>\n<meta name=\"robots\" content=\"index, follow, max-snippet:-1, max-image-preview:large, max-video-preview:-1\" \/>\n<link rel=\"canonical\" href=\"https:\/\/www.oarcanjo.net\/site\/santa-elisabete-ana-baylei-seton\/\" \/>\n<meta property=\"og:locale\" content=\"pt_BR\" \/>\n<meta property=\"og:type\" content=\"article\" \/>\n<meta property=\"og:title\" content=\"Santa Elisabete Ana Baylei Seton - O Arcanjo no ar\" \/>\n<meta property=\"og:description\" content=\"4 de Janeiro Primeira norte-americana a ser canonizada. Em 1975, sob o pontificado do papa Paulo VI, nasceu nos Estados Unidos, no ano de 1774 dentro de uma fam\u00edlia cuja m\u00e3e era uma crist\u00e3 n\u00e3o cat\u00f3lica e o pai, conhecido como m\u00e9dico muito atarefado e famoso. A m\u00e3e faleceu e, infelizmente, a madrasta fazia sofrer [&hellip;]\" \/>\n<meta property=\"og:url\" content=\"https:\/\/www.oarcanjo.net\/site\/santa-elisabete-ana-baylei-seton\/\" \/>\n<meta property=\"og:site_name\" content=\"O Arcanjo no ar\" \/>\n<meta property=\"article:publisher\" content=\"https:\/\/www.facebook.com\/OArcanjoNoAr\/\" \/>\n<meta property=\"article:published_time\" content=\"2017-01-04T02:46:50+00:00\" \/>\n<meta property=\"article:modified_time\" content=\"2016-12-27T08:06:49+00:00\" \/>\n<meta property=\"og:image\" content=\"http:\/\/retirovocacional.files.wordpress.com\/2009\/01\/elizabeteseton.jpg?w=306&amp;h=554\" \/>\n<meta name=\"author\" content=\"danilo\" \/>\n<meta name=\"twitter:card\" content=\"summary_large_image\" \/>\n<meta name=\"twitter:label1\" content=\"Escrito por\" \/>\n\t<meta name=\"twitter:data1\" content=\"danilo\" \/>\n\t<meta name=\"twitter:label2\" content=\"Est. tempo de leitura\" \/>\n\t<meta name=\"twitter:data2\" content=\"2 minutos\" \/>\n<script type=\"application\/ld+json\" class=\"yoast-schema-graph\">{\"@context\":\"https:\/\/schema.org\",\"@graph\":[{\"@type\":\"Article\",\"@id\":\"https:\/\/www.oarcanjo.net\/site\/santa-elisabete-ana-baylei-seton\/#article\",\"isPartOf\":{\"@id\":\"https:\/\/www.oarcanjo.net\/site\/santa-elisabete-ana-baylei-seton\/\"},\"author\":{\"name\":\"danilo\",\"@id\":\"https:\/\/www.oarcanjo.net\/site\/#\/schema\/person\/5eb9480bedd2f3c97e430ce128c29c6c\"},\"headline\":\"Santa Elisabete Ana Baylei Seton\",\"datePublished\":\"2017-01-04T02:46:50+00:00\",\"dateModified\":\"2016-12-27T08:06:49+00:00\",\"mainEntityOfPage\":{\"@id\":\"https:\/\/www.oarcanjo.net\/site\/santa-elisabete-ana-baylei-seton\/\"},\"wordCount\":349,\"commentCount\":0,\"publisher\":{\"@id\":\"https:\/\/www.oarcanjo.net\/site\/#organization\"},\"image\":{\"@id\":\"https:\/\/www.oarcanjo.net\/site\/santa-elisabete-ana-baylei-seton\/#primaryimage\"},\"thumbnailUrl\":\"http:\/\/retirovocacional.files.wordpress.com\/2009\/01\/elizabeteseton.jpg?w=306&amp;h=554\",\"articleSection\":[\"Testemunhos\"],\"inLanguage\":\"pt-BR\",\"potentialAction\":[{\"@type\":\"CommentAction\",\"name\":\"Comment\",\"target\":[\"https:\/\/www.oarcanjo.net\/site\/santa-elisabete-ana-baylei-seton\/#respond\"]}]},{\"@type\":\"WebPage\",\"@id\":\"https:\/\/www.oarcanjo.net\/site\/santa-elisabete-ana-baylei-seton\/\",\"url\":\"https:\/\/www.oarcanjo.net\/site\/santa-elisabete-ana-baylei-seton\/\",\"name\":\"Santa Elisabete Ana Baylei Seton - O Arcanjo no ar\",\"isPartOf\":{\"@id\":\"https:\/\/www.oarcanjo.net\/site\/#website\"},\"primaryImageOfPage\":{\"@id\":\"https:\/\/www.oarcanjo.net\/site\/santa-elisabete-ana-baylei-seton\/#primaryimage\"},\"image\":{\"@id\":\"https:\/\/www.oarcanjo.net\/site\/santa-elisabete-ana-baylei-seton\/#primaryimage\"},\"thumbnailUrl\":\"http:\/\/retirovocacional.files.wordpress.com\/2009\/01\/elizabeteseton.jpg?w=306&amp;h=554\",\"datePublished\":\"2017-01-04T02:46:50+00:00\",\"dateModified\":\"2016-12-27T08:06:49+00:00\",\"breadcrumb\":{\"@id\":\"https:\/\/www.oarcanjo.net\/site\/santa-elisabete-ana-baylei-seton\/#breadcrumb\"},\"inLanguage\":\"pt-BR\",\"potentialAction\":[{\"@type\":\"ReadAction\",\"target\":[\"https:\/\/www.oarcanjo.net\/site\/santa-elisabete-ana-baylei-seton\/\"]}]},{\"@type\":\"ImageObject\",\"inLanguage\":\"pt-BR\",\"@id\":\"https:\/\/www.oarcanjo.net\/site\/santa-elisabete-ana-baylei-seton\/#primaryimage\",\"url\":\"http:\/\/retirovocacional.files.wordpress.com\/2009\/01\/elizabeteseton.jpg?w=306&amp;h=554\",\"contentUrl\":\"http:\/\/retirovocacional.files.wordpress.com\/2009\/01\/elizabeteseton.jpg?w=306&amp;h=554\"},{\"@type\":\"BreadcrumbList\",\"@id\":\"https:\/\/www.oarcanjo.net\/site\/santa-elisabete-ana-baylei-seton\/#breadcrumb\",\"itemListElement\":[{\"@type\":\"ListItem\",\"position\":1,\"name\":\"In\u00edcio\",\"item\":\"https:\/\/www.oarcanjo.net\/site\/\"},{\"@type\":\"ListItem\",\"position\":2,\"name\":\"Santa Elisabete Ana Baylei Seton\"}]},{\"@type\":\"WebSite\",\"@id\":\"https:\/\/www.oarcanjo.net\/site\/#website\",\"url\":\"https:\/\/www.oarcanjo.net\/site\/\",\"name\":\"O Arcanjo no ar\",\"description\":\"Site da Par\u00f3quia S\u00e3o Miguel Arcanjo (Arquidiocese de SP)\",\"publisher\":{\"@id\":\"https:\/\/www.oarcanjo.net\/site\/#organization\"},\"potentialAction\":[{\"@type\":\"SearchAction\",\"target\":{\"@type\":\"EntryPoint\",\"urlTemplate\":\"https:\/\/www.oarcanjo.net\/site\/?s={search_term_string}\"},\"query-input\":{\"@type\":\"PropertyValueSpecification\",\"valueRequired\":true,\"valueName\":\"search_term_string\"}}],\"inLanguage\":\"pt-BR\"},{\"@type\":\"Organization\",\"@id\":\"https:\/\/www.oarcanjo.net\/site\/#organization\",\"name\":\"Par\u00f3quia S\u00e3o Miguel Arcanjo\",\"url\":\"https:\/\/www.oarcanjo.net\/site\/\",\"logo\":{\"@type\":\"ImageObject\",\"inLanguage\":\"pt-BR\",\"@id\":\"https:\/\/www.oarcanjo.net\/site\/#\/schema\/logo\/image\/\",\"url\":\"https:\/\/www.oarcanjo.net\/site\/wp-content\/uploads\/LogoOArcanjo.png\",\"contentUrl\":\"https:\/\/www.oarcanjo.net\/site\/wp-content\/uploads\/LogoOArcanjo.png\",\"width\":319,\"height\":99,\"caption\":\"Par\u00f3quia S\u00e3o Miguel Arcanjo\"},\"image\":{\"@id\":\"https:\/\/www.oarcanjo.net\/site\/#\/schema\/logo\/image\/\"},\"sameAs\":[\"https:\/\/www.facebook.com\/OArcanjoNoAr\/\"]},{\"@type\":\"Person\",\"@id\":\"https:\/\/www.oarcanjo.net\/site\/#\/schema\/person\/5eb9480bedd2f3c97e430ce128c29c6c\",\"name\":\"danilo\"}]}<\/script>\n<!-- \/ Yoast SEO plugin. -->","yoast_head_json":{"title":"Santa Elisabete Ana Baylei Seton - O Arcanjo no ar","robots":{"index":"index","follow":"follow","max-snippet":"max-snippet:-1","max-image-preview":"max-image-preview:large","max-video-preview":"max-video-preview:-1"},"canonical":"https:\/\/www.oarcanjo.net\/site\/santa-elisabete-ana-baylei-seton\/","og_locale":"pt_BR","og_type":"article","og_title":"Santa Elisabete Ana Baylei Seton - O Arcanjo no ar","og_description":"4 de Janeiro Primeira norte-americana a ser canonizada. Em 1975, sob o pontificado do papa Paulo VI, nasceu nos Estados Unidos, no ano de 1774 dentro de uma fam\u00edlia cuja m\u00e3e era uma crist\u00e3 n\u00e3o cat\u00f3lica e o pai, conhecido como m\u00e9dico muito atarefado e famoso. A m\u00e3e faleceu e, infelizmente, a madrasta fazia sofrer [&hellip;]","og_url":"https:\/\/www.oarcanjo.net\/site\/santa-elisabete-ana-baylei-seton\/","og_site_name":"O Arcanjo no ar","article_publisher":"https:\/\/www.facebook.com\/OArcanjoNoAr\/","article_published_time":"2017-01-04T02:46:50+00:00","article_modified_time":"2016-12-27T08:06:49+00:00","og_image":[{"url":"http:\/\/retirovocacional.files.wordpress.com\/2009\/01\/elizabeteseton.jpg?w=306&amp;h=554"}],"author":"danilo","twitter_card":"summary_large_image","twitter_misc":{"Escrito por":"danilo","Est. tempo de leitura":"2 minutos"},"schema":{"@context":"https:\/\/schema.org","@graph":[{"@type":"Article","@id":"https:\/\/www.oarcanjo.net\/site\/santa-elisabete-ana-baylei-seton\/#article","isPartOf":{"@id":"https:\/\/www.oarcanjo.net\/site\/santa-elisabete-ana-baylei-seton\/"},"author":{"name":"danilo","@id":"https:\/\/www.oarcanjo.net\/site\/#\/schema\/person\/5eb9480bedd2f3c97e430ce128c29c6c"},"headline":"Santa Elisabete Ana Baylei Seton","datePublished":"2017-01-04T02:46:50+00:00","dateModified":"2016-12-27T08:06:49+00:00","mainEntityOfPage":{"@id":"https:\/\/www.oarcanjo.net\/site\/santa-elisabete-ana-baylei-seton\/"},"wordCount":349,"commentCount":0,"publisher":{"@id":"https:\/\/www.oarcanjo.net\/site\/#organization"},"image":{"@id":"https:\/\/www.oarcanjo.net\/site\/santa-elisabete-ana-baylei-seton\/#primaryimage"},"thumbnailUrl":"http:\/\/retirovocacional.files.wordpress.com\/2009\/01\/elizabeteseton.jpg?w=306&amp;h=554","articleSection":["Testemunhos"],"inLanguage":"pt-BR","potentialAction":[{"@type":"CommentAction","name":"Comment","target":["https:\/\/www.oarcanjo.net\/site\/santa-elisabete-ana-baylei-seton\/#respond"]}]},{"@type":"WebPage","@id":"https:\/\/www.oarcanjo.net\/site\/santa-elisabete-ana-baylei-seton\/","url":"https:\/\/www.oarcanjo.net\/site\/santa-elisabete-ana-baylei-seton\/","name":"Santa Elisabete Ana Baylei Seton - O Arcanjo no ar","isPartOf":{"@id":"https:\/\/www.oarcanjo.net\/site\/#website"},"primaryImageOfPage":{"@id":"https:\/\/www.oarcanjo.net\/site\/santa-elisabete-ana-baylei-seton\/#primaryimage"},"image":{"@id":"https:\/\/www.oarcanjo.net\/site\/santa-elisabete-ana-baylei-seton\/#primaryimage"},"thumbnailUrl":"http:\/\/retirovocacional.files.wordpress.com\/2009\/01\/elizabeteseton.jpg?w=306&amp;h=554","datePublished":"2017-01-04T02:46:50+00:00","dateModified":"2016-12-27T08:06:49+00:00","breadcrumb":{"@id":"https:\/\/www.oarcanjo.net\/site\/santa-elisabete-ana-baylei-seton\/#breadcrumb"},"inLanguage":"pt-BR","potentialAction":[{"@type":"ReadAction","target":["https:\/\/www.oarcanjo.net\/site\/santa-elisabete-ana-baylei-seton\/"]}]},{"@type":"ImageObject","inLanguage":"pt-BR","@id":"https:\/\/www.oarcanjo.net\/site\/santa-elisabete-ana-baylei-seton\/#primaryimage","url":"http:\/\/retirovocacional.files.wordpress.com\/2009\/01\/elizabeteseton.jpg?w=306&amp;h=554","contentUrl":"http:\/\/retirovocacional.files.wordpress.com\/2009\/01\/elizabeteseton.jpg?w=306&amp;h=554"},{"@type":"BreadcrumbList","@id":"https:\/\/www.oarcanjo.net\/site\/santa-elisabete-ana-baylei-seton\/#breadcrumb","itemListElement":[{"@type":"ListItem","position":1,"name":"In\u00edcio","item":"https:\/\/www.oarcanjo.net\/site\/"},{"@type":"ListItem","position":2,"name":"Santa Elisabete Ana Baylei Seton"}]},{"@type":"WebSite","@id":"https:\/\/www.oarcanjo.net\/site\/#website","url":"https:\/\/www.oarcanjo.net\/site\/","name":"O Arcanjo no ar","description":"Site da Par\u00f3quia S\u00e3o Miguel Arcanjo (Arquidiocese de SP)","publisher":{"@id":"https:\/\/www.oarcanjo.net\/site\/#organization"},"potentialAction":[{"@type":"SearchAction","target":{"@type":"EntryPoint","urlTemplate":"https:\/\/www.oarcanjo.net\/site\/?s={search_term_string}"},"query-input":{"@type":"PropertyValueSpecification","valueRequired":true,"valueName":"search_term_string"}}],"inLanguage":"pt-BR"},{"@type":"Organization","@id":"https:\/\/www.oarcanjo.net\/site\/#organization","name":"Par\u00f3quia S\u00e3o Miguel Arcanjo","url":"https:\/\/www.oarcanjo.net\/site\/","logo":{"@type":"ImageObject","inLanguage":"pt-BR","@id":"https:\/\/www.oarcanjo.net\/site\/#\/schema\/logo\/image\/","url":"https:\/\/www.oarcanjo.net\/site\/wp-content\/uploads\/LogoOArcanjo.png","contentUrl":"https:\/\/www.oarcanjo.net\/site\/wp-content\/uploads\/LogoOArcanjo.png","width":319,"height":99,"caption":"Par\u00f3quia S\u00e3o Miguel Arcanjo"},"image":{"@id":"https:\/\/www.oarcanjo.net\/site\/#\/schema\/logo\/image\/"},"sameAs":["https:\/\/www.facebook.com\/OArcanjoNoAr\/"]},{"@type":"Person","@id":"https:\/\/www.oarcanjo.net\/site\/#\/schema\/person\/5eb9480bedd2f3c97e430ce128c29c6c","name":"danilo"}]}},"publishpress_future_action":{"enabled":false,"date":"2026-05-08 18:01:23","action":"category","newStatus":"draft","terms":[],"taxonomy":"category"},"publishpress_future_workflow_manual_trigger":{"enabledWorkflows":[]},"_links":{"self":[{"href":"https:\/\/www.oarcanjo.net\/site\/wp-json\/wp\/v2\/posts\/6957"}],"collection":[{"href":"https:\/\/www.oarcanjo.net\/site\/wp-json\/wp\/v2\/posts"}],"about":[{"href":"https:\/\/www.oarcanjo.net\/site\/wp-json\/wp\/v2\/types\/post"}],"author":[{"embeddable":true,"href":"https:\/\/www.oarcanjo.net\/site\/wp-json\/wp\/v2\/users\/14"}],"replies":[{"embeddable":true,"href":"https:\/\/www.oarcanjo.net\/site\/wp-json\/wp\/v2\/comments?post=6957"}],"version-history":[{"count":0,"href":"https:\/\/www.oarcanjo.net\/site\/wp-json\/wp\/v2\/posts\/6957\/revisions"}],"wp:attachment":[{"href":"https:\/\/www.oarcanjo.net\/site\/wp-json\/wp\/v2\/media?parent=6957"}],"wp:term":[{"taxonomy":"category","embeddable":true,"href":"https:\/\/www.oarcanjo.net\/site\/wp-json\/wp\/v2\/categories?post=6957"},{"taxonomy":"post_tag","embeddable":true,"href":"https:\/\/www.oarcanjo.net\/site\/wp-json\/wp\/v2\/tags?post=6957"}],"curies":[{"name":"wp","href":"https:\/\/api.w.org\/{rel}","templated":true}]}}