
{"id":6960,"date":"2017-01-04T00:49:19","date_gmt":"2017-01-04T02:49:19","guid":{"rendered":"http:\/\/www.oarcanjo.net\/site\/?p=6960"},"modified":"2016-12-27T06:13:27","modified_gmt":"2016-12-27T08:13:27","slug":"manuel-gonzales-garcia","status":"publish","type":"post","link":"https:\/\/www.oarcanjo.net\/site\/manuel-gonzales-garcia\/","title":{"rendered":"Bem Aventurado Manuel Gonz\u00e1les Garcia"},"content":{"rendered":"<p><img loading=\"lazy\" decoding=\"async\" src=\"http:\/\/santagatando.files.wordpress.com\/2009\/01\/91453.jpg?w=320&amp;h=468\" alt=\"91453\" width=\"320\" height=\"468\" \/><\/p>\n<p>4 de Janeiro<\/p>\n<p>Bem-aventurado<\/p>\n<p>Fundou a Institui\u00e7\u00e3o dos padres Mission\u00e1rios Eucar\u00edsticos e da Congrega\u00e7\u00e3o religiosa das Mission\u00e1rias Eucar\u00edsticas de Nazar\u00e9<\/p>\n<p>Manuel Gonz\u00e1les Garcia nasceu em Sevilha, na Espanha no dia 25 de fevereiro de 1877.A fam\u00edlia era humilde e profundamente religiosa. O seu pai Martim era carpinteiro e a sua m\u00e3e Antonia era dona de casa. O casal teve cinco filhos, ele foi o segundo.<\/p>\n<p>Neste ambiente sereno, Manuel cresceu, nutrindo no cora\u00e7\u00e3o o desejo de fazer parte, na catedral de Sevilha, do grupo de meninos do c\u00f4ro que cantavam nas solenidades do &#8220;Corpus Christi&#8221; e da Imaculada. J\u00e1 nessa \u00e9poca se consolidou o seu amor pela Eucaristia e por Maria.<\/p>\n<p>Atrav\u00e9s da viv\u00eancia crist\u00e3 e o bom exemplo da fam\u00edlia e de v\u00e1rios sacerdotes, descobriu a sua verdadeira voca\u00e7\u00e3o. Assim, sem avisar os seus pais, fez os exames de ingresso no semin\u00e1rio. Eles aceitaram a vontade do filho e os des\u00edgnios de Deus. Consciente da situa\u00e7\u00e3o econ\u00f4mica da sua fam\u00edlia, Manuel pagou os estudos do semin\u00e1rio trabalhando como servidor e tamb\u00e9m auxiliou sua irm\u00e3, Maria Antonia que se tornou religiosa.<\/p>\n<p>Finalmente, em 1901, recebeu a ordena\u00e7\u00e3o sacerdotal das m\u00e3os do cardeal Marcelo Espinola, um beato da Igreja. Um ano depois, padre Manuel foi enviado numa miss\u00e3o para pregar em Palomares do Rio, onde permaneceu durante toda a sua vida sacerdotal.<\/p>\n<p>Foi dentro da simplicidade do Evangelho que desenvolveu todo seu trabalho mission\u00e1rio. Criou a &#8220;Obra dos Sacr\u00e1rios-Calv\u00e1rios&#8221;, uma resposta de amor reparador ao amor de Cristo na Eucaristia, como ele mesmo definiu sua obra. O in\u00edcio foi a Uni\u00e3o Eucaristia Reparadora, formada pelos ramos masculino e feminino de leigos , culminando com a Repara\u00e7\u00e3o Infantil Eucar\u00edstica e a cria\u00e7\u00e3o da revista &#8220;O gr\u00e3o de areia&#8221;, para a divulga\u00e7\u00e3o destas associa\u00e7\u00f5es. Ap\u00f3s quinze anos, em reconhecimento da sua capacidade e laureando sua atua\u00e7\u00e3o mission\u00e1ria, foi consagrado bispo de M\u00e1laga.<\/p>\n<p>Com a aprova\u00e7\u00e3o da Santa S\u00e9, em 1918 fundou a institui\u00e7\u00e3o dos padres Mission\u00e1rios Eucar\u00edsticos e tr\u00eas anos depois a congrega\u00e7\u00e3o religiosa das Mission\u00e1rias Eucar\u00edsticas de Nazar\u00e9. Em 1932, colaborou com a irm\u00e3 no sangue e na f\u00e9, Maria Antonia, para a cria\u00e7\u00e3o das institui\u00e7\u00f5es das Mission\u00e1rias Auxiliares Nazarenas e a Juventude Eucar\u00edstica.<\/p>\n<p>Depois, durante a guerra espanhola foi nomeado bispo de Pal\u00eancia, para onde foi transferido em 1935. Nesta diocese, Manuel passou os \u00faltimos anos do seu minist\u00e9rio sacerdotal, escrevendo tamb\u00e9m in\u00fameras obras de conte\u00fado religioso e espiritual. Depois de um longo per\u00edodo de enfermidade, serenamente morreu no dia 4 de Janeiro de 1940.<\/p>\n<p>O Papa Jo\u00e3o Paulo II o proclamou &#8220;Ap\u00f3stolo da Eucaristia&#8221; na celebra\u00e7\u00e3o solene de sua beatifica\u00e7\u00e3o em 1998. Santo Manuel Gonz\u00e1les Garcia foi enterrado na Catedral de Pal\u00eancia e sua festa lit\u00fargica marcada para o dia de sua morte.<\/p>\n<div id=\"themify_builder_content-6960\" data-postid=\"6960\" class=\"themify_builder_content themify_builder_content-6960 themify_builder themify_builder_front\">\n\t<\/div>\n<!-- \/themify_builder_content -->","protected":false},"excerpt":{"rendered":"<p>4 de Janeiro Bem-aventurado Fundou a Institui\u00e7\u00e3o dos padres Mission\u00e1rios Eucar\u00edsticos e da Congrega\u00e7\u00e3o religiosa das Mission\u00e1rias Eucar\u00edsticas de Nazar\u00e9 Manuel Gonz\u00e1les Garcia nasceu em Sevilha, na Espanha no dia 25 de fevereiro de 1877.A fam\u00edlia era humilde e profundamente religiosa. O seu pai Martim era carpinteiro e a sua m\u00e3e Antonia era dona de [&hellip;]<\/p>\n","protected":false},"author":14,"featured_media":0,"comment_status":"open","ping_status":"open","sticky":false,"template":"","format":"standard","meta":{"ngg_post_thumbnail":0,"footnotes":""},"categories":[186],"tags":[],"yoast_head":"<!-- This site is optimized with the Yoast SEO plugin v23.5 - https:\/\/yoast.com\/wordpress\/plugins\/seo\/ -->\n<title>Bem Aventurado Manuel Gonz\u00e1les Garcia - O Arcanjo no ar<\/title>\n<meta name=\"robots\" content=\"index, follow, max-snippet:-1, max-image-preview:large, max-video-preview:-1\" \/>\n<link rel=\"canonical\" href=\"https:\/\/www.oarcanjo.net\/site\/manuel-gonzales-garcia\/\" \/>\n<meta property=\"og:locale\" content=\"pt_BR\" \/>\n<meta property=\"og:type\" content=\"article\" \/>\n<meta property=\"og:title\" content=\"Bem Aventurado Manuel Gonz\u00e1les Garcia - O Arcanjo no ar\" \/>\n<meta property=\"og:description\" content=\"4 de Janeiro Bem-aventurado Fundou a Institui\u00e7\u00e3o dos padres Mission\u00e1rios Eucar\u00edsticos e da Congrega\u00e7\u00e3o religiosa das Mission\u00e1rias Eucar\u00edsticas de Nazar\u00e9 Manuel Gonz\u00e1les Garcia nasceu em Sevilha, na Espanha no dia 25 de fevereiro de 1877.A fam\u00edlia era humilde e profundamente religiosa. O seu pai Martim era carpinteiro e a sua m\u00e3e Antonia era dona de [&hellip;]\" \/>\n<meta property=\"og:url\" content=\"https:\/\/www.oarcanjo.net\/site\/manuel-gonzales-garcia\/\" \/>\n<meta property=\"og:site_name\" content=\"O Arcanjo no ar\" \/>\n<meta property=\"article:publisher\" content=\"https:\/\/www.facebook.com\/OArcanjoNoAr\/\" \/>\n<meta property=\"article:published_time\" content=\"2017-01-04T02:49:19+00:00\" \/>\n<meta property=\"article:modified_time\" content=\"2016-12-27T08:13:27+00:00\" \/>\n<meta property=\"og:image\" content=\"http:\/\/santagatando.files.wordpress.com\/2009\/01\/91453.jpg?w=320&amp;h=468\" \/>\n<meta name=\"author\" content=\"danilo\" \/>\n<meta name=\"twitter:card\" content=\"summary_large_image\" \/>\n<meta name=\"twitter:label1\" content=\"Escrito por\" \/>\n\t<meta name=\"twitter:data1\" content=\"danilo\" \/>\n\t<meta name=\"twitter:label2\" content=\"Est. tempo de leitura\" \/>\n\t<meta name=\"twitter:data2\" content=\"3 minutos\" \/>\n<script type=\"application\/ld+json\" class=\"yoast-schema-graph\">{\"@context\":\"https:\/\/schema.org\",\"@graph\":[{\"@type\":\"Article\",\"@id\":\"https:\/\/www.oarcanjo.net\/site\/manuel-gonzales-garcia\/#article\",\"isPartOf\":{\"@id\":\"https:\/\/www.oarcanjo.net\/site\/manuel-gonzales-garcia\/\"},\"author\":{\"name\":\"danilo\",\"@id\":\"https:\/\/www.oarcanjo.net\/site\/#\/schema\/person\/5eb9480bedd2f3c97e430ce128c29c6c\"},\"headline\":\"Bem Aventurado Manuel Gonz\u00e1les Garcia\",\"datePublished\":\"2017-01-04T02:49:19+00:00\",\"dateModified\":\"2016-12-27T08:13:27+00:00\",\"mainEntityOfPage\":{\"@id\":\"https:\/\/www.oarcanjo.net\/site\/manuel-gonzales-garcia\/\"},\"wordCount\":515,\"commentCount\":0,\"publisher\":{\"@id\":\"https:\/\/www.oarcanjo.net\/site\/#organization\"},\"image\":{\"@id\":\"https:\/\/www.oarcanjo.net\/site\/manuel-gonzales-garcia\/#primaryimage\"},\"thumbnailUrl\":\"http:\/\/santagatando.files.wordpress.com\/2009\/01\/91453.jpg?w=320&amp;h=468\",\"articleSection\":[\"Testemunhos\"],\"inLanguage\":\"pt-BR\",\"potentialAction\":[{\"@type\":\"CommentAction\",\"name\":\"Comment\",\"target\":[\"https:\/\/www.oarcanjo.net\/site\/manuel-gonzales-garcia\/#respond\"]}]},{\"@type\":\"WebPage\",\"@id\":\"https:\/\/www.oarcanjo.net\/site\/manuel-gonzales-garcia\/\",\"url\":\"https:\/\/www.oarcanjo.net\/site\/manuel-gonzales-garcia\/\",\"name\":\"Bem Aventurado Manuel Gonz\u00e1les Garcia - O Arcanjo no ar\",\"isPartOf\":{\"@id\":\"https:\/\/www.oarcanjo.net\/site\/#website\"},\"primaryImageOfPage\":{\"@id\":\"https:\/\/www.oarcanjo.net\/site\/manuel-gonzales-garcia\/#primaryimage\"},\"image\":{\"@id\":\"https:\/\/www.oarcanjo.net\/site\/manuel-gonzales-garcia\/#primaryimage\"},\"thumbnailUrl\":\"http:\/\/santagatando.files.wordpress.com\/2009\/01\/91453.jpg?w=320&amp;h=468\",\"datePublished\":\"2017-01-04T02:49:19+00:00\",\"dateModified\":\"2016-12-27T08:13:27+00:00\",\"breadcrumb\":{\"@id\":\"https:\/\/www.oarcanjo.net\/site\/manuel-gonzales-garcia\/#breadcrumb\"},\"inLanguage\":\"pt-BR\",\"potentialAction\":[{\"@type\":\"ReadAction\",\"target\":[\"https:\/\/www.oarcanjo.net\/site\/manuel-gonzales-garcia\/\"]}]},{\"@type\":\"ImageObject\",\"inLanguage\":\"pt-BR\",\"@id\":\"https:\/\/www.oarcanjo.net\/site\/manuel-gonzales-garcia\/#primaryimage\",\"url\":\"http:\/\/santagatando.files.wordpress.com\/2009\/01\/91453.jpg?w=320&amp;h=468\",\"contentUrl\":\"http:\/\/santagatando.files.wordpress.com\/2009\/01\/91453.jpg?w=320&amp;h=468\"},{\"@type\":\"BreadcrumbList\",\"@id\":\"https:\/\/www.oarcanjo.net\/site\/manuel-gonzales-garcia\/#breadcrumb\",\"itemListElement\":[{\"@type\":\"ListItem\",\"position\":1,\"name\":\"In\u00edcio\",\"item\":\"https:\/\/www.oarcanjo.net\/site\/\"},{\"@type\":\"ListItem\",\"position\":2,\"name\":\"Bem Aventurado Manuel Gonz\u00e1les Garcia\"}]},{\"@type\":\"WebSite\",\"@id\":\"https:\/\/www.oarcanjo.net\/site\/#website\",\"url\":\"https:\/\/www.oarcanjo.net\/site\/\",\"name\":\"O Arcanjo no ar\",\"description\":\"Site da Par\u00f3quia S\u00e3o Miguel Arcanjo (Arquidiocese de SP)\",\"publisher\":{\"@id\":\"https:\/\/www.oarcanjo.net\/site\/#organization\"},\"potentialAction\":[{\"@type\":\"SearchAction\",\"target\":{\"@type\":\"EntryPoint\",\"urlTemplate\":\"https:\/\/www.oarcanjo.net\/site\/?s={search_term_string}\"},\"query-input\":{\"@type\":\"PropertyValueSpecification\",\"valueRequired\":true,\"valueName\":\"search_term_string\"}}],\"inLanguage\":\"pt-BR\"},{\"@type\":\"Organization\",\"@id\":\"https:\/\/www.oarcanjo.net\/site\/#organization\",\"name\":\"Par\u00f3quia S\u00e3o Miguel Arcanjo\",\"url\":\"https:\/\/www.oarcanjo.net\/site\/\",\"logo\":{\"@type\":\"ImageObject\",\"inLanguage\":\"pt-BR\",\"@id\":\"https:\/\/www.oarcanjo.net\/site\/#\/schema\/logo\/image\/\",\"url\":\"https:\/\/www.oarcanjo.net\/site\/wp-content\/uploads\/LogoOArcanjo.png\",\"contentUrl\":\"https:\/\/www.oarcanjo.net\/site\/wp-content\/uploads\/LogoOArcanjo.png\",\"width\":319,\"height\":99,\"caption\":\"Par\u00f3quia S\u00e3o Miguel Arcanjo\"},\"image\":{\"@id\":\"https:\/\/www.oarcanjo.net\/site\/#\/schema\/logo\/image\/\"},\"sameAs\":[\"https:\/\/www.facebook.com\/OArcanjoNoAr\/\"]},{\"@type\":\"Person\",\"@id\":\"https:\/\/www.oarcanjo.net\/site\/#\/schema\/person\/5eb9480bedd2f3c97e430ce128c29c6c\",\"name\":\"danilo\"}]}<\/script>\n<!-- \/ Yoast SEO plugin. -->","yoast_head_json":{"title":"Bem Aventurado Manuel Gonz\u00e1les Garcia - O Arcanjo no ar","robots":{"index":"index","follow":"follow","max-snippet":"max-snippet:-1","max-image-preview":"max-image-preview:large","max-video-preview":"max-video-preview:-1"},"canonical":"https:\/\/www.oarcanjo.net\/site\/manuel-gonzales-garcia\/","og_locale":"pt_BR","og_type":"article","og_title":"Bem Aventurado Manuel Gonz\u00e1les Garcia - O Arcanjo no ar","og_description":"4 de Janeiro Bem-aventurado Fundou a Institui\u00e7\u00e3o dos padres Mission\u00e1rios Eucar\u00edsticos e da Congrega\u00e7\u00e3o religiosa das Mission\u00e1rias Eucar\u00edsticas de Nazar\u00e9 Manuel Gonz\u00e1les Garcia nasceu em Sevilha, na Espanha no dia 25 de fevereiro de 1877.A fam\u00edlia era humilde e profundamente religiosa. O seu pai Martim era carpinteiro e a sua m\u00e3e Antonia era dona de [&hellip;]","og_url":"https:\/\/www.oarcanjo.net\/site\/manuel-gonzales-garcia\/","og_site_name":"O Arcanjo no ar","article_publisher":"https:\/\/www.facebook.com\/OArcanjoNoAr\/","article_published_time":"2017-01-04T02:49:19+00:00","article_modified_time":"2016-12-27T08:13:27+00:00","og_image":[{"url":"http:\/\/santagatando.files.wordpress.com\/2009\/01\/91453.jpg?w=320&amp;h=468"}],"author":"danilo","twitter_card":"summary_large_image","twitter_misc":{"Escrito por":"danilo","Est. tempo de leitura":"3 minutos"},"schema":{"@context":"https:\/\/schema.org","@graph":[{"@type":"Article","@id":"https:\/\/www.oarcanjo.net\/site\/manuel-gonzales-garcia\/#article","isPartOf":{"@id":"https:\/\/www.oarcanjo.net\/site\/manuel-gonzales-garcia\/"},"author":{"name":"danilo","@id":"https:\/\/www.oarcanjo.net\/site\/#\/schema\/person\/5eb9480bedd2f3c97e430ce128c29c6c"},"headline":"Bem Aventurado Manuel Gonz\u00e1les Garcia","datePublished":"2017-01-04T02:49:19+00:00","dateModified":"2016-12-27T08:13:27+00:00","mainEntityOfPage":{"@id":"https:\/\/www.oarcanjo.net\/site\/manuel-gonzales-garcia\/"},"wordCount":515,"commentCount":0,"publisher":{"@id":"https:\/\/www.oarcanjo.net\/site\/#organization"},"image":{"@id":"https:\/\/www.oarcanjo.net\/site\/manuel-gonzales-garcia\/#primaryimage"},"thumbnailUrl":"http:\/\/santagatando.files.wordpress.com\/2009\/01\/91453.jpg?w=320&amp;h=468","articleSection":["Testemunhos"],"inLanguage":"pt-BR","potentialAction":[{"@type":"CommentAction","name":"Comment","target":["https:\/\/www.oarcanjo.net\/site\/manuel-gonzales-garcia\/#respond"]}]},{"@type":"WebPage","@id":"https:\/\/www.oarcanjo.net\/site\/manuel-gonzales-garcia\/","url":"https:\/\/www.oarcanjo.net\/site\/manuel-gonzales-garcia\/","name":"Bem Aventurado Manuel Gonz\u00e1les Garcia - O Arcanjo no ar","isPartOf":{"@id":"https:\/\/www.oarcanjo.net\/site\/#website"},"primaryImageOfPage":{"@id":"https:\/\/www.oarcanjo.net\/site\/manuel-gonzales-garcia\/#primaryimage"},"image":{"@id":"https:\/\/www.oarcanjo.net\/site\/manuel-gonzales-garcia\/#primaryimage"},"thumbnailUrl":"http:\/\/santagatando.files.wordpress.com\/2009\/01\/91453.jpg?w=320&amp;h=468","datePublished":"2017-01-04T02:49:19+00:00","dateModified":"2016-12-27T08:13:27+00:00","breadcrumb":{"@id":"https:\/\/www.oarcanjo.net\/site\/manuel-gonzales-garcia\/#breadcrumb"},"inLanguage":"pt-BR","potentialAction":[{"@type":"ReadAction","target":["https:\/\/www.oarcanjo.net\/site\/manuel-gonzales-garcia\/"]}]},{"@type":"ImageObject","inLanguage":"pt-BR","@id":"https:\/\/www.oarcanjo.net\/site\/manuel-gonzales-garcia\/#primaryimage","url":"http:\/\/santagatando.files.wordpress.com\/2009\/01\/91453.jpg?w=320&amp;h=468","contentUrl":"http:\/\/santagatando.files.wordpress.com\/2009\/01\/91453.jpg?w=320&amp;h=468"},{"@type":"BreadcrumbList","@id":"https:\/\/www.oarcanjo.net\/site\/manuel-gonzales-garcia\/#breadcrumb","itemListElement":[{"@type":"ListItem","position":1,"name":"In\u00edcio","item":"https:\/\/www.oarcanjo.net\/site\/"},{"@type":"ListItem","position":2,"name":"Bem Aventurado Manuel Gonz\u00e1les Garcia"}]},{"@type":"WebSite","@id":"https:\/\/www.oarcanjo.net\/site\/#website","url":"https:\/\/www.oarcanjo.net\/site\/","name":"O Arcanjo no ar","description":"Site da Par\u00f3quia S\u00e3o Miguel Arcanjo (Arquidiocese de SP)","publisher":{"@id":"https:\/\/www.oarcanjo.net\/site\/#organization"},"potentialAction":[{"@type":"SearchAction","target":{"@type":"EntryPoint","urlTemplate":"https:\/\/www.oarcanjo.net\/site\/?s={search_term_string}"},"query-input":{"@type":"PropertyValueSpecification","valueRequired":true,"valueName":"search_term_string"}}],"inLanguage":"pt-BR"},{"@type":"Organization","@id":"https:\/\/www.oarcanjo.net\/site\/#organization","name":"Par\u00f3quia S\u00e3o Miguel Arcanjo","url":"https:\/\/www.oarcanjo.net\/site\/","logo":{"@type":"ImageObject","inLanguage":"pt-BR","@id":"https:\/\/www.oarcanjo.net\/site\/#\/schema\/logo\/image\/","url":"https:\/\/www.oarcanjo.net\/site\/wp-content\/uploads\/LogoOArcanjo.png","contentUrl":"https:\/\/www.oarcanjo.net\/site\/wp-content\/uploads\/LogoOArcanjo.png","width":319,"height":99,"caption":"Par\u00f3quia S\u00e3o Miguel Arcanjo"},"image":{"@id":"https:\/\/www.oarcanjo.net\/site\/#\/schema\/logo\/image\/"},"sameAs":["https:\/\/www.facebook.com\/OArcanjoNoAr\/"]},{"@type":"Person","@id":"https:\/\/www.oarcanjo.net\/site\/#\/schema\/person\/5eb9480bedd2f3c97e430ce128c29c6c","name":"danilo"}]}},"publishpress_future_action":{"enabled":false,"date":"2026-05-08 19:33:36","action":"category","newStatus":"draft","terms":[],"taxonomy":"category"},"publishpress_future_workflow_manual_trigger":{"enabledWorkflows":[]},"_links":{"self":[{"href":"https:\/\/www.oarcanjo.net\/site\/wp-json\/wp\/v2\/posts\/6960"}],"collection":[{"href":"https:\/\/www.oarcanjo.net\/site\/wp-json\/wp\/v2\/posts"}],"about":[{"href":"https:\/\/www.oarcanjo.net\/site\/wp-json\/wp\/v2\/types\/post"}],"author":[{"embeddable":true,"href":"https:\/\/www.oarcanjo.net\/site\/wp-json\/wp\/v2\/users\/14"}],"replies":[{"embeddable":true,"href":"https:\/\/www.oarcanjo.net\/site\/wp-json\/wp\/v2\/comments?post=6960"}],"version-history":[{"count":0,"href":"https:\/\/www.oarcanjo.net\/site\/wp-json\/wp\/v2\/posts\/6960\/revisions"}],"wp:attachment":[{"href":"https:\/\/www.oarcanjo.net\/site\/wp-json\/wp\/v2\/media?parent=6960"}],"wp:term":[{"taxonomy":"category","embeddable":true,"href":"https:\/\/www.oarcanjo.net\/site\/wp-json\/wp\/v2\/categories?post=6960"},{"taxonomy":"post_tag","embeddable":true,"href":"https:\/\/www.oarcanjo.net\/site\/wp-json\/wp\/v2\/tags?post=6960"}],"curies":[{"name":"wp","href":"https:\/\/api.w.org\/{rel}","templated":true}]}}