
{"id":6996,"date":"2009-12-29T00:42:22","date_gmt":"2009-12-29T02:42:22","guid":{"rendered":"http:\/\/www.oarcanjo.net\/site\/?p=6996"},"modified":"2010-04-02T14:13:41","modified_gmt":"2010-04-02T16:13:41","slug":"sagrada-familia-aniversario-do-pe-julio-batizados-casamentos","status":"publish","type":"post","link":"https:\/\/www.oarcanjo.net\/site\/sagrada-familia-aniversario-do-pe-julio-batizados-casamentos\/","title":{"rendered":"Sagrada Fam\u00edlia. Anivers\u00e1rio do Pe Julio. Batizados. Casamentos"},"content":{"rendered":"<p>Neste domingo, 27\/12\/09, celebramos a Sagrada Fam\u00edlia, numa feliz coincid\u00eancia com o anivers\u00e1rio do Padre Julio Lancellotti.<\/p>\n<p>Ele batizou o Gustavo Henrique, o Jo\u00e3o Paulo e a Jully. Celebrou o casamento do Olavo com a Andr\u00e9a, pais do Gustavo Henrique.<\/p>\n<p>Tamb\u00e9m foram aben\u00e7oados o Sr. Vicente e a Sra. \u00a0Maria da Gl\u00f3ria pelos 40 anos do sagrado matrim\u00f4nio.<\/p>\n<p>No final da celebra\u00e7\u00e3o, o Alexandre, em nome de toda a Comunidade fez uma bonita homenagem ao Padre Julio pelo seu anivers\u00e1rio.<\/p>\n<p>Nesse momento fazemos a reflex\u00e3o da import\u00e2ncia do Padre Julio como P\u00e1roco da Comunidade S\u00e3o Miguel Arcanjo, mas tamb\u00e9m como Pai das Crian\u00e7as da Casa Vida, Irm\u00e3o dos Moradores em situa\u00e7\u00e3o de Rua. Tio dos Adolescentes da Funda\u00e7\u00e3o Casa (FEBEM). Todos n\u00f3s testemunhamos o seu carinho, sua dedica\u00e7\u00e3o e tamb\u00e9m suas atitudes para orientar, educar e colocar no caminho. Uma persistente educa\u00e7\u00e3o e amor. N\u00e3o \u00e9 sem motivo tantas homenagens. Recentemente at\u00e9 a sua Excel\u00eancia, o Presidente da Rep\u00fablica, veio mais uma vez prestigiar o trabalho do Padre J\u00falio junto aos moradores de Rua.<br \/>\nAssim, batizando, celebrando casamento e tamb\u00e9m aben\u00e7oando a uni\u00e3o da fam\u00edlia \u00e9 que este domingo foi igualmente especial, inclusive para o anivers\u00e1rio do Padre Julio.<\/p>\n<p>Vejam as fotos:<\/p>\n<p><strong>Batizado<\/strong><br \/>\nngg_shortcode_0_placeholder<\/p>\n<p><strong>Homenagem pelo anivers\u00e1rio do Pe. Julio<\/strong><br \/>\nngg_shortcode_1_placeholder<\/p>\n<p><em>Fotos de Carlos Alberto Beatriz<\/em><\/p>\n<div id=\"themify_builder_content-6996\" data-postid=\"6996\" class=\"themify_builder_content themify_builder_content-6996 themify_builder themify_builder_front\">\n\t<\/div>\n<!-- \/themify_builder_content -->","protected":false},"excerpt":{"rendered":"<p>Neste domingo, 27\/12\/09, celebramos a Sagrada Fam\u00edlia, numa feliz coincid\u00eancia com o anivers\u00e1rio do Padre Julio Lancellotti. Ele batizou o Gustavo Henrique, o Jo\u00e3o Paulo e a Jully. Celebrou o casamento do Olavo com a Andr\u00e9a, pais do Gustavo Henrique. Tamb\u00e9m foram aben\u00e7oados o Sr. Vicente e a Sra. \u00a0Maria da Gl\u00f3ria pelos 40 anos [&hellip;]<\/p>\n","protected":false},"author":10,"featured_media":0,"comment_status":"open","ping_status":"open","sticky":false,"template":"","format":"standard","meta":{"ngg_post_thumbnail":0,"footnotes":""},"categories":[3,8,7],"tags":[99,967],"yoast_head":"<!-- This site is optimized with the Yoast SEO plugin v23.5 - https:\/\/yoast.com\/wordpress\/plugins\/seo\/ -->\n<title>Sagrada Fam\u00edlia. Anivers\u00e1rio do Pe Julio. Batizados. Casamentos - O Arcanjo no ar<\/title>\n<meta name=\"robots\" content=\"index, follow, max-snippet:-1, max-image-preview:large, max-video-preview:-1\" \/>\n<link rel=\"canonical\" href=\"https:\/\/www.oarcanjo.net\/site\/sagrada-familia-aniversario-do-pe-julio-batizados-casamentos\/\" \/>\n<meta property=\"og:locale\" content=\"pt_BR\" \/>\n<meta property=\"og:type\" content=\"article\" \/>\n<meta property=\"og:title\" content=\"Sagrada Fam\u00edlia. Anivers\u00e1rio do Pe Julio. Batizados. Casamentos - O Arcanjo no ar\" \/>\n<meta property=\"og:description\" content=\"Neste domingo, 27\/12\/09, celebramos a Sagrada Fam\u00edlia, numa feliz coincid\u00eancia com o anivers\u00e1rio do Padre Julio Lancellotti. Ele batizou o Gustavo Henrique, o Jo\u00e3o Paulo e a Jully. Celebrou o casamento do Olavo com a Andr\u00e9a, pais do Gustavo Henrique. Tamb\u00e9m foram aben\u00e7oados o Sr. Vicente e a Sra. \u00a0Maria da Gl\u00f3ria pelos 40 anos [&hellip;]\" \/>\n<meta property=\"og:url\" content=\"https:\/\/www.oarcanjo.net\/site\/sagrada-familia-aniversario-do-pe-julio-batizados-casamentos\/\" \/>\n<meta property=\"og:site_name\" content=\"O Arcanjo no ar\" \/>\n<meta property=\"article:publisher\" content=\"https:\/\/www.facebook.com\/OArcanjoNoAr\/\" \/>\n<meta property=\"article:published_time\" content=\"2009-12-29T02:42:22+00:00\" \/>\n<meta property=\"article:modified_time\" content=\"2010-04-02T16:13:41+00:00\" \/>\n<meta property=\"og:image\" content=\"https:\/\/www.oarcanjo.net\/site\/wp-content\/uploads\/logo-o-arcanjo-no-ar-facebook.png\" \/>\n\t<meta property=\"og:image:width\" content=\"300\" \/>\n\t<meta property=\"og:image:height\" content=\"300\" \/>\n\t<meta property=\"og:image:type\" content=\"image\/png\" \/>\n<meta name=\"author\" content=\"carlos\" \/>\n<meta name=\"twitter:card\" content=\"summary_large_image\" \/>\n<meta name=\"twitter:label1\" content=\"Escrito por\" \/>\n\t<meta name=\"twitter:data1\" content=\"carlos\" \/>\n\t<meta name=\"twitter:label2\" content=\"Est. tempo de leitura\" \/>\n\t<meta name=\"twitter:data2\" content=\"1 minuto\" \/>\n<script type=\"application\/ld+json\" class=\"yoast-schema-graph\">{\"@context\":\"https:\/\/schema.org\",\"@graph\":[{\"@type\":\"Article\",\"@id\":\"https:\/\/www.oarcanjo.net\/site\/sagrada-familia-aniversario-do-pe-julio-batizados-casamentos\/#article\",\"isPartOf\":{\"@id\":\"https:\/\/www.oarcanjo.net\/site\/sagrada-familia-aniversario-do-pe-julio-batizados-casamentos\/\"},\"author\":{\"name\":\"carlos\",\"@id\":\"https:\/\/www.oarcanjo.net\/site\/#\/schema\/person\/f7870e710d8c8c30673de3a0ac2e451d\"},\"headline\":\"Sagrada Fam\u00edlia. Anivers\u00e1rio do Pe Julio. Batizados. Casamentos\",\"datePublished\":\"2009-12-29T02:42:22+00:00\",\"dateModified\":\"2010-04-02T16:13:41+00:00\",\"mainEntityOfPage\":{\"@id\":\"https:\/\/www.oarcanjo.net\/site\/sagrada-familia-aniversario-do-pe-julio-batizados-casamentos\/\"},\"wordCount\":258,\"commentCount\":1,\"publisher\":{\"@id\":\"https:\/\/www.oarcanjo.net\/site\/#organization\"},\"keywords\":[\"igreja\",\"Pe J\u00falio Lancellotti\"],\"articleSection\":[\"Destaques\",\"Not\u00edcias\",\"Rosto da comunidade\"],\"inLanguage\":\"pt-BR\",\"potentialAction\":[{\"@type\":\"CommentAction\",\"name\":\"Comment\",\"target\":[\"https:\/\/www.oarcanjo.net\/site\/sagrada-familia-aniversario-do-pe-julio-batizados-casamentos\/#respond\"]}]},{\"@type\":\"WebPage\",\"@id\":\"https:\/\/www.oarcanjo.net\/site\/sagrada-familia-aniversario-do-pe-julio-batizados-casamentos\/\",\"url\":\"https:\/\/www.oarcanjo.net\/site\/sagrada-familia-aniversario-do-pe-julio-batizados-casamentos\/\",\"name\":\"Sagrada Fam\u00edlia. Anivers\u00e1rio do Pe Julio. Batizados. Casamentos - O Arcanjo no ar\",\"isPartOf\":{\"@id\":\"https:\/\/www.oarcanjo.net\/site\/#website\"},\"datePublished\":\"2009-12-29T02:42:22+00:00\",\"dateModified\":\"2010-04-02T16:13:41+00:00\",\"breadcrumb\":{\"@id\":\"https:\/\/www.oarcanjo.net\/site\/sagrada-familia-aniversario-do-pe-julio-batizados-casamentos\/#breadcrumb\"},\"inLanguage\":\"pt-BR\",\"potentialAction\":[{\"@type\":\"ReadAction\",\"target\":[\"https:\/\/www.oarcanjo.net\/site\/sagrada-familia-aniversario-do-pe-julio-batizados-casamentos\/\"]}]},{\"@type\":\"BreadcrumbList\",\"@id\":\"https:\/\/www.oarcanjo.net\/site\/sagrada-familia-aniversario-do-pe-julio-batizados-casamentos\/#breadcrumb\",\"itemListElement\":[{\"@type\":\"ListItem\",\"position\":1,\"name\":\"In\u00edcio\",\"item\":\"https:\/\/www.oarcanjo.net\/site\/\"},{\"@type\":\"ListItem\",\"position\":2,\"name\":\"Sagrada Fam\u00edlia. Anivers\u00e1rio do Pe Julio. Batizados. Casamentos\"}]},{\"@type\":\"WebSite\",\"@id\":\"https:\/\/www.oarcanjo.net\/site\/#website\",\"url\":\"https:\/\/www.oarcanjo.net\/site\/\",\"name\":\"O Arcanjo no ar\",\"description\":\"Site da Par\u00f3quia S\u00e3o Miguel Arcanjo (Arquidiocese de SP)\",\"publisher\":{\"@id\":\"https:\/\/www.oarcanjo.net\/site\/#organization\"},\"potentialAction\":[{\"@type\":\"SearchAction\",\"target\":{\"@type\":\"EntryPoint\",\"urlTemplate\":\"https:\/\/www.oarcanjo.net\/site\/?s={search_term_string}\"},\"query-input\":{\"@type\":\"PropertyValueSpecification\",\"valueRequired\":true,\"valueName\":\"search_term_string\"}}],\"inLanguage\":\"pt-BR\"},{\"@type\":\"Organization\",\"@id\":\"https:\/\/www.oarcanjo.net\/site\/#organization\",\"name\":\"Par\u00f3quia S\u00e3o Miguel Arcanjo\",\"url\":\"https:\/\/www.oarcanjo.net\/site\/\",\"logo\":{\"@type\":\"ImageObject\",\"inLanguage\":\"pt-BR\",\"@id\":\"https:\/\/www.oarcanjo.net\/site\/#\/schema\/logo\/image\/\",\"url\":\"https:\/\/www.oarcanjo.net\/site\/wp-content\/uploads\/LogoOArcanjo.png\",\"contentUrl\":\"https:\/\/www.oarcanjo.net\/site\/wp-content\/uploads\/LogoOArcanjo.png\",\"width\":319,\"height\":99,\"caption\":\"Par\u00f3quia S\u00e3o Miguel Arcanjo\"},\"image\":{\"@id\":\"https:\/\/www.oarcanjo.net\/site\/#\/schema\/logo\/image\/\"},\"sameAs\":[\"https:\/\/www.facebook.com\/OArcanjoNoAr\/\"]},{\"@type\":\"Person\",\"@id\":\"https:\/\/www.oarcanjo.net\/site\/#\/schema\/person\/f7870e710d8c8c30673de3a0ac2e451d\",\"name\":\"carlos\"}]}<\/script>\n<!-- \/ Yoast SEO plugin. -->","yoast_head_json":{"title":"Sagrada Fam\u00edlia. Anivers\u00e1rio do Pe Julio. Batizados. Casamentos - O Arcanjo no ar","robots":{"index":"index","follow":"follow","max-snippet":"max-snippet:-1","max-image-preview":"max-image-preview:large","max-video-preview":"max-video-preview:-1"},"canonical":"https:\/\/www.oarcanjo.net\/site\/sagrada-familia-aniversario-do-pe-julio-batizados-casamentos\/","og_locale":"pt_BR","og_type":"article","og_title":"Sagrada Fam\u00edlia. Anivers\u00e1rio do Pe Julio. Batizados. Casamentos - O Arcanjo no ar","og_description":"Neste domingo, 27\/12\/09, celebramos a Sagrada Fam\u00edlia, numa feliz coincid\u00eancia com o anivers\u00e1rio do Padre Julio Lancellotti. Ele batizou o Gustavo Henrique, o Jo\u00e3o Paulo e a Jully. Celebrou o casamento do Olavo com a Andr\u00e9a, pais do Gustavo Henrique. Tamb\u00e9m foram aben\u00e7oados o Sr. Vicente e a Sra. \u00a0Maria da Gl\u00f3ria pelos 40 anos [&hellip;]","og_url":"https:\/\/www.oarcanjo.net\/site\/sagrada-familia-aniversario-do-pe-julio-batizados-casamentos\/","og_site_name":"O Arcanjo no ar","article_publisher":"https:\/\/www.facebook.com\/OArcanjoNoAr\/","article_published_time":"2009-12-29T02:42:22+00:00","article_modified_time":"2010-04-02T16:13:41+00:00","og_image":[{"width":300,"height":300,"url":"https:\/\/www.oarcanjo.net\/site\/wp-content\/uploads\/logo-o-arcanjo-no-ar-facebook.png","type":"image\/png"}],"author":"carlos","twitter_card":"summary_large_image","twitter_misc":{"Escrito por":"carlos","Est. tempo de leitura":"1 minuto"},"schema":{"@context":"https:\/\/schema.org","@graph":[{"@type":"Article","@id":"https:\/\/www.oarcanjo.net\/site\/sagrada-familia-aniversario-do-pe-julio-batizados-casamentos\/#article","isPartOf":{"@id":"https:\/\/www.oarcanjo.net\/site\/sagrada-familia-aniversario-do-pe-julio-batizados-casamentos\/"},"author":{"name":"carlos","@id":"https:\/\/www.oarcanjo.net\/site\/#\/schema\/person\/f7870e710d8c8c30673de3a0ac2e451d"},"headline":"Sagrada Fam\u00edlia. Anivers\u00e1rio do Pe Julio. Batizados. Casamentos","datePublished":"2009-12-29T02:42:22+00:00","dateModified":"2010-04-02T16:13:41+00:00","mainEntityOfPage":{"@id":"https:\/\/www.oarcanjo.net\/site\/sagrada-familia-aniversario-do-pe-julio-batizados-casamentos\/"},"wordCount":258,"commentCount":1,"publisher":{"@id":"https:\/\/www.oarcanjo.net\/site\/#organization"},"keywords":["igreja","Pe J\u00falio Lancellotti"],"articleSection":["Destaques","Not\u00edcias","Rosto da comunidade"],"inLanguage":"pt-BR","potentialAction":[{"@type":"CommentAction","name":"Comment","target":["https:\/\/www.oarcanjo.net\/site\/sagrada-familia-aniversario-do-pe-julio-batizados-casamentos\/#respond"]}]},{"@type":"WebPage","@id":"https:\/\/www.oarcanjo.net\/site\/sagrada-familia-aniversario-do-pe-julio-batizados-casamentos\/","url":"https:\/\/www.oarcanjo.net\/site\/sagrada-familia-aniversario-do-pe-julio-batizados-casamentos\/","name":"Sagrada Fam\u00edlia. Anivers\u00e1rio do Pe Julio. Batizados. Casamentos - O Arcanjo no ar","isPartOf":{"@id":"https:\/\/www.oarcanjo.net\/site\/#website"},"datePublished":"2009-12-29T02:42:22+00:00","dateModified":"2010-04-02T16:13:41+00:00","breadcrumb":{"@id":"https:\/\/www.oarcanjo.net\/site\/sagrada-familia-aniversario-do-pe-julio-batizados-casamentos\/#breadcrumb"},"inLanguage":"pt-BR","potentialAction":[{"@type":"ReadAction","target":["https:\/\/www.oarcanjo.net\/site\/sagrada-familia-aniversario-do-pe-julio-batizados-casamentos\/"]}]},{"@type":"BreadcrumbList","@id":"https:\/\/www.oarcanjo.net\/site\/sagrada-familia-aniversario-do-pe-julio-batizados-casamentos\/#breadcrumb","itemListElement":[{"@type":"ListItem","position":1,"name":"In\u00edcio","item":"https:\/\/www.oarcanjo.net\/site\/"},{"@type":"ListItem","position":2,"name":"Sagrada Fam\u00edlia. Anivers\u00e1rio do Pe Julio. Batizados. Casamentos"}]},{"@type":"WebSite","@id":"https:\/\/www.oarcanjo.net\/site\/#website","url":"https:\/\/www.oarcanjo.net\/site\/","name":"O Arcanjo no ar","description":"Site da Par\u00f3quia S\u00e3o Miguel Arcanjo (Arquidiocese de SP)","publisher":{"@id":"https:\/\/www.oarcanjo.net\/site\/#organization"},"potentialAction":[{"@type":"SearchAction","target":{"@type":"EntryPoint","urlTemplate":"https:\/\/www.oarcanjo.net\/site\/?s={search_term_string}"},"query-input":{"@type":"PropertyValueSpecification","valueRequired":true,"valueName":"search_term_string"}}],"inLanguage":"pt-BR"},{"@type":"Organization","@id":"https:\/\/www.oarcanjo.net\/site\/#organization","name":"Par\u00f3quia S\u00e3o Miguel Arcanjo","url":"https:\/\/www.oarcanjo.net\/site\/","logo":{"@type":"ImageObject","inLanguage":"pt-BR","@id":"https:\/\/www.oarcanjo.net\/site\/#\/schema\/logo\/image\/","url":"https:\/\/www.oarcanjo.net\/site\/wp-content\/uploads\/LogoOArcanjo.png","contentUrl":"https:\/\/www.oarcanjo.net\/site\/wp-content\/uploads\/LogoOArcanjo.png","width":319,"height":99,"caption":"Par\u00f3quia S\u00e3o Miguel Arcanjo"},"image":{"@id":"https:\/\/www.oarcanjo.net\/site\/#\/schema\/logo\/image\/"},"sameAs":["https:\/\/www.facebook.com\/OArcanjoNoAr\/"]},{"@type":"Person","@id":"https:\/\/www.oarcanjo.net\/site\/#\/schema\/person\/f7870e710d8c8c30673de3a0ac2e451d","name":"carlos"}]}},"publishpress_future_action":{"enabled":false,"date":"2026-05-09 04:49:16","action":"category","newStatus":"draft","terms":[],"taxonomy":"category"},"publishpress_future_workflow_manual_trigger":{"enabledWorkflows":[]},"_links":{"self":[{"href":"https:\/\/www.oarcanjo.net\/site\/wp-json\/wp\/v2\/posts\/6996"}],"collection":[{"href":"https:\/\/www.oarcanjo.net\/site\/wp-json\/wp\/v2\/posts"}],"about":[{"href":"https:\/\/www.oarcanjo.net\/site\/wp-json\/wp\/v2\/types\/post"}],"author":[{"embeddable":true,"href":"https:\/\/www.oarcanjo.net\/site\/wp-json\/wp\/v2\/users\/10"}],"replies":[{"embeddable":true,"href":"https:\/\/www.oarcanjo.net\/site\/wp-json\/wp\/v2\/comments?post=6996"}],"version-history":[{"count":0,"href":"https:\/\/www.oarcanjo.net\/site\/wp-json\/wp\/v2\/posts\/6996\/revisions"}],"wp:attachment":[{"href":"https:\/\/www.oarcanjo.net\/site\/wp-json\/wp\/v2\/media?parent=6996"}],"wp:term":[{"taxonomy":"category","embeddable":true,"href":"https:\/\/www.oarcanjo.net\/site\/wp-json\/wp\/v2\/categories?post=6996"},{"taxonomy":"post_tag","embeddable":true,"href":"https:\/\/www.oarcanjo.net\/site\/wp-json\/wp\/v2\/tags?post=6996"}],"curies":[{"name":"wp","href":"https:\/\/api.w.org\/{rel}","templated":true}]}}