
{"id":7019,"date":"2009-12-29T17:46:23","date_gmt":"2009-12-29T19:46:23","guid":{"rendered":"http:\/\/www.oarcanjo.net\/site\/?p=7019"},"modified":"2009-12-29T17:46:23","modified_gmt":"2009-12-29T19:46:23","slug":"pastoral-da-crianca-realiza-celebracao-de-natal","status":"publish","type":"post","link":"https:\/\/www.oarcanjo.net\/site\/pastoral-da-crianca-realiza-celebracao-de-natal\/","title":{"rendered":"Pastoral da crian\u00e7a realiza Celebra\u00e7\u00e3o de Natal"},"content":{"rendered":"<p>No dia 28 de novembro realizamos a \u00faltima \u201cCelebra\u00e7\u00e3o da Vida\u201d do ano de 2009. E com uma certa tristeza nos despedimos de algumas de nossas crian\u00e7as de origem boliviana, cujas fam\u00edlias resolveram retornar \u00e0 Bol\u00edvia. Mas v\u00e3o levando consigo alguns brasileirinhos, como \u00e9 o caso do Henrique e da Norma e com eles os nossos desejos de muita Paz, Felicidades e Sucesso.<\/p>\n<p>Tamb\u00e9m no dia 12 de dezembro tivemos a alegria de vivermos um momento muito especial com as nossas crian\u00e7as e seus familiares a \u201cCelebra\u00e7\u00e3o de Natal\u201d.<\/p>\n<p>Na primeira parte da festinha refletimos sobre o Nascimento de Jesus, sua miss\u00e3o de ser e se fazer Luz, Paz e Amor ao povo que andava nas trevas. E, na sequ\u00eancia, convidamos um querido Papai Noel para alegrar ainda mais a crian\u00e7ada, como tamb\u00e9m os adolescentes presentes.<\/p>\n<p>Gra\u00e7as ao Bom Jesus e \u00e0 ajuda de alguns queridos amigos pudemos realizar uma linda celebra\u00e7\u00e3o. N\u00f3s, l\u00edderes da Pastoral da Crian\u00e7a, agradecemos muit\u00edssimo pela colabora\u00e7\u00e3o de todos. Que Deus ilumine cada vez mais os cora\u00e7\u00f5es de voc\u00eas.<\/p>\n<p>Confiram esse Feliz momento!<\/p>\n<div id=\"attachment_7020\" style=\"width: 460px\" class=\"wp-caption alignnone\"><a href=\"http:\/\/www.oarcanjo.net\/site\/wp-content\/uploads\/pastoral-da-crianca-natal-2009-01.jpg\"><img loading=\"lazy\" decoding=\"async\" aria-describedby=\"caption-attachment-7020\" src=\"http:\/\/www.oarcanjo.net\/site\/wp-content\/uploads\/pastoral-da-crianca-natal-2009-01.jpg\" alt=\"Natal da Pastoral da Crian\u00e7a 2009 - Comunidade S\u00e3o Miguel Arcanjo\" title=\"pastoral-da-crianca-natal-2009-01\" width=\"450\" height=\"328\" class=\"size-full wp-image-7020\" srcset=\"https:\/\/www.oarcanjo.net\/site\/wp-content\/uploads\/pastoral-da-crianca-natal-2009-01.jpg 450w, https:\/\/www.oarcanjo.net\/site\/wp-content\/uploads\/pastoral-da-crianca-natal-2009-01-300x218.jpg 300w\" sizes=\"(max-width: 450px) 100vw, 450px\" \/><\/a><p id=\"caption-attachment-7020\" class=\"wp-caption-text\">Natal da Pastoral da Crian\u00e7a 2009 - Comunidade S\u00e3o Miguel Arcanjo<\/p><\/div>\n<div id=\"themify_builder_content-7019\" data-postid=\"7019\" class=\"themify_builder_content themify_builder_content-7019 themify_builder themify_builder_front\">\n\t<\/div>\n<!-- \/themify_builder_content -->","protected":false},"excerpt":{"rendered":"<p>No dia 28 de novembro realizamos a \u00faltima \u201cCelebra\u00e7\u00e3o da Vida\u201d do ano de 2009. E com uma certa tristeza nos despedimos de algumas de nossas crian\u00e7as de origem boliviana, cujas fam\u00edlias resolveram retornar \u00e0 Bol\u00edvia. Mas v\u00e3o levando consigo alguns brasileirinhos, como \u00e9 o caso do Henrique e da Norma e com eles os [&hellip;]<\/p>\n","protected":false},"author":5,"featured_media":0,"comment_status":"open","ping_status":"open","sticky":false,"template":"","format":"standard","meta":{"ngg_post_thumbnail":0,"footnotes":""},"categories":[8,7],"tags":[60,295],"yoast_head":"<!-- This site is optimized with the Yoast SEO plugin v23.5 - https:\/\/yoast.com\/wordpress\/plugins\/seo\/ -->\n<title>Pastoral da crian\u00e7a realiza Celebra\u00e7\u00e3o de Natal - O Arcanjo no ar<\/title>\n<meta name=\"robots\" content=\"index, follow, max-snippet:-1, max-image-preview:large, max-video-preview:-1\" \/>\n<link rel=\"canonical\" href=\"https:\/\/www.oarcanjo.net\/site\/pastoral-da-crianca-realiza-celebracao-de-natal\/\" \/>\n<meta property=\"og:locale\" content=\"pt_BR\" \/>\n<meta property=\"og:type\" content=\"article\" \/>\n<meta property=\"og:title\" content=\"Pastoral da crian\u00e7a realiza Celebra\u00e7\u00e3o de Natal - O Arcanjo no ar\" \/>\n<meta property=\"og:description\" content=\"No dia 28 de novembro realizamos a \u00faltima \u201cCelebra\u00e7\u00e3o da Vida\u201d do ano de 2009. E com uma certa tristeza nos despedimos de algumas de nossas crian\u00e7as de origem boliviana, cujas fam\u00edlias resolveram retornar \u00e0 Bol\u00edvia. Mas v\u00e3o levando consigo alguns brasileirinhos, como \u00e9 o caso do Henrique e da Norma e com eles os [&hellip;]\" \/>\n<meta property=\"og:url\" content=\"https:\/\/www.oarcanjo.net\/site\/pastoral-da-crianca-realiza-celebracao-de-natal\/\" \/>\n<meta property=\"og:site_name\" content=\"O Arcanjo no ar\" \/>\n<meta property=\"article:publisher\" content=\"https:\/\/www.facebook.com\/OArcanjoNoAr\/\" \/>\n<meta property=\"article:published_time\" content=\"2009-12-29T19:46:23+00:00\" \/>\n<meta property=\"og:image\" content=\"http:\/\/www.oarcanjo.net\/site\/wp-content\/uploads\/pastoral-da-crianca-natal-2009-01.jpg\" \/>\n<meta name=\"author\" content=\"editor\" \/>\n<meta name=\"twitter:card\" content=\"summary_large_image\" \/>\n<meta name=\"twitter:label1\" content=\"Escrito por\" \/>\n\t<meta name=\"twitter:data1\" content=\"editor\" \/>\n\t<meta name=\"twitter:label2\" content=\"Est. tempo de leitura\" \/>\n\t<meta name=\"twitter:data2\" content=\"1 minuto\" \/>\n<script type=\"application\/ld+json\" class=\"yoast-schema-graph\">{\"@context\":\"https:\/\/schema.org\",\"@graph\":[{\"@type\":\"Article\",\"@id\":\"https:\/\/www.oarcanjo.net\/site\/pastoral-da-crianca-realiza-celebracao-de-natal\/#article\",\"isPartOf\":{\"@id\":\"https:\/\/www.oarcanjo.net\/site\/pastoral-da-crianca-realiza-celebracao-de-natal\/\"},\"author\":{\"name\":\"editor\",\"@id\":\"https:\/\/www.oarcanjo.net\/site\/#\/schema\/person\/f7024d007863202483a31326673a0838\"},\"headline\":\"Pastoral da crian\u00e7a realiza Celebra\u00e7\u00e3o de Natal\",\"datePublished\":\"2009-12-29T19:46:23+00:00\",\"dateModified\":\"2009-12-29T19:46:23+00:00\",\"mainEntityOfPage\":{\"@id\":\"https:\/\/www.oarcanjo.net\/site\/pastoral-da-crianca-realiza-celebracao-de-natal\/\"},\"wordCount\":222,\"commentCount\":1,\"publisher\":{\"@id\":\"https:\/\/www.oarcanjo.net\/site\/#organization\"},\"image\":{\"@id\":\"https:\/\/www.oarcanjo.net\/site\/pastoral-da-crianca-realiza-celebracao-de-natal\/#primaryimage\"},\"thumbnailUrl\":\"http:\/\/www.oarcanjo.net\/site\/wp-content\/uploads\/pastoral-da-crianca-natal-2009-01.jpg\",\"keywords\":[\"natal\",\"Pastoral da Crian\u00e7a\"],\"articleSection\":[\"Not\u00edcias\",\"Rosto da comunidade\"],\"inLanguage\":\"pt-BR\",\"potentialAction\":[{\"@type\":\"CommentAction\",\"name\":\"Comment\",\"target\":[\"https:\/\/www.oarcanjo.net\/site\/pastoral-da-crianca-realiza-celebracao-de-natal\/#respond\"]}]},{\"@type\":\"WebPage\",\"@id\":\"https:\/\/www.oarcanjo.net\/site\/pastoral-da-crianca-realiza-celebracao-de-natal\/\",\"url\":\"https:\/\/www.oarcanjo.net\/site\/pastoral-da-crianca-realiza-celebracao-de-natal\/\",\"name\":\"Pastoral da crian\u00e7a realiza Celebra\u00e7\u00e3o de Natal - O Arcanjo no ar\",\"isPartOf\":{\"@id\":\"https:\/\/www.oarcanjo.net\/site\/#website\"},\"primaryImageOfPage\":{\"@id\":\"https:\/\/www.oarcanjo.net\/site\/pastoral-da-crianca-realiza-celebracao-de-natal\/#primaryimage\"},\"image\":{\"@id\":\"https:\/\/www.oarcanjo.net\/site\/pastoral-da-crianca-realiza-celebracao-de-natal\/#primaryimage\"},\"thumbnailUrl\":\"http:\/\/www.oarcanjo.net\/site\/wp-content\/uploads\/pastoral-da-crianca-natal-2009-01.jpg\",\"datePublished\":\"2009-12-29T19:46:23+00:00\",\"dateModified\":\"2009-12-29T19:46:23+00:00\",\"breadcrumb\":{\"@id\":\"https:\/\/www.oarcanjo.net\/site\/pastoral-da-crianca-realiza-celebracao-de-natal\/#breadcrumb\"},\"inLanguage\":\"pt-BR\",\"potentialAction\":[{\"@type\":\"ReadAction\",\"target\":[\"https:\/\/www.oarcanjo.net\/site\/pastoral-da-crianca-realiza-celebracao-de-natal\/\"]}]},{\"@type\":\"ImageObject\",\"inLanguage\":\"pt-BR\",\"@id\":\"https:\/\/www.oarcanjo.net\/site\/pastoral-da-crianca-realiza-celebracao-de-natal\/#primaryimage\",\"url\":\"http:\/\/www.oarcanjo.net\/site\/wp-content\/uploads\/pastoral-da-crianca-natal-2009-01.jpg\",\"contentUrl\":\"http:\/\/www.oarcanjo.net\/site\/wp-content\/uploads\/pastoral-da-crianca-natal-2009-01.jpg\"},{\"@type\":\"BreadcrumbList\",\"@id\":\"https:\/\/www.oarcanjo.net\/site\/pastoral-da-crianca-realiza-celebracao-de-natal\/#breadcrumb\",\"itemListElement\":[{\"@type\":\"ListItem\",\"position\":1,\"name\":\"In\u00edcio\",\"item\":\"https:\/\/www.oarcanjo.net\/site\/\"},{\"@type\":\"ListItem\",\"position\":2,\"name\":\"Pastoral da crian\u00e7a realiza Celebra\u00e7\u00e3o de Natal\"}]},{\"@type\":\"WebSite\",\"@id\":\"https:\/\/www.oarcanjo.net\/site\/#website\",\"url\":\"https:\/\/www.oarcanjo.net\/site\/\",\"name\":\"O Arcanjo no ar\",\"description\":\"Site da Par\u00f3quia S\u00e3o Miguel Arcanjo (Arquidiocese de SP)\",\"publisher\":{\"@id\":\"https:\/\/www.oarcanjo.net\/site\/#organization\"},\"potentialAction\":[{\"@type\":\"SearchAction\",\"target\":{\"@type\":\"EntryPoint\",\"urlTemplate\":\"https:\/\/www.oarcanjo.net\/site\/?s={search_term_string}\"},\"query-input\":{\"@type\":\"PropertyValueSpecification\",\"valueRequired\":true,\"valueName\":\"search_term_string\"}}],\"inLanguage\":\"pt-BR\"},{\"@type\":\"Organization\",\"@id\":\"https:\/\/www.oarcanjo.net\/site\/#organization\",\"name\":\"Par\u00f3quia S\u00e3o Miguel Arcanjo\",\"url\":\"https:\/\/www.oarcanjo.net\/site\/\",\"logo\":{\"@type\":\"ImageObject\",\"inLanguage\":\"pt-BR\",\"@id\":\"https:\/\/www.oarcanjo.net\/site\/#\/schema\/logo\/image\/\",\"url\":\"https:\/\/www.oarcanjo.net\/site\/wp-content\/uploads\/LogoOArcanjo.png\",\"contentUrl\":\"https:\/\/www.oarcanjo.net\/site\/wp-content\/uploads\/LogoOArcanjo.png\",\"width\":319,\"height\":99,\"caption\":\"Par\u00f3quia S\u00e3o Miguel Arcanjo\"},\"image\":{\"@id\":\"https:\/\/www.oarcanjo.net\/site\/#\/schema\/logo\/image\/\"},\"sameAs\":[\"https:\/\/www.facebook.com\/OArcanjoNoAr\/\"]},{\"@type\":\"Person\",\"@id\":\"https:\/\/www.oarcanjo.net\/site\/#\/schema\/person\/f7024d007863202483a31326673a0838\",\"name\":\"editor\",\"sameAs\":[\"http:\/\/www.oarcanjo.net\"]}]}<\/script>\n<!-- \/ Yoast SEO plugin. -->","yoast_head_json":{"title":"Pastoral da crian\u00e7a realiza Celebra\u00e7\u00e3o de Natal - O Arcanjo no ar","robots":{"index":"index","follow":"follow","max-snippet":"max-snippet:-1","max-image-preview":"max-image-preview:large","max-video-preview":"max-video-preview:-1"},"canonical":"https:\/\/www.oarcanjo.net\/site\/pastoral-da-crianca-realiza-celebracao-de-natal\/","og_locale":"pt_BR","og_type":"article","og_title":"Pastoral da crian\u00e7a realiza Celebra\u00e7\u00e3o de Natal - O Arcanjo no ar","og_description":"No dia 28 de novembro realizamos a \u00faltima \u201cCelebra\u00e7\u00e3o da Vida\u201d do ano de 2009. E com uma certa tristeza nos despedimos de algumas de nossas crian\u00e7as de origem boliviana, cujas fam\u00edlias resolveram retornar \u00e0 Bol\u00edvia. Mas v\u00e3o levando consigo alguns brasileirinhos, como \u00e9 o caso do Henrique e da Norma e com eles os [&hellip;]","og_url":"https:\/\/www.oarcanjo.net\/site\/pastoral-da-crianca-realiza-celebracao-de-natal\/","og_site_name":"O Arcanjo no ar","article_publisher":"https:\/\/www.facebook.com\/OArcanjoNoAr\/","article_published_time":"2009-12-29T19:46:23+00:00","og_image":[{"url":"http:\/\/www.oarcanjo.net\/site\/wp-content\/uploads\/pastoral-da-crianca-natal-2009-01.jpg"}],"author":"editor","twitter_card":"summary_large_image","twitter_misc":{"Escrito por":"editor","Est. tempo de leitura":"1 minuto"},"schema":{"@context":"https:\/\/schema.org","@graph":[{"@type":"Article","@id":"https:\/\/www.oarcanjo.net\/site\/pastoral-da-crianca-realiza-celebracao-de-natal\/#article","isPartOf":{"@id":"https:\/\/www.oarcanjo.net\/site\/pastoral-da-crianca-realiza-celebracao-de-natal\/"},"author":{"name":"editor","@id":"https:\/\/www.oarcanjo.net\/site\/#\/schema\/person\/f7024d007863202483a31326673a0838"},"headline":"Pastoral da crian\u00e7a realiza Celebra\u00e7\u00e3o de Natal","datePublished":"2009-12-29T19:46:23+00:00","dateModified":"2009-12-29T19:46:23+00:00","mainEntityOfPage":{"@id":"https:\/\/www.oarcanjo.net\/site\/pastoral-da-crianca-realiza-celebracao-de-natal\/"},"wordCount":222,"commentCount":1,"publisher":{"@id":"https:\/\/www.oarcanjo.net\/site\/#organization"},"image":{"@id":"https:\/\/www.oarcanjo.net\/site\/pastoral-da-crianca-realiza-celebracao-de-natal\/#primaryimage"},"thumbnailUrl":"http:\/\/www.oarcanjo.net\/site\/wp-content\/uploads\/pastoral-da-crianca-natal-2009-01.jpg","keywords":["natal","Pastoral da Crian\u00e7a"],"articleSection":["Not\u00edcias","Rosto da comunidade"],"inLanguage":"pt-BR","potentialAction":[{"@type":"CommentAction","name":"Comment","target":["https:\/\/www.oarcanjo.net\/site\/pastoral-da-crianca-realiza-celebracao-de-natal\/#respond"]}]},{"@type":"WebPage","@id":"https:\/\/www.oarcanjo.net\/site\/pastoral-da-crianca-realiza-celebracao-de-natal\/","url":"https:\/\/www.oarcanjo.net\/site\/pastoral-da-crianca-realiza-celebracao-de-natal\/","name":"Pastoral da crian\u00e7a realiza Celebra\u00e7\u00e3o de Natal - O Arcanjo no ar","isPartOf":{"@id":"https:\/\/www.oarcanjo.net\/site\/#website"},"primaryImageOfPage":{"@id":"https:\/\/www.oarcanjo.net\/site\/pastoral-da-crianca-realiza-celebracao-de-natal\/#primaryimage"},"image":{"@id":"https:\/\/www.oarcanjo.net\/site\/pastoral-da-crianca-realiza-celebracao-de-natal\/#primaryimage"},"thumbnailUrl":"http:\/\/www.oarcanjo.net\/site\/wp-content\/uploads\/pastoral-da-crianca-natal-2009-01.jpg","datePublished":"2009-12-29T19:46:23+00:00","dateModified":"2009-12-29T19:46:23+00:00","breadcrumb":{"@id":"https:\/\/www.oarcanjo.net\/site\/pastoral-da-crianca-realiza-celebracao-de-natal\/#breadcrumb"},"inLanguage":"pt-BR","potentialAction":[{"@type":"ReadAction","target":["https:\/\/www.oarcanjo.net\/site\/pastoral-da-crianca-realiza-celebracao-de-natal\/"]}]},{"@type":"ImageObject","inLanguage":"pt-BR","@id":"https:\/\/www.oarcanjo.net\/site\/pastoral-da-crianca-realiza-celebracao-de-natal\/#primaryimage","url":"http:\/\/www.oarcanjo.net\/site\/wp-content\/uploads\/pastoral-da-crianca-natal-2009-01.jpg","contentUrl":"http:\/\/www.oarcanjo.net\/site\/wp-content\/uploads\/pastoral-da-crianca-natal-2009-01.jpg"},{"@type":"BreadcrumbList","@id":"https:\/\/www.oarcanjo.net\/site\/pastoral-da-crianca-realiza-celebracao-de-natal\/#breadcrumb","itemListElement":[{"@type":"ListItem","position":1,"name":"In\u00edcio","item":"https:\/\/www.oarcanjo.net\/site\/"},{"@type":"ListItem","position":2,"name":"Pastoral da crian\u00e7a realiza Celebra\u00e7\u00e3o de Natal"}]},{"@type":"WebSite","@id":"https:\/\/www.oarcanjo.net\/site\/#website","url":"https:\/\/www.oarcanjo.net\/site\/","name":"O Arcanjo no ar","description":"Site da Par\u00f3quia S\u00e3o Miguel Arcanjo (Arquidiocese de SP)","publisher":{"@id":"https:\/\/www.oarcanjo.net\/site\/#organization"},"potentialAction":[{"@type":"SearchAction","target":{"@type":"EntryPoint","urlTemplate":"https:\/\/www.oarcanjo.net\/site\/?s={search_term_string}"},"query-input":{"@type":"PropertyValueSpecification","valueRequired":true,"valueName":"search_term_string"}}],"inLanguage":"pt-BR"},{"@type":"Organization","@id":"https:\/\/www.oarcanjo.net\/site\/#organization","name":"Par\u00f3quia S\u00e3o Miguel Arcanjo","url":"https:\/\/www.oarcanjo.net\/site\/","logo":{"@type":"ImageObject","inLanguage":"pt-BR","@id":"https:\/\/www.oarcanjo.net\/site\/#\/schema\/logo\/image\/","url":"https:\/\/www.oarcanjo.net\/site\/wp-content\/uploads\/LogoOArcanjo.png","contentUrl":"https:\/\/www.oarcanjo.net\/site\/wp-content\/uploads\/LogoOArcanjo.png","width":319,"height":99,"caption":"Par\u00f3quia S\u00e3o Miguel Arcanjo"},"image":{"@id":"https:\/\/www.oarcanjo.net\/site\/#\/schema\/logo\/image\/"},"sameAs":["https:\/\/www.facebook.com\/OArcanjoNoAr\/"]},{"@type":"Person","@id":"https:\/\/www.oarcanjo.net\/site\/#\/schema\/person\/f7024d007863202483a31326673a0838","name":"editor","sameAs":["http:\/\/www.oarcanjo.net"]}]}},"publishpress_future_action":{"enabled":false,"date":"2026-05-09 06:18:53","action":"category","newStatus":"draft","terms":[],"taxonomy":"category"},"publishpress_future_workflow_manual_trigger":{"enabledWorkflows":[]},"_links":{"self":[{"href":"https:\/\/www.oarcanjo.net\/site\/wp-json\/wp\/v2\/posts\/7019"}],"collection":[{"href":"https:\/\/www.oarcanjo.net\/site\/wp-json\/wp\/v2\/posts"}],"about":[{"href":"https:\/\/www.oarcanjo.net\/site\/wp-json\/wp\/v2\/types\/post"}],"author":[{"embeddable":true,"href":"https:\/\/www.oarcanjo.net\/site\/wp-json\/wp\/v2\/users\/5"}],"replies":[{"embeddable":true,"href":"https:\/\/www.oarcanjo.net\/site\/wp-json\/wp\/v2\/comments?post=7019"}],"version-history":[{"count":0,"href":"https:\/\/www.oarcanjo.net\/site\/wp-json\/wp\/v2\/posts\/7019\/revisions"}],"wp:attachment":[{"href":"https:\/\/www.oarcanjo.net\/site\/wp-json\/wp\/v2\/media?parent=7019"}],"wp:term":[{"taxonomy":"category","embeddable":true,"href":"https:\/\/www.oarcanjo.net\/site\/wp-json\/wp\/v2\/categories?post=7019"},{"taxonomy":"post_tag","embeddable":true,"href":"https:\/\/www.oarcanjo.net\/site\/wp-json\/wp\/v2\/tags?post=7019"}],"curies":[{"name":"wp","href":"https:\/\/api.w.org\/{rel}","templated":true}]}}