
{"id":7023,"date":"2009-12-29T18:43:15","date_gmt":"2009-12-29T20:43:15","guid":{"rendered":"http:\/\/www.oarcanjo.net\/site\/?p=7023"},"modified":"2009-12-29T18:43:15","modified_gmt":"2009-12-29T20:43:15","slug":"uma-mina-de-ouro","status":"publish","type":"post","link":"https:\/\/www.oarcanjo.net\/site\/uma-mina-de-ouro\/","title":{"rendered":"Uma mina de ouro"},"content":{"rendered":"<p>Pe. Geovane Saraiva<\/p>\n<p>&#8220;Sou daqueles que tem a convic\u00e7\u00e3o de que os escritos de Dom Helder ainda ser\u00e3o fonte de inspira\u00e7\u00e3o na Am\u00e9rica Latina, daqui a mil anos&#8221;. Esta afirma\u00e7\u00e3o do te\u00f3logo Padre Jos\u00e9 Comblin nos ajuda compreender, a vida do artes\u00e3o da paz, Dom Helder C\u00e2mara, nascido para o que \u00e9 mais elevado, as coisas maiores.<\/p>\n<p>Sua vida \u00e9 uma mina de ouro que precisa ser explorada. Ele, como cidad\u00e3o universal, andou pelos diversos caminhos do Planeta e, com sua voz prof\u00e9tica e seu profundo amor por este mundo em que vivemos, obra do Criador e Pai, com a criatura marcada pela dor, ang\u00fastia e sofrimento, mas, ao mesmo tempo, cheia de amor, garra, sonhos e esperan\u00e7a. Ele, no seu centen\u00e1rio de nascimento, ensina-nos a ver e a descobrir a verdadeira face do Cristo nos nossos semelhantes. Para ele, pobre verdadeiramente pobre era aquele que n\u00e3o tem amor para dar, difundir e semear.<\/p>\n<p>Dom Helder C\u00e2mara nasceu no dia 7 de fevereiro de 1909. Aos nove anos, fez a sua primeira comunh\u00e3o e, aos quatorze, ingressou no Semin\u00e1rio da Prainha, em Fortaleza \u2013 CE. No dia 15 de agosto de 1931, com vinte e dois anos foi ordenado sacerdote. Exerceu seu minist\u00e9rio sacerdotal, por cinco anos em sua cidade natal, entre letrados e oper\u00e1rios. Em 1936, partiu para o Rio de Janeiro, a\u00ed desempenhou, entre outras fun\u00e7\u00f5es, o cargo de Diretor T\u00e9cnico de Ensino da Religi\u00e3o na Arquidiocese do Rio de Janeiro.<\/p>\n<p>Em 1948, foi agraciado com o t\u00edtulo de monsenhor. Em 1950, exp\u00f4s ao amigo Monsenhor Montini, futuro Papa Paulo VI seus planos de fundar a Confer\u00eancia Nacional dos Bispos do Brasil \u2013 CNBB &#8211; da qual se tornou Secret\u00e1rio Geral, de 1952 a 1964. Em 1952, foi nomeado bispo auxiliar do Rio de Janeiro. Em 1955, organizou o famoso Congresso Eucar\u00edstico Internacional da capital fluminense. Fundou, tamb\u00e9m, o Banco da Provid\u00eancia e a Cruzada S\u00e3o Sebasti\u00e3o, indo ao encontro dos pobres e favelados. Trabalhou, incansavelmente, pela funda\u00e7\u00e3o do Conselho Episcopal Latino-Americano \u2013 CELAM \u2013 do qual foi vice-presidente de 1958 a 1964.<\/p>\n<p>Em 1964, nomeado arcebispo da Arquidiocese de Olinda e Recife, tomou posse no dia 12 de abril do mesmo ano, in\u00edcio do regime militar. Come\u00e7ou dizendo: &#8220;Quem estiver sofrendo, no corpo ou na alma; quem, pobre ou rico, estiver desesperado, ter\u00e1 lugar no cora\u00e7\u00e3o do bispo&#8221;. Passou, ent\u00e3o, a desenvolver, com grande relev\u00e2ncia, a\u00e7\u00f5es sociais junto \u00e0s comunidades carentes e a lutar pelos direitos humanos. Ficou, mundialmente, conhecido como o arauto dos &#8220;sem vez e sem voz&#8221;. Durante o Regime Militar, de 1964 a 1983, sua voz se calou e ficou sem ser ouvida, pois foi proibida e censurada na M\u00eddia.<\/p>\n<p>Bispo da n\u00e3o-viol\u00eancia, da ternura e da solidariedade denunciou, em Paris, em 1970, num prof\u00e9tico e contundente discurso, as pr\u00e1ticas de torturas aos presos pol\u00edticos em nosso Brasil. Dom Helder, homem de Deus, foi um dos grandes m\u00edsticos dos nossos tempos, que, com sua palavra, sensibilizava e entusiasmava as multid\u00f5es de todos os credos, de todas as ra\u00e7as, culturas e ideologias. Dizia que Deus para ele &#8220;era e s\u00f3 podia ser amor&#8221;, esfor\u00e7ando-se para viver o que anunciava, fazendo-se nosso irm\u00e3o e acreditando na possibilidade da convers\u00e3o de todos.<\/p>\n<p>Dom Helder tem vinte e tr\u00eas livros publicados, sendo dezenove deles traduzidos para dezesseis idiomas. Seus t\u00edtulos, suas homenagens e suas condecora\u00e7\u00f5es que, recebidos em todo mundo, somam 692. Ap\u00f3s completar noventa anos, no dia 27 de agosto de 1999, foi chamado para a casa do Pai.<\/p>\n<p>Esta extraordin\u00e1ria figura humana, patrim\u00f4nio da humanidade, por seus dons e talentos colocados a servi\u00e7o do pr\u00f3ximo ser\u00e1 sempre uma refer\u00eancia marcante na hist\u00f3ria do povo brasileiro. A sociedade, mais do que nunca, nos dias de hoje, necessita de referenciais como Dom Helder, para que possa aspirar por liberdade, justi\u00e7a e paz. Que humanidade saiba sonhar. Dizia ele: &#8220;Ai do mundo se n\u00e3o fosse a utopia, ai do mundo se n\u00e3o fossem os sonhadores!&#8221;. Que Dom Helder nos inspire o desejo sempre maior de gostar de viver e de lutar pelo dom maravilhoso da vida.<\/p>\n<div id=\"themify_builder_content-7023\" data-postid=\"7023\" class=\"themify_builder_content themify_builder_content-7023 themify_builder themify_builder_front\">\n\t<\/div>\n<!-- \/themify_builder_content -->","protected":false},"excerpt":{"rendered":"<p>Pe. Geovane Saraiva &#8220;Sou daqueles que tem a convic\u00e7\u00e3o de que os escritos de Dom Helder ainda ser\u00e3o fonte de inspira\u00e7\u00e3o na Am\u00e9rica Latina, daqui a mil anos&#8221;. Esta afirma\u00e7\u00e3o do te\u00f3logo Padre Jos\u00e9 Comblin nos ajuda compreender, a vida do artes\u00e3o da paz, Dom Helder C\u00e2mara, nascido para o que \u00e9 mais elevado, as [&hellip;]<\/p>\n","protected":false},"author":5,"featured_media":0,"comment_status":"open","ping_status":"open","sticky":false,"template":"","format":"standard","meta":{"ngg_post_thumbnail":0,"footnotes":""},"categories":[192],"tags":[1374,210,187,473,166],"yoast_head":"<!-- This site is optimized with the Yoast SEO plugin v23.5 - https:\/\/yoast.com\/wordpress\/plugins\/seo\/ -->\n<title>Uma mina de ouro - O Arcanjo no ar<\/title>\n<meta name=\"robots\" content=\"index, follow, max-snippet:-1, max-image-preview:large, max-video-preview:-1\" \/>\n<link rel=\"canonical\" href=\"https:\/\/www.oarcanjo.net\/site\/uma-mina-de-ouro\/\" \/>\n<meta property=\"og:locale\" content=\"pt_BR\" \/>\n<meta property=\"og:type\" content=\"article\" \/>\n<meta property=\"og:title\" content=\"Uma mina de ouro - O Arcanjo no ar\" \/>\n<meta property=\"og:description\" content=\"Pe. Geovane Saraiva &#8220;Sou daqueles que tem a convic\u00e7\u00e3o de que os escritos de Dom Helder ainda ser\u00e3o fonte de inspira\u00e7\u00e3o na Am\u00e9rica Latina, daqui a mil anos&#8221;. Esta afirma\u00e7\u00e3o do te\u00f3logo Padre Jos\u00e9 Comblin nos ajuda compreender, a vida do artes\u00e3o da paz, Dom Helder C\u00e2mara, nascido para o que \u00e9 mais elevado, as [&hellip;]\" \/>\n<meta property=\"og:url\" content=\"https:\/\/www.oarcanjo.net\/site\/uma-mina-de-ouro\/\" \/>\n<meta property=\"og:site_name\" content=\"O Arcanjo no ar\" \/>\n<meta property=\"article:publisher\" content=\"https:\/\/www.facebook.com\/OArcanjoNoAr\/\" \/>\n<meta property=\"article:published_time\" content=\"2009-12-29T20:43:15+00:00\" \/>\n<meta property=\"og:image\" content=\"https:\/\/www.oarcanjo.net\/site\/wp-content\/uploads\/logo-o-arcanjo-no-ar-facebook.png\" \/>\n\t<meta property=\"og:image:width\" content=\"300\" \/>\n\t<meta property=\"og:image:height\" content=\"300\" \/>\n\t<meta property=\"og:image:type\" content=\"image\/png\" \/>\n<meta name=\"author\" content=\"editor\" \/>\n<meta name=\"twitter:card\" content=\"summary_large_image\" \/>\n<meta name=\"twitter:label1\" content=\"Escrito por\" \/>\n\t<meta name=\"twitter:data1\" content=\"editor\" \/>\n\t<meta name=\"twitter:label2\" content=\"Est. tempo de leitura\" \/>\n\t<meta name=\"twitter:data2\" content=\"4 minutos\" \/>\n<script type=\"application\/ld+json\" class=\"yoast-schema-graph\">{\"@context\":\"https:\/\/schema.org\",\"@graph\":[{\"@type\":\"Article\",\"@id\":\"https:\/\/www.oarcanjo.net\/site\/uma-mina-de-ouro\/#article\",\"isPartOf\":{\"@id\":\"https:\/\/www.oarcanjo.net\/site\/uma-mina-de-ouro\/\"},\"author\":{\"name\":\"editor\",\"@id\":\"https:\/\/www.oarcanjo.net\/site\/#\/schema\/person\/f7024d007863202483a31326673a0838\"},\"headline\":\"Uma mina de ouro\",\"datePublished\":\"2009-12-29T20:43:15+00:00\",\"dateModified\":\"2009-12-29T20:43:15+00:00\",\"mainEntityOfPage\":{\"@id\":\"https:\/\/www.oarcanjo.net\/site\/uma-mina-de-ouro\/\"},\"wordCount\":717,\"commentCount\":0,\"publisher\":{\"@id\":\"https:\/\/www.oarcanjo.net\/site\/#organization\"},\"keywords\":[\"Comblin\",\"Dom Helder Camara\",\"profeta\",\"testemunho\",\"utopia\"],\"articleSection\":[\"D. Helder C\u00e2mara\"],\"inLanguage\":\"pt-BR\",\"potentialAction\":[{\"@type\":\"CommentAction\",\"name\":\"Comment\",\"target\":[\"https:\/\/www.oarcanjo.net\/site\/uma-mina-de-ouro\/#respond\"]}]},{\"@type\":\"WebPage\",\"@id\":\"https:\/\/www.oarcanjo.net\/site\/uma-mina-de-ouro\/\",\"url\":\"https:\/\/www.oarcanjo.net\/site\/uma-mina-de-ouro\/\",\"name\":\"Uma mina de ouro - O Arcanjo no ar\",\"isPartOf\":{\"@id\":\"https:\/\/www.oarcanjo.net\/site\/#website\"},\"datePublished\":\"2009-12-29T20:43:15+00:00\",\"dateModified\":\"2009-12-29T20:43:15+00:00\",\"breadcrumb\":{\"@id\":\"https:\/\/www.oarcanjo.net\/site\/uma-mina-de-ouro\/#breadcrumb\"},\"inLanguage\":\"pt-BR\",\"potentialAction\":[{\"@type\":\"ReadAction\",\"target\":[\"https:\/\/www.oarcanjo.net\/site\/uma-mina-de-ouro\/\"]}]},{\"@type\":\"BreadcrumbList\",\"@id\":\"https:\/\/www.oarcanjo.net\/site\/uma-mina-de-ouro\/#breadcrumb\",\"itemListElement\":[{\"@type\":\"ListItem\",\"position\":1,\"name\":\"In\u00edcio\",\"item\":\"https:\/\/www.oarcanjo.net\/site\/\"},{\"@type\":\"ListItem\",\"position\":2,\"name\":\"Uma mina de ouro\"}]},{\"@type\":\"WebSite\",\"@id\":\"https:\/\/www.oarcanjo.net\/site\/#website\",\"url\":\"https:\/\/www.oarcanjo.net\/site\/\",\"name\":\"O Arcanjo no ar\",\"description\":\"Site da Par\u00f3quia S\u00e3o Miguel Arcanjo (Arquidiocese de SP)\",\"publisher\":{\"@id\":\"https:\/\/www.oarcanjo.net\/site\/#organization\"},\"potentialAction\":[{\"@type\":\"SearchAction\",\"target\":{\"@type\":\"EntryPoint\",\"urlTemplate\":\"https:\/\/www.oarcanjo.net\/site\/?s={search_term_string}\"},\"query-input\":{\"@type\":\"PropertyValueSpecification\",\"valueRequired\":true,\"valueName\":\"search_term_string\"}}],\"inLanguage\":\"pt-BR\"},{\"@type\":\"Organization\",\"@id\":\"https:\/\/www.oarcanjo.net\/site\/#organization\",\"name\":\"Par\u00f3quia S\u00e3o Miguel Arcanjo\",\"url\":\"https:\/\/www.oarcanjo.net\/site\/\",\"logo\":{\"@type\":\"ImageObject\",\"inLanguage\":\"pt-BR\",\"@id\":\"https:\/\/www.oarcanjo.net\/site\/#\/schema\/logo\/image\/\",\"url\":\"https:\/\/www.oarcanjo.net\/site\/wp-content\/uploads\/LogoOArcanjo.png\",\"contentUrl\":\"https:\/\/www.oarcanjo.net\/site\/wp-content\/uploads\/LogoOArcanjo.png\",\"width\":319,\"height\":99,\"caption\":\"Par\u00f3quia S\u00e3o Miguel Arcanjo\"},\"image\":{\"@id\":\"https:\/\/www.oarcanjo.net\/site\/#\/schema\/logo\/image\/\"},\"sameAs\":[\"https:\/\/www.facebook.com\/OArcanjoNoAr\/\"]},{\"@type\":\"Person\",\"@id\":\"https:\/\/www.oarcanjo.net\/site\/#\/schema\/person\/f7024d007863202483a31326673a0838\",\"name\":\"editor\",\"sameAs\":[\"http:\/\/www.oarcanjo.net\"]}]}<\/script>\n<!-- \/ Yoast SEO plugin. -->","yoast_head_json":{"title":"Uma mina de ouro - O Arcanjo no ar","robots":{"index":"index","follow":"follow","max-snippet":"max-snippet:-1","max-image-preview":"max-image-preview:large","max-video-preview":"max-video-preview:-1"},"canonical":"https:\/\/www.oarcanjo.net\/site\/uma-mina-de-ouro\/","og_locale":"pt_BR","og_type":"article","og_title":"Uma mina de ouro - O Arcanjo no ar","og_description":"Pe. Geovane Saraiva &#8220;Sou daqueles que tem a convic\u00e7\u00e3o de que os escritos de Dom Helder ainda ser\u00e3o fonte de inspira\u00e7\u00e3o na Am\u00e9rica Latina, daqui a mil anos&#8221;. Esta afirma\u00e7\u00e3o do te\u00f3logo Padre Jos\u00e9 Comblin nos ajuda compreender, a vida do artes\u00e3o da paz, Dom Helder C\u00e2mara, nascido para o que \u00e9 mais elevado, as [&hellip;]","og_url":"https:\/\/www.oarcanjo.net\/site\/uma-mina-de-ouro\/","og_site_name":"O Arcanjo no ar","article_publisher":"https:\/\/www.facebook.com\/OArcanjoNoAr\/","article_published_time":"2009-12-29T20:43:15+00:00","og_image":[{"width":300,"height":300,"url":"https:\/\/www.oarcanjo.net\/site\/wp-content\/uploads\/logo-o-arcanjo-no-ar-facebook.png","type":"image\/png"}],"author":"editor","twitter_card":"summary_large_image","twitter_misc":{"Escrito por":"editor","Est. tempo de leitura":"4 minutos"},"schema":{"@context":"https:\/\/schema.org","@graph":[{"@type":"Article","@id":"https:\/\/www.oarcanjo.net\/site\/uma-mina-de-ouro\/#article","isPartOf":{"@id":"https:\/\/www.oarcanjo.net\/site\/uma-mina-de-ouro\/"},"author":{"name":"editor","@id":"https:\/\/www.oarcanjo.net\/site\/#\/schema\/person\/f7024d007863202483a31326673a0838"},"headline":"Uma mina de ouro","datePublished":"2009-12-29T20:43:15+00:00","dateModified":"2009-12-29T20:43:15+00:00","mainEntityOfPage":{"@id":"https:\/\/www.oarcanjo.net\/site\/uma-mina-de-ouro\/"},"wordCount":717,"commentCount":0,"publisher":{"@id":"https:\/\/www.oarcanjo.net\/site\/#organization"},"keywords":["Comblin","Dom Helder Camara","profeta","testemunho","utopia"],"articleSection":["D. Helder C\u00e2mara"],"inLanguage":"pt-BR","potentialAction":[{"@type":"CommentAction","name":"Comment","target":["https:\/\/www.oarcanjo.net\/site\/uma-mina-de-ouro\/#respond"]}]},{"@type":"WebPage","@id":"https:\/\/www.oarcanjo.net\/site\/uma-mina-de-ouro\/","url":"https:\/\/www.oarcanjo.net\/site\/uma-mina-de-ouro\/","name":"Uma mina de ouro - O Arcanjo no ar","isPartOf":{"@id":"https:\/\/www.oarcanjo.net\/site\/#website"},"datePublished":"2009-12-29T20:43:15+00:00","dateModified":"2009-12-29T20:43:15+00:00","breadcrumb":{"@id":"https:\/\/www.oarcanjo.net\/site\/uma-mina-de-ouro\/#breadcrumb"},"inLanguage":"pt-BR","potentialAction":[{"@type":"ReadAction","target":["https:\/\/www.oarcanjo.net\/site\/uma-mina-de-ouro\/"]}]},{"@type":"BreadcrumbList","@id":"https:\/\/www.oarcanjo.net\/site\/uma-mina-de-ouro\/#breadcrumb","itemListElement":[{"@type":"ListItem","position":1,"name":"In\u00edcio","item":"https:\/\/www.oarcanjo.net\/site\/"},{"@type":"ListItem","position":2,"name":"Uma mina de ouro"}]},{"@type":"WebSite","@id":"https:\/\/www.oarcanjo.net\/site\/#website","url":"https:\/\/www.oarcanjo.net\/site\/","name":"O Arcanjo no ar","description":"Site da Par\u00f3quia S\u00e3o Miguel Arcanjo (Arquidiocese de SP)","publisher":{"@id":"https:\/\/www.oarcanjo.net\/site\/#organization"},"potentialAction":[{"@type":"SearchAction","target":{"@type":"EntryPoint","urlTemplate":"https:\/\/www.oarcanjo.net\/site\/?s={search_term_string}"},"query-input":{"@type":"PropertyValueSpecification","valueRequired":true,"valueName":"search_term_string"}}],"inLanguage":"pt-BR"},{"@type":"Organization","@id":"https:\/\/www.oarcanjo.net\/site\/#organization","name":"Par\u00f3quia S\u00e3o Miguel Arcanjo","url":"https:\/\/www.oarcanjo.net\/site\/","logo":{"@type":"ImageObject","inLanguage":"pt-BR","@id":"https:\/\/www.oarcanjo.net\/site\/#\/schema\/logo\/image\/","url":"https:\/\/www.oarcanjo.net\/site\/wp-content\/uploads\/LogoOArcanjo.png","contentUrl":"https:\/\/www.oarcanjo.net\/site\/wp-content\/uploads\/LogoOArcanjo.png","width":319,"height":99,"caption":"Par\u00f3quia S\u00e3o Miguel Arcanjo"},"image":{"@id":"https:\/\/www.oarcanjo.net\/site\/#\/schema\/logo\/image\/"},"sameAs":["https:\/\/www.facebook.com\/OArcanjoNoAr\/"]},{"@type":"Person","@id":"https:\/\/www.oarcanjo.net\/site\/#\/schema\/person\/f7024d007863202483a31326673a0838","name":"editor","sameAs":["http:\/\/www.oarcanjo.net"]}]}},"publishpress_future_action":{"enabled":false,"date":"2026-05-09 01:19:01","action":"category","newStatus":"draft","terms":[],"taxonomy":"category"},"publishpress_future_workflow_manual_trigger":{"enabledWorkflows":[]},"_links":{"self":[{"href":"https:\/\/www.oarcanjo.net\/site\/wp-json\/wp\/v2\/posts\/7023"}],"collection":[{"href":"https:\/\/www.oarcanjo.net\/site\/wp-json\/wp\/v2\/posts"}],"about":[{"href":"https:\/\/www.oarcanjo.net\/site\/wp-json\/wp\/v2\/types\/post"}],"author":[{"embeddable":true,"href":"https:\/\/www.oarcanjo.net\/site\/wp-json\/wp\/v2\/users\/5"}],"replies":[{"embeddable":true,"href":"https:\/\/www.oarcanjo.net\/site\/wp-json\/wp\/v2\/comments?post=7023"}],"version-history":[{"count":0,"href":"https:\/\/www.oarcanjo.net\/site\/wp-json\/wp\/v2\/posts\/7023\/revisions"}],"wp:attachment":[{"href":"https:\/\/www.oarcanjo.net\/site\/wp-json\/wp\/v2\/media?parent=7023"}],"wp:term":[{"taxonomy":"category","embeddable":true,"href":"https:\/\/www.oarcanjo.net\/site\/wp-json\/wp\/v2\/categories?post=7023"},{"taxonomy":"post_tag","embeddable":true,"href":"https:\/\/www.oarcanjo.net\/site\/wp-json\/wp\/v2\/tags?post=7023"}],"curies":[{"name":"wp","href":"https:\/\/api.w.org\/{rel}","templated":true}]}}