
{"id":7043,"date":"2009-12-30T09:53:52","date_gmt":"2009-12-30T11:53:52","guid":{"rendered":"http:\/\/www.oarcanjo.net\/site\/?p=7043"},"modified":"2009-12-31T13:08:48","modified_gmt":"2009-12-31T15:08:48","slug":"novo-bispo-para-a-regiao-belem","status":"publish","type":"post","link":"https:\/\/www.oarcanjo.net\/site\/novo-bispo-para-a-regiao-belem\/","title":{"rendered":"Novo bispo para a Regi\u00e3o Bel\u00e9m"},"content":{"rendered":"<p>O papa Bento XVI nomeou o padre Edmar Per\u00f3n, atual reitor do Semin\u00e1rio de Teologia de Maring\u00e1 \u00a0(PR), para a fun\u00e7\u00e3o de bispo auxiliar da Arquidiocese de S\u00e3o Paulo, respons\u00e1vel pela Regi\u00e3o Episcopal Bel\u00e9m. Pe. Edmar substituir\u00e1 D. Pedro Luiz Stringhini, transferido para Franca, no interior paulista.<\/p>\n<p>O an\u00fancio foi feito nesta quarta-feira, 30\/12, junto com outra nomea\u00e7\u00e3o e duas transfer\u00eancias de bispos.<\/p>\n<p><img loading=\"lazy\" decoding=\"async\" src=\"http:\/\/www.arquidiocese-sp.org.br\/noticias\/2009\/091230_padre_edmar_peron.jpg\" alt=\"Edmar Per\u00f3n, nomeado bispo para a Regi\u00e3o Episcopal Bel\u00e9m\" width=\"204\" height=\"272\" \/><\/p>\n<p><strong>Edmar Per\u00f3n<\/strong><\/p>\n<p>O novo bispo da Regi\u00e3o Bel\u00e9m \u00e9 o primeiro dos quatro filhos de Leonildo Per\u00f3n e Aparecida Besagio Per\u00f3n. Natural de Maring\u00e1 (PR), nasceu em 04 de mar\u00e7o de 1965. Cursou filosofia no Semin\u00e1rio Maior Arquidiocesano Nossa Senhora da Gl\u00f3ria \u2013 Instituto de Filosofia de Maring\u00e1 [1983 -1985] e teologia no Semin\u00e1rio Paulo VI \u2013 Instituto Teol\u00f3gico Paulo VI de Londrina (PR) entre os anos de 1986 a 1989.<\/p>\n<p>Monsenhor Edmar foi ordenado sacerdote em 21 de janeiro de 1990. Desde ent\u00e3o serviu \u00e0 arquidiocese de Maring\u00e1 como diretor espiritual dos fil\u00f3sofos [1991 a 1997]. Ele tamb\u00e9m foi vig\u00e1rio paroquial e p\u00e1roco em diversas par\u00f3quias; membro do Conselho Presbiteral e do Col\u00e9gio de Consultores; assessor de Liturgia e Canto arquidiocesano por nove anos. Ap\u00f3s seus estudos em Roma, entre os anos 2000 e 2002, onde fez o mestrado em teologia dogm\u00e1tica, especializa\u00e7\u00e3o em teologia dos sacramentos, foi professor de teologia dogm\u00e1tica e liturgia, inicialmente no Instituto Teol\u00f3gico Paulo VI e, ultimamente, na PUC \u2013 PR \u2013 campus Londrina.<\/p>\n<p>Durante os \u00faltimos tr\u00eas anos foi reitor do Semin\u00e1rio de Teologia Sant\u00edssima Trindade, da arquidiocese de Maring\u00e1, situado em Londrina.<\/p>\n<p><strong>Dom Pedro Luiz Stringhini<\/strong><\/p>\n<p>O bispo que deixa a Regi\u00e3o Bel\u00e9m nasceu em 17 de agosto de 1953 em Laranjal Paulista, no interior de S\u00e3o Paulo. Ele \u00e9 bispo auxiliar de S\u00e3o Paulo desde 18 de mar\u00e7o de 2001, tendo se ordenado em S\u00e3o Paulo (SP) no dia 10 de mar\u00e7o de 2001. Estudou Teologia na Faculdade Nossa Senhora da Assun\u00e7\u00e3o, em S\u00e3o Paulo (SP) [1977 \u2013 1980]; fez mestrado em B\u00edblia pelo Pontif\u00edcio Instituto B\u00edblico de Roma [1986 \u2013 1990] e doutorado em Teologia B\u00edblica [1994 \u2013 1995] na Universidade Gregoriana de Roma, al\u00e9m de ter se formado em Letras, pela Faculdade Anchieta de S\u00e3o Paulo [1972 \u2013 1974]. O lema de D. Pedro \u00e9 \u201cEm tua palavra (Lc 5, 5)\u201d.<\/p>\n<p><strong>Outras mudan\u00e7as<\/strong><\/p>\n<p>O papa anunciou tamb\u00e9m a transfer\u00eancia de Dom Vicente Costa, da diocese de Umuarama (PR) para a vacante diocese de Jundia\u00ed (SP) e do\u00a0\u00a0arcebispo de Palmas (TO), dom Alberto Taveira Corr\u00eaa, para a vacante Arquidiocese de Bel\u00e9m (PA).<\/p>\n<p>Para bispo auxiliar de Goi\u00e2nia (GO), foi nomeado o padre Waldemar Passini Dalbello, atualmente reitor do Semin\u00e1rio Interdiocesano S\u00e3o Jo\u00e3o Maria Vianney de Goi\u00e2nia.<\/p>\n<div id=\"themify_builder_content-7043\" data-postid=\"7043\" class=\"themify_builder_content themify_builder_content-7043 themify_builder themify_builder_front\">\n\t<\/div>\n<!-- \/themify_builder_content -->","protected":false},"excerpt":{"rendered":"<p>O papa Bento XVI nomeou o padre Edmar Per\u00f3n, atual reitor do Semin\u00e1rio de Teologia de Maring\u00e1 \u00a0(PR), para a fun\u00e7\u00e3o de bispo auxiliar da Arquidiocese de S\u00e3o Paulo, respons\u00e1vel pela Regi\u00e3o Episcopal Bel\u00e9m. Pe. Edmar substituir\u00e1 D. Pedro Luiz Stringhini, transferido para Franca, no interior paulista. O an\u00fancio foi feito nesta quarta-feira, 30\/12, junto [&hellip;]<\/p>\n","protected":false},"author":5,"featured_media":0,"comment_status":"open","ping_status":"open","sticky":false,"template":"","format":"standard","meta":{"ngg_post_thumbnail":0,"footnotes":""},"categories":[8],"tags":[1065,29],"yoast_head":"<!-- This site is optimized with the Yoast SEO plugin v23.5 - https:\/\/yoast.com\/wordpress\/plugins\/seo\/ -->\n<title>Novo bispo para a Regi\u00e3o Bel\u00e9m - O Arcanjo no ar<\/title>\n<meta name=\"robots\" content=\"index, follow, max-snippet:-1, max-image-preview:large, max-video-preview:-1\" \/>\n<link rel=\"canonical\" href=\"https:\/\/www.oarcanjo.net\/site\/novo-bispo-para-a-regiao-belem\/\" \/>\n<meta property=\"og:locale\" content=\"pt_BR\" \/>\n<meta property=\"og:type\" content=\"article\" \/>\n<meta property=\"og:title\" content=\"Novo bispo para a Regi\u00e3o Bel\u00e9m - O Arcanjo no ar\" \/>\n<meta property=\"og:description\" content=\"O papa Bento XVI nomeou o padre Edmar Per\u00f3n, atual reitor do Semin\u00e1rio de Teologia de Maring\u00e1 \u00a0(PR), para a fun\u00e7\u00e3o de bispo auxiliar da Arquidiocese de S\u00e3o Paulo, respons\u00e1vel pela Regi\u00e3o Episcopal Bel\u00e9m. Pe. Edmar substituir\u00e1 D. Pedro Luiz Stringhini, transferido para Franca, no interior paulista. O an\u00fancio foi feito nesta quarta-feira, 30\/12, junto [&hellip;]\" \/>\n<meta property=\"og:url\" content=\"https:\/\/www.oarcanjo.net\/site\/novo-bispo-para-a-regiao-belem\/\" \/>\n<meta property=\"og:site_name\" content=\"O Arcanjo no ar\" \/>\n<meta property=\"article:publisher\" content=\"https:\/\/www.facebook.com\/OArcanjoNoAr\/\" \/>\n<meta property=\"article:published_time\" content=\"2009-12-30T11:53:52+00:00\" \/>\n<meta property=\"article:modified_time\" content=\"2009-12-31T15:08:48+00:00\" \/>\n<meta property=\"og:image\" content=\"http:\/\/www.arquidiocese-sp.org.br\/noticias\/2009\/091230_padre_edmar_peron.jpg\" \/>\n<meta name=\"author\" content=\"editor\" \/>\n<meta name=\"twitter:card\" content=\"summary_large_image\" \/>\n<meta name=\"twitter:label1\" content=\"Escrito por\" \/>\n\t<meta name=\"twitter:data1\" content=\"editor\" \/>\n\t<meta name=\"twitter:label2\" content=\"Est. tempo de leitura\" \/>\n\t<meta name=\"twitter:data2\" content=\"2 minutos\" \/>\n<script type=\"application\/ld+json\" class=\"yoast-schema-graph\">{\"@context\":\"https:\/\/schema.org\",\"@graph\":[{\"@type\":\"Article\",\"@id\":\"https:\/\/www.oarcanjo.net\/site\/novo-bispo-para-a-regiao-belem\/#article\",\"isPartOf\":{\"@id\":\"https:\/\/www.oarcanjo.net\/site\/novo-bispo-para-a-regiao-belem\/\"},\"author\":{\"name\":\"editor\",\"@id\":\"https:\/\/www.oarcanjo.net\/site\/#\/schema\/person\/f7024d007863202483a31326673a0838\"},\"headline\":\"Novo bispo para a Regi\u00e3o Bel\u00e9m\",\"datePublished\":\"2009-12-30T11:53:52+00:00\",\"dateModified\":\"2009-12-31T15:08:48+00:00\",\"mainEntityOfPage\":{\"@id\":\"https:\/\/www.oarcanjo.net\/site\/novo-bispo-para-a-regiao-belem\/\"},\"wordCount\":468,\"commentCount\":3,\"publisher\":{\"@id\":\"https:\/\/www.oarcanjo.net\/site\/#organization\"},\"image\":{\"@id\":\"https:\/\/www.oarcanjo.net\/site\/novo-bispo-para-a-regiao-belem\/#primaryimage\"},\"thumbnailUrl\":\"http:\/\/www.arquidiocese-sp.org.br\/noticias\/2009\/091230_padre_edmar_peron.jpg\",\"keywords\":[\"episcopado\",\"Regi\u00e3o Bel\u00e9m\"],\"articleSection\":[\"Not\u00edcias\"],\"inLanguage\":\"pt-BR\",\"potentialAction\":[{\"@type\":\"CommentAction\",\"name\":\"Comment\",\"target\":[\"https:\/\/www.oarcanjo.net\/site\/novo-bispo-para-a-regiao-belem\/#respond\"]}]},{\"@type\":\"WebPage\",\"@id\":\"https:\/\/www.oarcanjo.net\/site\/novo-bispo-para-a-regiao-belem\/\",\"url\":\"https:\/\/www.oarcanjo.net\/site\/novo-bispo-para-a-regiao-belem\/\",\"name\":\"Novo bispo para a Regi\u00e3o Bel\u00e9m - O Arcanjo no ar\",\"isPartOf\":{\"@id\":\"https:\/\/www.oarcanjo.net\/site\/#website\"},\"primaryImageOfPage\":{\"@id\":\"https:\/\/www.oarcanjo.net\/site\/novo-bispo-para-a-regiao-belem\/#primaryimage\"},\"image\":{\"@id\":\"https:\/\/www.oarcanjo.net\/site\/novo-bispo-para-a-regiao-belem\/#primaryimage\"},\"thumbnailUrl\":\"http:\/\/www.arquidiocese-sp.org.br\/noticias\/2009\/091230_padre_edmar_peron.jpg\",\"datePublished\":\"2009-12-30T11:53:52+00:00\",\"dateModified\":\"2009-12-31T15:08:48+00:00\",\"breadcrumb\":{\"@id\":\"https:\/\/www.oarcanjo.net\/site\/novo-bispo-para-a-regiao-belem\/#breadcrumb\"},\"inLanguage\":\"pt-BR\",\"potentialAction\":[{\"@type\":\"ReadAction\",\"target\":[\"https:\/\/www.oarcanjo.net\/site\/novo-bispo-para-a-regiao-belem\/\"]}]},{\"@type\":\"ImageObject\",\"inLanguage\":\"pt-BR\",\"@id\":\"https:\/\/www.oarcanjo.net\/site\/novo-bispo-para-a-regiao-belem\/#primaryimage\",\"url\":\"http:\/\/www.arquidiocese-sp.org.br\/noticias\/2009\/091230_padre_edmar_peron.jpg\",\"contentUrl\":\"http:\/\/www.arquidiocese-sp.org.br\/noticias\/2009\/091230_padre_edmar_peron.jpg\"},{\"@type\":\"BreadcrumbList\",\"@id\":\"https:\/\/www.oarcanjo.net\/site\/novo-bispo-para-a-regiao-belem\/#breadcrumb\",\"itemListElement\":[{\"@type\":\"ListItem\",\"position\":1,\"name\":\"In\u00edcio\",\"item\":\"https:\/\/www.oarcanjo.net\/site\/\"},{\"@type\":\"ListItem\",\"position\":2,\"name\":\"Novo bispo para a Regi\u00e3o Bel\u00e9m\"}]},{\"@type\":\"WebSite\",\"@id\":\"https:\/\/www.oarcanjo.net\/site\/#website\",\"url\":\"https:\/\/www.oarcanjo.net\/site\/\",\"name\":\"O Arcanjo no ar\",\"description\":\"Site da Par\u00f3quia S\u00e3o Miguel Arcanjo (Arquidiocese de SP)\",\"publisher\":{\"@id\":\"https:\/\/www.oarcanjo.net\/site\/#organization\"},\"potentialAction\":[{\"@type\":\"SearchAction\",\"target\":{\"@type\":\"EntryPoint\",\"urlTemplate\":\"https:\/\/www.oarcanjo.net\/site\/?s={search_term_string}\"},\"query-input\":{\"@type\":\"PropertyValueSpecification\",\"valueRequired\":true,\"valueName\":\"search_term_string\"}}],\"inLanguage\":\"pt-BR\"},{\"@type\":\"Organization\",\"@id\":\"https:\/\/www.oarcanjo.net\/site\/#organization\",\"name\":\"Par\u00f3quia S\u00e3o Miguel Arcanjo\",\"url\":\"https:\/\/www.oarcanjo.net\/site\/\",\"logo\":{\"@type\":\"ImageObject\",\"inLanguage\":\"pt-BR\",\"@id\":\"https:\/\/www.oarcanjo.net\/site\/#\/schema\/logo\/image\/\",\"url\":\"https:\/\/www.oarcanjo.net\/site\/wp-content\/uploads\/LogoOArcanjo.png\",\"contentUrl\":\"https:\/\/www.oarcanjo.net\/site\/wp-content\/uploads\/LogoOArcanjo.png\",\"width\":319,\"height\":99,\"caption\":\"Par\u00f3quia S\u00e3o Miguel Arcanjo\"},\"image\":{\"@id\":\"https:\/\/www.oarcanjo.net\/site\/#\/schema\/logo\/image\/\"},\"sameAs\":[\"https:\/\/www.facebook.com\/OArcanjoNoAr\/\"]},{\"@type\":\"Person\",\"@id\":\"https:\/\/www.oarcanjo.net\/site\/#\/schema\/person\/f7024d007863202483a31326673a0838\",\"name\":\"editor\",\"sameAs\":[\"http:\/\/www.oarcanjo.net\"]}]}<\/script>\n<!-- \/ Yoast SEO plugin. -->","yoast_head_json":{"title":"Novo bispo para a Regi\u00e3o Bel\u00e9m - O Arcanjo no ar","robots":{"index":"index","follow":"follow","max-snippet":"max-snippet:-1","max-image-preview":"max-image-preview:large","max-video-preview":"max-video-preview:-1"},"canonical":"https:\/\/www.oarcanjo.net\/site\/novo-bispo-para-a-regiao-belem\/","og_locale":"pt_BR","og_type":"article","og_title":"Novo bispo para a Regi\u00e3o Bel\u00e9m - O Arcanjo no ar","og_description":"O papa Bento XVI nomeou o padre Edmar Per\u00f3n, atual reitor do Semin\u00e1rio de Teologia de Maring\u00e1 \u00a0(PR), para a fun\u00e7\u00e3o de bispo auxiliar da Arquidiocese de S\u00e3o Paulo, respons\u00e1vel pela Regi\u00e3o Episcopal Bel\u00e9m. Pe. Edmar substituir\u00e1 D. Pedro Luiz Stringhini, transferido para Franca, no interior paulista. O an\u00fancio foi feito nesta quarta-feira, 30\/12, junto [&hellip;]","og_url":"https:\/\/www.oarcanjo.net\/site\/novo-bispo-para-a-regiao-belem\/","og_site_name":"O Arcanjo no ar","article_publisher":"https:\/\/www.facebook.com\/OArcanjoNoAr\/","article_published_time":"2009-12-30T11:53:52+00:00","article_modified_time":"2009-12-31T15:08:48+00:00","og_image":[{"url":"http:\/\/www.arquidiocese-sp.org.br\/noticias\/2009\/091230_padre_edmar_peron.jpg"}],"author":"editor","twitter_card":"summary_large_image","twitter_misc":{"Escrito por":"editor","Est. tempo de leitura":"2 minutos"},"schema":{"@context":"https:\/\/schema.org","@graph":[{"@type":"Article","@id":"https:\/\/www.oarcanjo.net\/site\/novo-bispo-para-a-regiao-belem\/#article","isPartOf":{"@id":"https:\/\/www.oarcanjo.net\/site\/novo-bispo-para-a-regiao-belem\/"},"author":{"name":"editor","@id":"https:\/\/www.oarcanjo.net\/site\/#\/schema\/person\/f7024d007863202483a31326673a0838"},"headline":"Novo bispo para a Regi\u00e3o Bel\u00e9m","datePublished":"2009-12-30T11:53:52+00:00","dateModified":"2009-12-31T15:08:48+00:00","mainEntityOfPage":{"@id":"https:\/\/www.oarcanjo.net\/site\/novo-bispo-para-a-regiao-belem\/"},"wordCount":468,"commentCount":3,"publisher":{"@id":"https:\/\/www.oarcanjo.net\/site\/#organization"},"image":{"@id":"https:\/\/www.oarcanjo.net\/site\/novo-bispo-para-a-regiao-belem\/#primaryimage"},"thumbnailUrl":"http:\/\/www.arquidiocese-sp.org.br\/noticias\/2009\/091230_padre_edmar_peron.jpg","keywords":["episcopado","Regi\u00e3o Bel\u00e9m"],"articleSection":["Not\u00edcias"],"inLanguage":"pt-BR","potentialAction":[{"@type":"CommentAction","name":"Comment","target":["https:\/\/www.oarcanjo.net\/site\/novo-bispo-para-a-regiao-belem\/#respond"]}]},{"@type":"WebPage","@id":"https:\/\/www.oarcanjo.net\/site\/novo-bispo-para-a-regiao-belem\/","url":"https:\/\/www.oarcanjo.net\/site\/novo-bispo-para-a-regiao-belem\/","name":"Novo bispo para a Regi\u00e3o Bel\u00e9m - O Arcanjo no ar","isPartOf":{"@id":"https:\/\/www.oarcanjo.net\/site\/#website"},"primaryImageOfPage":{"@id":"https:\/\/www.oarcanjo.net\/site\/novo-bispo-para-a-regiao-belem\/#primaryimage"},"image":{"@id":"https:\/\/www.oarcanjo.net\/site\/novo-bispo-para-a-regiao-belem\/#primaryimage"},"thumbnailUrl":"http:\/\/www.arquidiocese-sp.org.br\/noticias\/2009\/091230_padre_edmar_peron.jpg","datePublished":"2009-12-30T11:53:52+00:00","dateModified":"2009-12-31T15:08:48+00:00","breadcrumb":{"@id":"https:\/\/www.oarcanjo.net\/site\/novo-bispo-para-a-regiao-belem\/#breadcrumb"},"inLanguage":"pt-BR","potentialAction":[{"@type":"ReadAction","target":["https:\/\/www.oarcanjo.net\/site\/novo-bispo-para-a-regiao-belem\/"]}]},{"@type":"ImageObject","inLanguage":"pt-BR","@id":"https:\/\/www.oarcanjo.net\/site\/novo-bispo-para-a-regiao-belem\/#primaryimage","url":"http:\/\/www.arquidiocese-sp.org.br\/noticias\/2009\/091230_padre_edmar_peron.jpg","contentUrl":"http:\/\/www.arquidiocese-sp.org.br\/noticias\/2009\/091230_padre_edmar_peron.jpg"},{"@type":"BreadcrumbList","@id":"https:\/\/www.oarcanjo.net\/site\/novo-bispo-para-a-regiao-belem\/#breadcrumb","itemListElement":[{"@type":"ListItem","position":1,"name":"In\u00edcio","item":"https:\/\/www.oarcanjo.net\/site\/"},{"@type":"ListItem","position":2,"name":"Novo bispo para a Regi\u00e3o Bel\u00e9m"}]},{"@type":"WebSite","@id":"https:\/\/www.oarcanjo.net\/site\/#website","url":"https:\/\/www.oarcanjo.net\/site\/","name":"O Arcanjo no ar","description":"Site da Par\u00f3quia S\u00e3o Miguel Arcanjo (Arquidiocese de SP)","publisher":{"@id":"https:\/\/www.oarcanjo.net\/site\/#organization"},"potentialAction":[{"@type":"SearchAction","target":{"@type":"EntryPoint","urlTemplate":"https:\/\/www.oarcanjo.net\/site\/?s={search_term_string}"},"query-input":{"@type":"PropertyValueSpecification","valueRequired":true,"valueName":"search_term_string"}}],"inLanguage":"pt-BR"},{"@type":"Organization","@id":"https:\/\/www.oarcanjo.net\/site\/#organization","name":"Par\u00f3quia S\u00e3o Miguel Arcanjo","url":"https:\/\/www.oarcanjo.net\/site\/","logo":{"@type":"ImageObject","inLanguage":"pt-BR","@id":"https:\/\/www.oarcanjo.net\/site\/#\/schema\/logo\/image\/","url":"https:\/\/www.oarcanjo.net\/site\/wp-content\/uploads\/LogoOArcanjo.png","contentUrl":"https:\/\/www.oarcanjo.net\/site\/wp-content\/uploads\/LogoOArcanjo.png","width":319,"height":99,"caption":"Par\u00f3quia S\u00e3o Miguel Arcanjo"},"image":{"@id":"https:\/\/www.oarcanjo.net\/site\/#\/schema\/logo\/image\/"},"sameAs":["https:\/\/www.facebook.com\/OArcanjoNoAr\/"]},{"@type":"Person","@id":"https:\/\/www.oarcanjo.net\/site\/#\/schema\/person\/f7024d007863202483a31326673a0838","name":"editor","sameAs":["http:\/\/www.oarcanjo.net"]}]}},"publishpress_future_action":{"enabled":false,"date":"2026-05-09 07:55:14","action":"category","newStatus":"draft","terms":[],"taxonomy":"category"},"publishpress_future_workflow_manual_trigger":{"enabledWorkflows":[]},"_links":{"self":[{"href":"https:\/\/www.oarcanjo.net\/site\/wp-json\/wp\/v2\/posts\/7043"}],"collection":[{"href":"https:\/\/www.oarcanjo.net\/site\/wp-json\/wp\/v2\/posts"}],"about":[{"href":"https:\/\/www.oarcanjo.net\/site\/wp-json\/wp\/v2\/types\/post"}],"author":[{"embeddable":true,"href":"https:\/\/www.oarcanjo.net\/site\/wp-json\/wp\/v2\/users\/5"}],"replies":[{"embeddable":true,"href":"https:\/\/www.oarcanjo.net\/site\/wp-json\/wp\/v2\/comments?post=7043"}],"version-history":[{"count":0,"href":"https:\/\/www.oarcanjo.net\/site\/wp-json\/wp\/v2\/posts\/7043\/revisions"}],"wp:attachment":[{"href":"https:\/\/www.oarcanjo.net\/site\/wp-json\/wp\/v2\/media?parent=7043"}],"wp:term":[{"taxonomy":"category","embeddable":true,"href":"https:\/\/www.oarcanjo.net\/site\/wp-json\/wp\/v2\/categories?post=7043"},{"taxonomy":"post_tag","embeddable":true,"href":"https:\/\/www.oarcanjo.net\/site\/wp-json\/wp\/v2\/tags?post=7043"}],"curies":[{"name":"wp","href":"https:\/\/api.w.org\/{rel}","templated":true}]}}