
{"id":70576,"date":"2016-03-30T11:39:22","date_gmt":"2016-03-30T14:39:22","guid":{"rendered":"http:\/\/www.oarcanjo.net\/site\/?p=70576"},"modified":"2016-04-04T22:27:33","modified_gmt":"2016-04-05T01:27:33","slug":"pascoa-e-batizados-de-marco-de-2016","status":"publish","type":"post","link":"https:\/\/www.oarcanjo.net\/site\/pascoa-e-batizados-de-marco-de-2016\/","title":{"rendered":"P\u00e1scoa e batizados de mar\u00e7o de 2016"},"content":{"rendered":"<p>A celebra\u00e7\u00e3o do domingo de p\u00e1scoa, 27\/03\/16 tamb\u00e9m contou com os batizados da comunidade S\u00e3o Miguel Arcanjo. Vejam as fotos desse bonito momento.<\/p>\nngg_shortcode_0_placeholder\n<div id=\"themify_builder_content-70576\" data-postid=\"70576\" class=\"themify_builder_content themify_builder_content-70576 themify_builder themify_builder_front\">\n\t<\/div>\n<!-- \/themify_builder_content -->","protected":false},"excerpt":{"rendered":"<p>A celebra\u00e7\u00e3o do domingo de p\u00e1scoa, 27\/03\/16 tamb\u00e9m contou com os batizados da comunidade S\u00e3o Miguel Arcanjo. Vejam as fotos desse bonito momento.<\/p>\n","protected":false},"author":10,"featured_media":70948,"comment_status":"open","ping_status":"open","sticky":false,"template":"","format":"standard","meta":{"ngg_post_thumbnail":0,"footnotes":""},"categories":[3,8,7],"tags":[],"yoast_head":"<!-- This site is optimized with the Yoast SEO plugin v23.5 - https:\/\/yoast.com\/wordpress\/plugins\/seo\/ -->\n<title>P\u00e1scoa e batizados de mar\u00e7o de 2016 - O Arcanjo no ar<\/title>\n<meta name=\"robots\" content=\"index, follow, max-snippet:-1, max-image-preview:large, max-video-preview:-1\" \/>\n<link rel=\"canonical\" href=\"https:\/\/www.oarcanjo.net\/site\/pascoa-e-batizados-de-marco-de-2016\/\" \/>\n<meta property=\"og:locale\" content=\"pt_BR\" \/>\n<meta property=\"og:type\" content=\"article\" \/>\n<meta property=\"og:title\" content=\"P\u00e1scoa e batizados de mar\u00e7o de 2016 - O Arcanjo no ar\" \/>\n<meta property=\"og:description\" content=\"A celebra\u00e7\u00e3o do domingo de p\u00e1scoa, 27\/03\/16 tamb\u00e9m contou com os batizados da comunidade S\u00e3o Miguel Arcanjo. Vejam as fotos desse bonito momento.\" \/>\n<meta property=\"og:url\" content=\"https:\/\/www.oarcanjo.net\/site\/pascoa-e-batizados-de-marco-de-2016\/\" \/>\n<meta property=\"og:site_name\" content=\"O Arcanjo no ar\" \/>\n<meta property=\"article:publisher\" content=\"https:\/\/www.facebook.com\/OArcanjoNoAr\/\" \/>\n<meta property=\"article:published_time\" content=\"2016-03-30T14:39:22+00:00\" \/>\n<meta property=\"article:modified_time\" content=\"2016-04-05T01:27:33+00:00\" \/>\n<meta property=\"og:image\" content=\"https:\/\/www.oarcanjo.net\/site\/wp-content\/uploads\/banner-batizados-mar-2016.jpg\" \/>\n\t<meta property=\"og:image:width\" content=\"700\" \/>\n\t<meta property=\"og:image:height\" content=\"320\" \/>\n\t<meta property=\"og:image:type\" content=\"image\/jpeg\" \/>\n<meta name=\"author\" content=\"carlos\" \/>\n<meta name=\"twitter:card\" content=\"summary_large_image\" \/>\n<meta name=\"twitter:label1\" content=\"Escrito por\" \/>\n\t<meta name=\"twitter:data1\" content=\"carlos\" \/>\n<script type=\"application\/ld+json\" class=\"yoast-schema-graph\">{\"@context\":\"https:\/\/schema.org\",\"@graph\":[{\"@type\":\"Article\",\"@id\":\"https:\/\/www.oarcanjo.net\/site\/pascoa-e-batizados-de-marco-de-2016\/#article\",\"isPartOf\":{\"@id\":\"https:\/\/www.oarcanjo.net\/site\/pascoa-e-batizados-de-marco-de-2016\/\"},\"author\":{\"name\":\"carlos\",\"@id\":\"https:\/\/www.oarcanjo.net\/site\/#\/schema\/person\/f7870e710d8c8c30673de3a0ac2e451d\"},\"headline\":\"P\u00e1scoa e batizados de mar\u00e7o de 2016\",\"datePublished\":\"2016-03-30T14:39:22+00:00\",\"dateModified\":\"2016-04-05T01:27:33+00:00\",\"mainEntityOfPage\":{\"@id\":\"https:\/\/www.oarcanjo.net\/site\/pascoa-e-batizados-de-marco-de-2016\/\"},\"wordCount\":36,\"commentCount\":0,\"publisher\":{\"@id\":\"https:\/\/www.oarcanjo.net\/site\/#organization\"},\"image\":{\"@id\":\"https:\/\/www.oarcanjo.net\/site\/pascoa-e-batizados-de-marco-de-2016\/#primaryimage\"},\"thumbnailUrl\":\"https:\/\/www.oarcanjo.net\/site\/wp-content\/uploads\/banner-batizados-mar-2016.jpg\",\"articleSection\":[\"Destaques\",\"Not\u00edcias\",\"Rosto da comunidade\"],\"inLanguage\":\"pt-BR\",\"potentialAction\":[{\"@type\":\"CommentAction\",\"name\":\"Comment\",\"target\":[\"https:\/\/www.oarcanjo.net\/site\/pascoa-e-batizados-de-marco-de-2016\/#respond\"]}]},{\"@type\":\"WebPage\",\"@id\":\"https:\/\/www.oarcanjo.net\/site\/pascoa-e-batizados-de-marco-de-2016\/\",\"url\":\"https:\/\/www.oarcanjo.net\/site\/pascoa-e-batizados-de-marco-de-2016\/\",\"name\":\"P\u00e1scoa e batizados de mar\u00e7o de 2016 - O Arcanjo no ar\",\"isPartOf\":{\"@id\":\"https:\/\/www.oarcanjo.net\/site\/#website\"},\"primaryImageOfPage\":{\"@id\":\"https:\/\/www.oarcanjo.net\/site\/pascoa-e-batizados-de-marco-de-2016\/#primaryimage\"},\"image\":{\"@id\":\"https:\/\/www.oarcanjo.net\/site\/pascoa-e-batizados-de-marco-de-2016\/#primaryimage\"},\"thumbnailUrl\":\"https:\/\/www.oarcanjo.net\/site\/wp-content\/uploads\/banner-batizados-mar-2016.jpg\",\"datePublished\":\"2016-03-30T14:39:22+00:00\",\"dateModified\":\"2016-04-05T01:27:33+00:00\",\"breadcrumb\":{\"@id\":\"https:\/\/www.oarcanjo.net\/site\/pascoa-e-batizados-de-marco-de-2016\/#breadcrumb\"},\"inLanguage\":\"pt-BR\",\"potentialAction\":[{\"@type\":\"ReadAction\",\"target\":[\"https:\/\/www.oarcanjo.net\/site\/pascoa-e-batizados-de-marco-de-2016\/\"]}]},{\"@type\":\"ImageObject\",\"inLanguage\":\"pt-BR\",\"@id\":\"https:\/\/www.oarcanjo.net\/site\/pascoa-e-batizados-de-marco-de-2016\/#primaryimage\",\"url\":\"https:\/\/www.oarcanjo.net\/site\/wp-content\/uploads\/banner-batizados-mar-2016.jpg\",\"contentUrl\":\"https:\/\/www.oarcanjo.net\/site\/wp-content\/uploads\/banner-batizados-mar-2016.jpg\",\"width\":700,\"height\":320},{\"@type\":\"BreadcrumbList\",\"@id\":\"https:\/\/www.oarcanjo.net\/site\/pascoa-e-batizados-de-marco-de-2016\/#breadcrumb\",\"itemListElement\":[{\"@type\":\"ListItem\",\"position\":1,\"name\":\"In\u00edcio\",\"item\":\"https:\/\/www.oarcanjo.net\/site\/\"},{\"@type\":\"ListItem\",\"position\":2,\"name\":\"P\u00e1scoa e batizados de mar\u00e7o de 2016\"}]},{\"@type\":\"WebSite\",\"@id\":\"https:\/\/www.oarcanjo.net\/site\/#website\",\"url\":\"https:\/\/www.oarcanjo.net\/site\/\",\"name\":\"O Arcanjo no ar\",\"description\":\"Site da Par\u00f3quia S\u00e3o Miguel Arcanjo (Arquidiocese de SP)\",\"publisher\":{\"@id\":\"https:\/\/www.oarcanjo.net\/site\/#organization\"},\"potentialAction\":[{\"@type\":\"SearchAction\",\"target\":{\"@type\":\"EntryPoint\",\"urlTemplate\":\"https:\/\/www.oarcanjo.net\/site\/?s={search_term_string}\"},\"query-input\":{\"@type\":\"PropertyValueSpecification\",\"valueRequired\":true,\"valueName\":\"search_term_string\"}}],\"inLanguage\":\"pt-BR\"},{\"@type\":\"Organization\",\"@id\":\"https:\/\/www.oarcanjo.net\/site\/#organization\",\"name\":\"Par\u00f3quia S\u00e3o Miguel Arcanjo\",\"url\":\"https:\/\/www.oarcanjo.net\/site\/\",\"logo\":{\"@type\":\"ImageObject\",\"inLanguage\":\"pt-BR\",\"@id\":\"https:\/\/www.oarcanjo.net\/site\/#\/schema\/logo\/image\/\",\"url\":\"https:\/\/www.oarcanjo.net\/site\/wp-content\/uploads\/LogoOArcanjo.png\",\"contentUrl\":\"https:\/\/www.oarcanjo.net\/site\/wp-content\/uploads\/LogoOArcanjo.png\",\"width\":319,\"height\":99,\"caption\":\"Par\u00f3quia S\u00e3o Miguel Arcanjo\"},\"image\":{\"@id\":\"https:\/\/www.oarcanjo.net\/site\/#\/schema\/logo\/image\/\"},\"sameAs\":[\"https:\/\/www.facebook.com\/OArcanjoNoAr\/\"]},{\"@type\":\"Person\",\"@id\":\"https:\/\/www.oarcanjo.net\/site\/#\/schema\/person\/f7870e710d8c8c30673de3a0ac2e451d\",\"name\":\"carlos\"}]}<\/script>\n<!-- \/ Yoast SEO plugin. -->","yoast_head_json":{"title":"P\u00e1scoa e batizados de mar\u00e7o de 2016 - O Arcanjo no ar","robots":{"index":"index","follow":"follow","max-snippet":"max-snippet:-1","max-image-preview":"max-image-preview:large","max-video-preview":"max-video-preview:-1"},"canonical":"https:\/\/www.oarcanjo.net\/site\/pascoa-e-batizados-de-marco-de-2016\/","og_locale":"pt_BR","og_type":"article","og_title":"P\u00e1scoa e batizados de mar\u00e7o de 2016 - O Arcanjo no ar","og_description":"A celebra\u00e7\u00e3o do domingo de p\u00e1scoa, 27\/03\/16 tamb\u00e9m contou com os batizados da comunidade S\u00e3o Miguel Arcanjo. Vejam as fotos desse bonito momento.","og_url":"https:\/\/www.oarcanjo.net\/site\/pascoa-e-batizados-de-marco-de-2016\/","og_site_name":"O Arcanjo no ar","article_publisher":"https:\/\/www.facebook.com\/OArcanjoNoAr\/","article_published_time":"2016-03-30T14:39:22+00:00","article_modified_time":"2016-04-05T01:27:33+00:00","og_image":[{"width":700,"height":320,"url":"https:\/\/www.oarcanjo.net\/site\/wp-content\/uploads\/banner-batizados-mar-2016.jpg","type":"image\/jpeg"}],"author":"carlos","twitter_card":"summary_large_image","twitter_misc":{"Escrito por":"carlos"},"schema":{"@context":"https:\/\/schema.org","@graph":[{"@type":"Article","@id":"https:\/\/www.oarcanjo.net\/site\/pascoa-e-batizados-de-marco-de-2016\/#article","isPartOf":{"@id":"https:\/\/www.oarcanjo.net\/site\/pascoa-e-batizados-de-marco-de-2016\/"},"author":{"name":"carlos","@id":"https:\/\/www.oarcanjo.net\/site\/#\/schema\/person\/f7870e710d8c8c30673de3a0ac2e451d"},"headline":"P\u00e1scoa e batizados de mar\u00e7o de 2016","datePublished":"2016-03-30T14:39:22+00:00","dateModified":"2016-04-05T01:27:33+00:00","mainEntityOfPage":{"@id":"https:\/\/www.oarcanjo.net\/site\/pascoa-e-batizados-de-marco-de-2016\/"},"wordCount":36,"commentCount":0,"publisher":{"@id":"https:\/\/www.oarcanjo.net\/site\/#organization"},"image":{"@id":"https:\/\/www.oarcanjo.net\/site\/pascoa-e-batizados-de-marco-de-2016\/#primaryimage"},"thumbnailUrl":"https:\/\/www.oarcanjo.net\/site\/wp-content\/uploads\/banner-batizados-mar-2016.jpg","articleSection":["Destaques","Not\u00edcias","Rosto da comunidade"],"inLanguage":"pt-BR","potentialAction":[{"@type":"CommentAction","name":"Comment","target":["https:\/\/www.oarcanjo.net\/site\/pascoa-e-batizados-de-marco-de-2016\/#respond"]}]},{"@type":"WebPage","@id":"https:\/\/www.oarcanjo.net\/site\/pascoa-e-batizados-de-marco-de-2016\/","url":"https:\/\/www.oarcanjo.net\/site\/pascoa-e-batizados-de-marco-de-2016\/","name":"P\u00e1scoa e batizados de mar\u00e7o de 2016 - O Arcanjo no ar","isPartOf":{"@id":"https:\/\/www.oarcanjo.net\/site\/#website"},"primaryImageOfPage":{"@id":"https:\/\/www.oarcanjo.net\/site\/pascoa-e-batizados-de-marco-de-2016\/#primaryimage"},"image":{"@id":"https:\/\/www.oarcanjo.net\/site\/pascoa-e-batizados-de-marco-de-2016\/#primaryimage"},"thumbnailUrl":"https:\/\/www.oarcanjo.net\/site\/wp-content\/uploads\/banner-batizados-mar-2016.jpg","datePublished":"2016-03-30T14:39:22+00:00","dateModified":"2016-04-05T01:27:33+00:00","breadcrumb":{"@id":"https:\/\/www.oarcanjo.net\/site\/pascoa-e-batizados-de-marco-de-2016\/#breadcrumb"},"inLanguage":"pt-BR","potentialAction":[{"@type":"ReadAction","target":["https:\/\/www.oarcanjo.net\/site\/pascoa-e-batizados-de-marco-de-2016\/"]}]},{"@type":"ImageObject","inLanguage":"pt-BR","@id":"https:\/\/www.oarcanjo.net\/site\/pascoa-e-batizados-de-marco-de-2016\/#primaryimage","url":"https:\/\/www.oarcanjo.net\/site\/wp-content\/uploads\/banner-batizados-mar-2016.jpg","contentUrl":"https:\/\/www.oarcanjo.net\/site\/wp-content\/uploads\/banner-batizados-mar-2016.jpg","width":700,"height":320},{"@type":"BreadcrumbList","@id":"https:\/\/www.oarcanjo.net\/site\/pascoa-e-batizados-de-marco-de-2016\/#breadcrumb","itemListElement":[{"@type":"ListItem","position":1,"name":"In\u00edcio","item":"https:\/\/www.oarcanjo.net\/site\/"},{"@type":"ListItem","position":2,"name":"P\u00e1scoa e batizados de mar\u00e7o de 2016"}]},{"@type":"WebSite","@id":"https:\/\/www.oarcanjo.net\/site\/#website","url":"https:\/\/www.oarcanjo.net\/site\/","name":"O Arcanjo no ar","description":"Site da Par\u00f3quia S\u00e3o Miguel Arcanjo (Arquidiocese de SP)","publisher":{"@id":"https:\/\/www.oarcanjo.net\/site\/#organization"},"potentialAction":[{"@type":"SearchAction","target":{"@type":"EntryPoint","urlTemplate":"https:\/\/www.oarcanjo.net\/site\/?s={search_term_string}"},"query-input":{"@type":"PropertyValueSpecification","valueRequired":true,"valueName":"search_term_string"}}],"inLanguage":"pt-BR"},{"@type":"Organization","@id":"https:\/\/www.oarcanjo.net\/site\/#organization","name":"Par\u00f3quia S\u00e3o Miguel Arcanjo","url":"https:\/\/www.oarcanjo.net\/site\/","logo":{"@type":"ImageObject","inLanguage":"pt-BR","@id":"https:\/\/www.oarcanjo.net\/site\/#\/schema\/logo\/image\/","url":"https:\/\/www.oarcanjo.net\/site\/wp-content\/uploads\/LogoOArcanjo.png","contentUrl":"https:\/\/www.oarcanjo.net\/site\/wp-content\/uploads\/LogoOArcanjo.png","width":319,"height":99,"caption":"Par\u00f3quia S\u00e3o Miguel Arcanjo"},"image":{"@id":"https:\/\/www.oarcanjo.net\/site\/#\/schema\/logo\/image\/"},"sameAs":["https:\/\/www.facebook.com\/OArcanjoNoAr\/"]},{"@type":"Person","@id":"https:\/\/www.oarcanjo.net\/site\/#\/schema\/person\/f7870e710d8c8c30673de3a0ac2e451d","name":"carlos"}]}},"publishpress_future_action":{"enabled":false,"date":"2026-05-09 01:50:03","action":"category","newStatus":"draft","terms":[],"taxonomy":"category"},"publishpress_future_workflow_manual_trigger":{"enabledWorkflows":[]},"_links":{"self":[{"href":"https:\/\/www.oarcanjo.net\/site\/wp-json\/wp\/v2\/posts\/70576"}],"collection":[{"href":"https:\/\/www.oarcanjo.net\/site\/wp-json\/wp\/v2\/posts"}],"about":[{"href":"https:\/\/www.oarcanjo.net\/site\/wp-json\/wp\/v2\/types\/post"}],"author":[{"embeddable":true,"href":"https:\/\/www.oarcanjo.net\/site\/wp-json\/wp\/v2\/users\/10"}],"replies":[{"embeddable":true,"href":"https:\/\/www.oarcanjo.net\/site\/wp-json\/wp\/v2\/comments?post=70576"}],"version-history":[{"count":0,"href":"https:\/\/www.oarcanjo.net\/site\/wp-json\/wp\/v2\/posts\/70576\/revisions"}],"wp:featuredmedia":[{"embeddable":true,"href":"https:\/\/www.oarcanjo.net\/site\/wp-json\/wp\/v2\/media\/70948"}],"wp:attachment":[{"href":"https:\/\/www.oarcanjo.net\/site\/wp-json\/wp\/v2\/media?parent=70576"}],"wp:term":[{"taxonomy":"category","embeddable":true,"href":"https:\/\/www.oarcanjo.net\/site\/wp-json\/wp\/v2\/categories?post=70576"},{"taxonomy":"post_tag","embeddable":true,"href":"https:\/\/www.oarcanjo.net\/site\/wp-json\/wp\/v2\/tags?post=70576"}],"curies":[{"name":"wp","href":"https:\/\/api.w.org\/{rel}","templated":true}]}}