
{"id":7059,"date":"2009-12-30T21:02:17","date_gmt":"2009-12-30T23:02:17","guid":{"rendered":"http:\/\/www.oarcanjo.net\/site\/?p=7059"},"modified":"2009-12-31T13:05:49","modified_gmt":"2009-12-31T15:05:49","slug":"carta-de-d-odilo-sobre-a-transferencia-de-d-pedro-luiz-e-a-nomeacao-do-novo-bispo-da-regiao-belem","status":"publish","type":"post","link":"https:\/\/www.oarcanjo.net\/site\/carta-de-d-odilo-sobre-a-transferencia-de-d-pedro-luiz-e-a-nomeacao-do-novo-bispo-da-regiao-belem\/","title":{"rendered":"Carta de D. Odilo sobre a transfer\u00eancia de D. Pedro Luiz e a nomea\u00e7\u00e3o do novo bispo da Regi\u00e3o Bel\u00e9m"},"content":{"rendered":"<p>Aos Bispos Auxiliares,<br \/>\nAo Clero, Religiosos<br \/>\ne todo o povo da Arquidiocese de S\u00e3o Paulo<\/p>\n<p>No dia de hoje, o papa Bento XVI nomeou nosso estimado Dom Pedro Luiz Stringhini Bispo Diocesano de Franca, no Estado de S\u00e3o Paulo. Desejo manifestar minhas congratula\u00e7\u00f5es a Dom Pedro por esta nomea\u00e7\u00e3o e pela nova miss\u00e3o que recebe da Igreja, atrav\u00e9s do chamado do papa. Dom Pedro serviu a Arquidiocese como padre e, em seguida, como bispo auxiliar, por mais de 9 anos, respondendo pelo cuidado pastoral da Regi\u00e3o Episcopal Bel\u00e9m e por v\u00e1rios encargos de \u00e2mbito arquidiocesano, como o acompanhamento das pastorais sociais.<\/p>\n<p>Desejo expressar meu mais profundo agradecimento a dom Pedro Luiz pela sua dedica\u00e7\u00e3o generosa e entusiasta ao povo de Deus em S\u00e3o Paulo, pelo seu zelo em acompanhar a vida e a miss\u00e3o dos padres, dos religiosos e dos leigos, pelo seu amor e dedicada aten\u00e7\u00e3o aos pobres de nossa cidade.<\/p>\n<p>Que o Esp\u00edrito de Cristo o ilumine e fortale\u00e7a agora ainda mais no pastoreio da linda diocese de Franca! S\u00e3o Jos\u00e9 o proteja e o apostolo S\u00e3o Paulo lhe d\u00ea sempre coragem e vigor apost\u00f3lico. Que Dom Pedro leve no seu cora\u00e7\u00e3o a certeza de nossa fraterna estima e o carinho do clero e do povo de S\u00e3o Paulo.<\/p>\n<p>Tamb\u00e9m hoje temos a grande alegria de j\u00e1 receber um novo bispo Auxiliar para a Arquidiocese de S\u00e3o Paulo: trata-se de Pe. Edmar Per\u00f3n, um sacerdote do clero da arquidiocese de Maring\u00e1, PR, que, at\u00e9 agora, era reitor do semin\u00e1rio de teologia daquela arquidiocese em Londrina, PR e l\u00e1 tamb\u00e9m professor de teologia na PUC-PR. Dom Edmar \u00e9 muito bem-vindo como Auxiliar de S\u00e3o Paulo, onde ser\u00e1 encarregado da Regi\u00e3o Episcopal Bel\u00e9m.<\/p>\n<p>Sua ordena\u00e7\u00e3o episcopal acontecer\u00e1 no dia 28 de fevereiro (15h) em Maring\u00e1 e a posse do of\u00edcio de Auxiliar da Arquidiocese, no dia 14 de mar\u00e7o (11h) na Catedral metropolitana de S\u00e3o Paulo.<\/p>\n<p>Deus seja louvado por esta nomea\u00e7\u00e3o de mais um bispo auxiliar para nossa Arquidiocese!  Desde agora, convido toda a Arquidiocese a rezar por Pe. Edmar para que o Esp\u00edrito de Deus o ilumine e enrique\u00e7a com seus dons para o exerc\u00edcio da miss\u00e3o episcopal!<\/p>\n<p>Cardeal Odilo Pedro Scherer<br \/>\nArcebispo de S\u00e3o Paulo<\/p>\n<div id=\"themify_builder_content-7059\" data-postid=\"7059\" class=\"themify_builder_content themify_builder_content-7059 themify_builder themify_builder_front\">\n\t<\/div>\n<!-- \/themify_builder_content -->","protected":false},"excerpt":{"rendered":"<p>Aos Bispos Auxiliares, Ao Clero, Religiosos e todo o povo da Arquidiocese de S\u00e3o Paulo No dia de hoje, o papa Bento XVI nomeou nosso estimado Dom Pedro Luiz Stringhini Bispo Diocesano de Franca, no Estado de S\u00e3o Paulo. Desejo manifestar minhas congratula\u00e7\u00f5es a Dom Pedro por esta nomea\u00e7\u00e3o e pela nova miss\u00e3o que recebe [&hellip;]<\/p>\n","protected":false},"author":5,"featured_media":0,"comment_status":"open","ping_status":"open","sticky":false,"template":"","format":"standard","meta":{"ngg_post_thumbnail":0,"footnotes":""},"categories":[8],"tags":[239,1065,29],"yoast_head":"<!-- This site is optimized with the Yoast SEO plugin v23.5 - https:\/\/yoast.com\/wordpress\/plugins\/seo\/ -->\n<title>Carta de D. Odilo sobre a transfer\u00eancia de D. Pedro Luiz e a nomea\u00e7\u00e3o do novo bispo da Regi\u00e3o Bel\u00e9m - O Arcanjo no ar<\/title>\n<meta name=\"robots\" content=\"index, follow, max-snippet:-1, max-image-preview:large, max-video-preview:-1\" \/>\n<link rel=\"canonical\" href=\"https:\/\/www.oarcanjo.net\/site\/carta-de-d-odilo-sobre-a-transferencia-de-d-pedro-luiz-e-a-nomeacao-do-novo-bispo-da-regiao-belem\/\" \/>\n<meta property=\"og:locale\" content=\"pt_BR\" \/>\n<meta property=\"og:type\" content=\"article\" \/>\n<meta property=\"og:title\" content=\"Carta de D. Odilo sobre a transfer\u00eancia de D. Pedro Luiz e a nomea\u00e7\u00e3o do novo bispo da Regi\u00e3o Bel\u00e9m - O Arcanjo no ar\" \/>\n<meta property=\"og:description\" content=\"Aos Bispos Auxiliares, Ao Clero, Religiosos e todo o povo da Arquidiocese de S\u00e3o Paulo No dia de hoje, o papa Bento XVI nomeou nosso estimado Dom Pedro Luiz Stringhini Bispo Diocesano de Franca, no Estado de S\u00e3o Paulo. Desejo manifestar minhas congratula\u00e7\u00f5es a Dom Pedro por esta nomea\u00e7\u00e3o e pela nova miss\u00e3o que recebe [&hellip;]\" \/>\n<meta property=\"og:url\" content=\"https:\/\/www.oarcanjo.net\/site\/carta-de-d-odilo-sobre-a-transferencia-de-d-pedro-luiz-e-a-nomeacao-do-novo-bispo-da-regiao-belem\/\" \/>\n<meta property=\"og:site_name\" content=\"O Arcanjo no ar\" \/>\n<meta property=\"article:publisher\" content=\"https:\/\/www.facebook.com\/OArcanjoNoAr\/\" \/>\n<meta property=\"article:published_time\" content=\"2009-12-30T23:02:17+00:00\" \/>\n<meta property=\"article:modified_time\" content=\"2009-12-31T15:05:49+00:00\" \/>\n<meta property=\"og:image\" content=\"https:\/\/www.oarcanjo.net\/site\/wp-content\/uploads\/logo-o-arcanjo-no-ar-facebook.png\" \/>\n\t<meta property=\"og:image:width\" content=\"300\" \/>\n\t<meta property=\"og:image:height\" content=\"300\" \/>\n\t<meta property=\"og:image:type\" content=\"image\/png\" \/>\n<meta name=\"author\" content=\"editor\" \/>\n<meta name=\"twitter:card\" content=\"summary_large_image\" \/>\n<meta name=\"twitter:label1\" content=\"Escrito por\" \/>\n\t<meta name=\"twitter:data1\" content=\"editor\" \/>\n\t<meta name=\"twitter:label2\" content=\"Est. tempo de leitura\" \/>\n\t<meta name=\"twitter:data2\" content=\"2 minutos\" \/>\n<script type=\"application\/ld+json\" class=\"yoast-schema-graph\">{\"@context\":\"https:\/\/schema.org\",\"@graph\":[{\"@type\":\"Article\",\"@id\":\"https:\/\/www.oarcanjo.net\/site\/carta-de-d-odilo-sobre-a-transferencia-de-d-pedro-luiz-e-a-nomeacao-do-novo-bispo-da-regiao-belem\/#article\",\"isPartOf\":{\"@id\":\"https:\/\/www.oarcanjo.net\/site\/carta-de-d-odilo-sobre-a-transferencia-de-d-pedro-luiz-e-a-nomeacao-do-novo-bispo-da-regiao-belem\/\"},\"author\":{\"name\":\"editor\",\"@id\":\"https:\/\/www.oarcanjo.net\/site\/#\/schema\/person\/f7024d007863202483a31326673a0838\"},\"headline\":\"Carta de D. Odilo sobre a transfer\u00eancia de D. Pedro Luiz e a nomea\u00e7\u00e3o do novo bispo da Regi\u00e3o Bel\u00e9m\",\"datePublished\":\"2009-12-30T23:02:17+00:00\",\"dateModified\":\"2009-12-31T15:05:49+00:00\",\"mainEntityOfPage\":{\"@id\":\"https:\/\/www.oarcanjo.net\/site\/carta-de-d-odilo-sobre-a-transferencia-de-d-pedro-luiz-e-a-nomeacao-do-novo-bispo-da-regiao-belem\/\"},\"wordCount\":426,\"commentCount\":0,\"publisher\":{\"@id\":\"https:\/\/www.oarcanjo.net\/site\/#organization\"},\"keywords\":[\"Arquidiocese de S\u00e3o Paulo\",\"episcopado\",\"Regi\u00e3o Bel\u00e9m\"],\"articleSection\":[\"Not\u00edcias\"],\"inLanguage\":\"pt-BR\",\"potentialAction\":[{\"@type\":\"CommentAction\",\"name\":\"Comment\",\"target\":[\"https:\/\/www.oarcanjo.net\/site\/carta-de-d-odilo-sobre-a-transferencia-de-d-pedro-luiz-e-a-nomeacao-do-novo-bispo-da-regiao-belem\/#respond\"]}]},{\"@type\":\"WebPage\",\"@id\":\"https:\/\/www.oarcanjo.net\/site\/carta-de-d-odilo-sobre-a-transferencia-de-d-pedro-luiz-e-a-nomeacao-do-novo-bispo-da-regiao-belem\/\",\"url\":\"https:\/\/www.oarcanjo.net\/site\/carta-de-d-odilo-sobre-a-transferencia-de-d-pedro-luiz-e-a-nomeacao-do-novo-bispo-da-regiao-belem\/\",\"name\":\"Carta de D. Odilo sobre a transfer\u00eancia de D. Pedro Luiz e a nomea\u00e7\u00e3o do novo bispo da Regi\u00e3o Bel\u00e9m - O Arcanjo no ar\",\"isPartOf\":{\"@id\":\"https:\/\/www.oarcanjo.net\/site\/#website\"},\"datePublished\":\"2009-12-30T23:02:17+00:00\",\"dateModified\":\"2009-12-31T15:05:49+00:00\",\"breadcrumb\":{\"@id\":\"https:\/\/www.oarcanjo.net\/site\/carta-de-d-odilo-sobre-a-transferencia-de-d-pedro-luiz-e-a-nomeacao-do-novo-bispo-da-regiao-belem\/#breadcrumb\"},\"inLanguage\":\"pt-BR\",\"potentialAction\":[{\"@type\":\"ReadAction\",\"target\":[\"https:\/\/www.oarcanjo.net\/site\/carta-de-d-odilo-sobre-a-transferencia-de-d-pedro-luiz-e-a-nomeacao-do-novo-bispo-da-regiao-belem\/\"]}]},{\"@type\":\"BreadcrumbList\",\"@id\":\"https:\/\/www.oarcanjo.net\/site\/carta-de-d-odilo-sobre-a-transferencia-de-d-pedro-luiz-e-a-nomeacao-do-novo-bispo-da-regiao-belem\/#breadcrumb\",\"itemListElement\":[{\"@type\":\"ListItem\",\"position\":1,\"name\":\"In\u00edcio\",\"item\":\"https:\/\/www.oarcanjo.net\/site\/\"},{\"@type\":\"ListItem\",\"position\":2,\"name\":\"Carta de D. Odilo sobre a transfer\u00eancia de D. Pedro Luiz e a nomea\u00e7\u00e3o do novo bispo da Regi\u00e3o Bel\u00e9m\"}]},{\"@type\":\"WebSite\",\"@id\":\"https:\/\/www.oarcanjo.net\/site\/#website\",\"url\":\"https:\/\/www.oarcanjo.net\/site\/\",\"name\":\"O Arcanjo no ar\",\"description\":\"Site da Par\u00f3quia S\u00e3o Miguel Arcanjo (Arquidiocese de SP)\",\"publisher\":{\"@id\":\"https:\/\/www.oarcanjo.net\/site\/#organization\"},\"potentialAction\":[{\"@type\":\"SearchAction\",\"target\":{\"@type\":\"EntryPoint\",\"urlTemplate\":\"https:\/\/www.oarcanjo.net\/site\/?s={search_term_string}\"},\"query-input\":{\"@type\":\"PropertyValueSpecification\",\"valueRequired\":true,\"valueName\":\"search_term_string\"}}],\"inLanguage\":\"pt-BR\"},{\"@type\":\"Organization\",\"@id\":\"https:\/\/www.oarcanjo.net\/site\/#organization\",\"name\":\"Par\u00f3quia S\u00e3o Miguel Arcanjo\",\"url\":\"https:\/\/www.oarcanjo.net\/site\/\",\"logo\":{\"@type\":\"ImageObject\",\"inLanguage\":\"pt-BR\",\"@id\":\"https:\/\/www.oarcanjo.net\/site\/#\/schema\/logo\/image\/\",\"url\":\"https:\/\/www.oarcanjo.net\/site\/wp-content\/uploads\/LogoOArcanjo.png\",\"contentUrl\":\"https:\/\/www.oarcanjo.net\/site\/wp-content\/uploads\/LogoOArcanjo.png\",\"width\":319,\"height\":99,\"caption\":\"Par\u00f3quia S\u00e3o Miguel Arcanjo\"},\"image\":{\"@id\":\"https:\/\/www.oarcanjo.net\/site\/#\/schema\/logo\/image\/\"},\"sameAs\":[\"https:\/\/www.facebook.com\/OArcanjoNoAr\/\"]},{\"@type\":\"Person\",\"@id\":\"https:\/\/www.oarcanjo.net\/site\/#\/schema\/person\/f7024d007863202483a31326673a0838\",\"name\":\"editor\",\"sameAs\":[\"http:\/\/www.oarcanjo.net\"]}]}<\/script>\n<!-- \/ Yoast SEO plugin. -->","yoast_head_json":{"title":"Carta de D. Odilo sobre a transfer\u00eancia de D. Pedro Luiz e a nomea\u00e7\u00e3o do novo bispo da Regi\u00e3o Bel\u00e9m - O Arcanjo no ar","robots":{"index":"index","follow":"follow","max-snippet":"max-snippet:-1","max-image-preview":"max-image-preview:large","max-video-preview":"max-video-preview:-1"},"canonical":"https:\/\/www.oarcanjo.net\/site\/carta-de-d-odilo-sobre-a-transferencia-de-d-pedro-luiz-e-a-nomeacao-do-novo-bispo-da-regiao-belem\/","og_locale":"pt_BR","og_type":"article","og_title":"Carta de D. Odilo sobre a transfer\u00eancia de D. Pedro Luiz e a nomea\u00e7\u00e3o do novo bispo da Regi\u00e3o Bel\u00e9m - O Arcanjo no ar","og_description":"Aos Bispos Auxiliares, Ao Clero, Religiosos e todo o povo da Arquidiocese de S\u00e3o Paulo No dia de hoje, o papa Bento XVI nomeou nosso estimado Dom Pedro Luiz Stringhini Bispo Diocesano de Franca, no Estado de S\u00e3o Paulo. Desejo manifestar minhas congratula\u00e7\u00f5es a Dom Pedro por esta nomea\u00e7\u00e3o e pela nova miss\u00e3o que recebe [&hellip;]","og_url":"https:\/\/www.oarcanjo.net\/site\/carta-de-d-odilo-sobre-a-transferencia-de-d-pedro-luiz-e-a-nomeacao-do-novo-bispo-da-regiao-belem\/","og_site_name":"O Arcanjo no ar","article_publisher":"https:\/\/www.facebook.com\/OArcanjoNoAr\/","article_published_time":"2009-12-30T23:02:17+00:00","article_modified_time":"2009-12-31T15:05:49+00:00","og_image":[{"width":300,"height":300,"url":"https:\/\/www.oarcanjo.net\/site\/wp-content\/uploads\/logo-o-arcanjo-no-ar-facebook.png","type":"image\/png"}],"author":"editor","twitter_card":"summary_large_image","twitter_misc":{"Escrito por":"editor","Est. tempo de leitura":"2 minutos"},"schema":{"@context":"https:\/\/schema.org","@graph":[{"@type":"Article","@id":"https:\/\/www.oarcanjo.net\/site\/carta-de-d-odilo-sobre-a-transferencia-de-d-pedro-luiz-e-a-nomeacao-do-novo-bispo-da-regiao-belem\/#article","isPartOf":{"@id":"https:\/\/www.oarcanjo.net\/site\/carta-de-d-odilo-sobre-a-transferencia-de-d-pedro-luiz-e-a-nomeacao-do-novo-bispo-da-regiao-belem\/"},"author":{"name":"editor","@id":"https:\/\/www.oarcanjo.net\/site\/#\/schema\/person\/f7024d007863202483a31326673a0838"},"headline":"Carta de D. Odilo sobre a transfer\u00eancia de D. Pedro Luiz e a nomea\u00e7\u00e3o do novo bispo da Regi\u00e3o Bel\u00e9m","datePublished":"2009-12-30T23:02:17+00:00","dateModified":"2009-12-31T15:05:49+00:00","mainEntityOfPage":{"@id":"https:\/\/www.oarcanjo.net\/site\/carta-de-d-odilo-sobre-a-transferencia-de-d-pedro-luiz-e-a-nomeacao-do-novo-bispo-da-regiao-belem\/"},"wordCount":426,"commentCount":0,"publisher":{"@id":"https:\/\/www.oarcanjo.net\/site\/#organization"},"keywords":["Arquidiocese de S\u00e3o Paulo","episcopado","Regi\u00e3o Bel\u00e9m"],"articleSection":["Not\u00edcias"],"inLanguage":"pt-BR","potentialAction":[{"@type":"CommentAction","name":"Comment","target":["https:\/\/www.oarcanjo.net\/site\/carta-de-d-odilo-sobre-a-transferencia-de-d-pedro-luiz-e-a-nomeacao-do-novo-bispo-da-regiao-belem\/#respond"]}]},{"@type":"WebPage","@id":"https:\/\/www.oarcanjo.net\/site\/carta-de-d-odilo-sobre-a-transferencia-de-d-pedro-luiz-e-a-nomeacao-do-novo-bispo-da-regiao-belem\/","url":"https:\/\/www.oarcanjo.net\/site\/carta-de-d-odilo-sobre-a-transferencia-de-d-pedro-luiz-e-a-nomeacao-do-novo-bispo-da-regiao-belem\/","name":"Carta de D. Odilo sobre a transfer\u00eancia de D. Pedro Luiz e a nomea\u00e7\u00e3o do novo bispo da Regi\u00e3o Bel\u00e9m - O Arcanjo no ar","isPartOf":{"@id":"https:\/\/www.oarcanjo.net\/site\/#website"},"datePublished":"2009-12-30T23:02:17+00:00","dateModified":"2009-12-31T15:05:49+00:00","breadcrumb":{"@id":"https:\/\/www.oarcanjo.net\/site\/carta-de-d-odilo-sobre-a-transferencia-de-d-pedro-luiz-e-a-nomeacao-do-novo-bispo-da-regiao-belem\/#breadcrumb"},"inLanguage":"pt-BR","potentialAction":[{"@type":"ReadAction","target":["https:\/\/www.oarcanjo.net\/site\/carta-de-d-odilo-sobre-a-transferencia-de-d-pedro-luiz-e-a-nomeacao-do-novo-bispo-da-regiao-belem\/"]}]},{"@type":"BreadcrumbList","@id":"https:\/\/www.oarcanjo.net\/site\/carta-de-d-odilo-sobre-a-transferencia-de-d-pedro-luiz-e-a-nomeacao-do-novo-bispo-da-regiao-belem\/#breadcrumb","itemListElement":[{"@type":"ListItem","position":1,"name":"In\u00edcio","item":"https:\/\/www.oarcanjo.net\/site\/"},{"@type":"ListItem","position":2,"name":"Carta de D. Odilo sobre a transfer\u00eancia de D. Pedro Luiz e a nomea\u00e7\u00e3o do novo bispo da Regi\u00e3o Bel\u00e9m"}]},{"@type":"WebSite","@id":"https:\/\/www.oarcanjo.net\/site\/#website","url":"https:\/\/www.oarcanjo.net\/site\/","name":"O Arcanjo no ar","description":"Site da Par\u00f3quia S\u00e3o Miguel Arcanjo (Arquidiocese de SP)","publisher":{"@id":"https:\/\/www.oarcanjo.net\/site\/#organization"},"potentialAction":[{"@type":"SearchAction","target":{"@type":"EntryPoint","urlTemplate":"https:\/\/www.oarcanjo.net\/site\/?s={search_term_string}"},"query-input":{"@type":"PropertyValueSpecification","valueRequired":true,"valueName":"search_term_string"}}],"inLanguage":"pt-BR"},{"@type":"Organization","@id":"https:\/\/www.oarcanjo.net\/site\/#organization","name":"Par\u00f3quia S\u00e3o Miguel Arcanjo","url":"https:\/\/www.oarcanjo.net\/site\/","logo":{"@type":"ImageObject","inLanguage":"pt-BR","@id":"https:\/\/www.oarcanjo.net\/site\/#\/schema\/logo\/image\/","url":"https:\/\/www.oarcanjo.net\/site\/wp-content\/uploads\/LogoOArcanjo.png","contentUrl":"https:\/\/www.oarcanjo.net\/site\/wp-content\/uploads\/LogoOArcanjo.png","width":319,"height":99,"caption":"Par\u00f3quia S\u00e3o Miguel Arcanjo"},"image":{"@id":"https:\/\/www.oarcanjo.net\/site\/#\/schema\/logo\/image\/"},"sameAs":["https:\/\/www.facebook.com\/OArcanjoNoAr\/"]},{"@type":"Person","@id":"https:\/\/www.oarcanjo.net\/site\/#\/schema\/person\/f7024d007863202483a31326673a0838","name":"editor","sameAs":["http:\/\/www.oarcanjo.net"]}]}},"publishpress_future_action":{"enabled":false,"date":"2026-05-09 09:30:07","action":"category","newStatus":"draft","terms":[],"taxonomy":"category"},"publishpress_future_workflow_manual_trigger":{"enabledWorkflows":[]},"_links":{"self":[{"href":"https:\/\/www.oarcanjo.net\/site\/wp-json\/wp\/v2\/posts\/7059"}],"collection":[{"href":"https:\/\/www.oarcanjo.net\/site\/wp-json\/wp\/v2\/posts"}],"about":[{"href":"https:\/\/www.oarcanjo.net\/site\/wp-json\/wp\/v2\/types\/post"}],"author":[{"embeddable":true,"href":"https:\/\/www.oarcanjo.net\/site\/wp-json\/wp\/v2\/users\/5"}],"replies":[{"embeddable":true,"href":"https:\/\/www.oarcanjo.net\/site\/wp-json\/wp\/v2\/comments?post=7059"}],"version-history":[{"count":0,"href":"https:\/\/www.oarcanjo.net\/site\/wp-json\/wp\/v2\/posts\/7059\/revisions"}],"wp:attachment":[{"href":"https:\/\/www.oarcanjo.net\/site\/wp-json\/wp\/v2\/media?parent=7059"}],"wp:term":[{"taxonomy":"category","embeddable":true,"href":"https:\/\/www.oarcanjo.net\/site\/wp-json\/wp\/v2\/categories?post=7059"},{"taxonomy":"post_tag","embeddable":true,"href":"https:\/\/www.oarcanjo.net\/site\/wp-json\/wp\/v2\/tags?post=7059"}],"curies":[{"name":"wp","href":"https:\/\/api.w.org\/{rel}","templated":true}]}}