
{"id":70941,"date":"2016-04-03T22:13:24","date_gmt":"2016-04-04T01:13:24","guid":{"rendered":"http:\/\/www.oarcanjo.net\/site\/?p=70941"},"modified":"2016-04-11T10:02:42","modified_gmt":"2016-04-11T13:02:42","slug":"video-homilia-do-pe-julio-no-2o-domingo-de-pascoa","status":"publish","type":"post","link":"https:\/\/www.oarcanjo.net\/site\/video-homilia-do-pe-julio-no-2o-domingo-de-pascoa\/","title":{"rendered":"V\u00cdDEO: Homilia do Pe. Julio no 2\u00ba Domingo de P\u00e1scoa"},"content":{"rendered":"<p>No 2\u00ba domingo da P\u00e1scoa, celebrado em 03\/04\/2016, o Evangelho narra o encontro de Jesus com os disc\u00edpulos, que estavam escondidos, com medo. Ele aparece, deseja a paz e os envia (&#8220;como o Pai me enviou, eu tamb\u00e9m os envio&#8221;) para serem luz do mundo, testemunhas de uma nova vida. Assist\u00e0 \u00e0 reflex\u00e3o do Pe. Julio:<\/p>\n<p><iframe loading=\"lazy\" src=\"https:\/\/www.youtube.com\/embed\/_BObAGsTSVk?rel=0\" width=\"640\" height=\"360\" frameborder=\"0\" allowfullscreen=\"allowfullscreen\"><\/iframe><\/p>\n<p>Grava\u00e7\u00e3o realizada na missa das 18h na igreja S\u00e3o Miguel Arcanjo, em S\u00e3o Paulo.<\/p>\n<div id=\"themify_builder_content-70941\" data-postid=\"70941\" class=\"themify_builder_content themify_builder_content-70941 themify_builder themify_builder_front\">\n\t<\/div>\n<!-- \/themify_builder_content -->","protected":false},"excerpt":{"rendered":"<p>No Evangelho desse dia conhecido como da miseric\u00f3rdia, Jesus aparece para os disc\u00edpulos e os envia<\/p>\n","protected":false},"author":5,"featured_media":70944,"comment_status":"open","ping_status":"open","sticky":false,"template":"","format":"standard","meta":{"ngg_post_thumbnail":0,"footnotes":""},"categories":[4,475],"tags":[],"yoast_head":"<!-- This site is optimized with the Yoast SEO plugin v23.5 - https:\/\/yoast.com\/wordpress\/plugins\/seo\/ -->\n<title>V\u00cdDEO: Homilia do Pe. Julio no 2\u00ba Domingo de P\u00e1scoa - O Arcanjo no ar<\/title>\n<meta name=\"robots\" content=\"index, follow, max-snippet:-1, max-image-preview:large, max-video-preview:-1\" \/>\n<link rel=\"canonical\" href=\"https:\/\/www.oarcanjo.net\/site\/video-homilia-do-pe-julio-no-2o-domingo-de-pascoa\/\" \/>\n<meta property=\"og:locale\" content=\"pt_BR\" \/>\n<meta property=\"og:type\" content=\"article\" \/>\n<meta property=\"og:title\" content=\"V\u00cdDEO: Homilia do Pe. Julio no 2\u00ba Domingo de P\u00e1scoa - O Arcanjo no ar\" \/>\n<meta property=\"og:description\" content=\"No Evangelho desse dia conhecido como da miseric\u00f3rdia, Jesus aparece para os disc\u00edpulos e os envia\" \/>\n<meta property=\"og:url\" content=\"https:\/\/www.oarcanjo.net\/site\/video-homilia-do-pe-julio-no-2o-domingo-de-pascoa\/\" \/>\n<meta property=\"og:site_name\" content=\"O Arcanjo no ar\" \/>\n<meta property=\"article:publisher\" content=\"https:\/\/www.facebook.com\/OArcanjoNoAr\/\" \/>\n<meta property=\"article:published_time\" content=\"2016-04-04T01:13:24+00:00\" \/>\n<meta property=\"article:modified_time\" content=\"2016-04-11T13:02:42+00:00\" \/>\n<meta property=\"og:image\" content=\"https:\/\/www.oarcanjo.net\/site\/wp-content\/uploads\/20160403Homilia.png\" \/>\n\t<meta property=\"og:image:width\" content=\"1183\" \/>\n\t<meta property=\"og:image:height\" content=\"664\" \/>\n\t<meta property=\"og:image:type\" content=\"image\/png\" \/>\n<meta name=\"author\" content=\"editor\" \/>\n<meta name=\"twitter:card\" content=\"summary_large_image\" \/>\n<meta name=\"twitter:label1\" content=\"Escrito por\" \/>\n\t<meta name=\"twitter:data1\" content=\"editor\" \/>\n<script type=\"application\/ld+json\" class=\"yoast-schema-graph\">{\"@context\":\"https:\/\/schema.org\",\"@graph\":[{\"@type\":\"Article\",\"@id\":\"https:\/\/www.oarcanjo.net\/site\/video-homilia-do-pe-julio-no-2o-domingo-de-pascoa\/#article\",\"isPartOf\":{\"@id\":\"https:\/\/www.oarcanjo.net\/site\/video-homilia-do-pe-julio-no-2o-domingo-de-pascoa\/\"},\"author\":{\"name\":\"editor\",\"@id\":\"https:\/\/www.oarcanjo.net\/site\/#\/schema\/person\/f7024d007863202483a31326673a0838\"},\"headline\":\"V\u00cdDEO: Homilia do Pe. Julio no 2\u00ba Domingo de P\u00e1scoa\",\"datePublished\":\"2016-04-04T01:13:24+00:00\",\"dateModified\":\"2016-04-11T13:02:42+00:00\",\"mainEntityOfPage\":{\"@id\":\"https:\/\/www.oarcanjo.net\/site\/video-homilia-do-pe-julio-no-2o-domingo-de-pascoa\/\"},\"wordCount\":85,\"commentCount\":0,\"publisher\":{\"@id\":\"https:\/\/www.oarcanjo.net\/site\/#organization\"},\"image\":{\"@id\":\"https:\/\/www.oarcanjo.net\/site\/video-homilia-do-pe-julio-no-2o-domingo-de-pascoa\/#primaryimage\"},\"thumbnailUrl\":\"https:\/\/www.oarcanjo.net\/site\/wp-content\/uploads\/20160403Homilia.png\",\"articleSection\":[\"Blog\",\"Homilias\"],\"inLanguage\":\"pt-BR\",\"potentialAction\":[{\"@type\":\"CommentAction\",\"name\":\"Comment\",\"target\":[\"https:\/\/www.oarcanjo.net\/site\/video-homilia-do-pe-julio-no-2o-domingo-de-pascoa\/#respond\"]}]},{\"@type\":\"WebPage\",\"@id\":\"https:\/\/www.oarcanjo.net\/site\/video-homilia-do-pe-julio-no-2o-domingo-de-pascoa\/\",\"url\":\"https:\/\/www.oarcanjo.net\/site\/video-homilia-do-pe-julio-no-2o-domingo-de-pascoa\/\",\"name\":\"V\u00cdDEO: Homilia do Pe. Julio no 2\u00ba Domingo de P\u00e1scoa - O Arcanjo no ar\",\"isPartOf\":{\"@id\":\"https:\/\/www.oarcanjo.net\/site\/#website\"},\"primaryImageOfPage\":{\"@id\":\"https:\/\/www.oarcanjo.net\/site\/video-homilia-do-pe-julio-no-2o-domingo-de-pascoa\/#primaryimage\"},\"image\":{\"@id\":\"https:\/\/www.oarcanjo.net\/site\/video-homilia-do-pe-julio-no-2o-domingo-de-pascoa\/#primaryimage\"},\"thumbnailUrl\":\"https:\/\/www.oarcanjo.net\/site\/wp-content\/uploads\/20160403Homilia.png\",\"datePublished\":\"2016-04-04T01:13:24+00:00\",\"dateModified\":\"2016-04-11T13:02:42+00:00\",\"breadcrumb\":{\"@id\":\"https:\/\/www.oarcanjo.net\/site\/video-homilia-do-pe-julio-no-2o-domingo-de-pascoa\/#breadcrumb\"},\"inLanguage\":\"pt-BR\",\"potentialAction\":[{\"@type\":\"ReadAction\",\"target\":[\"https:\/\/www.oarcanjo.net\/site\/video-homilia-do-pe-julio-no-2o-domingo-de-pascoa\/\"]}]},{\"@type\":\"ImageObject\",\"inLanguage\":\"pt-BR\",\"@id\":\"https:\/\/www.oarcanjo.net\/site\/video-homilia-do-pe-julio-no-2o-domingo-de-pascoa\/#primaryimage\",\"url\":\"https:\/\/www.oarcanjo.net\/site\/wp-content\/uploads\/20160403Homilia.png\",\"contentUrl\":\"https:\/\/www.oarcanjo.net\/site\/wp-content\/uploads\/20160403Homilia.png\",\"width\":1183,\"height\":664},{\"@type\":\"BreadcrumbList\",\"@id\":\"https:\/\/www.oarcanjo.net\/site\/video-homilia-do-pe-julio-no-2o-domingo-de-pascoa\/#breadcrumb\",\"itemListElement\":[{\"@type\":\"ListItem\",\"position\":1,\"name\":\"In\u00edcio\",\"item\":\"https:\/\/www.oarcanjo.net\/site\/\"},{\"@type\":\"ListItem\",\"position\":2,\"name\":\"V\u00cdDEO: Homilia do Pe. Julio no 2\u00ba Domingo de P\u00e1scoa\"}]},{\"@type\":\"WebSite\",\"@id\":\"https:\/\/www.oarcanjo.net\/site\/#website\",\"url\":\"https:\/\/www.oarcanjo.net\/site\/\",\"name\":\"O Arcanjo no ar\",\"description\":\"Site da Par\u00f3quia S\u00e3o Miguel Arcanjo (Arquidiocese de SP)\",\"publisher\":{\"@id\":\"https:\/\/www.oarcanjo.net\/site\/#organization\"},\"potentialAction\":[{\"@type\":\"SearchAction\",\"target\":{\"@type\":\"EntryPoint\",\"urlTemplate\":\"https:\/\/www.oarcanjo.net\/site\/?s={search_term_string}\"},\"query-input\":{\"@type\":\"PropertyValueSpecification\",\"valueRequired\":true,\"valueName\":\"search_term_string\"}}],\"inLanguage\":\"pt-BR\"},{\"@type\":\"Organization\",\"@id\":\"https:\/\/www.oarcanjo.net\/site\/#organization\",\"name\":\"Par\u00f3quia S\u00e3o Miguel Arcanjo\",\"url\":\"https:\/\/www.oarcanjo.net\/site\/\",\"logo\":{\"@type\":\"ImageObject\",\"inLanguage\":\"pt-BR\",\"@id\":\"https:\/\/www.oarcanjo.net\/site\/#\/schema\/logo\/image\/\",\"url\":\"https:\/\/www.oarcanjo.net\/site\/wp-content\/uploads\/LogoOArcanjo.png\",\"contentUrl\":\"https:\/\/www.oarcanjo.net\/site\/wp-content\/uploads\/LogoOArcanjo.png\",\"width\":319,\"height\":99,\"caption\":\"Par\u00f3quia S\u00e3o Miguel Arcanjo\"},\"image\":{\"@id\":\"https:\/\/www.oarcanjo.net\/site\/#\/schema\/logo\/image\/\"},\"sameAs\":[\"https:\/\/www.facebook.com\/OArcanjoNoAr\/\"]},{\"@type\":\"Person\",\"@id\":\"https:\/\/www.oarcanjo.net\/site\/#\/schema\/person\/f7024d007863202483a31326673a0838\",\"name\":\"editor\",\"sameAs\":[\"http:\/\/www.oarcanjo.net\"]}]}<\/script>\n<!-- \/ Yoast SEO plugin. -->","yoast_head_json":{"title":"V\u00cdDEO: Homilia do Pe. Julio no 2\u00ba Domingo de P\u00e1scoa - O Arcanjo no ar","robots":{"index":"index","follow":"follow","max-snippet":"max-snippet:-1","max-image-preview":"max-image-preview:large","max-video-preview":"max-video-preview:-1"},"canonical":"https:\/\/www.oarcanjo.net\/site\/video-homilia-do-pe-julio-no-2o-domingo-de-pascoa\/","og_locale":"pt_BR","og_type":"article","og_title":"V\u00cdDEO: Homilia do Pe. Julio no 2\u00ba Domingo de P\u00e1scoa - O Arcanjo no ar","og_description":"No Evangelho desse dia conhecido como da miseric\u00f3rdia, Jesus aparece para os disc\u00edpulos e os envia","og_url":"https:\/\/www.oarcanjo.net\/site\/video-homilia-do-pe-julio-no-2o-domingo-de-pascoa\/","og_site_name":"O Arcanjo no ar","article_publisher":"https:\/\/www.facebook.com\/OArcanjoNoAr\/","article_published_time":"2016-04-04T01:13:24+00:00","article_modified_time":"2016-04-11T13:02:42+00:00","og_image":[{"width":1183,"height":664,"url":"https:\/\/www.oarcanjo.net\/site\/wp-content\/uploads\/20160403Homilia.png","type":"image\/png"}],"author":"editor","twitter_card":"summary_large_image","twitter_misc":{"Escrito por":"editor"},"schema":{"@context":"https:\/\/schema.org","@graph":[{"@type":"Article","@id":"https:\/\/www.oarcanjo.net\/site\/video-homilia-do-pe-julio-no-2o-domingo-de-pascoa\/#article","isPartOf":{"@id":"https:\/\/www.oarcanjo.net\/site\/video-homilia-do-pe-julio-no-2o-domingo-de-pascoa\/"},"author":{"name":"editor","@id":"https:\/\/www.oarcanjo.net\/site\/#\/schema\/person\/f7024d007863202483a31326673a0838"},"headline":"V\u00cdDEO: Homilia do Pe. Julio no 2\u00ba Domingo de P\u00e1scoa","datePublished":"2016-04-04T01:13:24+00:00","dateModified":"2016-04-11T13:02:42+00:00","mainEntityOfPage":{"@id":"https:\/\/www.oarcanjo.net\/site\/video-homilia-do-pe-julio-no-2o-domingo-de-pascoa\/"},"wordCount":85,"commentCount":0,"publisher":{"@id":"https:\/\/www.oarcanjo.net\/site\/#organization"},"image":{"@id":"https:\/\/www.oarcanjo.net\/site\/video-homilia-do-pe-julio-no-2o-domingo-de-pascoa\/#primaryimage"},"thumbnailUrl":"https:\/\/www.oarcanjo.net\/site\/wp-content\/uploads\/20160403Homilia.png","articleSection":["Blog","Homilias"],"inLanguage":"pt-BR","potentialAction":[{"@type":"CommentAction","name":"Comment","target":["https:\/\/www.oarcanjo.net\/site\/video-homilia-do-pe-julio-no-2o-domingo-de-pascoa\/#respond"]}]},{"@type":"WebPage","@id":"https:\/\/www.oarcanjo.net\/site\/video-homilia-do-pe-julio-no-2o-domingo-de-pascoa\/","url":"https:\/\/www.oarcanjo.net\/site\/video-homilia-do-pe-julio-no-2o-domingo-de-pascoa\/","name":"V\u00cdDEO: Homilia do Pe. Julio no 2\u00ba Domingo de P\u00e1scoa - O Arcanjo no ar","isPartOf":{"@id":"https:\/\/www.oarcanjo.net\/site\/#website"},"primaryImageOfPage":{"@id":"https:\/\/www.oarcanjo.net\/site\/video-homilia-do-pe-julio-no-2o-domingo-de-pascoa\/#primaryimage"},"image":{"@id":"https:\/\/www.oarcanjo.net\/site\/video-homilia-do-pe-julio-no-2o-domingo-de-pascoa\/#primaryimage"},"thumbnailUrl":"https:\/\/www.oarcanjo.net\/site\/wp-content\/uploads\/20160403Homilia.png","datePublished":"2016-04-04T01:13:24+00:00","dateModified":"2016-04-11T13:02:42+00:00","breadcrumb":{"@id":"https:\/\/www.oarcanjo.net\/site\/video-homilia-do-pe-julio-no-2o-domingo-de-pascoa\/#breadcrumb"},"inLanguage":"pt-BR","potentialAction":[{"@type":"ReadAction","target":["https:\/\/www.oarcanjo.net\/site\/video-homilia-do-pe-julio-no-2o-domingo-de-pascoa\/"]}]},{"@type":"ImageObject","inLanguage":"pt-BR","@id":"https:\/\/www.oarcanjo.net\/site\/video-homilia-do-pe-julio-no-2o-domingo-de-pascoa\/#primaryimage","url":"https:\/\/www.oarcanjo.net\/site\/wp-content\/uploads\/20160403Homilia.png","contentUrl":"https:\/\/www.oarcanjo.net\/site\/wp-content\/uploads\/20160403Homilia.png","width":1183,"height":664},{"@type":"BreadcrumbList","@id":"https:\/\/www.oarcanjo.net\/site\/video-homilia-do-pe-julio-no-2o-domingo-de-pascoa\/#breadcrumb","itemListElement":[{"@type":"ListItem","position":1,"name":"In\u00edcio","item":"https:\/\/www.oarcanjo.net\/site\/"},{"@type":"ListItem","position":2,"name":"V\u00cdDEO: Homilia do Pe. Julio no 2\u00ba Domingo de P\u00e1scoa"}]},{"@type":"WebSite","@id":"https:\/\/www.oarcanjo.net\/site\/#website","url":"https:\/\/www.oarcanjo.net\/site\/","name":"O Arcanjo no ar","description":"Site da Par\u00f3quia S\u00e3o Miguel Arcanjo (Arquidiocese de SP)","publisher":{"@id":"https:\/\/www.oarcanjo.net\/site\/#organization"},"potentialAction":[{"@type":"SearchAction","target":{"@type":"EntryPoint","urlTemplate":"https:\/\/www.oarcanjo.net\/site\/?s={search_term_string}"},"query-input":{"@type":"PropertyValueSpecification","valueRequired":true,"valueName":"search_term_string"}}],"inLanguage":"pt-BR"},{"@type":"Organization","@id":"https:\/\/www.oarcanjo.net\/site\/#organization","name":"Par\u00f3quia S\u00e3o Miguel Arcanjo","url":"https:\/\/www.oarcanjo.net\/site\/","logo":{"@type":"ImageObject","inLanguage":"pt-BR","@id":"https:\/\/www.oarcanjo.net\/site\/#\/schema\/logo\/image\/","url":"https:\/\/www.oarcanjo.net\/site\/wp-content\/uploads\/LogoOArcanjo.png","contentUrl":"https:\/\/www.oarcanjo.net\/site\/wp-content\/uploads\/LogoOArcanjo.png","width":319,"height":99,"caption":"Par\u00f3quia S\u00e3o Miguel Arcanjo"},"image":{"@id":"https:\/\/www.oarcanjo.net\/site\/#\/schema\/logo\/image\/"},"sameAs":["https:\/\/www.facebook.com\/OArcanjoNoAr\/"]},{"@type":"Person","@id":"https:\/\/www.oarcanjo.net\/site\/#\/schema\/person\/f7024d007863202483a31326673a0838","name":"editor","sameAs":["http:\/\/www.oarcanjo.net"]}]}},"publishpress_future_action":{"enabled":false,"date":"2026-05-10 13:00:53","action":"category","newStatus":"draft","terms":[],"taxonomy":"category"},"publishpress_future_workflow_manual_trigger":{"enabledWorkflows":[]},"_links":{"self":[{"href":"https:\/\/www.oarcanjo.net\/site\/wp-json\/wp\/v2\/posts\/70941"}],"collection":[{"href":"https:\/\/www.oarcanjo.net\/site\/wp-json\/wp\/v2\/posts"}],"about":[{"href":"https:\/\/www.oarcanjo.net\/site\/wp-json\/wp\/v2\/types\/post"}],"author":[{"embeddable":true,"href":"https:\/\/www.oarcanjo.net\/site\/wp-json\/wp\/v2\/users\/5"}],"replies":[{"embeddable":true,"href":"https:\/\/www.oarcanjo.net\/site\/wp-json\/wp\/v2\/comments?post=70941"}],"version-history":[{"count":0,"href":"https:\/\/www.oarcanjo.net\/site\/wp-json\/wp\/v2\/posts\/70941\/revisions"}],"wp:featuredmedia":[{"embeddable":true,"href":"https:\/\/www.oarcanjo.net\/site\/wp-json\/wp\/v2\/media\/70944"}],"wp:attachment":[{"href":"https:\/\/www.oarcanjo.net\/site\/wp-json\/wp\/v2\/media?parent=70941"}],"wp:term":[{"taxonomy":"category","embeddable":true,"href":"https:\/\/www.oarcanjo.net\/site\/wp-json\/wp\/v2\/categories?post=70941"},{"taxonomy":"post_tag","embeddable":true,"href":"https:\/\/www.oarcanjo.net\/site\/wp-json\/wp\/v2\/tags?post=70941"}],"curies":[{"name":"wp","href":"https:\/\/api.w.org\/{rel}","templated":true}]}}