
{"id":70975,"date":"2016-04-08T19:37:13","date_gmt":"2016-04-08T22:37:13","guid":{"rendered":"http:\/\/www.oarcanjo.net\/site\/?p=70975"},"modified":"2016-06-03T16:00:27","modified_gmt":"2016-06-03T19:00:27","slug":"nova-carta-do-papa-francisco-sobre-a-familia-a-alegria-do-amor","status":"publish","type":"post","link":"https:\/\/www.oarcanjo.net\/site\/nova-carta-do-papa-francisco-sobre-a-familia-a-alegria-do-amor\/","title":{"rendered":"Nova carta do Papa Francisco sobre a fam\u00edlia: A Alegria do Amor"},"content":{"rendered":"<p><iframe loading=\"lazy\" src=\"https:\/\/www.youtube.com\/embed\/FRrSQmGzwz8?rel=0\" width=\"640\" height=\"360\" frameborder=\"0\" allowfullscreen=\"allowfullscreen\"><\/iframe><\/p>\n<p>A Igreja publicou na sexta-feira, 8\/4, a Exorta\u00e7\u00e3o Apost\u00f3lica\u00a0&#8220;A Alegria do Amor&#8221; <em>(AL &#8211; Amoris Laetitia)<\/em>, redigida pelo Papa Francisco com os resultados dos dois\u00a0S\u00ednodos sobre a fam\u00edlia, realizados em 2014 e 2015.<\/p>\n<p>A Exorta\u00e7\u00e3o possui nove cap\u00edtulos e mais de 300 par\u00e1grafos. Inicia com sete par\u00e1grafos que evidenciam a\u00a0complexidade do tema e prop\u00f5e o seu aprofundamento.\u00a0No documento, o Papa afirma que &#8220;nem todas as discuss\u00f5es doutrinais, morais ou pastorais devem ser resolvidas por meio de interven\u00e7\u00f5es magisteriais&#8221;. Para algumas quest\u00f5es &#8220;em cada pa\u00eds ou regi\u00e3o, \u00e9 poss\u00edvel buscar solu\u00e7\u00f5es mais inculturadas, atentas \u00e0s tradi\u00e7\u00f5es e aos desafios locais&#8221;. O princ\u00edpio de incultura\u00e7\u00e3o revela-se como muito importante at\u00e9 no modo de articular e compreender os problemas, modo esse que, sem entrar nas quest\u00f5es dogm\u00e1ticas bem definidas pelo Magist\u00e9rio da Igreja, n\u00e3o pode ser &#8220;globalizado&#8221;.<\/p>\n<p>Mas sobretudo o Papa afirma de imediato e com clareza que \u00e9 necess\u00e1rio sair da est\u00e9ril contraposi\u00e7\u00e3o entre a \u00e2nsia de mudan\u00e7a e a aplica\u00e7\u00e3o pura e simples de normas abstratas. Diz ele: &#8220;Os debates que t\u00eam lugar nos meios de comunica\u00e7\u00e3o ou em publica\u00e7\u00f5es e mesmo entre ministros da Igreja estendem-se desde o desejo desenfreado de mudar tudo sem suficiente reflex\u00e3o ou fundamenta\u00e7\u00e3o at\u00e9\u00a0a atitude que pretende resolver tudo por meio da aplica\u00e7\u00e3o de normas gerais ou deduzindo conclus\u00f5es excessivas de algumas reflex\u00f5es teol\u00f3gicas&#8221; (AL 2).<\/p>\n<p>Leia abaixo o documento na \u00edntegra:<\/p>\n<iframe src=\"\/\/docs.google.com\/viewer?url=http%3A%2F%2Fwww.oarcanjo.net%2Fsite%2Fwp-content%2Fuploads%2Fpapa-francesco_esortazione-ap_20160319_amoris-laetitia_po.pdf&hl=pt_BR&embedded=true\" class=\"gde-frame\" style=\"width:100%; height:900px; border: none;\" scrolling=\"no\"><\/iframe>\n<p class=\"gde-text\"><a href=\"http:\/\/www.oarcanjo.net\/site\/wp-content\/uploads\/papa-francesco_esortazione-ap_20160319_amoris-laetitia_po.pdf\" class=\"gde-link\">Download (PDF)<\/a><\/p>\n<p>Downloads:<\/p>\n<p><em><a href=\"http:\/\/www.oarcanjo.net\/site\/index.php\/reflexao\/sintese-da-exortacao-apostolica-a-alegria-do-amor-al\/\" target=\"_blank\">S\u00edntese da Exorta\u00e7\u00e3o Apost\u00f3lica &#8220;A Alegria do Amor<\/a>&#8220;<\/em><\/p>\n<p><em><a href=\"http:\/\/www.oarcanjo.net\/site\/wp-content\/uploads\/a-alegria-do-amor-guia-de-estudo.pdf\" target=\"_blank\">Guia de estudo &#8211; &#8220;A alegria do amor&#8221;<\/a><\/em><\/p>\n<div id=\"themify_builder_content-70975\" data-postid=\"70975\" class=\"themify_builder_content themify_builder_content-70975 themify_builder themify_builder_front\">\n\t<\/div>\n<!-- \/themify_builder_content -->","protected":false},"excerpt":{"rendered":"<p>Publicada a Exorta\u00e7\u00e3o Apost\u00f3lica &#8220;A Alegria do Amor&#8221; (AL &#8211; Amoris Laetitia), redigida pelo Papa Francisco ap\u00f3s os dois S\u00ednodos sobre a fam\u00edlia<\/p>\n","protected":false},"author":5,"featured_media":70987,"comment_status":"open","ping_status":"open","sticky":false,"template":"","format":"standard","meta":{"ngg_post_thumbnail":0,"footnotes":""},"categories":[8],"tags":[3243,2861,2433],"yoast_head":"<!-- This site is optimized with the Yoast SEO plugin v23.5 - https:\/\/yoast.com\/wordpress\/plugins\/seo\/ -->\n<title>Nova carta do Papa Francisco sobre a fam\u00edlia: A Alegria do Amor - O Arcanjo no ar<\/title>\n<meta name=\"robots\" content=\"index, follow, max-snippet:-1, max-image-preview:large, max-video-preview:-1\" \/>\n<link rel=\"canonical\" href=\"https:\/\/www.oarcanjo.net\/site\/nova-carta-do-papa-francisco-sobre-a-familia-a-alegria-do-amor\/\" \/>\n<meta property=\"og:locale\" content=\"pt_BR\" \/>\n<meta property=\"og:type\" content=\"article\" \/>\n<meta property=\"og:title\" content=\"Nova carta do Papa Francisco sobre a fam\u00edlia: A Alegria do Amor - O Arcanjo no ar\" \/>\n<meta property=\"og:description\" content=\"Publicada a Exorta\u00e7\u00e3o Apost\u00f3lica &quot;A Alegria do Amor&quot; (AL - Amoris Laetitia), redigida pelo Papa Francisco ap\u00f3s os dois S\u00ednodos sobre a fam\u00edlia\" \/>\n<meta property=\"og:url\" content=\"https:\/\/www.oarcanjo.net\/site\/nova-carta-do-papa-francisco-sobre-a-familia-a-alegria-do-amor\/\" \/>\n<meta property=\"og:site_name\" content=\"O Arcanjo no ar\" \/>\n<meta property=\"article:publisher\" content=\"https:\/\/www.facebook.com\/OArcanjoNoAr\/\" \/>\n<meta property=\"article:published_time\" content=\"2016-04-08T22:37:13+00:00\" \/>\n<meta property=\"article:modified_time\" content=\"2016-06-03T19:00:27+00:00\" \/>\n<meta property=\"og:image\" content=\"https:\/\/www.oarcanjo.net\/site\/wp-content\/uploads\/AFP5150350_LancioGrande.jpg\" \/>\n\t<meta property=\"og:image:width\" content=\"365\" \/>\n\t<meta property=\"og:image:height\" content=\"250\" \/>\n\t<meta property=\"og:image:type\" content=\"image\/jpeg\" \/>\n<meta name=\"author\" content=\"editor\" \/>\n<meta name=\"twitter:card\" content=\"summary_large_image\" \/>\n<meta name=\"twitter:label1\" content=\"Escrito por\" \/>\n\t<meta name=\"twitter:data1\" content=\"editor\" \/>\n\t<meta name=\"twitter:label2\" content=\"Est. tempo de leitura\" \/>\n\t<meta name=\"twitter:data2\" content=\"1 minuto\" \/>\n<script type=\"application\/ld+json\" class=\"yoast-schema-graph\">{\"@context\":\"https:\/\/schema.org\",\"@graph\":[{\"@type\":\"Article\",\"@id\":\"https:\/\/www.oarcanjo.net\/site\/nova-carta-do-papa-francisco-sobre-a-familia-a-alegria-do-amor\/#article\",\"isPartOf\":{\"@id\":\"https:\/\/www.oarcanjo.net\/site\/nova-carta-do-papa-francisco-sobre-a-familia-a-alegria-do-amor\/\"},\"author\":{\"name\":\"editor\",\"@id\":\"https:\/\/www.oarcanjo.net\/site\/#\/schema\/person\/f7024d007863202483a31326673a0838\"},\"headline\":\"Nova carta do Papa Francisco sobre a fam\u00edlia: A Alegria do Amor\",\"datePublished\":\"2016-04-08T22:37:13+00:00\",\"dateModified\":\"2016-06-03T19:00:27+00:00\",\"mainEntityOfPage\":{\"@id\":\"https:\/\/www.oarcanjo.net\/site\/nova-carta-do-papa-francisco-sobre-a-familia-a-alegria-do-amor\/\"},\"wordCount\":310,\"commentCount\":0,\"publisher\":{\"@id\":\"https:\/\/www.oarcanjo.net\/site\/#organization\"},\"image\":{\"@id\":\"https:\/\/www.oarcanjo.net\/site\/nova-carta-do-papa-francisco-sobre-a-familia-a-alegria-do-amor\/#primaryimage\"},\"thumbnailUrl\":\"https:\/\/www.oarcanjo.net\/site\/wp-content\/uploads\/AFP5150350_LancioGrande.jpg\",\"keywords\":[\"A Alegria do Amor\",\"Exorta\u00e7\u00e3o Apost\u00f3lica\",\"Papa Francisco\"],\"articleSection\":[\"Not\u00edcias\"],\"inLanguage\":\"pt-BR\",\"potentialAction\":[{\"@type\":\"CommentAction\",\"name\":\"Comment\",\"target\":[\"https:\/\/www.oarcanjo.net\/site\/nova-carta-do-papa-francisco-sobre-a-familia-a-alegria-do-amor\/#respond\"]}]},{\"@type\":\"WebPage\",\"@id\":\"https:\/\/www.oarcanjo.net\/site\/nova-carta-do-papa-francisco-sobre-a-familia-a-alegria-do-amor\/\",\"url\":\"https:\/\/www.oarcanjo.net\/site\/nova-carta-do-papa-francisco-sobre-a-familia-a-alegria-do-amor\/\",\"name\":\"Nova carta do Papa Francisco sobre a fam\u00edlia: A Alegria do Amor - O Arcanjo no ar\",\"isPartOf\":{\"@id\":\"https:\/\/www.oarcanjo.net\/site\/#website\"},\"primaryImageOfPage\":{\"@id\":\"https:\/\/www.oarcanjo.net\/site\/nova-carta-do-papa-francisco-sobre-a-familia-a-alegria-do-amor\/#primaryimage\"},\"image\":{\"@id\":\"https:\/\/www.oarcanjo.net\/site\/nova-carta-do-papa-francisco-sobre-a-familia-a-alegria-do-amor\/#primaryimage\"},\"thumbnailUrl\":\"https:\/\/www.oarcanjo.net\/site\/wp-content\/uploads\/AFP5150350_LancioGrande.jpg\",\"datePublished\":\"2016-04-08T22:37:13+00:00\",\"dateModified\":\"2016-06-03T19:00:27+00:00\",\"breadcrumb\":{\"@id\":\"https:\/\/www.oarcanjo.net\/site\/nova-carta-do-papa-francisco-sobre-a-familia-a-alegria-do-amor\/#breadcrumb\"},\"inLanguage\":\"pt-BR\",\"potentialAction\":[{\"@type\":\"ReadAction\",\"target\":[\"https:\/\/www.oarcanjo.net\/site\/nova-carta-do-papa-francisco-sobre-a-familia-a-alegria-do-amor\/\"]}]},{\"@type\":\"ImageObject\",\"inLanguage\":\"pt-BR\",\"@id\":\"https:\/\/www.oarcanjo.net\/site\/nova-carta-do-papa-francisco-sobre-a-familia-a-alegria-do-amor\/#primaryimage\",\"url\":\"https:\/\/www.oarcanjo.net\/site\/wp-content\/uploads\/AFP5150350_LancioGrande.jpg\",\"contentUrl\":\"https:\/\/www.oarcanjo.net\/site\/wp-content\/uploads\/AFP5150350_LancioGrande.jpg\",\"width\":365,\"height\":250},{\"@type\":\"BreadcrumbList\",\"@id\":\"https:\/\/www.oarcanjo.net\/site\/nova-carta-do-papa-francisco-sobre-a-familia-a-alegria-do-amor\/#breadcrumb\",\"itemListElement\":[{\"@type\":\"ListItem\",\"position\":1,\"name\":\"In\u00edcio\",\"item\":\"https:\/\/www.oarcanjo.net\/site\/\"},{\"@type\":\"ListItem\",\"position\":2,\"name\":\"Nova carta do Papa Francisco sobre a fam\u00edlia: A Alegria do Amor\"}]},{\"@type\":\"WebSite\",\"@id\":\"https:\/\/www.oarcanjo.net\/site\/#website\",\"url\":\"https:\/\/www.oarcanjo.net\/site\/\",\"name\":\"O Arcanjo no ar\",\"description\":\"Site da Par\u00f3quia S\u00e3o Miguel Arcanjo (Arquidiocese de SP)\",\"publisher\":{\"@id\":\"https:\/\/www.oarcanjo.net\/site\/#organization\"},\"potentialAction\":[{\"@type\":\"SearchAction\",\"target\":{\"@type\":\"EntryPoint\",\"urlTemplate\":\"https:\/\/www.oarcanjo.net\/site\/?s={search_term_string}\"},\"query-input\":{\"@type\":\"PropertyValueSpecification\",\"valueRequired\":true,\"valueName\":\"search_term_string\"}}],\"inLanguage\":\"pt-BR\"},{\"@type\":\"Organization\",\"@id\":\"https:\/\/www.oarcanjo.net\/site\/#organization\",\"name\":\"Par\u00f3quia S\u00e3o Miguel Arcanjo\",\"url\":\"https:\/\/www.oarcanjo.net\/site\/\",\"logo\":{\"@type\":\"ImageObject\",\"inLanguage\":\"pt-BR\",\"@id\":\"https:\/\/www.oarcanjo.net\/site\/#\/schema\/logo\/image\/\",\"url\":\"https:\/\/www.oarcanjo.net\/site\/wp-content\/uploads\/LogoOArcanjo.png\",\"contentUrl\":\"https:\/\/www.oarcanjo.net\/site\/wp-content\/uploads\/LogoOArcanjo.png\",\"width\":319,\"height\":99,\"caption\":\"Par\u00f3quia S\u00e3o Miguel Arcanjo\"},\"image\":{\"@id\":\"https:\/\/www.oarcanjo.net\/site\/#\/schema\/logo\/image\/\"},\"sameAs\":[\"https:\/\/www.facebook.com\/OArcanjoNoAr\/\"]},{\"@type\":\"Person\",\"@id\":\"https:\/\/www.oarcanjo.net\/site\/#\/schema\/person\/f7024d007863202483a31326673a0838\",\"name\":\"editor\",\"sameAs\":[\"http:\/\/www.oarcanjo.net\"]}]}<\/script>\n<!-- \/ Yoast SEO plugin. -->","yoast_head_json":{"title":"Nova carta do Papa Francisco sobre a fam\u00edlia: A Alegria do Amor - O Arcanjo no ar","robots":{"index":"index","follow":"follow","max-snippet":"max-snippet:-1","max-image-preview":"max-image-preview:large","max-video-preview":"max-video-preview:-1"},"canonical":"https:\/\/www.oarcanjo.net\/site\/nova-carta-do-papa-francisco-sobre-a-familia-a-alegria-do-amor\/","og_locale":"pt_BR","og_type":"article","og_title":"Nova carta do Papa Francisco sobre a fam\u00edlia: A Alegria do Amor - O Arcanjo no ar","og_description":"Publicada a Exorta\u00e7\u00e3o Apost\u00f3lica \"A Alegria do Amor\" (AL - Amoris Laetitia), redigida pelo Papa Francisco ap\u00f3s os dois S\u00ednodos sobre a fam\u00edlia","og_url":"https:\/\/www.oarcanjo.net\/site\/nova-carta-do-papa-francisco-sobre-a-familia-a-alegria-do-amor\/","og_site_name":"O Arcanjo no ar","article_publisher":"https:\/\/www.facebook.com\/OArcanjoNoAr\/","article_published_time":"2016-04-08T22:37:13+00:00","article_modified_time":"2016-06-03T19:00:27+00:00","og_image":[{"width":365,"height":250,"url":"https:\/\/www.oarcanjo.net\/site\/wp-content\/uploads\/AFP5150350_LancioGrande.jpg","type":"image\/jpeg"}],"author":"editor","twitter_card":"summary_large_image","twitter_misc":{"Escrito por":"editor","Est. tempo de leitura":"1 minuto"},"schema":{"@context":"https:\/\/schema.org","@graph":[{"@type":"Article","@id":"https:\/\/www.oarcanjo.net\/site\/nova-carta-do-papa-francisco-sobre-a-familia-a-alegria-do-amor\/#article","isPartOf":{"@id":"https:\/\/www.oarcanjo.net\/site\/nova-carta-do-papa-francisco-sobre-a-familia-a-alegria-do-amor\/"},"author":{"name":"editor","@id":"https:\/\/www.oarcanjo.net\/site\/#\/schema\/person\/f7024d007863202483a31326673a0838"},"headline":"Nova carta do Papa Francisco sobre a fam\u00edlia: A Alegria do Amor","datePublished":"2016-04-08T22:37:13+00:00","dateModified":"2016-06-03T19:00:27+00:00","mainEntityOfPage":{"@id":"https:\/\/www.oarcanjo.net\/site\/nova-carta-do-papa-francisco-sobre-a-familia-a-alegria-do-amor\/"},"wordCount":310,"commentCount":0,"publisher":{"@id":"https:\/\/www.oarcanjo.net\/site\/#organization"},"image":{"@id":"https:\/\/www.oarcanjo.net\/site\/nova-carta-do-papa-francisco-sobre-a-familia-a-alegria-do-amor\/#primaryimage"},"thumbnailUrl":"https:\/\/www.oarcanjo.net\/site\/wp-content\/uploads\/AFP5150350_LancioGrande.jpg","keywords":["A Alegria do Amor","Exorta\u00e7\u00e3o Apost\u00f3lica","Papa Francisco"],"articleSection":["Not\u00edcias"],"inLanguage":"pt-BR","potentialAction":[{"@type":"CommentAction","name":"Comment","target":["https:\/\/www.oarcanjo.net\/site\/nova-carta-do-papa-francisco-sobre-a-familia-a-alegria-do-amor\/#respond"]}]},{"@type":"WebPage","@id":"https:\/\/www.oarcanjo.net\/site\/nova-carta-do-papa-francisco-sobre-a-familia-a-alegria-do-amor\/","url":"https:\/\/www.oarcanjo.net\/site\/nova-carta-do-papa-francisco-sobre-a-familia-a-alegria-do-amor\/","name":"Nova carta do Papa Francisco sobre a fam\u00edlia: A Alegria do Amor - O Arcanjo no ar","isPartOf":{"@id":"https:\/\/www.oarcanjo.net\/site\/#website"},"primaryImageOfPage":{"@id":"https:\/\/www.oarcanjo.net\/site\/nova-carta-do-papa-francisco-sobre-a-familia-a-alegria-do-amor\/#primaryimage"},"image":{"@id":"https:\/\/www.oarcanjo.net\/site\/nova-carta-do-papa-francisco-sobre-a-familia-a-alegria-do-amor\/#primaryimage"},"thumbnailUrl":"https:\/\/www.oarcanjo.net\/site\/wp-content\/uploads\/AFP5150350_LancioGrande.jpg","datePublished":"2016-04-08T22:37:13+00:00","dateModified":"2016-06-03T19:00:27+00:00","breadcrumb":{"@id":"https:\/\/www.oarcanjo.net\/site\/nova-carta-do-papa-francisco-sobre-a-familia-a-alegria-do-amor\/#breadcrumb"},"inLanguage":"pt-BR","potentialAction":[{"@type":"ReadAction","target":["https:\/\/www.oarcanjo.net\/site\/nova-carta-do-papa-francisco-sobre-a-familia-a-alegria-do-amor\/"]}]},{"@type":"ImageObject","inLanguage":"pt-BR","@id":"https:\/\/www.oarcanjo.net\/site\/nova-carta-do-papa-francisco-sobre-a-familia-a-alegria-do-amor\/#primaryimage","url":"https:\/\/www.oarcanjo.net\/site\/wp-content\/uploads\/AFP5150350_LancioGrande.jpg","contentUrl":"https:\/\/www.oarcanjo.net\/site\/wp-content\/uploads\/AFP5150350_LancioGrande.jpg","width":365,"height":250},{"@type":"BreadcrumbList","@id":"https:\/\/www.oarcanjo.net\/site\/nova-carta-do-papa-francisco-sobre-a-familia-a-alegria-do-amor\/#breadcrumb","itemListElement":[{"@type":"ListItem","position":1,"name":"In\u00edcio","item":"https:\/\/www.oarcanjo.net\/site\/"},{"@type":"ListItem","position":2,"name":"Nova carta do Papa Francisco sobre a fam\u00edlia: A Alegria do Amor"}]},{"@type":"WebSite","@id":"https:\/\/www.oarcanjo.net\/site\/#website","url":"https:\/\/www.oarcanjo.net\/site\/","name":"O Arcanjo no ar","description":"Site da Par\u00f3quia S\u00e3o Miguel Arcanjo (Arquidiocese de SP)","publisher":{"@id":"https:\/\/www.oarcanjo.net\/site\/#organization"},"potentialAction":[{"@type":"SearchAction","target":{"@type":"EntryPoint","urlTemplate":"https:\/\/www.oarcanjo.net\/site\/?s={search_term_string}"},"query-input":{"@type":"PropertyValueSpecification","valueRequired":true,"valueName":"search_term_string"}}],"inLanguage":"pt-BR"},{"@type":"Organization","@id":"https:\/\/www.oarcanjo.net\/site\/#organization","name":"Par\u00f3quia S\u00e3o Miguel Arcanjo","url":"https:\/\/www.oarcanjo.net\/site\/","logo":{"@type":"ImageObject","inLanguage":"pt-BR","@id":"https:\/\/www.oarcanjo.net\/site\/#\/schema\/logo\/image\/","url":"https:\/\/www.oarcanjo.net\/site\/wp-content\/uploads\/LogoOArcanjo.png","contentUrl":"https:\/\/www.oarcanjo.net\/site\/wp-content\/uploads\/LogoOArcanjo.png","width":319,"height":99,"caption":"Par\u00f3quia S\u00e3o Miguel Arcanjo"},"image":{"@id":"https:\/\/www.oarcanjo.net\/site\/#\/schema\/logo\/image\/"},"sameAs":["https:\/\/www.facebook.com\/OArcanjoNoAr\/"]},{"@type":"Person","@id":"https:\/\/www.oarcanjo.net\/site\/#\/schema\/person\/f7024d007863202483a31326673a0838","name":"editor","sameAs":["http:\/\/www.oarcanjo.net"]}]}},"publishpress_future_action":{"enabled":false,"date":"2026-05-09 04:49:15","action":"category","newStatus":"draft","terms":[],"taxonomy":"category"},"publishpress_future_workflow_manual_trigger":{"enabledWorkflows":[]},"_links":{"self":[{"href":"https:\/\/www.oarcanjo.net\/site\/wp-json\/wp\/v2\/posts\/70975"}],"collection":[{"href":"https:\/\/www.oarcanjo.net\/site\/wp-json\/wp\/v2\/posts"}],"about":[{"href":"https:\/\/www.oarcanjo.net\/site\/wp-json\/wp\/v2\/types\/post"}],"author":[{"embeddable":true,"href":"https:\/\/www.oarcanjo.net\/site\/wp-json\/wp\/v2\/users\/5"}],"replies":[{"embeddable":true,"href":"https:\/\/www.oarcanjo.net\/site\/wp-json\/wp\/v2\/comments?post=70975"}],"version-history":[{"count":0,"href":"https:\/\/www.oarcanjo.net\/site\/wp-json\/wp\/v2\/posts\/70975\/revisions"}],"wp:featuredmedia":[{"embeddable":true,"href":"https:\/\/www.oarcanjo.net\/site\/wp-json\/wp\/v2\/media\/70987"}],"wp:attachment":[{"href":"https:\/\/www.oarcanjo.net\/site\/wp-json\/wp\/v2\/media?parent=70975"}],"wp:term":[{"taxonomy":"category","embeddable":true,"href":"https:\/\/www.oarcanjo.net\/site\/wp-json\/wp\/v2\/categories?post=70975"},{"taxonomy":"post_tag","embeddable":true,"href":"https:\/\/www.oarcanjo.net\/site\/wp-json\/wp\/v2\/tags?post=70975"}],"curies":[{"name":"wp","href":"https:\/\/api.w.org\/{rel}","templated":true}]}}