
{"id":71021,"date":"2016-04-24T22:48:30","date_gmt":"2016-04-25T01:48:30","guid":{"rendered":"http:\/\/www.oarcanjo.net\/site\/?p=71021"},"modified":"2016-04-24T22:49:15","modified_gmt":"2016-04-25T01:49:15","slug":"exortacao-apostolica-traz-a-mensagem-do-papa-sobre-a-familia","status":"publish","type":"post","link":"https:\/\/www.oarcanjo.net\/site\/exortacao-apostolica-traz-a-mensagem-do-papa-sobre-a-familia\/","title":{"rendered":"Exorta\u00e7\u00e3o apost\u00f3lica traz a mensagem do Papa sobre a fam\u00edlia"},"content":{"rendered":"<p>Depois de dois S\u00ednodos sobre a fam\u00edlia, com a participa\u00e7\u00e3o de bispos, padres, te\u00f3logos, leigos e fam\u00edlias, o Papa Francisco produziu a exorta\u00e7\u00e3o apost\u00f3lica &#8220;A Alegria do Amor&#8221; (<em>Amoris Laetitia). <\/em>O documento que consolida as orienta\u00e7\u00f5es da Igreja sobre o assunto foi lan\u00e7ado em portugu\u00eas e \u00e9 leitura recomendada pelo Pe. Julio Lancellotti &#8211; mais detalhes nos avisos paroquiais da semana:<\/p>\n<p><iframe loading=\"lazy\" width=\"640\" height=\"360\" src=\"https:\/\/www.youtube.com\/embed\/6v1OhbR6XG0?rel=0\" frameborder=\"0\" allowfullscreen><\/iframe><\/p>\n<p>Grava\u00e7\u00e3o realizada no final da missa das 18h na igreja S\u00e3o Miguel Arcanjo.<\/p>\n<div id=\"themify_builder_content-71021\" data-postid=\"71021\" class=\"themify_builder_content themify_builder_content-71021 themify_builder themify_builder_front\">\n\t<\/div>\n<!-- \/themify_builder_content -->","protected":false},"excerpt":{"rendered":"<p>Documento que consolida as orienta\u00e7\u00f5es do Papa sobre o assunto foi lan\u00e7ado em portugu\u00eas<\/p>\n","protected":false},"author":5,"featured_media":71022,"comment_status":"open","ping_status":"open","sticky":false,"template":"","format":"standard","meta":{"ngg_post_thumbnail":0,"footnotes":""},"categories":[476,3,8],"tags":[],"yoast_head":"<!-- This site is optimized with the Yoast SEO plugin v23.5 - https:\/\/yoast.com\/wordpress\/plugins\/seo\/ -->\n<title>Exorta\u00e7\u00e3o apost\u00f3lica traz a mensagem do Papa sobre a fam\u00edlia - O Arcanjo no ar<\/title>\n<meta name=\"robots\" content=\"index, follow, max-snippet:-1, max-image-preview:large, max-video-preview:-1\" \/>\n<link rel=\"canonical\" href=\"https:\/\/www.oarcanjo.net\/site\/exortacao-apostolica-traz-a-mensagem-do-papa-sobre-a-familia\/\" \/>\n<meta property=\"og:locale\" content=\"pt_BR\" \/>\n<meta property=\"og:type\" content=\"article\" \/>\n<meta property=\"og:title\" content=\"Exorta\u00e7\u00e3o apost\u00f3lica traz a mensagem do Papa sobre a fam\u00edlia - O Arcanjo no ar\" \/>\n<meta property=\"og:description\" content=\"Documento que consolida as orienta\u00e7\u00f5es do Papa sobre o assunto foi lan\u00e7ado em portugu\u00eas\" \/>\n<meta property=\"og:url\" content=\"https:\/\/www.oarcanjo.net\/site\/exortacao-apostolica-traz-a-mensagem-do-papa-sobre-a-familia\/\" \/>\n<meta property=\"og:site_name\" content=\"O Arcanjo no ar\" \/>\n<meta property=\"article:publisher\" content=\"https:\/\/www.facebook.com\/OArcanjoNoAr\/\" \/>\n<meta property=\"article:published_time\" content=\"2016-04-25T01:48:30+00:00\" \/>\n<meta property=\"article:modified_time\" content=\"2016-04-25T01:49:15+00:00\" \/>\n<meta property=\"og:image\" content=\"https:\/\/www.oarcanjo.net\/site\/wp-content\/uploads\/20160424Avisos.png\" \/>\n\t<meta property=\"og:image:width\" content=\"1175\" \/>\n\t<meta property=\"og:image:height\" content=\"661\" \/>\n\t<meta property=\"og:image:type\" content=\"image\/png\" \/>\n<meta name=\"author\" content=\"editor\" \/>\n<meta name=\"twitter:card\" content=\"summary_large_image\" \/>\n<meta name=\"twitter:label1\" content=\"Escrito por\" \/>\n\t<meta name=\"twitter:data1\" content=\"editor\" \/>\n<script type=\"application\/ld+json\" class=\"yoast-schema-graph\">{\"@context\":\"https:\/\/schema.org\",\"@graph\":[{\"@type\":\"Article\",\"@id\":\"https:\/\/www.oarcanjo.net\/site\/exortacao-apostolica-traz-a-mensagem-do-papa-sobre-a-familia\/#article\",\"isPartOf\":{\"@id\":\"https:\/\/www.oarcanjo.net\/site\/exortacao-apostolica-traz-a-mensagem-do-papa-sobre-a-familia\/\"},\"author\":{\"name\":\"editor\",\"@id\":\"https:\/\/www.oarcanjo.net\/site\/#\/schema\/person\/f7024d007863202483a31326673a0838\"},\"headline\":\"Exorta\u00e7\u00e3o apost\u00f3lica traz a mensagem do Papa sobre a fam\u00edlia\",\"datePublished\":\"2016-04-25T01:48:30+00:00\",\"dateModified\":\"2016-04-25T01:49:15+00:00\",\"mainEntityOfPage\":{\"@id\":\"https:\/\/www.oarcanjo.net\/site\/exortacao-apostolica-traz-a-mensagem-do-papa-sobre-a-familia\/\"},\"wordCount\":98,\"commentCount\":0,\"publisher\":{\"@id\":\"https:\/\/www.oarcanjo.net\/site\/#organization\"},\"image\":{\"@id\":\"https:\/\/www.oarcanjo.net\/site\/exortacao-apostolica-traz-a-mensagem-do-papa-sobre-a-familia\/#primaryimage\"},\"thumbnailUrl\":\"https:\/\/www.oarcanjo.net\/site\/wp-content\/uploads\/20160424Avisos.png\",\"articleSection\":[\"Avisos\",\"Destaques\",\"Not\u00edcias\"],\"inLanguage\":\"pt-BR\",\"potentialAction\":[{\"@type\":\"CommentAction\",\"name\":\"Comment\",\"target\":[\"https:\/\/www.oarcanjo.net\/site\/exortacao-apostolica-traz-a-mensagem-do-papa-sobre-a-familia\/#respond\"]}]},{\"@type\":\"WebPage\",\"@id\":\"https:\/\/www.oarcanjo.net\/site\/exortacao-apostolica-traz-a-mensagem-do-papa-sobre-a-familia\/\",\"url\":\"https:\/\/www.oarcanjo.net\/site\/exortacao-apostolica-traz-a-mensagem-do-papa-sobre-a-familia\/\",\"name\":\"Exorta\u00e7\u00e3o apost\u00f3lica traz a mensagem do Papa sobre a fam\u00edlia - O Arcanjo no ar\",\"isPartOf\":{\"@id\":\"https:\/\/www.oarcanjo.net\/site\/#website\"},\"primaryImageOfPage\":{\"@id\":\"https:\/\/www.oarcanjo.net\/site\/exortacao-apostolica-traz-a-mensagem-do-papa-sobre-a-familia\/#primaryimage\"},\"image\":{\"@id\":\"https:\/\/www.oarcanjo.net\/site\/exortacao-apostolica-traz-a-mensagem-do-papa-sobre-a-familia\/#primaryimage\"},\"thumbnailUrl\":\"https:\/\/www.oarcanjo.net\/site\/wp-content\/uploads\/20160424Avisos.png\",\"datePublished\":\"2016-04-25T01:48:30+00:00\",\"dateModified\":\"2016-04-25T01:49:15+00:00\",\"breadcrumb\":{\"@id\":\"https:\/\/www.oarcanjo.net\/site\/exortacao-apostolica-traz-a-mensagem-do-papa-sobre-a-familia\/#breadcrumb\"},\"inLanguage\":\"pt-BR\",\"potentialAction\":[{\"@type\":\"ReadAction\",\"target\":[\"https:\/\/www.oarcanjo.net\/site\/exortacao-apostolica-traz-a-mensagem-do-papa-sobre-a-familia\/\"]}]},{\"@type\":\"ImageObject\",\"inLanguage\":\"pt-BR\",\"@id\":\"https:\/\/www.oarcanjo.net\/site\/exortacao-apostolica-traz-a-mensagem-do-papa-sobre-a-familia\/#primaryimage\",\"url\":\"https:\/\/www.oarcanjo.net\/site\/wp-content\/uploads\/20160424Avisos.png\",\"contentUrl\":\"https:\/\/www.oarcanjo.net\/site\/wp-content\/uploads\/20160424Avisos.png\",\"width\":1175,\"height\":661},{\"@type\":\"BreadcrumbList\",\"@id\":\"https:\/\/www.oarcanjo.net\/site\/exortacao-apostolica-traz-a-mensagem-do-papa-sobre-a-familia\/#breadcrumb\",\"itemListElement\":[{\"@type\":\"ListItem\",\"position\":1,\"name\":\"In\u00edcio\",\"item\":\"https:\/\/www.oarcanjo.net\/site\/\"},{\"@type\":\"ListItem\",\"position\":2,\"name\":\"Exorta\u00e7\u00e3o apost\u00f3lica traz a mensagem do Papa sobre a fam\u00edlia\"}]},{\"@type\":\"WebSite\",\"@id\":\"https:\/\/www.oarcanjo.net\/site\/#website\",\"url\":\"https:\/\/www.oarcanjo.net\/site\/\",\"name\":\"O Arcanjo no ar\",\"description\":\"Site da Par\u00f3quia S\u00e3o Miguel Arcanjo (Arquidiocese de SP)\",\"publisher\":{\"@id\":\"https:\/\/www.oarcanjo.net\/site\/#organization\"},\"potentialAction\":[{\"@type\":\"SearchAction\",\"target\":{\"@type\":\"EntryPoint\",\"urlTemplate\":\"https:\/\/www.oarcanjo.net\/site\/?s={search_term_string}\"},\"query-input\":{\"@type\":\"PropertyValueSpecification\",\"valueRequired\":true,\"valueName\":\"search_term_string\"}}],\"inLanguage\":\"pt-BR\"},{\"@type\":\"Organization\",\"@id\":\"https:\/\/www.oarcanjo.net\/site\/#organization\",\"name\":\"Par\u00f3quia S\u00e3o Miguel Arcanjo\",\"url\":\"https:\/\/www.oarcanjo.net\/site\/\",\"logo\":{\"@type\":\"ImageObject\",\"inLanguage\":\"pt-BR\",\"@id\":\"https:\/\/www.oarcanjo.net\/site\/#\/schema\/logo\/image\/\",\"url\":\"https:\/\/www.oarcanjo.net\/site\/wp-content\/uploads\/LogoOArcanjo.png\",\"contentUrl\":\"https:\/\/www.oarcanjo.net\/site\/wp-content\/uploads\/LogoOArcanjo.png\",\"width\":319,\"height\":99,\"caption\":\"Par\u00f3quia S\u00e3o Miguel Arcanjo\"},\"image\":{\"@id\":\"https:\/\/www.oarcanjo.net\/site\/#\/schema\/logo\/image\/\"},\"sameAs\":[\"https:\/\/www.facebook.com\/OArcanjoNoAr\/\"]},{\"@type\":\"Person\",\"@id\":\"https:\/\/www.oarcanjo.net\/site\/#\/schema\/person\/f7024d007863202483a31326673a0838\",\"name\":\"editor\",\"sameAs\":[\"http:\/\/www.oarcanjo.net\"]}]}<\/script>\n<!-- \/ Yoast SEO plugin. -->","yoast_head_json":{"title":"Exorta\u00e7\u00e3o apost\u00f3lica traz a mensagem do Papa sobre a fam\u00edlia - O Arcanjo no ar","robots":{"index":"index","follow":"follow","max-snippet":"max-snippet:-1","max-image-preview":"max-image-preview:large","max-video-preview":"max-video-preview:-1"},"canonical":"https:\/\/www.oarcanjo.net\/site\/exortacao-apostolica-traz-a-mensagem-do-papa-sobre-a-familia\/","og_locale":"pt_BR","og_type":"article","og_title":"Exorta\u00e7\u00e3o apost\u00f3lica traz a mensagem do Papa sobre a fam\u00edlia - O Arcanjo no ar","og_description":"Documento que consolida as orienta\u00e7\u00f5es do Papa sobre o assunto foi lan\u00e7ado em portugu\u00eas","og_url":"https:\/\/www.oarcanjo.net\/site\/exortacao-apostolica-traz-a-mensagem-do-papa-sobre-a-familia\/","og_site_name":"O Arcanjo no ar","article_publisher":"https:\/\/www.facebook.com\/OArcanjoNoAr\/","article_published_time":"2016-04-25T01:48:30+00:00","article_modified_time":"2016-04-25T01:49:15+00:00","og_image":[{"width":1175,"height":661,"url":"https:\/\/www.oarcanjo.net\/site\/wp-content\/uploads\/20160424Avisos.png","type":"image\/png"}],"author":"editor","twitter_card":"summary_large_image","twitter_misc":{"Escrito por":"editor"},"schema":{"@context":"https:\/\/schema.org","@graph":[{"@type":"Article","@id":"https:\/\/www.oarcanjo.net\/site\/exortacao-apostolica-traz-a-mensagem-do-papa-sobre-a-familia\/#article","isPartOf":{"@id":"https:\/\/www.oarcanjo.net\/site\/exortacao-apostolica-traz-a-mensagem-do-papa-sobre-a-familia\/"},"author":{"name":"editor","@id":"https:\/\/www.oarcanjo.net\/site\/#\/schema\/person\/f7024d007863202483a31326673a0838"},"headline":"Exorta\u00e7\u00e3o apost\u00f3lica traz a mensagem do Papa sobre a fam\u00edlia","datePublished":"2016-04-25T01:48:30+00:00","dateModified":"2016-04-25T01:49:15+00:00","mainEntityOfPage":{"@id":"https:\/\/www.oarcanjo.net\/site\/exortacao-apostolica-traz-a-mensagem-do-papa-sobre-a-familia\/"},"wordCount":98,"commentCount":0,"publisher":{"@id":"https:\/\/www.oarcanjo.net\/site\/#organization"},"image":{"@id":"https:\/\/www.oarcanjo.net\/site\/exortacao-apostolica-traz-a-mensagem-do-papa-sobre-a-familia\/#primaryimage"},"thumbnailUrl":"https:\/\/www.oarcanjo.net\/site\/wp-content\/uploads\/20160424Avisos.png","articleSection":["Avisos","Destaques","Not\u00edcias"],"inLanguage":"pt-BR","potentialAction":[{"@type":"CommentAction","name":"Comment","target":["https:\/\/www.oarcanjo.net\/site\/exortacao-apostolica-traz-a-mensagem-do-papa-sobre-a-familia\/#respond"]}]},{"@type":"WebPage","@id":"https:\/\/www.oarcanjo.net\/site\/exortacao-apostolica-traz-a-mensagem-do-papa-sobre-a-familia\/","url":"https:\/\/www.oarcanjo.net\/site\/exortacao-apostolica-traz-a-mensagem-do-papa-sobre-a-familia\/","name":"Exorta\u00e7\u00e3o apost\u00f3lica traz a mensagem do Papa sobre a fam\u00edlia - O Arcanjo no ar","isPartOf":{"@id":"https:\/\/www.oarcanjo.net\/site\/#website"},"primaryImageOfPage":{"@id":"https:\/\/www.oarcanjo.net\/site\/exortacao-apostolica-traz-a-mensagem-do-papa-sobre-a-familia\/#primaryimage"},"image":{"@id":"https:\/\/www.oarcanjo.net\/site\/exortacao-apostolica-traz-a-mensagem-do-papa-sobre-a-familia\/#primaryimage"},"thumbnailUrl":"https:\/\/www.oarcanjo.net\/site\/wp-content\/uploads\/20160424Avisos.png","datePublished":"2016-04-25T01:48:30+00:00","dateModified":"2016-04-25T01:49:15+00:00","breadcrumb":{"@id":"https:\/\/www.oarcanjo.net\/site\/exortacao-apostolica-traz-a-mensagem-do-papa-sobre-a-familia\/#breadcrumb"},"inLanguage":"pt-BR","potentialAction":[{"@type":"ReadAction","target":["https:\/\/www.oarcanjo.net\/site\/exortacao-apostolica-traz-a-mensagem-do-papa-sobre-a-familia\/"]}]},{"@type":"ImageObject","inLanguage":"pt-BR","@id":"https:\/\/www.oarcanjo.net\/site\/exortacao-apostolica-traz-a-mensagem-do-papa-sobre-a-familia\/#primaryimage","url":"https:\/\/www.oarcanjo.net\/site\/wp-content\/uploads\/20160424Avisos.png","contentUrl":"https:\/\/www.oarcanjo.net\/site\/wp-content\/uploads\/20160424Avisos.png","width":1175,"height":661},{"@type":"BreadcrumbList","@id":"https:\/\/www.oarcanjo.net\/site\/exortacao-apostolica-traz-a-mensagem-do-papa-sobre-a-familia\/#breadcrumb","itemListElement":[{"@type":"ListItem","position":1,"name":"In\u00edcio","item":"https:\/\/www.oarcanjo.net\/site\/"},{"@type":"ListItem","position":2,"name":"Exorta\u00e7\u00e3o apost\u00f3lica traz a mensagem do Papa sobre a fam\u00edlia"}]},{"@type":"WebSite","@id":"https:\/\/www.oarcanjo.net\/site\/#website","url":"https:\/\/www.oarcanjo.net\/site\/","name":"O Arcanjo no ar","description":"Site da Par\u00f3quia S\u00e3o Miguel Arcanjo (Arquidiocese de SP)","publisher":{"@id":"https:\/\/www.oarcanjo.net\/site\/#organization"},"potentialAction":[{"@type":"SearchAction","target":{"@type":"EntryPoint","urlTemplate":"https:\/\/www.oarcanjo.net\/site\/?s={search_term_string}"},"query-input":{"@type":"PropertyValueSpecification","valueRequired":true,"valueName":"search_term_string"}}],"inLanguage":"pt-BR"},{"@type":"Organization","@id":"https:\/\/www.oarcanjo.net\/site\/#organization","name":"Par\u00f3quia S\u00e3o Miguel Arcanjo","url":"https:\/\/www.oarcanjo.net\/site\/","logo":{"@type":"ImageObject","inLanguage":"pt-BR","@id":"https:\/\/www.oarcanjo.net\/site\/#\/schema\/logo\/image\/","url":"https:\/\/www.oarcanjo.net\/site\/wp-content\/uploads\/LogoOArcanjo.png","contentUrl":"https:\/\/www.oarcanjo.net\/site\/wp-content\/uploads\/LogoOArcanjo.png","width":319,"height":99,"caption":"Par\u00f3quia S\u00e3o Miguel Arcanjo"},"image":{"@id":"https:\/\/www.oarcanjo.net\/site\/#\/schema\/logo\/image\/"},"sameAs":["https:\/\/www.facebook.com\/OArcanjoNoAr\/"]},{"@type":"Person","@id":"https:\/\/www.oarcanjo.net\/site\/#\/schema\/person\/f7024d007863202483a31326673a0838","name":"editor","sameAs":["http:\/\/www.oarcanjo.net"]}]}},"publishpress_future_action":{"enabled":false,"date":"2026-05-09 01:49:47","action":"category","newStatus":"draft","terms":[],"taxonomy":"category"},"publishpress_future_workflow_manual_trigger":{"enabledWorkflows":[]},"_links":{"self":[{"href":"https:\/\/www.oarcanjo.net\/site\/wp-json\/wp\/v2\/posts\/71021"}],"collection":[{"href":"https:\/\/www.oarcanjo.net\/site\/wp-json\/wp\/v2\/posts"}],"about":[{"href":"https:\/\/www.oarcanjo.net\/site\/wp-json\/wp\/v2\/types\/post"}],"author":[{"embeddable":true,"href":"https:\/\/www.oarcanjo.net\/site\/wp-json\/wp\/v2\/users\/5"}],"replies":[{"embeddable":true,"href":"https:\/\/www.oarcanjo.net\/site\/wp-json\/wp\/v2\/comments?post=71021"}],"version-history":[{"count":0,"href":"https:\/\/www.oarcanjo.net\/site\/wp-json\/wp\/v2\/posts\/71021\/revisions"}],"wp:featuredmedia":[{"embeddable":true,"href":"https:\/\/www.oarcanjo.net\/site\/wp-json\/wp\/v2\/media\/71022"}],"wp:attachment":[{"href":"https:\/\/www.oarcanjo.net\/site\/wp-json\/wp\/v2\/media?parent=71021"}],"wp:term":[{"taxonomy":"category","embeddable":true,"href":"https:\/\/www.oarcanjo.net\/site\/wp-json\/wp\/v2\/categories?post=71021"},{"taxonomy":"post_tag","embeddable":true,"href":"https:\/\/www.oarcanjo.net\/site\/wp-json\/wp\/v2\/tags?post=71021"}],"curies":[{"name":"wp","href":"https:\/\/api.w.org\/{rel}","templated":true}]}}