
{"id":7113,"date":"2017-01-05T00:14:43","date_gmt":"2017-01-05T02:14:43","guid":{"rendered":"http:\/\/www.oarcanjo.net\/site\/?p=7113"},"modified":"2016-12-27T06:06:00","modified_gmt":"2016-12-27T08:06:00","slug":"sao-joao-nepomuceno-neuman","status":"publish","type":"post","link":"https:\/\/www.oarcanjo.net\/site\/sao-joao-nepomuceno-neuman\/","title":{"rendered":"S\u00e3o Jo\u00e3o Nepomuceno Neuman"},"content":{"rendered":"<p><img decoding=\"async\" src=\"http:\/\/3.bp.blogspot.com\/_VsL8VkjSZWw\/SVwMgFNUdQI\/AAAAAAAAAqA\/rMLEL3s8t5M\/s400\/San_Giovanni_Nepomuceno_Neumann_B.jpg\" alt=\"\" \/><\/p>\n<p>5 de Janeiro<\/p>\n<p>Fundou a congrega\u00e7\u00e3o das Irm\u00e3s da Ordem Terceira de S\u00e3o Francisco<\/p>\n<p>O bispo da Filad\u00e9lfia, nasceu em Prachatitz, Bo\u00eamia, no dia 28 de mar\u00e7o de 1811, filho de Philip Neumann e Agnes Lebis. Freq\u00fcentou a escola em Budweis e l\u00e1 entrou para o semin\u00e1rio no ano 1831.<br \/>\nDois anos depois, passou para a universidade de Charles Ferdinand, em Praga, onde estudou teologia.<\/p>\n<p>Quando completou sua prepara\u00e7\u00e3o para o sacerd\u00f3cio em 1835,\u00a0 desejava ser ordenado; mas o bispo decidiu que n\u00e3o haveria mais ordena\u00e7\u00f5es l\u00e1. N\u00f3s achamos dif\u00edcil imaginar hoje que a Bo\u00eamia tivesse ent\u00e3o padres demais. Jo\u00e3o escreveu aos bispos de quase todo mundo, mas em todos lugares a mesma hist\u00f3ria: nenhum queria\u00a0 padres agora. Jo\u00e3o estava certo de sua voca\u00e7\u00e3o para o sacerd\u00f3cio, mas todas as portas pareciam se fechar para ele.<\/p>\n<p>Mas Jo\u00e3o n\u00e3o desistiu. Aprendeu ingl\u00eas trabalhando em uma f\u00e1brica, com trabalhadores de idioma ingl\u00eas. Deste modo, pode escrever aos bispos dos Estados Unidos. Finalmente, o bispo de Nova Iorque concordou em orden\u00e1-lo.<\/p>\n<p>Para responder ao chamado de Deus de ser padre, Jo\u00e3o teve de abandonar a fam\u00edlia para sempre e cruzar o oceano para entrar em uma terra distante e dif\u00edcil.<\/p>\n<p>Em Nova Iorque, Jo\u00e3o foi um dos 36 padres para mais de 200.000 cat\u00f3licos. Sua par\u00f3quia, a oeste de Nova York, se estendia desde o rio Ont\u00e1rio at\u00e9 a Pensilv\u00e2nia. A igreja dele n\u00e3o tinha torre nem era pavimentada. Mas isso n\u00e3o o preocupava muito, uma vez que Jo\u00e3o passava a maior parte de seu tempo visitando um povoado atr\u00e1s de outro, escalando montanhas, para visitar as pessoas doentes, para entrar nas cabanas e nas tabernas para ensinar e celebrar a missa, at\u00e9 na mesa da cozinha.<\/p>\n<p>Devido ao seu trabalho e por causa da dist\u00e2ncia da par\u00f3quia, Jo\u00e3o sonhava viver em uma comunidade: ingressou entre os redentoristas, uma Congrega\u00e7\u00e3o de padres e irm\u00e3os que se dedicavam em ajudar os pobres e os mais abandonados.<\/p>\n<p>Foi o primeiro padre que entrou na Congrega\u00e7\u00e3o na Am\u00e9rica; professou em Baltimore\u00a0 no dia 16 de janeiro de 1842.<\/p>\n<p>Desde o princ\u00edpio destacou-se como sendo uma pessoa altamente piedosa, por sua evidente santidade, por seu zelo e por sua amabilidade.<\/p>\n<p>O seu conhecimento de seis idiomas modernos o tornou particularmente apto para o trabalho na sociedade americana composta de muitas l\u00ednguas no s\u00e9culo dezenove.<\/p>\n<p>Depois de trabalhar em Baltimore e Pittsburgh, em 1847 foi nomeado Visitador ou Superior Maior dos redentoristas nos Estados Unidos.<\/p>\n<p>O Padre Frederic von Held, da Prov\u00edncia belga, \u00e0 qual pertenciam as casas americanas disse dele: &#8220;\u00c9 um grande homem que combina a piedade com uma personalidade forte e prudente&#8221;.<\/p>\n<p>Precisou destas qualidades durante os dois anos nos quais desempenhou o seu cargo, quando a funda\u00e7\u00e3o americana passava por um per\u00edodo dif\u00edcil de adapta\u00e7\u00e3o.<\/p>\n<p>Quando deixou o cargo para o Padre Bernard Hafkenscheid, os redentoristas dos Estados Unidos estavam melhor preparados para\u00a0 se tornarem uma Prov\u00edncia aut\u00f4noma, o que aconteceu em 1850.<\/p>\n<p>O Padre Neumann foi nomeado Bispo de Filad\u00e9lfia e foi ordenado bispo em Baltimore no dia 2 de marco de 1852. A diocese dele era muito grande e passava por\u00a0 um per\u00edodo de desenvolvimento consider\u00e1vel.<\/p>\n<p>Como bispo, foi o primeiro\u00a0 a organizar um sistema diocesano de escolas cat\u00f3licas. Fundador da educa\u00e7\u00e3o cat\u00f3lica no pa\u00eds, as escolas da sua diocese aumentaram de\u00a0 uns\u00a0 2%.<\/p>\n<p>Fundou as Irm\u00e3s da Ordem Terceira de S\u00e3o Francisco para ensinar nas escolas.<\/p>\n<p>Entre as mais de oitenta igrejas que construiu durante o seu bispado, deve ser mencionada a catedral de S\u00e3o Pedro e S\u00e3o Paulo que ele come\u00e7ou.<\/p>\n<p>S\u00e3o Jo\u00e3o Neumann era de estatura pequena, nunca teve uma sa\u00fade robusta, mas em sua vida teve uma grande atividade. Ele achou tempo para uma atividade liter\u00e1ria consider\u00e1vel, al\u00e9m das obriga\u00e7\u00f5es pastorais. Ele escreveu tamb\u00e9m numerosos artigos em revistas e jornais cat\u00f3licos; publicou dois catecismos e, em 1849, uma hist\u00f3ria da B\u00edblia para as escolas.<\/p>\n<p>Continuou\u00a0 esta atividade\u00a0 at\u00e9 o fim de sua vida.<\/p>\n<p>No dia 5 de janeiro de 1860 (com 48 anos de idade apenas) caiu na rua, em sua cidade episcopal e morreu antes que lhe pudessem administrar os \u00faltimos Sacramentos.<\/p>\n<p>Foi beatificado pelo Papa\u00a0 Paulo VI no dia 13 de outubro de 1963\u00a0 e canonizado pelo mesmo Papa no dia 17 de junho de 1977.<\/p>\n<div id=\"themify_builder_content-7113\" data-postid=\"7113\" class=\"themify_builder_content themify_builder_content-7113 themify_builder themify_builder_front\">\n\t<\/div>\n<!-- \/themify_builder_content -->","protected":false},"excerpt":{"rendered":"<p>5 de Janeiro Fundou a congrega\u00e7\u00e3o das Irm\u00e3s da Ordem Terceira de S\u00e3o Francisco O bispo da Filad\u00e9lfia, nasceu em Prachatitz, Bo\u00eamia, no dia 28 de mar\u00e7o de 1811, filho de Philip Neumann e Agnes Lebis. Freq\u00fcentou a escola em Budweis e l\u00e1 entrou para o semin\u00e1rio no ano 1831. Dois anos depois, passou para [&hellip;]<\/p>\n","protected":false},"author":14,"featured_media":0,"comment_status":"open","ping_status":"open","sticky":false,"template":"","format":"standard","meta":{"ngg_post_thumbnail":0,"footnotes":""},"categories":[186],"tags":[],"yoast_head":"<!-- This site is optimized with the Yoast SEO plugin v23.5 - https:\/\/yoast.com\/wordpress\/plugins\/seo\/ -->\n<title>S\u00e3o Jo\u00e3o Nepomuceno Neuman - O Arcanjo no ar<\/title>\n<meta name=\"robots\" content=\"index, follow, max-snippet:-1, max-image-preview:large, max-video-preview:-1\" \/>\n<link rel=\"canonical\" href=\"https:\/\/www.oarcanjo.net\/site\/sao-joao-nepomuceno-neuman\/\" \/>\n<meta property=\"og:locale\" content=\"pt_BR\" \/>\n<meta property=\"og:type\" content=\"article\" \/>\n<meta property=\"og:title\" content=\"S\u00e3o Jo\u00e3o Nepomuceno Neuman - O Arcanjo no ar\" \/>\n<meta property=\"og:description\" content=\"5 de Janeiro Fundou a congrega\u00e7\u00e3o das Irm\u00e3s da Ordem Terceira de S\u00e3o Francisco O bispo da Filad\u00e9lfia, nasceu em Prachatitz, Bo\u00eamia, no dia 28 de mar\u00e7o de 1811, filho de Philip Neumann e Agnes Lebis. Freq\u00fcentou a escola em Budweis e l\u00e1 entrou para o semin\u00e1rio no ano 1831. Dois anos depois, passou para [&hellip;]\" \/>\n<meta property=\"og:url\" content=\"https:\/\/www.oarcanjo.net\/site\/sao-joao-nepomuceno-neuman\/\" \/>\n<meta property=\"og:site_name\" content=\"O Arcanjo no ar\" \/>\n<meta property=\"article:publisher\" content=\"https:\/\/www.facebook.com\/OArcanjoNoAr\/\" \/>\n<meta property=\"article:published_time\" content=\"2017-01-05T02:14:43+00:00\" \/>\n<meta property=\"article:modified_time\" content=\"2016-12-27T08:06:00+00:00\" \/>\n<meta property=\"og:image\" content=\"http:\/\/3.bp.blogspot.com\/_VsL8VkjSZWw\/SVwMgFNUdQI\/AAAAAAAAAqA\/rMLEL3s8t5M\/s400\/San_Giovanni_Nepomuceno_Neumann_B.jpg\" \/>\n<meta name=\"author\" content=\"danilo\" \/>\n<meta name=\"twitter:card\" content=\"summary_large_image\" \/>\n<meta name=\"twitter:label1\" content=\"Escrito por\" \/>\n\t<meta name=\"twitter:data1\" content=\"danilo\" \/>\n\t<meta name=\"twitter:label2\" content=\"Est. tempo de leitura\" \/>\n\t<meta name=\"twitter:data2\" content=\"4 minutos\" \/>\n<script type=\"application\/ld+json\" class=\"yoast-schema-graph\">{\"@context\":\"https:\/\/schema.org\",\"@graph\":[{\"@type\":\"Article\",\"@id\":\"https:\/\/www.oarcanjo.net\/site\/sao-joao-nepomuceno-neuman\/#article\",\"isPartOf\":{\"@id\":\"https:\/\/www.oarcanjo.net\/site\/sao-joao-nepomuceno-neuman\/\"},\"author\":{\"name\":\"danilo\",\"@id\":\"https:\/\/www.oarcanjo.net\/site\/#\/schema\/person\/5eb9480bedd2f3c97e430ce128c29c6c\"},\"headline\":\"S\u00e3o Jo\u00e3o Nepomuceno Neuman\",\"datePublished\":\"2017-01-05T02:14:43+00:00\",\"dateModified\":\"2016-12-27T08:06:00+00:00\",\"mainEntityOfPage\":{\"@id\":\"https:\/\/www.oarcanjo.net\/site\/sao-joao-nepomuceno-neuman\/\"},\"wordCount\":772,\"commentCount\":0,\"publisher\":{\"@id\":\"https:\/\/www.oarcanjo.net\/site\/#organization\"},\"image\":{\"@id\":\"https:\/\/www.oarcanjo.net\/site\/sao-joao-nepomuceno-neuman\/#primaryimage\"},\"thumbnailUrl\":\"http:\/\/3.bp.blogspot.com\/_VsL8VkjSZWw\/SVwMgFNUdQI\/AAAAAAAAAqA\/rMLEL3s8t5M\/s400\/San_Giovanni_Nepomuceno_Neumann_B.jpg\",\"articleSection\":[\"Testemunhos\"],\"inLanguage\":\"pt-BR\",\"potentialAction\":[{\"@type\":\"CommentAction\",\"name\":\"Comment\",\"target\":[\"https:\/\/www.oarcanjo.net\/site\/sao-joao-nepomuceno-neuman\/#respond\"]}]},{\"@type\":\"WebPage\",\"@id\":\"https:\/\/www.oarcanjo.net\/site\/sao-joao-nepomuceno-neuman\/\",\"url\":\"https:\/\/www.oarcanjo.net\/site\/sao-joao-nepomuceno-neuman\/\",\"name\":\"S\u00e3o Jo\u00e3o Nepomuceno Neuman - O Arcanjo no ar\",\"isPartOf\":{\"@id\":\"https:\/\/www.oarcanjo.net\/site\/#website\"},\"primaryImageOfPage\":{\"@id\":\"https:\/\/www.oarcanjo.net\/site\/sao-joao-nepomuceno-neuman\/#primaryimage\"},\"image\":{\"@id\":\"https:\/\/www.oarcanjo.net\/site\/sao-joao-nepomuceno-neuman\/#primaryimage\"},\"thumbnailUrl\":\"http:\/\/3.bp.blogspot.com\/_VsL8VkjSZWw\/SVwMgFNUdQI\/AAAAAAAAAqA\/rMLEL3s8t5M\/s400\/San_Giovanni_Nepomuceno_Neumann_B.jpg\",\"datePublished\":\"2017-01-05T02:14:43+00:00\",\"dateModified\":\"2016-12-27T08:06:00+00:00\",\"breadcrumb\":{\"@id\":\"https:\/\/www.oarcanjo.net\/site\/sao-joao-nepomuceno-neuman\/#breadcrumb\"},\"inLanguage\":\"pt-BR\",\"potentialAction\":[{\"@type\":\"ReadAction\",\"target\":[\"https:\/\/www.oarcanjo.net\/site\/sao-joao-nepomuceno-neuman\/\"]}]},{\"@type\":\"ImageObject\",\"inLanguage\":\"pt-BR\",\"@id\":\"https:\/\/www.oarcanjo.net\/site\/sao-joao-nepomuceno-neuman\/#primaryimage\",\"url\":\"http:\/\/3.bp.blogspot.com\/_VsL8VkjSZWw\/SVwMgFNUdQI\/AAAAAAAAAqA\/rMLEL3s8t5M\/s400\/San_Giovanni_Nepomuceno_Neumann_B.jpg\",\"contentUrl\":\"http:\/\/3.bp.blogspot.com\/_VsL8VkjSZWw\/SVwMgFNUdQI\/AAAAAAAAAqA\/rMLEL3s8t5M\/s400\/San_Giovanni_Nepomuceno_Neumann_B.jpg\"},{\"@type\":\"BreadcrumbList\",\"@id\":\"https:\/\/www.oarcanjo.net\/site\/sao-joao-nepomuceno-neuman\/#breadcrumb\",\"itemListElement\":[{\"@type\":\"ListItem\",\"position\":1,\"name\":\"In\u00edcio\",\"item\":\"https:\/\/www.oarcanjo.net\/site\/\"},{\"@type\":\"ListItem\",\"position\":2,\"name\":\"S\u00e3o Jo\u00e3o Nepomuceno Neuman\"}]},{\"@type\":\"WebSite\",\"@id\":\"https:\/\/www.oarcanjo.net\/site\/#website\",\"url\":\"https:\/\/www.oarcanjo.net\/site\/\",\"name\":\"O Arcanjo no ar\",\"description\":\"Site da Par\u00f3quia S\u00e3o Miguel Arcanjo (Arquidiocese de SP)\",\"publisher\":{\"@id\":\"https:\/\/www.oarcanjo.net\/site\/#organization\"},\"potentialAction\":[{\"@type\":\"SearchAction\",\"target\":{\"@type\":\"EntryPoint\",\"urlTemplate\":\"https:\/\/www.oarcanjo.net\/site\/?s={search_term_string}\"},\"query-input\":{\"@type\":\"PropertyValueSpecification\",\"valueRequired\":true,\"valueName\":\"search_term_string\"}}],\"inLanguage\":\"pt-BR\"},{\"@type\":\"Organization\",\"@id\":\"https:\/\/www.oarcanjo.net\/site\/#organization\",\"name\":\"Par\u00f3quia S\u00e3o Miguel Arcanjo\",\"url\":\"https:\/\/www.oarcanjo.net\/site\/\",\"logo\":{\"@type\":\"ImageObject\",\"inLanguage\":\"pt-BR\",\"@id\":\"https:\/\/www.oarcanjo.net\/site\/#\/schema\/logo\/image\/\",\"url\":\"https:\/\/www.oarcanjo.net\/site\/wp-content\/uploads\/LogoOArcanjo.png\",\"contentUrl\":\"https:\/\/www.oarcanjo.net\/site\/wp-content\/uploads\/LogoOArcanjo.png\",\"width\":319,\"height\":99,\"caption\":\"Par\u00f3quia S\u00e3o Miguel Arcanjo\"},\"image\":{\"@id\":\"https:\/\/www.oarcanjo.net\/site\/#\/schema\/logo\/image\/\"},\"sameAs\":[\"https:\/\/www.facebook.com\/OArcanjoNoAr\/\"]},{\"@type\":\"Person\",\"@id\":\"https:\/\/www.oarcanjo.net\/site\/#\/schema\/person\/5eb9480bedd2f3c97e430ce128c29c6c\",\"name\":\"danilo\"}]}<\/script>\n<!-- \/ Yoast SEO plugin. -->","yoast_head_json":{"title":"S\u00e3o Jo\u00e3o Nepomuceno Neuman - O Arcanjo no ar","robots":{"index":"index","follow":"follow","max-snippet":"max-snippet:-1","max-image-preview":"max-image-preview:large","max-video-preview":"max-video-preview:-1"},"canonical":"https:\/\/www.oarcanjo.net\/site\/sao-joao-nepomuceno-neuman\/","og_locale":"pt_BR","og_type":"article","og_title":"S\u00e3o Jo\u00e3o Nepomuceno Neuman - O Arcanjo no ar","og_description":"5 de Janeiro Fundou a congrega\u00e7\u00e3o das Irm\u00e3s da Ordem Terceira de S\u00e3o Francisco O bispo da Filad\u00e9lfia, nasceu em Prachatitz, Bo\u00eamia, no dia 28 de mar\u00e7o de 1811, filho de Philip Neumann e Agnes Lebis. Freq\u00fcentou a escola em Budweis e l\u00e1 entrou para o semin\u00e1rio no ano 1831. Dois anos depois, passou para [&hellip;]","og_url":"https:\/\/www.oarcanjo.net\/site\/sao-joao-nepomuceno-neuman\/","og_site_name":"O Arcanjo no ar","article_publisher":"https:\/\/www.facebook.com\/OArcanjoNoAr\/","article_published_time":"2017-01-05T02:14:43+00:00","article_modified_time":"2016-12-27T08:06:00+00:00","og_image":[{"url":"http:\/\/3.bp.blogspot.com\/_VsL8VkjSZWw\/SVwMgFNUdQI\/AAAAAAAAAqA\/rMLEL3s8t5M\/s400\/San_Giovanni_Nepomuceno_Neumann_B.jpg"}],"author":"danilo","twitter_card":"summary_large_image","twitter_misc":{"Escrito por":"danilo","Est. tempo de leitura":"4 minutos"},"schema":{"@context":"https:\/\/schema.org","@graph":[{"@type":"Article","@id":"https:\/\/www.oarcanjo.net\/site\/sao-joao-nepomuceno-neuman\/#article","isPartOf":{"@id":"https:\/\/www.oarcanjo.net\/site\/sao-joao-nepomuceno-neuman\/"},"author":{"name":"danilo","@id":"https:\/\/www.oarcanjo.net\/site\/#\/schema\/person\/5eb9480bedd2f3c97e430ce128c29c6c"},"headline":"S\u00e3o Jo\u00e3o Nepomuceno Neuman","datePublished":"2017-01-05T02:14:43+00:00","dateModified":"2016-12-27T08:06:00+00:00","mainEntityOfPage":{"@id":"https:\/\/www.oarcanjo.net\/site\/sao-joao-nepomuceno-neuman\/"},"wordCount":772,"commentCount":0,"publisher":{"@id":"https:\/\/www.oarcanjo.net\/site\/#organization"},"image":{"@id":"https:\/\/www.oarcanjo.net\/site\/sao-joao-nepomuceno-neuman\/#primaryimage"},"thumbnailUrl":"http:\/\/3.bp.blogspot.com\/_VsL8VkjSZWw\/SVwMgFNUdQI\/AAAAAAAAAqA\/rMLEL3s8t5M\/s400\/San_Giovanni_Nepomuceno_Neumann_B.jpg","articleSection":["Testemunhos"],"inLanguage":"pt-BR","potentialAction":[{"@type":"CommentAction","name":"Comment","target":["https:\/\/www.oarcanjo.net\/site\/sao-joao-nepomuceno-neuman\/#respond"]}]},{"@type":"WebPage","@id":"https:\/\/www.oarcanjo.net\/site\/sao-joao-nepomuceno-neuman\/","url":"https:\/\/www.oarcanjo.net\/site\/sao-joao-nepomuceno-neuman\/","name":"S\u00e3o Jo\u00e3o Nepomuceno Neuman - O Arcanjo no ar","isPartOf":{"@id":"https:\/\/www.oarcanjo.net\/site\/#website"},"primaryImageOfPage":{"@id":"https:\/\/www.oarcanjo.net\/site\/sao-joao-nepomuceno-neuman\/#primaryimage"},"image":{"@id":"https:\/\/www.oarcanjo.net\/site\/sao-joao-nepomuceno-neuman\/#primaryimage"},"thumbnailUrl":"http:\/\/3.bp.blogspot.com\/_VsL8VkjSZWw\/SVwMgFNUdQI\/AAAAAAAAAqA\/rMLEL3s8t5M\/s400\/San_Giovanni_Nepomuceno_Neumann_B.jpg","datePublished":"2017-01-05T02:14:43+00:00","dateModified":"2016-12-27T08:06:00+00:00","breadcrumb":{"@id":"https:\/\/www.oarcanjo.net\/site\/sao-joao-nepomuceno-neuman\/#breadcrumb"},"inLanguage":"pt-BR","potentialAction":[{"@type":"ReadAction","target":["https:\/\/www.oarcanjo.net\/site\/sao-joao-nepomuceno-neuman\/"]}]},{"@type":"ImageObject","inLanguage":"pt-BR","@id":"https:\/\/www.oarcanjo.net\/site\/sao-joao-nepomuceno-neuman\/#primaryimage","url":"http:\/\/3.bp.blogspot.com\/_VsL8VkjSZWw\/SVwMgFNUdQI\/AAAAAAAAAqA\/rMLEL3s8t5M\/s400\/San_Giovanni_Nepomuceno_Neumann_B.jpg","contentUrl":"http:\/\/3.bp.blogspot.com\/_VsL8VkjSZWw\/SVwMgFNUdQI\/AAAAAAAAAqA\/rMLEL3s8t5M\/s400\/San_Giovanni_Nepomuceno_Neumann_B.jpg"},{"@type":"BreadcrumbList","@id":"https:\/\/www.oarcanjo.net\/site\/sao-joao-nepomuceno-neuman\/#breadcrumb","itemListElement":[{"@type":"ListItem","position":1,"name":"In\u00edcio","item":"https:\/\/www.oarcanjo.net\/site\/"},{"@type":"ListItem","position":2,"name":"S\u00e3o Jo\u00e3o Nepomuceno Neuman"}]},{"@type":"WebSite","@id":"https:\/\/www.oarcanjo.net\/site\/#website","url":"https:\/\/www.oarcanjo.net\/site\/","name":"O Arcanjo no ar","description":"Site da Par\u00f3quia S\u00e3o Miguel Arcanjo (Arquidiocese de SP)","publisher":{"@id":"https:\/\/www.oarcanjo.net\/site\/#organization"},"potentialAction":[{"@type":"SearchAction","target":{"@type":"EntryPoint","urlTemplate":"https:\/\/www.oarcanjo.net\/site\/?s={search_term_string}"},"query-input":{"@type":"PropertyValueSpecification","valueRequired":true,"valueName":"search_term_string"}}],"inLanguage":"pt-BR"},{"@type":"Organization","@id":"https:\/\/www.oarcanjo.net\/site\/#organization","name":"Par\u00f3quia S\u00e3o Miguel Arcanjo","url":"https:\/\/www.oarcanjo.net\/site\/","logo":{"@type":"ImageObject","inLanguage":"pt-BR","@id":"https:\/\/www.oarcanjo.net\/site\/#\/schema\/logo\/image\/","url":"https:\/\/www.oarcanjo.net\/site\/wp-content\/uploads\/LogoOArcanjo.png","contentUrl":"https:\/\/www.oarcanjo.net\/site\/wp-content\/uploads\/LogoOArcanjo.png","width":319,"height":99,"caption":"Par\u00f3quia S\u00e3o Miguel Arcanjo"},"image":{"@id":"https:\/\/www.oarcanjo.net\/site\/#\/schema\/logo\/image\/"},"sameAs":["https:\/\/www.facebook.com\/OArcanjoNoAr\/"]},{"@type":"Person","@id":"https:\/\/www.oarcanjo.net\/site\/#\/schema\/person\/5eb9480bedd2f3c97e430ce128c29c6c","name":"danilo"}]}},"publishpress_future_action":{"enabled":false,"date":"2026-05-08 23:46:58","action":"category","newStatus":"draft","terms":[],"taxonomy":"category"},"publishpress_future_workflow_manual_trigger":{"enabledWorkflows":[]},"_links":{"self":[{"href":"https:\/\/www.oarcanjo.net\/site\/wp-json\/wp\/v2\/posts\/7113"}],"collection":[{"href":"https:\/\/www.oarcanjo.net\/site\/wp-json\/wp\/v2\/posts"}],"about":[{"href":"https:\/\/www.oarcanjo.net\/site\/wp-json\/wp\/v2\/types\/post"}],"author":[{"embeddable":true,"href":"https:\/\/www.oarcanjo.net\/site\/wp-json\/wp\/v2\/users\/14"}],"replies":[{"embeddable":true,"href":"https:\/\/www.oarcanjo.net\/site\/wp-json\/wp\/v2\/comments?post=7113"}],"version-history":[{"count":0,"href":"https:\/\/www.oarcanjo.net\/site\/wp-json\/wp\/v2\/posts\/7113\/revisions"}],"wp:attachment":[{"href":"https:\/\/www.oarcanjo.net\/site\/wp-json\/wp\/v2\/media?parent=7113"}],"wp:term":[{"taxonomy":"category","embeddable":true,"href":"https:\/\/www.oarcanjo.net\/site\/wp-json\/wp\/v2\/categories?post=7113"},{"taxonomy":"post_tag","embeddable":true,"href":"https:\/\/www.oarcanjo.net\/site\/wp-json\/wp\/v2\/tags?post=7113"}],"curies":[{"name":"wp","href":"https:\/\/api.w.org\/{rel}","templated":true}]}}