
{"id":7117,"date":"2017-01-05T00:00:35","date_gmt":"2017-01-05T02:00:35","guid":{"rendered":"http:\/\/www.oarcanjo.net\/site\/?p=7117"},"modified":"2016-12-27T06:06:45","modified_gmt":"2016-12-27T08:06:45","slug":"sao-simeao","status":"publish","type":"post","link":"https:\/\/www.oarcanjo.net\/site\/sao-simeao\/","title":{"rendered":"S\u00e3o Sime\u00e3o"},"content":{"rendered":"<p><img loading=\"lazy\" decoding=\"async\" src=\"http:\/\/i19.photobucket.com\/albums\/b159\/panotea\/simeon.jpg\" alt=\"simeon.jpg image by panotea\" width=\"183\" height=\"233\" \/><\/p>\n<p>5 de Janeiro<\/p>\n<p>Sime\u00e3o nasceu em 390, na cidade de Cil\u00edcia, atual S\u00edria. Sua fam\u00edlia era humilde e muito religiosa. At\u00e9 a adolesc\u00eancia trabalhou como ajudante de seu pai no trato do gado. Era um jovem muito inteligente e perspicaz, possu\u00eda um temperamento dram\u00e1tico e as vezes exagerado, mesmo preferindo a vida solit\u00e1ria. Tinha o h\u00e1bito de ler o Evangelho, enquanto cuidava do rebanho, depois ia pedir explica\u00e7\u00f5es a um velho sacerdote que j\u00e1 percebera a voca\u00e7\u00e3o mon\u00e1stica de Sime\u00e3o.<\/p>\n<p>Certo dia, durante o serm\u00e3o de uma missa, o sacerdote falou sobre a vida dos santos e fi\u00e9is. Explicou que a ora\u00e7\u00e3o cont\u00ednua, a vig\u00edlia, o jejum, a humilha\u00e7\u00e3o e o sofrimento eram o caminho para a verdadeira felicidade, junto ao Pai Eterno. Sime\u00e3o neste momento, sentiu que queria se devotar completamente a Deus.<\/p>\n<p>Seguindo o seu \u00edntimo, se dirigiu para o mosteiro mais pr\u00f3ximo e, depois de passar alguns dias jejuando na porta, foi admitido pelos monges. N\u00e3o ficou muito tempo porque at\u00e9 os monges acostumados \u00e0s penitencias mais severas, ficaram assustados com os castigos que Sime\u00e3o se impunha. No final de dois anos foi dispensado da comunidade.<\/p>\n<p>Ent\u00e3o, foi para o severo mosteiro de Heliodoro, onde aumentou ainda mais suas penit\u00eancias. Al\u00ed permaneceu durante dez anos. O seu exemplo preocupava o superior da comunidade. Entretanto, Sime\u00e3o decidiu amarrar uma corda \u00e1spera no corpo todo, para aumentar ainda mais o seu sofrimento. Esta atitude come\u00e7ou a chamar a aten\u00e7\u00e3o dos outros religiosos. Por isto, o superior o convidou a deixar o mosteiro, para impedir que outros monges resolvessem seguir o exemplo desta penit\u00eancia.<\/p>\n<p>Sime\u00e3o decidiu ser um ermit\u00e3o. Seguiu rumo ao topo do Monte Tesalissa, onde existia uma comunidade de pessoas que viviam isoladas e rezando. Morou ali, fazendo abstin\u00eancia total durante quarenta dias, n\u00e3o apenas na Quaresma. Depois, de tr\u00eas anos foi para o ponto mais alto e construiu um claustro com pedras sem teto e se acorrentou no pesco\u00e7o e no p\u00e9 direito, prendendo a outra ponta da pesada corrente numa rocha. Ao saber da situa\u00e7\u00e3o o vig\u00e1rio, o aconselhou a apenas alimentar sua for\u00e7a de vontade e deixar o exagero de lado, no que Sime\u00e3o obedeceu.<\/p>\n<p>A partir de ent\u00e3o, Sime\u00e3o era chamano de &#8220;o estilista&#8221;, que vem da palavra grega sytilos e que significa coluna. Seus atos atraiam muitos fi\u00e9is ao local, que desejavam ouvir seus conselhos, seus discursos sobre o Evangelho e pedir por seus prod\u00edgios. Por sete anos converteu muitos pag\u00e3os, mas precisava de mais isolamento. Ent\u00e3o Sime\u00e3o decidiu construir uma coluna alta com uma base em cima para morar. De tempo em tempo, ele aumentava a altura da coluna, que atingiu a altura de dezoito metros no final dos vinte e sete anos vividos ali.<\/p>\n<p>Sime\u00e3o morreu sobre o local em posi\u00e7\u00e3o de ora\u00e7\u00e3o, no dia 5 de janeiro de 453. Sua festa acontece neste dia, desde o ano em que morreu, e se propagou por todo o mundo cat\u00f3lico com muita rapidez. A Igreja o canonizou e manteve a data da sua comemora\u00e7\u00e3o.<\/p>\n<div id=\"themify_builder_content-7117\" data-postid=\"7117\" class=\"themify_builder_content themify_builder_content-7117 themify_builder themify_builder_front\">\n\t<\/div>\n<!-- \/themify_builder_content -->","protected":false},"excerpt":{"rendered":"<p>5 de Janeiro Sime\u00e3o nasceu em 390, na cidade de Cil\u00edcia, atual S\u00edria. Sua fam\u00edlia era humilde e muito religiosa. At\u00e9 a adolesc\u00eancia trabalhou como ajudante de seu pai no trato do gado. Era um jovem muito inteligente e perspicaz, possu\u00eda um temperamento dram\u00e1tico e as vezes exagerado, mesmo preferindo a vida solit\u00e1ria. Tinha o [&hellip;]<\/p>\n","protected":false},"author":14,"featured_media":0,"comment_status":"open","ping_status":"open","sticky":false,"template":"","format":"standard","meta":{"ngg_post_thumbnail":0,"footnotes":""},"categories":[186],"tags":[],"yoast_head":"<!-- This site is optimized with the Yoast SEO plugin v23.5 - https:\/\/yoast.com\/wordpress\/plugins\/seo\/ -->\n<title>S\u00e3o Sime\u00e3o - O Arcanjo no ar<\/title>\n<meta name=\"robots\" content=\"index, follow, max-snippet:-1, max-image-preview:large, max-video-preview:-1\" \/>\n<link rel=\"canonical\" href=\"https:\/\/www.oarcanjo.net\/site\/sao-simeao\/\" \/>\n<meta property=\"og:locale\" content=\"pt_BR\" \/>\n<meta property=\"og:type\" content=\"article\" \/>\n<meta property=\"og:title\" content=\"S\u00e3o Sime\u00e3o - O Arcanjo no ar\" \/>\n<meta property=\"og:description\" content=\"5 de Janeiro Sime\u00e3o nasceu em 390, na cidade de Cil\u00edcia, atual S\u00edria. Sua fam\u00edlia era humilde e muito religiosa. At\u00e9 a adolesc\u00eancia trabalhou como ajudante de seu pai no trato do gado. Era um jovem muito inteligente e perspicaz, possu\u00eda um temperamento dram\u00e1tico e as vezes exagerado, mesmo preferindo a vida solit\u00e1ria. Tinha o [&hellip;]\" \/>\n<meta property=\"og:url\" content=\"https:\/\/www.oarcanjo.net\/site\/sao-simeao\/\" \/>\n<meta property=\"og:site_name\" content=\"O Arcanjo no ar\" \/>\n<meta property=\"article:publisher\" content=\"https:\/\/www.facebook.com\/OArcanjoNoAr\/\" \/>\n<meta property=\"article:published_time\" content=\"2017-01-05T02:00:35+00:00\" \/>\n<meta property=\"article:modified_time\" content=\"2016-12-27T08:06:45+00:00\" \/>\n<meta property=\"og:image\" content=\"http:\/\/i19.photobucket.com\/albums\/b159\/panotea\/simeon.jpg\" \/>\n<meta name=\"author\" content=\"danilo\" \/>\n<meta name=\"twitter:card\" content=\"summary_large_image\" \/>\n<meta name=\"twitter:label1\" content=\"Escrito por\" \/>\n\t<meta name=\"twitter:data1\" content=\"danilo\" \/>\n\t<meta name=\"twitter:label2\" content=\"Est. tempo de leitura\" \/>\n\t<meta name=\"twitter:data2\" content=\"3 minutos\" \/>\n<script type=\"application\/ld+json\" class=\"yoast-schema-graph\">{\"@context\":\"https:\/\/schema.org\",\"@graph\":[{\"@type\":\"Article\",\"@id\":\"https:\/\/www.oarcanjo.net\/site\/sao-simeao\/#article\",\"isPartOf\":{\"@id\":\"https:\/\/www.oarcanjo.net\/site\/sao-simeao\/\"},\"author\":{\"name\":\"danilo\",\"@id\":\"https:\/\/www.oarcanjo.net\/site\/#\/schema\/person\/5eb9480bedd2f3c97e430ce128c29c6c\"},\"headline\":\"S\u00e3o Sime\u00e3o\",\"datePublished\":\"2017-01-05T02:00:35+00:00\",\"dateModified\":\"2016-12-27T08:06:45+00:00\",\"mainEntityOfPage\":{\"@id\":\"https:\/\/www.oarcanjo.net\/site\/sao-simeao\/\"},\"wordCount\":553,\"commentCount\":0,\"publisher\":{\"@id\":\"https:\/\/www.oarcanjo.net\/site\/#organization\"},\"image\":{\"@id\":\"https:\/\/www.oarcanjo.net\/site\/sao-simeao\/#primaryimage\"},\"thumbnailUrl\":\"http:\/\/i19.photobucket.com\/albums\/b159\/panotea\/simeon.jpg\",\"articleSection\":[\"Testemunhos\"],\"inLanguage\":\"pt-BR\",\"potentialAction\":[{\"@type\":\"CommentAction\",\"name\":\"Comment\",\"target\":[\"https:\/\/www.oarcanjo.net\/site\/sao-simeao\/#respond\"]}]},{\"@type\":\"WebPage\",\"@id\":\"https:\/\/www.oarcanjo.net\/site\/sao-simeao\/\",\"url\":\"https:\/\/www.oarcanjo.net\/site\/sao-simeao\/\",\"name\":\"S\u00e3o Sime\u00e3o - O Arcanjo no ar\",\"isPartOf\":{\"@id\":\"https:\/\/www.oarcanjo.net\/site\/#website\"},\"primaryImageOfPage\":{\"@id\":\"https:\/\/www.oarcanjo.net\/site\/sao-simeao\/#primaryimage\"},\"image\":{\"@id\":\"https:\/\/www.oarcanjo.net\/site\/sao-simeao\/#primaryimage\"},\"thumbnailUrl\":\"http:\/\/i19.photobucket.com\/albums\/b159\/panotea\/simeon.jpg\",\"datePublished\":\"2017-01-05T02:00:35+00:00\",\"dateModified\":\"2016-12-27T08:06:45+00:00\",\"breadcrumb\":{\"@id\":\"https:\/\/www.oarcanjo.net\/site\/sao-simeao\/#breadcrumb\"},\"inLanguage\":\"pt-BR\",\"potentialAction\":[{\"@type\":\"ReadAction\",\"target\":[\"https:\/\/www.oarcanjo.net\/site\/sao-simeao\/\"]}]},{\"@type\":\"ImageObject\",\"inLanguage\":\"pt-BR\",\"@id\":\"https:\/\/www.oarcanjo.net\/site\/sao-simeao\/#primaryimage\",\"url\":\"http:\/\/i19.photobucket.com\/albums\/b159\/panotea\/simeon.jpg\",\"contentUrl\":\"http:\/\/i19.photobucket.com\/albums\/b159\/panotea\/simeon.jpg\"},{\"@type\":\"BreadcrumbList\",\"@id\":\"https:\/\/www.oarcanjo.net\/site\/sao-simeao\/#breadcrumb\",\"itemListElement\":[{\"@type\":\"ListItem\",\"position\":1,\"name\":\"In\u00edcio\",\"item\":\"https:\/\/www.oarcanjo.net\/site\/\"},{\"@type\":\"ListItem\",\"position\":2,\"name\":\"S\u00e3o Sime\u00e3o\"}]},{\"@type\":\"WebSite\",\"@id\":\"https:\/\/www.oarcanjo.net\/site\/#website\",\"url\":\"https:\/\/www.oarcanjo.net\/site\/\",\"name\":\"O Arcanjo no ar\",\"description\":\"Site da Par\u00f3quia S\u00e3o Miguel Arcanjo (Arquidiocese de SP)\",\"publisher\":{\"@id\":\"https:\/\/www.oarcanjo.net\/site\/#organization\"},\"potentialAction\":[{\"@type\":\"SearchAction\",\"target\":{\"@type\":\"EntryPoint\",\"urlTemplate\":\"https:\/\/www.oarcanjo.net\/site\/?s={search_term_string}\"},\"query-input\":{\"@type\":\"PropertyValueSpecification\",\"valueRequired\":true,\"valueName\":\"search_term_string\"}}],\"inLanguage\":\"pt-BR\"},{\"@type\":\"Organization\",\"@id\":\"https:\/\/www.oarcanjo.net\/site\/#organization\",\"name\":\"Par\u00f3quia S\u00e3o Miguel Arcanjo\",\"url\":\"https:\/\/www.oarcanjo.net\/site\/\",\"logo\":{\"@type\":\"ImageObject\",\"inLanguage\":\"pt-BR\",\"@id\":\"https:\/\/www.oarcanjo.net\/site\/#\/schema\/logo\/image\/\",\"url\":\"https:\/\/www.oarcanjo.net\/site\/wp-content\/uploads\/LogoOArcanjo.png\",\"contentUrl\":\"https:\/\/www.oarcanjo.net\/site\/wp-content\/uploads\/LogoOArcanjo.png\",\"width\":319,\"height\":99,\"caption\":\"Par\u00f3quia S\u00e3o Miguel Arcanjo\"},\"image\":{\"@id\":\"https:\/\/www.oarcanjo.net\/site\/#\/schema\/logo\/image\/\"},\"sameAs\":[\"https:\/\/www.facebook.com\/OArcanjoNoAr\/\"]},{\"@type\":\"Person\",\"@id\":\"https:\/\/www.oarcanjo.net\/site\/#\/schema\/person\/5eb9480bedd2f3c97e430ce128c29c6c\",\"name\":\"danilo\"}]}<\/script>\n<!-- \/ Yoast SEO plugin. -->","yoast_head_json":{"title":"S\u00e3o Sime\u00e3o - O Arcanjo no ar","robots":{"index":"index","follow":"follow","max-snippet":"max-snippet:-1","max-image-preview":"max-image-preview:large","max-video-preview":"max-video-preview:-1"},"canonical":"https:\/\/www.oarcanjo.net\/site\/sao-simeao\/","og_locale":"pt_BR","og_type":"article","og_title":"S\u00e3o Sime\u00e3o - O Arcanjo no ar","og_description":"5 de Janeiro Sime\u00e3o nasceu em 390, na cidade de Cil\u00edcia, atual S\u00edria. Sua fam\u00edlia era humilde e muito religiosa. At\u00e9 a adolesc\u00eancia trabalhou como ajudante de seu pai no trato do gado. Era um jovem muito inteligente e perspicaz, possu\u00eda um temperamento dram\u00e1tico e as vezes exagerado, mesmo preferindo a vida solit\u00e1ria. Tinha o [&hellip;]","og_url":"https:\/\/www.oarcanjo.net\/site\/sao-simeao\/","og_site_name":"O Arcanjo no ar","article_publisher":"https:\/\/www.facebook.com\/OArcanjoNoAr\/","article_published_time":"2017-01-05T02:00:35+00:00","article_modified_time":"2016-12-27T08:06:45+00:00","og_image":[{"url":"http:\/\/i19.photobucket.com\/albums\/b159\/panotea\/simeon.jpg"}],"author":"danilo","twitter_card":"summary_large_image","twitter_misc":{"Escrito por":"danilo","Est. tempo de leitura":"3 minutos"},"schema":{"@context":"https:\/\/schema.org","@graph":[{"@type":"Article","@id":"https:\/\/www.oarcanjo.net\/site\/sao-simeao\/#article","isPartOf":{"@id":"https:\/\/www.oarcanjo.net\/site\/sao-simeao\/"},"author":{"name":"danilo","@id":"https:\/\/www.oarcanjo.net\/site\/#\/schema\/person\/5eb9480bedd2f3c97e430ce128c29c6c"},"headline":"S\u00e3o Sime\u00e3o","datePublished":"2017-01-05T02:00:35+00:00","dateModified":"2016-12-27T08:06:45+00:00","mainEntityOfPage":{"@id":"https:\/\/www.oarcanjo.net\/site\/sao-simeao\/"},"wordCount":553,"commentCount":0,"publisher":{"@id":"https:\/\/www.oarcanjo.net\/site\/#organization"},"image":{"@id":"https:\/\/www.oarcanjo.net\/site\/sao-simeao\/#primaryimage"},"thumbnailUrl":"http:\/\/i19.photobucket.com\/albums\/b159\/panotea\/simeon.jpg","articleSection":["Testemunhos"],"inLanguage":"pt-BR","potentialAction":[{"@type":"CommentAction","name":"Comment","target":["https:\/\/www.oarcanjo.net\/site\/sao-simeao\/#respond"]}]},{"@type":"WebPage","@id":"https:\/\/www.oarcanjo.net\/site\/sao-simeao\/","url":"https:\/\/www.oarcanjo.net\/site\/sao-simeao\/","name":"S\u00e3o Sime\u00e3o - O Arcanjo no ar","isPartOf":{"@id":"https:\/\/www.oarcanjo.net\/site\/#website"},"primaryImageOfPage":{"@id":"https:\/\/www.oarcanjo.net\/site\/sao-simeao\/#primaryimage"},"image":{"@id":"https:\/\/www.oarcanjo.net\/site\/sao-simeao\/#primaryimage"},"thumbnailUrl":"http:\/\/i19.photobucket.com\/albums\/b159\/panotea\/simeon.jpg","datePublished":"2017-01-05T02:00:35+00:00","dateModified":"2016-12-27T08:06:45+00:00","breadcrumb":{"@id":"https:\/\/www.oarcanjo.net\/site\/sao-simeao\/#breadcrumb"},"inLanguage":"pt-BR","potentialAction":[{"@type":"ReadAction","target":["https:\/\/www.oarcanjo.net\/site\/sao-simeao\/"]}]},{"@type":"ImageObject","inLanguage":"pt-BR","@id":"https:\/\/www.oarcanjo.net\/site\/sao-simeao\/#primaryimage","url":"http:\/\/i19.photobucket.com\/albums\/b159\/panotea\/simeon.jpg","contentUrl":"http:\/\/i19.photobucket.com\/albums\/b159\/panotea\/simeon.jpg"},{"@type":"BreadcrumbList","@id":"https:\/\/www.oarcanjo.net\/site\/sao-simeao\/#breadcrumb","itemListElement":[{"@type":"ListItem","position":1,"name":"In\u00edcio","item":"https:\/\/www.oarcanjo.net\/site\/"},{"@type":"ListItem","position":2,"name":"S\u00e3o Sime\u00e3o"}]},{"@type":"WebSite","@id":"https:\/\/www.oarcanjo.net\/site\/#website","url":"https:\/\/www.oarcanjo.net\/site\/","name":"O Arcanjo no ar","description":"Site da Par\u00f3quia S\u00e3o Miguel Arcanjo (Arquidiocese de SP)","publisher":{"@id":"https:\/\/www.oarcanjo.net\/site\/#organization"},"potentialAction":[{"@type":"SearchAction","target":{"@type":"EntryPoint","urlTemplate":"https:\/\/www.oarcanjo.net\/site\/?s={search_term_string}"},"query-input":{"@type":"PropertyValueSpecification","valueRequired":true,"valueName":"search_term_string"}}],"inLanguage":"pt-BR"},{"@type":"Organization","@id":"https:\/\/www.oarcanjo.net\/site\/#organization","name":"Par\u00f3quia S\u00e3o Miguel Arcanjo","url":"https:\/\/www.oarcanjo.net\/site\/","logo":{"@type":"ImageObject","inLanguage":"pt-BR","@id":"https:\/\/www.oarcanjo.net\/site\/#\/schema\/logo\/image\/","url":"https:\/\/www.oarcanjo.net\/site\/wp-content\/uploads\/LogoOArcanjo.png","contentUrl":"https:\/\/www.oarcanjo.net\/site\/wp-content\/uploads\/LogoOArcanjo.png","width":319,"height":99,"caption":"Par\u00f3quia S\u00e3o Miguel Arcanjo"},"image":{"@id":"https:\/\/www.oarcanjo.net\/site\/#\/schema\/logo\/image\/"},"sameAs":["https:\/\/www.facebook.com\/OArcanjoNoAr\/"]},{"@type":"Person","@id":"https:\/\/www.oarcanjo.net\/site\/#\/schema\/person\/5eb9480bedd2f3c97e430ce128c29c6c","name":"danilo"}]}},"publishpress_future_action":{"enabled":false,"date":"2026-05-08 20:59:50","action":"category","newStatus":"draft","terms":[],"taxonomy":"category"},"publishpress_future_workflow_manual_trigger":{"enabledWorkflows":[]},"_links":{"self":[{"href":"https:\/\/www.oarcanjo.net\/site\/wp-json\/wp\/v2\/posts\/7117"}],"collection":[{"href":"https:\/\/www.oarcanjo.net\/site\/wp-json\/wp\/v2\/posts"}],"about":[{"href":"https:\/\/www.oarcanjo.net\/site\/wp-json\/wp\/v2\/types\/post"}],"author":[{"embeddable":true,"href":"https:\/\/www.oarcanjo.net\/site\/wp-json\/wp\/v2\/users\/14"}],"replies":[{"embeddable":true,"href":"https:\/\/www.oarcanjo.net\/site\/wp-json\/wp\/v2\/comments?post=7117"}],"version-history":[{"count":0,"href":"https:\/\/www.oarcanjo.net\/site\/wp-json\/wp\/v2\/posts\/7117\/revisions"}],"wp:attachment":[{"href":"https:\/\/www.oarcanjo.net\/site\/wp-json\/wp\/v2\/media?parent=7117"}],"wp:term":[{"taxonomy":"category","embeddable":true,"href":"https:\/\/www.oarcanjo.net\/site\/wp-json\/wp\/v2\/categories?post=7117"},{"taxonomy":"post_tag","embeddable":true,"href":"https:\/\/www.oarcanjo.net\/site\/wp-json\/wp\/v2\/tags?post=7117"}],"curies":[{"name":"wp","href":"https:\/\/api.w.org\/{rel}","templated":true}]}}