
{"id":7119,"date":"2017-01-05T00:04:12","date_gmt":"2017-01-05T02:04:12","guid":{"rendered":"http:\/\/www.oarcanjo.net\/site\/?p=7119"},"modified":"2016-12-27T06:06:08","modified_gmt":"2016-12-27T08:06:08","slug":"santa-emiliana","status":"publish","type":"post","link":"https:\/\/www.oarcanjo.net\/site\/santa-emiliana\/","title":{"rendered":"Santa Emiliana"},"content":{"rendered":"<p><img loading=\"lazy\" decoding=\"async\" src=\"http:\/\/www.prestservi.com.br\/diaconoalfredo\/santos\/e\/emiliana.gif\" border=\"0\" alt=\"\" width=\"164\" height=\"243\" \/><\/p>\n<p>5 de Janeiro<\/p>\n<p>Emiliana era uma das tias paternas de Greg\u00f3rio Magno, que foi papa entre 590 a 604. As outras eram Tarsila e Jord\u00e2na. Elas pertenciam a uma das fam\u00edlias mais ilustres de Roma. Entre seus av\u00f3s est\u00e3o o imperador Ol\u00edvio, o papa S\u00e3o F\u00e9lix III. O senador Jord\u00e3o era seu irm\u00e3o e pai de Greg\u00f3rio Magno.<\/p>\n<p>Por\u00e9m de Emiliana se tem pouqu\u00edssima informa\u00e7\u00e3o. Muito menos do que se conhece sobre sua irm\u00e3 Tarsila e talvez um pouco mais que Jord\u00e2na. O seu nome foi encontrado no s\u00e9culo onze, no Martirologio local e depois do Conc\u00edlio de Trento, foi inserido no oficial da Igreja. A \u00fanica fonte genu\u00edna sobre sua vida foi os relatos do seu sobrinho, o papa Greg\u00f3rio Magno. Mas, ele registrava a vida dos parentes com muito poucos dados e apenas quando lhe serviam como exemplos concretos, para tornar mais eficiente o seu ensinamento.<\/p>\n<p>Emiliana e as irm\u00e3s ajudaram a cunhada S\u00edlvia no nascimento do pequeno Greg\u00f3rio, que sempre teve sa\u00fade fr\u00e1gil. Depois, enquanto viveram, o acompanharam nos estudos e nos trabalhos. Greg\u00f3rio, ainda jovem, se tornou chefe da administra\u00e7\u00e3o civil de Roma. Mais tarde, se tornou embaixador do papa Pel\u00e1gio II e ao mesmo tempo monge, guia de uma pequena comunidade religiosa, recolhida em sua resid\u00eancia na cidade de C\u00e9lio. De l\u00e1 Greg\u00f3rio saiu para ser papa.<\/p>\n<p>Neste per\u00edodo Tarsila havia se tornado uma freira voltada para a vida reclusa e Jord\u00e2na se casou. Emiliana tamb\u00e9m se tornou freira, seguiu a linha das religiosas ocidentais, ou seja, n\u00e3o isolada na reclus\u00e3o espiritual, mas dedicada \u00e0 vida comunit\u00e1ria de ajuda aos doentes e necessitados, voltada para a castidade e as ora\u00e7\u00f5es cont\u00ednuas.<\/p>\n<p>Neste terr\u00edvel s\u00e9culo VI, cheio de sobressaltos da natureza, com terremotos, pestes, guerras, invas\u00f5es e um cont\u00ednuo afluir de miser\u00e1veis em Roma; a caridade se tornava tarefa habitual tamb\u00e9m para as irm\u00e3s freiras. Trabalhavam em dupla, Tarsila reclusa guiando e comandando, enquanto Emiliana atuava junto \u00e0 popula\u00e7\u00e3o pobre e aos doentes.<\/p>\n<p>Emiliana, segundo registrou o papa Greg\u00f3rio Magno, foi uma das mais atuantes religiosas e de quem os exemplos \u00e0 dedica\u00e7\u00e3o a Cristo deviam ser copiados, pois amava o pr\u00f3ximo verdadeiramente atrav\u00e9s da caridade evang\u00e9lica e tendo Jesus como seu eterno esposo.<\/p>\n<p>Existiu apenas um fato prodigioso na sua vida relatado por Greg\u00f3rio Magno. Ele afirmou que dias ap\u00f3s a morte da irm\u00e3, a tia Emiliana ouviu a voz dela dizendo: &#8220;Passei o Natal sem voce, mas quero que venha festejar comigo a Epifania&#8221;. De fato, Emiliana, morreu no dia 5 de janeiro, sucessivo \u00e0 morte de Tarsila, na v\u00e9spera da comemora\u00e7\u00e3o dos Reis Magos.<\/p>\n<p>Conforme consta do calend\u00e1rio lit\u00fargico da Igreja, o culto de Santa Emiliana foi mantido no dia 5 de janeiro, que com o tempo se tornou mais intenso que o de sua irm\u00e3 Tarsila.<\/p>\n<div id=\"themify_builder_content-7119\" data-postid=\"7119\" class=\"themify_builder_content themify_builder_content-7119 themify_builder themify_builder_front\">\n\t<\/div>\n<!-- \/themify_builder_content -->","protected":false},"excerpt":{"rendered":"<p>5 de Janeiro Emiliana era uma das tias paternas de Greg\u00f3rio Magno, que foi papa entre 590 a 604. As outras eram Tarsila e Jord\u00e2na. Elas pertenciam a uma das fam\u00edlias mais ilustres de Roma. Entre seus av\u00f3s est\u00e3o o imperador Ol\u00edvio, o papa S\u00e3o F\u00e9lix III. O senador Jord\u00e3o era seu irm\u00e3o e pai [&hellip;]<\/p>\n","protected":false},"author":14,"featured_media":0,"comment_status":"open","ping_status":"open","sticky":false,"template":"","format":"standard","meta":{"ngg_post_thumbnail":0,"footnotes":""},"categories":[186],"tags":[],"yoast_head":"<!-- This site is optimized with the Yoast SEO plugin v23.5 - https:\/\/yoast.com\/wordpress\/plugins\/seo\/ -->\n<title>Santa Emiliana - O Arcanjo no ar<\/title>\n<meta name=\"robots\" content=\"index, follow, max-snippet:-1, max-image-preview:large, max-video-preview:-1\" \/>\n<link rel=\"canonical\" href=\"https:\/\/www.oarcanjo.net\/site\/santa-emiliana\/\" \/>\n<meta property=\"og:locale\" content=\"pt_BR\" \/>\n<meta property=\"og:type\" content=\"article\" \/>\n<meta property=\"og:title\" content=\"Santa Emiliana - O Arcanjo no ar\" \/>\n<meta property=\"og:description\" content=\"5 de Janeiro Emiliana era uma das tias paternas de Greg\u00f3rio Magno, que foi papa entre 590 a 604. As outras eram Tarsila e Jord\u00e2na. Elas pertenciam a uma das fam\u00edlias mais ilustres de Roma. Entre seus av\u00f3s est\u00e3o o imperador Ol\u00edvio, o papa S\u00e3o F\u00e9lix III. O senador Jord\u00e3o era seu irm\u00e3o e pai [&hellip;]\" \/>\n<meta property=\"og:url\" content=\"https:\/\/www.oarcanjo.net\/site\/santa-emiliana\/\" \/>\n<meta property=\"og:site_name\" content=\"O Arcanjo no ar\" \/>\n<meta property=\"article:publisher\" content=\"https:\/\/www.facebook.com\/OArcanjoNoAr\/\" \/>\n<meta property=\"article:published_time\" content=\"2017-01-05T02:04:12+00:00\" \/>\n<meta property=\"article:modified_time\" content=\"2016-12-27T08:06:08+00:00\" \/>\n<meta property=\"og:image\" content=\"http:\/\/www.prestservi.com.br\/diaconoalfredo\/santos\/e\/emiliana.gif\" \/>\n<meta name=\"author\" content=\"danilo\" \/>\n<meta name=\"twitter:card\" content=\"summary_large_image\" \/>\n<meta name=\"twitter:label1\" content=\"Escrito por\" \/>\n\t<meta name=\"twitter:data1\" content=\"danilo\" \/>\n\t<meta name=\"twitter:label2\" content=\"Est. tempo de leitura\" \/>\n\t<meta name=\"twitter:data2\" content=\"3 minutos\" \/>\n<script type=\"application\/ld+json\" class=\"yoast-schema-graph\">{\"@context\":\"https:\/\/schema.org\",\"@graph\":[{\"@type\":\"Article\",\"@id\":\"https:\/\/www.oarcanjo.net\/site\/santa-emiliana\/#article\",\"isPartOf\":{\"@id\":\"https:\/\/www.oarcanjo.net\/site\/santa-emiliana\/\"},\"author\":{\"name\":\"danilo\",\"@id\":\"https:\/\/www.oarcanjo.net\/site\/#\/schema\/person\/5eb9480bedd2f3c97e430ce128c29c6c\"},\"headline\":\"Santa Emiliana\",\"datePublished\":\"2017-01-05T02:04:12+00:00\",\"dateModified\":\"2016-12-27T08:06:08+00:00\",\"mainEntityOfPage\":{\"@id\":\"https:\/\/www.oarcanjo.net\/site\/santa-emiliana\/\"},\"wordCount\":514,\"commentCount\":0,\"publisher\":{\"@id\":\"https:\/\/www.oarcanjo.net\/site\/#organization\"},\"image\":{\"@id\":\"https:\/\/www.oarcanjo.net\/site\/santa-emiliana\/#primaryimage\"},\"thumbnailUrl\":\"http:\/\/www.prestservi.com.br\/diaconoalfredo\/santos\/e\/emiliana.gif\",\"articleSection\":[\"Testemunhos\"],\"inLanguage\":\"pt-BR\",\"potentialAction\":[{\"@type\":\"CommentAction\",\"name\":\"Comment\",\"target\":[\"https:\/\/www.oarcanjo.net\/site\/santa-emiliana\/#respond\"]}]},{\"@type\":\"WebPage\",\"@id\":\"https:\/\/www.oarcanjo.net\/site\/santa-emiliana\/\",\"url\":\"https:\/\/www.oarcanjo.net\/site\/santa-emiliana\/\",\"name\":\"Santa Emiliana - O Arcanjo no ar\",\"isPartOf\":{\"@id\":\"https:\/\/www.oarcanjo.net\/site\/#website\"},\"primaryImageOfPage\":{\"@id\":\"https:\/\/www.oarcanjo.net\/site\/santa-emiliana\/#primaryimage\"},\"image\":{\"@id\":\"https:\/\/www.oarcanjo.net\/site\/santa-emiliana\/#primaryimage\"},\"thumbnailUrl\":\"http:\/\/www.prestservi.com.br\/diaconoalfredo\/santos\/e\/emiliana.gif\",\"datePublished\":\"2017-01-05T02:04:12+00:00\",\"dateModified\":\"2016-12-27T08:06:08+00:00\",\"breadcrumb\":{\"@id\":\"https:\/\/www.oarcanjo.net\/site\/santa-emiliana\/#breadcrumb\"},\"inLanguage\":\"pt-BR\",\"potentialAction\":[{\"@type\":\"ReadAction\",\"target\":[\"https:\/\/www.oarcanjo.net\/site\/santa-emiliana\/\"]}]},{\"@type\":\"ImageObject\",\"inLanguage\":\"pt-BR\",\"@id\":\"https:\/\/www.oarcanjo.net\/site\/santa-emiliana\/#primaryimage\",\"url\":\"http:\/\/www.prestservi.com.br\/diaconoalfredo\/santos\/e\/emiliana.gif\",\"contentUrl\":\"http:\/\/www.prestservi.com.br\/diaconoalfredo\/santos\/e\/emiliana.gif\"},{\"@type\":\"BreadcrumbList\",\"@id\":\"https:\/\/www.oarcanjo.net\/site\/santa-emiliana\/#breadcrumb\",\"itemListElement\":[{\"@type\":\"ListItem\",\"position\":1,\"name\":\"In\u00edcio\",\"item\":\"https:\/\/www.oarcanjo.net\/site\/\"},{\"@type\":\"ListItem\",\"position\":2,\"name\":\"Santa Emiliana\"}]},{\"@type\":\"WebSite\",\"@id\":\"https:\/\/www.oarcanjo.net\/site\/#website\",\"url\":\"https:\/\/www.oarcanjo.net\/site\/\",\"name\":\"O Arcanjo no ar\",\"description\":\"Site da Par\u00f3quia S\u00e3o Miguel Arcanjo (Arquidiocese de SP)\",\"publisher\":{\"@id\":\"https:\/\/www.oarcanjo.net\/site\/#organization\"},\"potentialAction\":[{\"@type\":\"SearchAction\",\"target\":{\"@type\":\"EntryPoint\",\"urlTemplate\":\"https:\/\/www.oarcanjo.net\/site\/?s={search_term_string}\"},\"query-input\":{\"@type\":\"PropertyValueSpecification\",\"valueRequired\":true,\"valueName\":\"search_term_string\"}}],\"inLanguage\":\"pt-BR\"},{\"@type\":\"Organization\",\"@id\":\"https:\/\/www.oarcanjo.net\/site\/#organization\",\"name\":\"Par\u00f3quia S\u00e3o Miguel Arcanjo\",\"url\":\"https:\/\/www.oarcanjo.net\/site\/\",\"logo\":{\"@type\":\"ImageObject\",\"inLanguage\":\"pt-BR\",\"@id\":\"https:\/\/www.oarcanjo.net\/site\/#\/schema\/logo\/image\/\",\"url\":\"https:\/\/www.oarcanjo.net\/site\/wp-content\/uploads\/LogoOArcanjo.png\",\"contentUrl\":\"https:\/\/www.oarcanjo.net\/site\/wp-content\/uploads\/LogoOArcanjo.png\",\"width\":319,\"height\":99,\"caption\":\"Par\u00f3quia S\u00e3o Miguel Arcanjo\"},\"image\":{\"@id\":\"https:\/\/www.oarcanjo.net\/site\/#\/schema\/logo\/image\/\"},\"sameAs\":[\"https:\/\/www.facebook.com\/OArcanjoNoAr\/\"]},{\"@type\":\"Person\",\"@id\":\"https:\/\/www.oarcanjo.net\/site\/#\/schema\/person\/5eb9480bedd2f3c97e430ce128c29c6c\",\"name\":\"danilo\"}]}<\/script>\n<!-- \/ Yoast SEO plugin. -->","yoast_head_json":{"title":"Santa Emiliana - O Arcanjo no ar","robots":{"index":"index","follow":"follow","max-snippet":"max-snippet:-1","max-image-preview":"max-image-preview:large","max-video-preview":"max-video-preview:-1"},"canonical":"https:\/\/www.oarcanjo.net\/site\/santa-emiliana\/","og_locale":"pt_BR","og_type":"article","og_title":"Santa Emiliana - O Arcanjo no ar","og_description":"5 de Janeiro Emiliana era uma das tias paternas de Greg\u00f3rio Magno, que foi papa entre 590 a 604. As outras eram Tarsila e Jord\u00e2na. Elas pertenciam a uma das fam\u00edlias mais ilustres de Roma. Entre seus av\u00f3s est\u00e3o o imperador Ol\u00edvio, o papa S\u00e3o F\u00e9lix III. O senador Jord\u00e3o era seu irm\u00e3o e pai [&hellip;]","og_url":"https:\/\/www.oarcanjo.net\/site\/santa-emiliana\/","og_site_name":"O Arcanjo no ar","article_publisher":"https:\/\/www.facebook.com\/OArcanjoNoAr\/","article_published_time":"2017-01-05T02:04:12+00:00","article_modified_time":"2016-12-27T08:06:08+00:00","og_image":[{"url":"http:\/\/www.prestservi.com.br\/diaconoalfredo\/santos\/e\/emiliana.gif"}],"author":"danilo","twitter_card":"summary_large_image","twitter_misc":{"Escrito por":"danilo","Est. tempo de leitura":"3 minutos"},"schema":{"@context":"https:\/\/schema.org","@graph":[{"@type":"Article","@id":"https:\/\/www.oarcanjo.net\/site\/santa-emiliana\/#article","isPartOf":{"@id":"https:\/\/www.oarcanjo.net\/site\/santa-emiliana\/"},"author":{"name":"danilo","@id":"https:\/\/www.oarcanjo.net\/site\/#\/schema\/person\/5eb9480bedd2f3c97e430ce128c29c6c"},"headline":"Santa Emiliana","datePublished":"2017-01-05T02:04:12+00:00","dateModified":"2016-12-27T08:06:08+00:00","mainEntityOfPage":{"@id":"https:\/\/www.oarcanjo.net\/site\/santa-emiliana\/"},"wordCount":514,"commentCount":0,"publisher":{"@id":"https:\/\/www.oarcanjo.net\/site\/#organization"},"image":{"@id":"https:\/\/www.oarcanjo.net\/site\/santa-emiliana\/#primaryimage"},"thumbnailUrl":"http:\/\/www.prestservi.com.br\/diaconoalfredo\/santos\/e\/emiliana.gif","articleSection":["Testemunhos"],"inLanguage":"pt-BR","potentialAction":[{"@type":"CommentAction","name":"Comment","target":["https:\/\/www.oarcanjo.net\/site\/santa-emiliana\/#respond"]}]},{"@type":"WebPage","@id":"https:\/\/www.oarcanjo.net\/site\/santa-emiliana\/","url":"https:\/\/www.oarcanjo.net\/site\/santa-emiliana\/","name":"Santa Emiliana - O Arcanjo no ar","isPartOf":{"@id":"https:\/\/www.oarcanjo.net\/site\/#website"},"primaryImageOfPage":{"@id":"https:\/\/www.oarcanjo.net\/site\/santa-emiliana\/#primaryimage"},"image":{"@id":"https:\/\/www.oarcanjo.net\/site\/santa-emiliana\/#primaryimage"},"thumbnailUrl":"http:\/\/www.prestservi.com.br\/diaconoalfredo\/santos\/e\/emiliana.gif","datePublished":"2017-01-05T02:04:12+00:00","dateModified":"2016-12-27T08:06:08+00:00","breadcrumb":{"@id":"https:\/\/www.oarcanjo.net\/site\/santa-emiliana\/#breadcrumb"},"inLanguage":"pt-BR","potentialAction":[{"@type":"ReadAction","target":["https:\/\/www.oarcanjo.net\/site\/santa-emiliana\/"]}]},{"@type":"ImageObject","inLanguage":"pt-BR","@id":"https:\/\/www.oarcanjo.net\/site\/santa-emiliana\/#primaryimage","url":"http:\/\/www.prestservi.com.br\/diaconoalfredo\/santos\/e\/emiliana.gif","contentUrl":"http:\/\/www.prestservi.com.br\/diaconoalfredo\/santos\/e\/emiliana.gif"},{"@type":"BreadcrumbList","@id":"https:\/\/www.oarcanjo.net\/site\/santa-emiliana\/#breadcrumb","itemListElement":[{"@type":"ListItem","position":1,"name":"In\u00edcio","item":"https:\/\/www.oarcanjo.net\/site\/"},{"@type":"ListItem","position":2,"name":"Santa Emiliana"}]},{"@type":"WebSite","@id":"https:\/\/www.oarcanjo.net\/site\/#website","url":"https:\/\/www.oarcanjo.net\/site\/","name":"O Arcanjo no ar","description":"Site da Par\u00f3quia S\u00e3o Miguel Arcanjo (Arquidiocese de SP)","publisher":{"@id":"https:\/\/www.oarcanjo.net\/site\/#organization"},"potentialAction":[{"@type":"SearchAction","target":{"@type":"EntryPoint","urlTemplate":"https:\/\/www.oarcanjo.net\/site\/?s={search_term_string}"},"query-input":{"@type":"PropertyValueSpecification","valueRequired":true,"valueName":"search_term_string"}}],"inLanguage":"pt-BR"},{"@type":"Organization","@id":"https:\/\/www.oarcanjo.net\/site\/#organization","name":"Par\u00f3quia S\u00e3o Miguel Arcanjo","url":"https:\/\/www.oarcanjo.net\/site\/","logo":{"@type":"ImageObject","inLanguage":"pt-BR","@id":"https:\/\/www.oarcanjo.net\/site\/#\/schema\/logo\/image\/","url":"https:\/\/www.oarcanjo.net\/site\/wp-content\/uploads\/LogoOArcanjo.png","contentUrl":"https:\/\/www.oarcanjo.net\/site\/wp-content\/uploads\/LogoOArcanjo.png","width":319,"height":99,"caption":"Par\u00f3quia S\u00e3o Miguel Arcanjo"},"image":{"@id":"https:\/\/www.oarcanjo.net\/site\/#\/schema\/logo\/image\/"},"sameAs":["https:\/\/www.facebook.com\/OArcanjoNoAr\/"]},{"@type":"Person","@id":"https:\/\/www.oarcanjo.net\/site\/#\/schema\/person\/5eb9480bedd2f3c97e430ce128c29c6c","name":"danilo"}]}},"publishpress_future_action":{"enabled":false,"date":"2026-05-08 22:29:22","action":"category","newStatus":"draft","terms":[],"taxonomy":"category"},"publishpress_future_workflow_manual_trigger":{"enabledWorkflows":[]},"_links":{"self":[{"href":"https:\/\/www.oarcanjo.net\/site\/wp-json\/wp\/v2\/posts\/7119"}],"collection":[{"href":"https:\/\/www.oarcanjo.net\/site\/wp-json\/wp\/v2\/posts"}],"about":[{"href":"https:\/\/www.oarcanjo.net\/site\/wp-json\/wp\/v2\/types\/post"}],"author":[{"embeddable":true,"href":"https:\/\/www.oarcanjo.net\/site\/wp-json\/wp\/v2\/users\/14"}],"replies":[{"embeddable":true,"href":"https:\/\/www.oarcanjo.net\/site\/wp-json\/wp\/v2\/comments?post=7119"}],"version-history":[{"count":0,"href":"https:\/\/www.oarcanjo.net\/site\/wp-json\/wp\/v2\/posts\/7119\/revisions"}],"wp:attachment":[{"href":"https:\/\/www.oarcanjo.net\/site\/wp-json\/wp\/v2\/media?parent=7119"}],"wp:term":[{"taxonomy":"category","embeddable":true,"href":"https:\/\/www.oarcanjo.net\/site\/wp-json\/wp\/v2\/categories?post=7119"},{"taxonomy":"post_tag","embeddable":true,"href":"https:\/\/www.oarcanjo.net\/site\/wp-json\/wp\/v2\/tags?post=7119"}],"curies":[{"name":"wp","href":"https:\/\/api.w.org\/{rel}","templated":true}]}}