
{"id":712,"date":"2008-11-02T08:28:05","date_gmt":"2008-11-02T11:28:05","guid":{"rendered":"http:\/\/www.oarcanjo.net\/site\/?p=712"},"modified":"2008-11-20T06:37:26","modified_gmt":"2008-11-20T09:37:26","slug":"encontro-das-familias","status":"publish","type":"post","link":"https:\/\/www.oarcanjo.net\/site\/encontro-das-familias\/","title":{"rendered":"Encontro das Fam\u00edlias"},"content":{"rendered":"<p>No dia 19\/10\/2008 estivemos reunidos no Arsenal da Esperan\u00e7a com v\u00e1rias par\u00f3quias da Regi\u00e3o Bel\u00e9m, num acontecimento que j\u00e1 est\u00e1 na 5a. edi\u00e7\u00e3o.<\/p>\n<p>Quem nunca viu nem conhece os Edif\u00edcios do Arsenal da Esperan\u00e7a n\u00e3o espera encontrar tantas realidades diferentes naquele local, s\u00e3o tantas as hist\u00f3rias diferentes. Ali no in\u00edcio do s\u00e9culo 20 as fam\u00edlias vindas da It\u00e1lia tinham como primeira parada e hospedagem. Um local de recebimento, de encontro, de esperan\u00e7a, aben\u00e7oado. Hoje \u00e9 a casa de homens que vivem nas ruas desta capital paulistana e que mesmo sem uma estrutura familiar, encontram no Arsenal a mesma receptividade que os imigrantes italianos sentiram, a grata sensa\u00e7\u00e3o de viver numa grande fam\u00edlia, onde se aprende artesanato, alfabetiza\u00e7\u00e3o, terapias ocupacionais e curso de panifica\u00e7\u00e3o. Este estabelecimento \u00e9 dirigido pelos senhores Palladino e GeanFranco e, acreditem, n\u00e3o s\u00e3o apenas ed\u00edficios, \u00e9 o caminho certo daqueles que se perderam, \u00e9 o reencontro da esperan\u00e7a.<\/p>\n<p>A nossa reuni\u00e3o come\u00e7a muito cedo e ent\u00e3o nos aprontamos e seguimos para chegar e participar. Fomos recebidos pelos amigos da nossa par\u00f3quia S\u00e3o Miguel, Luiz e a esposa, Roseli e o marido, os meninos da Casa Vida e tamb\u00e9m amigos das demais par\u00f3quias, a exemplo do pessoal da S\u00e3o Rafael, da Nossa Senhora do Bom Conselho, da Nossa Senhora de Lurdes e da par\u00f3quia S\u00e3o Carlos Borromeu.<\/p>\n<p>Al\u00e9m da recep\u00e7\u00e3o calorosa dos amigos, fomos acolhidos com um maravilhoso caf\u00e9 da manh\u00e3, com muito bolo, bolachas, p\u00e3es e um cafezinho muito gostoso. Ap\u00f3s esta entrada foi feita a abertura da reuni\u00e3o presidida pelo Pe. Laur\u00edcio.<\/p>\n<p>Cada par\u00f3quia apresentou a imagem de seu santo padroeiro e a cada entrada havia palmas, alegria e amor de estar participando. Ap\u00f3s os coment\u00e1rios e avisos fomos encaminhados para um anfiteatro em um dos edif\u00edcios do Arsenal; os nossos filhos ficaram com um grupo de jovens e assistiram uma palestra, e n\u00f3s fomos brindados por duas lindas palestras, uma sobre as c\u00e9lulas tronco e a outra sobre o aborto.<\/p>\n<p>Estas palestras foram muito interativas. Come\u00e7amos com a apresenta\u00e7\u00e3o e abertura da reuni\u00e3o atrav\u00e9s do Pe. Teod\u00f3sio, da Par\u00f3quia S\u00e3o Rafael, que fez elog\u00edos a Prof. Sandra, a ent\u00e3o palestrante.<\/p>\n<p>A professora Sandra iniciou a palestra informando os benef\u00edcios e males que a c\u00e9lula tronco embrion\u00e1ria pode oferecer dando exemplos e colocando com muita propriedade as informa\u00e7\u00f5es mais fortes sobre este pol\u00eamico assunto e tamb\u00e9m deixando claro que a Igreja Cat\u00f3lica n\u00e3o \u00e9 contra a pesquisa das c\u00e9lulas tronco, por\u00e9m a posi\u00e7\u00e3o da Igreja \u00e9 de se colocar contra a morte dos embri\u00f5es que seriam usados nas pesquisas.<\/p>\n<p>Posteriormente \u00e0 apresenta\u00e7\u00e3o da Prof. Sandra, foi a vez do Frei Nilo, que falou sobre o aborto sob a \u00f3tica da Igreja Cat\u00f3lica, que \u00e9 totalmente contra esta pr\u00e1tica, e apresentou com muita maestria as posi\u00e7\u00f5es e as conseq\u00fc\u00eancias religiosas que ocasionam para os casais e a vida das m\u00e3es.<\/p>\n<p>Depois tivemos a realiza\u00e7\u00e3o da Missa Dominical, presidida pelo Pe. Laur\u00edcio e auxiliada pelo di\u00e1cono Barbosa e outro padre. Ap\u00f3s a Missa houve o almo\u00e7o com todas as fam\u00edlias e retornamos para as nossas casas com o cora\u00e7\u00e3o cheio de alegria e com o Esp\u00edrito Santo.<\/p>\n<p><em>Alexandre Leone<\/em><\/p>\n<div id=\"themify_builder_content-712\" data-postid=\"712\" class=\"themify_builder_content themify_builder_content-712 themify_builder themify_builder_front\">\n\t<\/div>\n<!-- \/themify_builder_content -->","protected":false},"excerpt":{"rendered":"<p>No dia 19\/10\/2008 estivemos reunidos no Arsenal da Esperan\u00e7a com v\u00e1rias par\u00f3quias da Regi\u00e3o Bel\u00e9m, num acontecimento que j\u00e1 est\u00e1 na 5a. edi\u00e7\u00e3o. Quem nunca viu nem conhece os Edif\u00edcios do Arsenal da Esperan\u00e7a n\u00e3o espera encontrar tantas realidades diferentes naquele local, s\u00e3o tantas as hist\u00f3rias diferentes. Ali no in\u00edcio do s\u00e9culo 20 as fam\u00edlias [&hellip;]<\/p>\n","protected":false},"author":5,"featured_media":0,"comment_status":"open","ping_status":"open","sticky":false,"template":"","format":"standard","meta":{"ngg_post_thumbnail":0,"footnotes":""},"categories":[8],"tags":[61,118,119],"yoast_head":"<!-- This site is optimized with the Yoast SEO plugin v23.5 - https:\/\/yoast.com\/wordpress\/plugins\/seo\/ -->\n<title>Encontro das Fam\u00edlias - O Arcanjo no ar<\/title>\n<meta name=\"robots\" content=\"index, follow, max-snippet:-1, max-image-preview:large, max-video-preview:-1\" \/>\n<link rel=\"canonical\" href=\"https:\/\/www.oarcanjo.net\/site\/encontro-das-familias\/\" \/>\n<meta property=\"og:locale\" content=\"pt_BR\" \/>\n<meta property=\"og:type\" content=\"article\" \/>\n<meta property=\"og:title\" content=\"Encontro das Fam\u00edlias - O Arcanjo no ar\" \/>\n<meta property=\"og:description\" content=\"No dia 19\/10\/2008 estivemos reunidos no Arsenal da Esperan\u00e7a com v\u00e1rias par\u00f3quias da Regi\u00e3o Bel\u00e9m, num acontecimento que j\u00e1 est\u00e1 na 5a. edi\u00e7\u00e3o. Quem nunca viu nem conhece os Edif\u00edcios do Arsenal da Esperan\u00e7a n\u00e3o espera encontrar tantas realidades diferentes naquele local, s\u00e3o tantas as hist\u00f3rias diferentes. Ali no in\u00edcio do s\u00e9culo 20 as fam\u00edlias [&hellip;]\" \/>\n<meta property=\"og:url\" content=\"https:\/\/www.oarcanjo.net\/site\/encontro-das-familias\/\" \/>\n<meta property=\"og:site_name\" content=\"O Arcanjo no ar\" \/>\n<meta property=\"article:publisher\" content=\"https:\/\/www.facebook.com\/OArcanjoNoAr\/\" \/>\n<meta property=\"article:published_time\" content=\"2008-11-02T11:28:05+00:00\" \/>\n<meta property=\"article:modified_time\" content=\"2008-11-20T09:37:26+00:00\" \/>\n<meta property=\"og:image\" content=\"https:\/\/www.oarcanjo.net\/site\/wp-content\/uploads\/logo-o-arcanjo-no-ar-facebook.png\" \/>\n\t<meta property=\"og:image:width\" content=\"300\" \/>\n\t<meta property=\"og:image:height\" content=\"300\" \/>\n\t<meta property=\"og:image:type\" content=\"image\/png\" \/>\n<meta name=\"author\" content=\"editor\" \/>\n<meta name=\"twitter:card\" content=\"summary_large_image\" \/>\n<meta name=\"twitter:label1\" content=\"Escrito por\" \/>\n\t<meta name=\"twitter:data1\" content=\"editor\" \/>\n\t<meta name=\"twitter:label2\" content=\"Est. tempo de leitura\" \/>\n\t<meta name=\"twitter:data2\" content=\"3 minutos\" \/>\n<script type=\"application\/ld+json\" class=\"yoast-schema-graph\">{\"@context\":\"https:\/\/schema.org\",\"@graph\":[{\"@type\":\"Article\",\"@id\":\"https:\/\/www.oarcanjo.net\/site\/encontro-das-familias\/#article\",\"isPartOf\":{\"@id\":\"https:\/\/www.oarcanjo.net\/site\/encontro-das-familias\/\"},\"author\":{\"name\":\"editor\",\"@id\":\"https:\/\/www.oarcanjo.net\/site\/#\/schema\/person\/f7024d007863202483a31326673a0838\"},\"headline\":\"Encontro das Fam\u00edlias\",\"datePublished\":\"2008-11-02T11:28:05+00:00\",\"dateModified\":\"2008-11-20T09:37:26+00:00\",\"mainEntityOfPage\":{\"@id\":\"https:\/\/www.oarcanjo.net\/site\/encontro-das-familias\/\"},\"wordCount\":597,\"commentCount\":0,\"publisher\":{\"@id\":\"https:\/\/www.oarcanjo.net\/site\/#organization\"},\"keywords\":[\"aborto\",\"c\u00e9lulas tronco\",\"fam\u00edlia\"],\"articleSection\":[\"Not\u00edcias\"],\"inLanguage\":\"pt-BR\",\"potentialAction\":[{\"@type\":\"CommentAction\",\"name\":\"Comment\",\"target\":[\"https:\/\/www.oarcanjo.net\/site\/encontro-das-familias\/#respond\"]}]},{\"@type\":\"WebPage\",\"@id\":\"https:\/\/www.oarcanjo.net\/site\/encontro-das-familias\/\",\"url\":\"https:\/\/www.oarcanjo.net\/site\/encontro-das-familias\/\",\"name\":\"Encontro das Fam\u00edlias - O Arcanjo no ar\",\"isPartOf\":{\"@id\":\"https:\/\/www.oarcanjo.net\/site\/#website\"},\"datePublished\":\"2008-11-02T11:28:05+00:00\",\"dateModified\":\"2008-11-20T09:37:26+00:00\",\"breadcrumb\":{\"@id\":\"https:\/\/www.oarcanjo.net\/site\/encontro-das-familias\/#breadcrumb\"},\"inLanguage\":\"pt-BR\",\"potentialAction\":[{\"@type\":\"ReadAction\",\"target\":[\"https:\/\/www.oarcanjo.net\/site\/encontro-das-familias\/\"]}]},{\"@type\":\"BreadcrumbList\",\"@id\":\"https:\/\/www.oarcanjo.net\/site\/encontro-das-familias\/#breadcrumb\",\"itemListElement\":[{\"@type\":\"ListItem\",\"position\":1,\"name\":\"In\u00edcio\",\"item\":\"https:\/\/www.oarcanjo.net\/site\/\"},{\"@type\":\"ListItem\",\"position\":2,\"name\":\"Encontro das Fam\u00edlias\"}]},{\"@type\":\"WebSite\",\"@id\":\"https:\/\/www.oarcanjo.net\/site\/#website\",\"url\":\"https:\/\/www.oarcanjo.net\/site\/\",\"name\":\"O Arcanjo no ar\",\"description\":\"Site da Par\u00f3quia S\u00e3o Miguel Arcanjo (Arquidiocese de SP)\",\"publisher\":{\"@id\":\"https:\/\/www.oarcanjo.net\/site\/#organization\"},\"potentialAction\":[{\"@type\":\"SearchAction\",\"target\":{\"@type\":\"EntryPoint\",\"urlTemplate\":\"https:\/\/www.oarcanjo.net\/site\/?s={search_term_string}\"},\"query-input\":{\"@type\":\"PropertyValueSpecification\",\"valueRequired\":true,\"valueName\":\"search_term_string\"}}],\"inLanguage\":\"pt-BR\"},{\"@type\":\"Organization\",\"@id\":\"https:\/\/www.oarcanjo.net\/site\/#organization\",\"name\":\"Par\u00f3quia S\u00e3o Miguel Arcanjo\",\"url\":\"https:\/\/www.oarcanjo.net\/site\/\",\"logo\":{\"@type\":\"ImageObject\",\"inLanguage\":\"pt-BR\",\"@id\":\"https:\/\/www.oarcanjo.net\/site\/#\/schema\/logo\/image\/\",\"url\":\"https:\/\/www.oarcanjo.net\/site\/wp-content\/uploads\/LogoOArcanjo.png\",\"contentUrl\":\"https:\/\/www.oarcanjo.net\/site\/wp-content\/uploads\/LogoOArcanjo.png\",\"width\":319,\"height\":99,\"caption\":\"Par\u00f3quia S\u00e3o Miguel Arcanjo\"},\"image\":{\"@id\":\"https:\/\/www.oarcanjo.net\/site\/#\/schema\/logo\/image\/\"},\"sameAs\":[\"https:\/\/www.facebook.com\/OArcanjoNoAr\/\"]},{\"@type\":\"Person\",\"@id\":\"https:\/\/www.oarcanjo.net\/site\/#\/schema\/person\/f7024d007863202483a31326673a0838\",\"name\":\"editor\",\"sameAs\":[\"http:\/\/www.oarcanjo.net\"]}]}<\/script>\n<!-- \/ Yoast SEO plugin. -->","yoast_head_json":{"title":"Encontro das Fam\u00edlias - O Arcanjo no ar","robots":{"index":"index","follow":"follow","max-snippet":"max-snippet:-1","max-image-preview":"max-image-preview:large","max-video-preview":"max-video-preview:-1"},"canonical":"https:\/\/www.oarcanjo.net\/site\/encontro-das-familias\/","og_locale":"pt_BR","og_type":"article","og_title":"Encontro das Fam\u00edlias - O Arcanjo no ar","og_description":"No dia 19\/10\/2008 estivemos reunidos no Arsenal da Esperan\u00e7a com v\u00e1rias par\u00f3quias da Regi\u00e3o Bel\u00e9m, num acontecimento que j\u00e1 est\u00e1 na 5a. edi\u00e7\u00e3o. Quem nunca viu nem conhece os Edif\u00edcios do Arsenal da Esperan\u00e7a n\u00e3o espera encontrar tantas realidades diferentes naquele local, s\u00e3o tantas as hist\u00f3rias diferentes. Ali no in\u00edcio do s\u00e9culo 20 as fam\u00edlias [&hellip;]","og_url":"https:\/\/www.oarcanjo.net\/site\/encontro-das-familias\/","og_site_name":"O Arcanjo no ar","article_publisher":"https:\/\/www.facebook.com\/OArcanjoNoAr\/","article_published_time":"2008-11-02T11:28:05+00:00","article_modified_time":"2008-11-20T09:37:26+00:00","og_image":[{"width":300,"height":300,"url":"https:\/\/www.oarcanjo.net\/site\/wp-content\/uploads\/logo-o-arcanjo-no-ar-facebook.png","type":"image\/png"}],"author":"editor","twitter_card":"summary_large_image","twitter_misc":{"Escrito por":"editor","Est. tempo de leitura":"3 minutos"},"schema":{"@context":"https:\/\/schema.org","@graph":[{"@type":"Article","@id":"https:\/\/www.oarcanjo.net\/site\/encontro-das-familias\/#article","isPartOf":{"@id":"https:\/\/www.oarcanjo.net\/site\/encontro-das-familias\/"},"author":{"name":"editor","@id":"https:\/\/www.oarcanjo.net\/site\/#\/schema\/person\/f7024d007863202483a31326673a0838"},"headline":"Encontro das Fam\u00edlias","datePublished":"2008-11-02T11:28:05+00:00","dateModified":"2008-11-20T09:37:26+00:00","mainEntityOfPage":{"@id":"https:\/\/www.oarcanjo.net\/site\/encontro-das-familias\/"},"wordCount":597,"commentCount":0,"publisher":{"@id":"https:\/\/www.oarcanjo.net\/site\/#organization"},"keywords":["aborto","c\u00e9lulas tronco","fam\u00edlia"],"articleSection":["Not\u00edcias"],"inLanguage":"pt-BR","potentialAction":[{"@type":"CommentAction","name":"Comment","target":["https:\/\/www.oarcanjo.net\/site\/encontro-das-familias\/#respond"]}]},{"@type":"WebPage","@id":"https:\/\/www.oarcanjo.net\/site\/encontro-das-familias\/","url":"https:\/\/www.oarcanjo.net\/site\/encontro-das-familias\/","name":"Encontro das Fam\u00edlias - O Arcanjo no ar","isPartOf":{"@id":"https:\/\/www.oarcanjo.net\/site\/#website"},"datePublished":"2008-11-02T11:28:05+00:00","dateModified":"2008-11-20T09:37:26+00:00","breadcrumb":{"@id":"https:\/\/www.oarcanjo.net\/site\/encontro-das-familias\/#breadcrumb"},"inLanguage":"pt-BR","potentialAction":[{"@type":"ReadAction","target":["https:\/\/www.oarcanjo.net\/site\/encontro-das-familias\/"]}]},{"@type":"BreadcrumbList","@id":"https:\/\/www.oarcanjo.net\/site\/encontro-das-familias\/#breadcrumb","itemListElement":[{"@type":"ListItem","position":1,"name":"In\u00edcio","item":"https:\/\/www.oarcanjo.net\/site\/"},{"@type":"ListItem","position":2,"name":"Encontro das Fam\u00edlias"}]},{"@type":"WebSite","@id":"https:\/\/www.oarcanjo.net\/site\/#website","url":"https:\/\/www.oarcanjo.net\/site\/","name":"O Arcanjo no ar","description":"Site da Par\u00f3quia S\u00e3o Miguel Arcanjo (Arquidiocese de SP)","publisher":{"@id":"https:\/\/www.oarcanjo.net\/site\/#organization"},"potentialAction":[{"@type":"SearchAction","target":{"@type":"EntryPoint","urlTemplate":"https:\/\/www.oarcanjo.net\/site\/?s={search_term_string}"},"query-input":{"@type":"PropertyValueSpecification","valueRequired":true,"valueName":"search_term_string"}}],"inLanguage":"pt-BR"},{"@type":"Organization","@id":"https:\/\/www.oarcanjo.net\/site\/#organization","name":"Par\u00f3quia S\u00e3o Miguel Arcanjo","url":"https:\/\/www.oarcanjo.net\/site\/","logo":{"@type":"ImageObject","inLanguage":"pt-BR","@id":"https:\/\/www.oarcanjo.net\/site\/#\/schema\/logo\/image\/","url":"https:\/\/www.oarcanjo.net\/site\/wp-content\/uploads\/LogoOArcanjo.png","contentUrl":"https:\/\/www.oarcanjo.net\/site\/wp-content\/uploads\/LogoOArcanjo.png","width":319,"height":99,"caption":"Par\u00f3quia S\u00e3o Miguel Arcanjo"},"image":{"@id":"https:\/\/www.oarcanjo.net\/site\/#\/schema\/logo\/image\/"},"sameAs":["https:\/\/www.facebook.com\/OArcanjoNoAr\/"]},{"@type":"Person","@id":"https:\/\/www.oarcanjo.net\/site\/#\/schema\/person\/f7024d007863202483a31326673a0838","name":"editor","sameAs":["http:\/\/www.oarcanjo.net"]}]}},"publishpress_future_action":{"enabled":false,"date":"2026-05-08 18:00:58","action":"category","newStatus":"draft","terms":[],"taxonomy":"category"},"publishpress_future_workflow_manual_trigger":{"enabledWorkflows":[]},"_links":{"self":[{"href":"https:\/\/www.oarcanjo.net\/site\/wp-json\/wp\/v2\/posts\/712"}],"collection":[{"href":"https:\/\/www.oarcanjo.net\/site\/wp-json\/wp\/v2\/posts"}],"about":[{"href":"https:\/\/www.oarcanjo.net\/site\/wp-json\/wp\/v2\/types\/post"}],"author":[{"embeddable":true,"href":"https:\/\/www.oarcanjo.net\/site\/wp-json\/wp\/v2\/users\/5"}],"replies":[{"embeddable":true,"href":"https:\/\/www.oarcanjo.net\/site\/wp-json\/wp\/v2\/comments?post=712"}],"version-history":[{"count":0,"href":"https:\/\/www.oarcanjo.net\/site\/wp-json\/wp\/v2\/posts\/712\/revisions"}],"wp:attachment":[{"href":"https:\/\/www.oarcanjo.net\/site\/wp-json\/wp\/v2\/media?parent=712"}],"wp:term":[{"taxonomy":"category","embeddable":true,"href":"https:\/\/www.oarcanjo.net\/site\/wp-json\/wp\/v2\/categories?post=712"},{"taxonomy":"post_tag","embeddable":true,"href":"https:\/\/www.oarcanjo.net\/site\/wp-json\/wp\/v2\/tags?post=712"}],"curies":[{"name":"wp","href":"https:\/\/api.w.org\/{rel}","templated":true}]}}