
{"id":7125,"date":"2017-01-06T00:10:32","date_gmt":"2017-01-06T02:10:32","guid":{"rendered":"http:\/\/www.oarcanjo.net\/site\/?p=7125"},"modified":"2016-12-27T06:13:36","modified_gmt":"2016-12-27T08:13:36","slug":"dia-de-reis-baltazargaspar-e-melchior","status":"publish","type":"post","link":"https:\/\/www.oarcanjo.net\/site\/dia-de-reis-baltazargaspar-e-melchior\/","title":{"rendered":"Dia de Reis \u2013 Reis Magos: Baltazar, Gaspar e Melchior"},"content":{"rendered":"<p><img decoding=\"async\" src=\"http:\/\/www.zhonglian.org\/images\/3%20kings.JPG\" alt=\"\" \/><\/p>\n<p>6 de Janeiro<\/p>\n<p>O &#8220;Dia de Reis&#8221; \u00e9 uma das festas tradicionais mais singelas celebrada em todo o mundo cat\u00f3lico. Neste dia se comemora a visita de um grupo de reis magos (Mt 2 1 -12), vindos do Oriente, para adorar a &#8220;Epifania do Senhor&#8221;. Ou seja, o nascimento de Jesus, o Filho por Deus enviado, para a salva\u00e7\u00e3o da humanidade.<\/p>\n<p>O termo &#8220;mago&#8221; vem do antigo idioma persa e serviu para indicar o pa\u00eds de suas origens: a P\u00e9rsia. Eram reis, porque \u00e9 um dos sin\u00f4nimos daquela palavra, tamb\u00e9m usada para nomear os s\u00e1bios disc\u00edpulos de uma seita que cultuava um s\u00f3 Deus. Portanto, n\u00e3o eram astr\u00f3logos nem bruxos, ao contr\u00e1rio, eram inimigos destas enganosas artes m\u00e1gicas e misteriosas.<\/p>\n<p>Esses soberanos corretos, esperavam pelo Salvador, expectativa j\u00e1 presente mesmo entre os pag\u00e3os. Deus os recompensou pela retid\u00e3o com a maravilhosa estrela, reconhecida pela sabedoria de suas mentes como o sinal a ser seguido, para orienta\u00e7\u00e3o dos seus passos at\u00e9 onde se achava o Menino Deus.<\/p>\n<p>Foram eles que mostraram ao mundo o cumprimento da profecia de s\u00e9culos, chegando no pal\u00e1cio do rei Herodes, de surpresa e perguntando &#8220;pelo Messias, o rec\u00e9m-nascido rei dos judeus&#8221;. Nesta \u00e9poca aquele tirano reprimia a popula\u00e7\u00e3o pelo medo, com ira sanguin\u00e1ria. Mas os magos n\u00e3o o temeram, prosseguiram sua busca e encontraram o Menino Deus.<\/p>\n<p>A B\u00edblia diz que os magos chegaram \u00e0 casa e viram o Menino com sua M\u00e3e. Isto porque Jos\u00e9 j\u00e1 tinha providenciado uma moradia muito pobre, mas mais apropriada, do que a gruta de Bel\u00e9m onde Jesus nascera. Al\u00ed, os reis magos, depois de adorar o Messias, entregaram os presentes: ouro, incenso e mirra. O ouro, significa a realeza de Jesus; o incenso, sua ess\u00eancia divina e a mirra, sua ess\u00eancia humana. Prestada a homenagem, voltaram para suas na\u00e7\u00f5es, evitando novo contato com Herodes, como lhes indicou o anjo do Senhor.<\/p>\n<p>A tradi\u00e7\u00e3o dos primeiros s\u00e9culos, seguindo a verdade da f\u00e9, evidenciou que eram tr\u00eas os reis magos: Melquior, Gaspar e Baltazar. At\u00e9 o ano 474 seus restos estiveram sepultados em Constantinopla, a capital crist\u00e3 mais importante do Oriente, depois foram trasladados para a catedral de Mil\u00e3o, na It\u00e1lia. Em 1164 foram transferidas para a cidade de Col\u00f4nia, na Alemanha, onde foi erguida a bel\u00edssima Catedral dos Reis Magos, que os guarda at\u00e9 hoje.<\/p>\n<p>No s\u00e9culo XII, com muita inspira\u00e7\u00e3o, S\u00e3o Beda, vener\u00e1vel doutor da Igreja, guiado por uma inspira\u00e7\u00e3o, descreveu o rosto dos tr\u00eas reis magos, assim: &#8220;O primeiro, diz, foi Melquior, velho,de 70 anos,\u00a0circunspecto, de barba e cabelos longos e grisalhos&#8230; O segundo tinha por nome Gaspar e era jovem,de 20 anos,\u00a0imberbe e louro&#8230; O terceiro, preto e totalmente barbado chamava-se Baltazarcom 40 anos.<\/p>\n<p>Quanto a seus nomes, Gaspar significa \u201cAquele que vai inspecionar\u201d, Melquior quer dizer: \u201cMeu Rei \u00e9 Luz\u201d, e Baltasar se traduz por \u201cDeus manifesta o Rei\u201d.<\/p>\n<p>Como se pretendia dizer que representavam os reis de todo o mundo, representando as tr\u00eas ra\u00e7as humanas existentes, em idades diferentes. Assim, Melquior entregou-Lhe ouro em reconhecimento da realeza; Gaspar, incenso em reconhecimento da divindade; e Baltasar, mirra em reconhecimento da humanidade.<\/p>\n<p>Deus revelou seu Filho ao mundo e ordenou que o acatassem e seguissem. Os reis magos fizeram isto com toda humildade, gesto que simboliza o reconhecimento do mundo pag\u00e3o desta Verdade. Isso \u00e9 o mais importante a ser festejado nesta data. A revela\u00e7\u00e3o, isto \u00e9, a Epifania, que confirma a divindade do Santo Filho de Deus feito homem, que no futuro sacrificaria a pr\u00f3pria vida em nome da salva\u00e7\u00e3o de todos n\u00f3s.<\/p>\n<p><img loading=\"lazy\" decoding=\"async\" src=\"http:\/\/www1.folha.uol.com.br\/folha\/especial\/2006\/copa\/images\/catedral-colonia.jpg\" alt=\"\" width=\"413\" height=\"429\" \/><\/p>\n<p>Catedral de Colonia<\/p>\n<h2>A divina catedral de Col\u00f4nia<\/h2>\n<p>Ela demorou 632 anos para ficar pronta, mas valeu a pena. Erguida \u00e0s margens do rio Reno, na Alemanha, a catedral de Col\u00f4nia \u00e9 a mais perfeita igreja g\u00f3tica do mundo. Uma obra de arte divina, cuja saga come\u00e7ou no ano 1248, quando o arcebispo Konrad von Hochstaden lan\u00e7ou sua pedra fundamental. As primeiras missas ocorreram no s\u00e9culo 14, mas a constru\u00e7\u00e3o seguiu em ritmo de cortejo at\u00e9 1560, quando a obra foi interrompida por problemas econ\u00f4micos &#8211; Col\u00f4nia estava na maior pinda\u00edba. Os tempos negros duraram at\u00e9 1814, quando os planos da fachada original foram redescobertos e impulsionaram a conclus\u00e3o das obras, em 1880.<\/p>\n<p>Em seus 6.900 metros quadrados de \u00e1rea constru\u00edda, a catedral possui um aut\u00eantico museu. A grande vedete \u00e9 o Santu\u00e1rio dos Tr\u00eas Reis Magos, um sarc\u00f3fago que guardaria os restos do trio que homenageou Jesus em seu nascimento. Outros destaques s\u00e3o a Mail\u00e4nder Madonna, uma escultura da Virgem Maria do s\u00e9culo 13, os 104 bancos de carvalho maci\u00e7o feitos entre 1308 e 1311 para o coro (aquela parte na frente da igreja onde os religiosos rezam durante a missa) e o famoso Altar dos Magos, um painel de madeira do s\u00e9culo 15 que mostra o menino Jesus sendo adorado. Esse conjunto precioso chega a receber, nos dias mais movimentados, a visita de 20 mil fi\u00e9is!<\/p>\n<p><img loading=\"lazy\" decoding=\"async\" src=\"http:\/\/www.portalsaofrancisco.com.br\/alfa\/alemanha\/imagens\/catedral-de-colonia-5.jpg\" alt=\"Rel\u00edquia e ouro contendo ossos e roupas que os cat\u00f3licos acreditam pertencer aos tr\u00eas reis magos. A f\u00e9 na autenticidade dessa rel\u00edquia \u00e9 o que motivou a constru\u00e7\u00e3o da catedral.\" width=\"225\" height=\"193\" \/>\u00a0<img loading=\"lazy\" decoding=\"async\" src=\"http:\/\/colunas.epoca.globo.com\/files\/359\/2009\/06\/koln-204-web60.jpg\" alt=\"koln-204-web60.jpg\" width=\"225\" height=\"191\" \/><\/p>\n<p>Rel\u00edquia e ouro contendo ossos e roupas que os cat\u00f3licos acreditam pertencer aos tr\u00eas reis magos. A f\u00e9 na autenticidade dessa rel\u00edquia \u00e9 o que motivou a constru\u00e7\u00e3o da catedral.<\/p>\n<div id=\"themify_builder_content-7125\" data-postid=\"7125\" class=\"themify_builder_content themify_builder_content-7125 themify_builder themify_builder_front\">\n\t<\/div>\n<!-- \/themify_builder_content -->","protected":false},"excerpt":{"rendered":"<p>6 de Janeiro O &#8220;Dia de Reis&#8221; \u00e9 uma das festas tradicionais mais singelas celebrada em todo o mundo cat\u00f3lico. Neste dia se comemora a visita de um grupo de reis magos (Mt 2 1 -12), vindos do Oriente, para adorar a &#8220;Epifania do Senhor&#8221;. Ou seja, o nascimento de Jesus, o Filho por Deus [&hellip;]<\/p>\n","protected":false},"author":14,"featured_media":0,"comment_status":"open","ping_status":"open","sticky":false,"template":"","format":"standard","meta":{"ngg_post_thumbnail":0,"footnotes":""},"categories":[186],"tags":[1394,1395,1396,1388],"yoast_head":"<!-- This site is optimized with the Yoast SEO plugin v23.5 - https:\/\/yoast.com\/wordpress\/plugins\/seo\/ -->\n<title>Dia de Reis \u2013 Reis Magos: Baltazar, Gaspar e Melchior - O Arcanjo no ar<\/title>\n<meta name=\"robots\" content=\"index, follow, max-snippet:-1, max-image-preview:large, max-video-preview:-1\" \/>\n<link rel=\"canonical\" href=\"https:\/\/www.oarcanjo.net\/site\/dia-de-reis-baltazargaspar-e-melchior\/\" \/>\n<meta property=\"og:locale\" content=\"pt_BR\" \/>\n<meta property=\"og:type\" content=\"article\" \/>\n<meta property=\"og:title\" content=\"Dia de Reis \u2013 Reis Magos: Baltazar, Gaspar e Melchior - O Arcanjo no ar\" \/>\n<meta property=\"og:description\" content=\"6 de Janeiro O &#8220;Dia de Reis&#8221; \u00e9 uma das festas tradicionais mais singelas celebrada em todo o mundo cat\u00f3lico. Neste dia se comemora a visita de um grupo de reis magos (Mt 2 1 -12), vindos do Oriente, para adorar a &#8220;Epifania do Senhor&#8221;. Ou seja, o nascimento de Jesus, o Filho por Deus [&hellip;]\" \/>\n<meta property=\"og:url\" content=\"https:\/\/www.oarcanjo.net\/site\/dia-de-reis-baltazargaspar-e-melchior\/\" \/>\n<meta property=\"og:site_name\" content=\"O Arcanjo no ar\" \/>\n<meta property=\"article:publisher\" content=\"https:\/\/www.facebook.com\/OArcanjoNoAr\/\" \/>\n<meta property=\"article:published_time\" content=\"2017-01-06T02:10:32+00:00\" \/>\n<meta property=\"article:modified_time\" content=\"2016-12-27T08:13:36+00:00\" \/>\n<meta property=\"og:image\" content=\"http:\/\/www.zhonglian.org\/images\/3%20kings.JPG\" \/>\n<meta name=\"author\" content=\"danilo\" \/>\n<meta name=\"twitter:card\" content=\"summary_large_image\" \/>\n<meta name=\"twitter:label1\" content=\"Escrito por\" \/>\n\t<meta name=\"twitter:data1\" content=\"danilo\" \/>\n\t<meta name=\"twitter:label2\" content=\"Est. tempo de leitura\" \/>\n\t<meta name=\"twitter:data2\" content=\"4 minutos\" \/>\n<script type=\"application\/ld+json\" class=\"yoast-schema-graph\">{\"@context\":\"https:\/\/schema.org\",\"@graph\":[{\"@type\":\"Article\",\"@id\":\"https:\/\/www.oarcanjo.net\/site\/dia-de-reis-baltazargaspar-e-melchior\/#article\",\"isPartOf\":{\"@id\":\"https:\/\/www.oarcanjo.net\/site\/dia-de-reis-baltazargaspar-e-melchior\/\"},\"author\":{\"name\":\"danilo\",\"@id\":\"https:\/\/www.oarcanjo.net\/site\/#\/schema\/person\/5eb9480bedd2f3c97e430ce128c29c6c\"},\"headline\":\"Dia de Reis \u2013 Reis Magos: Baltazar, Gaspar e Melchior\",\"datePublished\":\"2017-01-06T02:10:32+00:00\",\"dateModified\":\"2016-12-27T08:13:36+00:00\",\"mainEntityOfPage\":{\"@id\":\"https:\/\/www.oarcanjo.net\/site\/dia-de-reis-baltazargaspar-e-melchior\/\"},\"wordCount\":902,\"commentCount\":6,\"publisher\":{\"@id\":\"https:\/\/www.oarcanjo.net\/site\/#organization\"},\"image\":{\"@id\":\"https:\/\/www.oarcanjo.net\/site\/dia-de-reis-baltazargaspar-e-melchior\/#primaryimage\"},\"thumbnailUrl\":\"http:\/\/www.zhonglian.org\/images\/3%20kings.JPG\",\"keywords\":[\"Baltazar\",\"Gaspar\",\"Melchior\",\"Reis Magos\"],\"articleSection\":[\"Testemunhos\"],\"inLanguage\":\"pt-BR\",\"potentialAction\":[{\"@type\":\"CommentAction\",\"name\":\"Comment\",\"target\":[\"https:\/\/www.oarcanjo.net\/site\/dia-de-reis-baltazargaspar-e-melchior\/#respond\"]}]},{\"@type\":\"WebPage\",\"@id\":\"https:\/\/www.oarcanjo.net\/site\/dia-de-reis-baltazargaspar-e-melchior\/\",\"url\":\"https:\/\/www.oarcanjo.net\/site\/dia-de-reis-baltazargaspar-e-melchior\/\",\"name\":\"Dia de Reis \u2013 Reis Magos: Baltazar, Gaspar e Melchior - O Arcanjo no ar\",\"isPartOf\":{\"@id\":\"https:\/\/www.oarcanjo.net\/site\/#website\"},\"primaryImageOfPage\":{\"@id\":\"https:\/\/www.oarcanjo.net\/site\/dia-de-reis-baltazargaspar-e-melchior\/#primaryimage\"},\"image\":{\"@id\":\"https:\/\/www.oarcanjo.net\/site\/dia-de-reis-baltazargaspar-e-melchior\/#primaryimage\"},\"thumbnailUrl\":\"http:\/\/www.zhonglian.org\/images\/3%20kings.JPG\",\"datePublished\":\"2017-01-06T02:10:32+00:00\",\"dateModified\":\"2016-12-27T08:13:36+00:00\",\"breadcrumb\":{\"@id\":\"https:\/\/www.oarcanjo.net\/site\/dia-de-reis-baltazargaspar-e-melchior\/#breadcrumb\"},\"inLanguage\":\"pt-BR\",\"potentialAction\":[{\"@type\":\"ReadAction\",\"target\":[\"https:\/\/www.oarcanjo.net\/site\/dia-de-reis-baltazargaspar-e-melchior\/\"]}]},{\"@type\":\"ImageObject\",\"inLanguage\":\"pt-BR\",\"@id\":\"https:\/\/www.oarcanjo.net\/site\/dia-de-reis-baltazargaspar-e-melchior\/#primaryimage\",\"url\":\"http:\/\/www.zhonglian.org\/images\/3%20kings.JPG\",\"contentUrl\":\"http:\/\/www.zhonglian.org\/images\/3%20kings.JPG\"},{\"@type\":\"BreadcrumbList\",\"@id\":\"https:\/\/www.oarcanjo.net\/site\/dia-de-reis-baltazargaspar-e-melchior\/#breadcrumb\",\"itemListElement\":[{\"@type\":\"ListItem\",\"position\":1,\"name\":\"In\u00edcio\",\"item\":\"https:\/\/www.oarcanjo.net\/site\/\"},{\"@type\":\"ListItem\",\"position\":2,\"name\":\"Dia de Reis \u2013 Reis Magos: Baltazar, Gaspar e Melchior\"}]},{\"@type\":\"WebSite\",\"@id\":\"https:\/\/www.oarcanjo.net\/site\/#website\",\"url\":\"https:\/\/www.oarcanjo.net\/site\/\",\"name\":\"O Arcanjo no ar\",\"description\":\"Site da Par\u00f3quia S\u00e3o Miguel Arcanjo (Arquidiocese de SP)\",\"publisher\":{\"@id\":\"https:\/\/www.oarcanjo.net\/site\/#organization\"},\"potentialAction\":[{\"@type\":\"SearchAction\",\"target\":{\"@type\":\"EntryPoint\",\"urlTemplate\":\"https:\/\/www.oarcanjo.net\/site\/?s={search_term_string}\"},\"query-input\":{\"@type\":\"PropertyValueSpecification\",\"valueRequired\":true,\"valueName\":\"search_term_string\"}}],\"inLanguage\":\"pt-BR\"},{\"@type\":\"Organization\",\"@id\":\"https:\/\/www.oarcanjo.net\/site\/#organization\",\"name\":\"Par\u00f3quia S\u00e3o Miguel Arcanjo\",\"url\":\"https:\/\/www.oarcanjo.net\/site\/\",\"logo\":{\"@type\":\"ImageObject\",\"inLanguage\":\"pt-BR\",\"@id\":\"https:\/\/www.oarcanjo.net\/site\/#\/schema\/logo\/image\/\",\"url\":\"https:\/\/www.oarcanjo.net\/site\/wp-content\/uploads\/LogoOArcanjo.png\",\"contentUrl\":\"https:\/\/www.oarcanjo.net\/site\/wp-content\/uploads\/LogoOArcanjo.png\",\"width\":319,\"height\":99,\"caption\":\"Par\u00f3quia S\u00e3o Miguel Arcanjo\"},\"image\":{\"@id\":\"https:\/\/www.oarcanjo.net\/site\/#\/schema\/logo\/image\/\"},\"sameAs\":[\"https:\/\/www.facebook.com\/OArcanjoNoAr\/\"]},{\"@type\":\"Person\",\"@id\":\"https:\/\/www.oarcanjo.net\/site\/#\/schema\/person\/5eb9480bedd2f3c97e430ce128c29c6c\",\"name\":\"danilo\"}]}<\/script>\n<!-- \/ Yoast SEO plugin. -->","yoast_head_json":{"title":"Dia de Reis \u2013 Reis Magos: Baltazar, Gaspar e Melchior - O Arcanjo no ar","robots":{"index":"index","follow":"follow","max-snippet":"max-snippet:-1","max-image-preview":"max-image-preview:large","max-video-preview":"max-video-preview:-1"},"canonical":"https:\/\/www.oarcanjo.net\/site\/dia-de-reis-baltazargaspar-e-melchior\/","og_locale":"pt_BR","og_type":"article","og_title":"Dia de Reis \u2013 Reis Magos: Baltazar, Gaspar e Melchior - O Arcanjo no ar","og_description":"6 de Janeiro O &#8220;Dia de Reis&#8221; \u00e9 uma das festas tradicionais mais singelas celebrada em todo o mundo cat\u00f3lico. Neste dia se comemora a visita de um grupo de reis magos (Mt 2 1 -12), vindos do Oriente, para adorar a &#8220;Epifania do Senhor&#8221;. Ou seja, o nascimento de Jesus, o Filho por Deus [&hellip;]","og_url":"https:\/\/www.oarcanjo.net\/site\/dia-de-reis-baltazargaspar-e-melchior\/","og_site_name":"O Arcanjo no ar","article_publisher":"https:\/\/www.facebook.com\/OArcanjoNoAr\/","article_published_time":"2017-01-06T02:10:32+00:00","article_modified_time":"2016-12-27T08:13:36+00:00","og_image":[{"url":"http:\/\/www.zhonglian.org\/images\/3%20kings.JPG"}],"author":"danilo","twitter_card":"summary_large_image","twitter_misc":{"Escrito por":"danilo","Est. tempo de leitura":"4 minutos"},"schema":{"@context":"https:\/\/schema.org","@graph":[{"@type":"Article","@id":"https:\/\/www.oarcanjo.net\/site\/dia-de-reis-baltazargaspar-e-melchior\/#article","isPartOf":{"@id":"https:\/\/www.oarcanjo.net\/site\/dia-de-reis-baltazargaspar-e-melchior\/"},"author":{"name":"danilo","@id":"https:\/\/www.oarcanjo.net\/site\/#\/schema\/person\/5eb9480bedd2f3c97e430ce128c29c6c"},"headline":"Dia de Reis \u2013 Reis Magos: Baltazar, Gaspar e Melchior","datePublished":"2017-01-06T02:10:32+00:00","dateModified":"2016-12-27T08:13:36+00:00","mainEntityOfPage":{"@id":"https:\/\/www.oarcanjo.net\/site\/dia-de-reis-baltazargaspar-e-melchior\/"},"wordCount":902,"commentCount":6,"publisher":{"@id":"https:\/\/www.oarcanjo.net\/site\/#organization"},"image":{"@id":"https:\/\/www.oarcanjo.net\/site\/dia-de-reis-baltazargaspar-e-melchior\/#primaryimage"},"thumbnailUrl":"http:\/\/www.zhonglian.org\/images\/3%20kings.JPG","keywords":["Baltazar","Gaspar","Melchior","Reis Magos"],"articleSection":["Testemunhos"],"inLanguage":"pt-BR","potentialAction":[{"@type":"CommentAction","name":"Comment","target":["https:\/\/www.oarcanjo.net\/site\/dia-de-reis-baltazargaspar-e-melchior\/#respond"]}]},{"@type":"WebPage","@id":"https:\/\/www.oarcanjo.net\/site\/dia-de-reis-baltazargaspar-e-melchior\/","url":"https:\/\/www.oarcanjo.net\/site\/dia-de-reis-baltazargaspar-e-melchior\/","name":"Dia de Reis \u2013 Reis Magos: Baltazar, Gaspar e Melchior - O Arcanjo no ar","isPartOf":{"@id":"https:\/\/www.oarcanjo.net\/site\/#website"},"primaryImageOfPage":{"@id":"https:\/\/www.oarcanjo.net\/site\/dia-de-reis-baltazargaspar-e-melchior\/#primaryimage"},"image":{"@id":"https:\/\/www.oarcanjo.net\/site\/dia-de-reis-baltazargaspar-e-melchior\/#primaryimage"},"thumbnailUrl":"http:\/\/www.zhonglian.org\/images\/3%20kings.JPG","datePublished":"2017-01-06T02:10:32+00:00","dateModified":"2016-12-27T08:13:36+00:00","breadcrumb":{"@id":"https:\/\/www.oarcanjo.net\/site\/dia-de-reis-baltazargaspar-e-melchior\/#breadcrumb"},"inLanguage":"pt-BR","potentialAction":[{"@type":"ReadAction","target":["https:\/\/www.oarcanjo.net\/site\/dia-de-reis-baltazargaspar-e-melchior\/"]}]},{"@type":"ImageObject","inLanguage":"pt-BR","@id":"https:\/\/www.oarcanjo.net\/site\/dia-de-reis-baltazargaspar-e-melchior\/#primaryimage","url":"http:\/\/www.zhonglian.org\/images\/3%20kings.JPG","contentUrl":"http:\/\/www.zhonglian.org\/images\/3%20kings.JPG"},{"@type":"BreadcrumbList","@id":"https:\/\/www.oarcanjo.net\/site\/dia-de-reis-baltazargaspar-e-melchior\/#breadcrumb","itemListElement":[{"@type":"ListItem","position":1,"name":"In\u00edcio","item":"https:\/\/www.oarcanjo.net\/site\/"},{"@type":"ListItem","position":2,"name":"Dia de Reis \u2013 Reis Magos: Baltazar, Gaspar e Melchior"}]},{"@type":"WebSite","@id":"https:\/\/www.oarcanjo.net\/site\/#website","url":"https:\/\/www.oarcanjo.net\/site\/","name":"O Arcanjo no ar","description":"Site da Par\u00f3quia S\u00e3o Miguel Arcanjo (Arquidiocese de SP)","publisher":{"@id":"https:\/\/www.oarcanjo.net\/site\/#organization"},"potentialAction":[{"@type":"SearchAction","target":{"@type":"EntryPoint","urlTemplate":"https:\/\/www.oarcanjo.net\/site\/?s={search_term_string}"},"query-input":{"@type":"PropertyValueSpecification","valueRequired":true,"valueName":"search_term_string"}}],"inLanguage":"pt-BR"},{"@type":"Organization","@id":"https:\/\/www.oarcanjo.net\/site\/#organization","name":"Par\u00f3quia S\u00e3o Miguel Arcanjo","url":"https:\/\/www.oarcanjo.net\/site\/","logo":{"@type":"ImageObject","inLanguage":"pt-BR","@id":"https:\/\/www.oarcanjo.net\/site\/#\/schema\/logo\/image\/","url":"https:\/\/www.oarcanjo.net\/site\/wp-content\/uploads\/LogoOArcanjo.png","contentUrl":"https:\/\/www.oarcanjo.net\/site\/wp-content\/uploads\/LogoOArcanjo.png","width":319,"height":99,"caption":"Par\u00f3quia S\u00e3o Miguel Arcanjo"},"image":{"@id":"https:\/\/www.oarcanjo.net\/site\/#\/schema\/logo\/image\/"},"sameAs":["https:\/\/www.facebook.com\/OArcanjoNoAr\/"]},{"@type":"Person","@id":"https:\/\/www.oarcanjo.net\/site\/#\/schema\/person\/5eb9480bedd2f3c97e430ce128c29c6c","name":"danilo"}]}},"publishpress_future_action":{"enabled":false,"date":"2026-05-09 05:20:56","action":"category","newStatus":"draft","terms":[],"taxonomy":"category"},"publishpress_future_workflow_manual_trigger":{"enabledWorkflows":[]},"_links":{"self":[{"href":"https:\/\/www.oarcanjo.net\/site\/wp-json\/wp\/v2\/posts\/7125"}],"collection":[{"href":"https:\/\/www.oarcanjo.net\/site\/wp-json\/wp\/v2\/posts"}],"about":[{"href":"https:\/\/www.oarcanjo.net\/site\/wp-json\/wp\/v2\/types\/post"}],"author":[{"embeddable":true,"href":"https:\/\/www.oarcanjo.net\/site\/wp-json\/wp\/v2\/users\/14"}],"replies":[{"embeddable":true,"href":"https:\/\/www.oarcanjo.net\/site\/wp-json\/wp\/v2\/comments?post=7125"}],"version-history":[{"count":0,"href":"https:\/\/www.oarcanjo.net\/site\/wp-json\/wp\/v2\/posts\/7125\/revisions"}],"wp:attachment":[{"href":"https:\/\/www.oarcanjo.net\/site\/wp-json\/wp\/v2\/media?parent=7125"}],"wp:term":[{"taxonomy":"category","embeddable":true,"href":"https:\/\/www.oarcanjo.net\/site\/wp-json\/wp\/v2\/categories?post=7125"},{"taxonomy":"post_tag","embeddable":true,"href":"https:\/\/www.oarcanjo.net\/site\/wp-json\/wp\/v2\/tags?post=7125"}],"curies":[{"name":"wp","href":"https:\/\/api.w.org\/{rel}","templated":true}]}}