
{"id":7129,"date":"2017-01-06T00:03:13","date_gmt":"2017-01-06T02:03:13","guid":{"rendered":"http:\/\/www.oarcanjo.net\/site\/?p=7129"},"modified":"2016-12-27T06:13:32","modified_gmt":"2016-12-27T08:13:32","slug":"sao-carlo-de-sezze","status":"publish","type":"post","link":"https:\/\/www.oarcanjo.net\/site\/sao-carlo-de-sezze\/","title":{"rendered":"S\u00e3o Carlo de Sezze"},"content":{"rendered":"<p><img loading=\"lazy\" decoding=\"async\" src=\"http:\/\/www.prestservi.com.br\/diaconoalfredo\/santos\/c\/carlo_sezze.gif\" border=\"0\" alt=\"\" width=\"170\" height=\"244\" \/><\/p>\n<p>6 de Janeiro<\/p>\n<p>Curiosamente, no Convento Franciscano de Lazio, chegavam leigos e personalidades da Igreja a fim de confidenciarem seus problemas ao cozinheiro. Ali\u00e1s, esse cozinheiro era tamb\u00e9m o jardineiro e o porteiro do convento e seu nome era Carlo.<\/p>\n<p>Nascido em 22 de outubro de 1613, em Sezze, It\u00e1lia, Carlo era um irm\u00e3o leigo, pessoa humilde, submissa e sempre muito contente. Descontentes estavam seus familiares, os Melchiori ou Marchionne, cujas propriedades rurais se perdiam de vista. Seus familiares tinham outros planos para Carlo, pois queriam que ele estudasse e fizesse carreira. Por\u00e9m, poucos anos depois, Carlo era gar\u00e7om numa cantina de fazenda, em fuga dos estudos por causa de um professor severo. Mas Carlo lia por conta pr\u00f3pria, levando uma vida de ermit\u00e3o e de santo. Depois, j\u00e1 aos 22 anos, estava entre os franciscanos.<\/p>\n<p>A essa altura, os familiares o queriam sacerdote, mas ele seria sempre frei Carlo, mais nada, sem gradua\u00e7\u00e3o alguma. Carlo passou por in\u00fameros conventos franciscanos, sempre trabalhando, recolhendo esmolas, socorrendo doentes e moribundos em suas casas. Com o transcorrer dos anos, desponta nele o explorador de consci\u00eancias, o modificador de atitudes e comportamentos, e essa fama corre por toda Igreja.<\/p>\n<p>Embora Carlo cuidasse apenas da horta e da cozinha do convento, sempre acontecia ser enviado para outras cidades para que pudesse aconselhar bispos e cardeais. Um dia recebe uma incumb\u00eancia, diretamente do Papa Clemente IX (1667-69): &#8220;Frei Carlo, dizem que na cidade de Per\u00fagia h\u00e1 uma madre santa, v\u00e1 l\u00e1 e verifique pessoalmente a veracidade da situa\u00e7\u00e3o&#8221;. Uma grande responsabilidade para um simples cozinheiro. Frei Carlo tinha pouca instru\u00e7\u00e3o, mas escrevia bel\u00edssimas p\u00e1ginas espirituais e autobiogr\u00e1ficas, numa gram\u00e1tica acidentada, por\u00e9m, eficiente. Tamb\u00e9m n\u00e3o lhe faltaria sua por\u00e7\u00e3o de Calv\u00e1rio, com acusa\u00e7\u00f5es de uma mulher mundana. Consideradas depois, cal\u00fanias, mas que fizeram o frei adoecer por alguns anos.<\/p>\n<p>Ap\u00f3s uma viagem a \u00dambria, frei Carlo falece em 6 de janeiro de 1670, no Convento de S\u00e3o Francisco, na cidade de Roma. E no seu peito se descobre um sinal estranho, como uma cicatriz. Posteriormente, uma comiss\u00e3o m\u00e9dica declararia que esse sinal \u00e9 de origem sobrenatural. Em vida, frei Carlo falava de &#8220;um raio de luz&#8221; que o havia atingido no peito, em 1648, numa igreja romana, durante \u00eaxtase profundo com Deus. O pedido de sua canoniza\u00e7\u00e3o foi feito pouco tempo ap\u00f3s sua morte, mas seria conclu\u00eddo somente em 1959, pelo Papa Jo\u00e3o XXIII, que o proclamou santo.<\/p>\n<p>Seu corpo \u00e9 conservado na igreja do convento onde faleceu e sua festa \u00e9 celebrada no dia seguinte ao da sua morte, para n\u00e3o coincidir com a Epifania.<\/p>\n<p><img loading=\"lazy\" decoding=\"async\" src=\"http:\/\/blog.pucp.edu.pe\/media\/1905\/20090925-San_Carlos_de_Sezze_2.jpg\" alt=\"null\" width=\"223\" height=\"197\" \/>\u00a0<img loading=\"lazy\" decoding=\"async\" src=\"http:\/\/www.fimdostempos.net\/incorruptos\/foto_sezze.JPG\" alt=\"\" width=\"246\" height=\"196\" \/><\/p>\n<p>Corpo incorrupto do Santo<\/p>\n<div id=\"themify_builder_content-7129\" data-postid=\"7129\" class=\"themify_builder_content themify_builder_content-7129 themify_builder themify_builder_front\">\n\t<\/div>\n<!-- \/themify_builder_content -->","protected":false},"excerpt":{"rendered":"<p>6 de Janeiro Curiosamente, no Convento Franciscano de Lazio, chegavam leigos e personalidades da Igreja a fim de confidenciarem seus problemas ao cozinheiro. Ali\u00e1s, esse cozinheiro era tamb\u00e9m o jardineiro e o porteiro do convento e seu nome era Carlo. Nascido em 22 de outubro de 1613, em Sezze, It\u00e1lia, Carlo era um irm\u00e3o leigo, [&hellip;]<\/p>\n","protected":false},"author":14,"featured_media":0,"comment_status":"open","ping_status":"open","sticky":false,"template":"","format":"standard","meta":{"ngg_post_thumbnail":0,"footnotes":""},"categories":[186],"tags":[],"yoast_head":"<!-- This site is optimized with the Yoast SEO plugin v23.5 - https:\/\/yoast.com\/wordpress\/plugins\/seo\/ -->\n<title>S\u00e3o Carlo de Sezze - O Arcanjo no ar<\/title>\n<meta name=\"robots\" content=\"index, follow, max-snippet:-1, max-image-preview:large, max-video-preview:-1\" \/>\n<link rel=\"canonical\" href=\"https:\/\/www.oarcanjo.net\/site\/sao-carlo-de-sezze\/\" \/>\n<meta property=\"og:locale\" content=\"pt_BR\" \/>\n<meta property=\"og:type\" content=\"article\" \/>\n<meta property=\"og:title\" content=\"S\u00e3o Carlo de Sezze - O Arcanjo no ar\" \/>\n<meta property=\"og:description\" content=\"6 de Janeiro Curiosamente, no Convento Franciscano de Lazio, chegavam leigos e personalidades da Igreja a fim de confidenciarem seus problemas ao cozinheiro. Ali\u00e1s, esse cozinheiro era tamb\u00e9m o jardineiro e o porteiro do convento e seu nome era Carlo. Nascido em 22 de outubro de 1613, em Sezze, It\u00e1lia, Carlo era um irm\u00e3o leigo, [&hellip;]\" \/>\n<meta property=\"og:url\" content=\"https:\/\/www.oarcanjo.net\/site\/sao-carlo-de-sezze\/\" \/>\n<meta property=\"og:site_name\" content=\"O Arcanjo no ar\" \/>\n<meta property=\"article:publisher\" content=\"https:\/\/www.facebook.com\/OArcanjoNoAr\/\" \/>\n<meta property=\"article:published_time\" content=\"2017-01-06T02:03:13+00:00\" \/>\n<meta property=\"article:modified_time\" content=\"2016-12-27T08:13:32+00:00\" \/>\n<meta property=\"og:image\" content=\"http:\/\/www.prestservi.com.br\/diaconoalfredo\/santos\/c\/carlo_sezze.gif\" \/>\n<meta name=\"author\" content=\"danilo\" \/>\n<meta name=\"twitter:card\" content=\"summary_large_image\" \/>\n<meta name=\"twitter:label1\" content=\"Escrito por\" \/>\n\t<meta name=\"twitter:data1\" content=\"danilo\" \/>\n\t<meta name=\"twitter:label2\" content=\"Est. tempo de leitura\" \/>\n\t<meta name=\"twitter:data2\" content=\"2 minutos\" \/>\n<script type=\"application\/ld+json\" class=\"yoast-schema-graph\">{\"@context\":\"https:\/\/schema.org\",\"@graph\":[{\"@type\":\"Article\",\"@id\":\"https:\/\/www.oarcanjo.net\/site\/sao-carlo-de-sezze\/#article\",\"isPartOf\":{\"@id\":\"https:\/\/www.oarcanjo.net\/site\/sao-carlo-de-sezze\/\"},\"author\":{\"name\":\"danilo\",\"@id\":\"https:\/\/www.oarcanjo.net\/site\/#\/schema\/person\/5eb9480bedd2f3c97e430ce128c29c6c\"},\"headline\":\"S\u00e3o Carlo de Sezze\",\"datePublished\":\"2017-01-06T02:03:13+00:00\",\"dateModified\":\"2016-12-27T08:13:32+00:00\",\"mainEntityOfPage\":{\"@id\":\"https:\/\/www.oarcanjo.net\/site\/sao-carlo-de-sezze\/\"},\"wordCount\":463,\"commentCount\":0,\"publisher\":{\"@id\":\"https:\/\/www.oarcanjo.net\/site\/#organization\"},\"image\":{\"@id\":\"https:\/\/www.oarcanjo.net\/site\/sao-carlo-de-sezze\/#primaryimage\"},\"thumbnailUrl\":\"http:\/\/www.prestservi.com.br\/diaconoalfredo\/santos\/c\/carlo_sezze.gif\",\"articleSection\":[\"Testemunhos\"],\"inLanguage\":\"pt-BR\",\"potentialAction\":[{\"@type\":\"CommentAction\",\"name\":\"Comment\",\"target\":[\"https:\/\/www.oarcanjo.net\/site\/sao-carlo-de-sezze\/#respond\"]}]},{\"@type\":\"WebPage\",\"@id\":\"https:\/\/www.oarcanjo.net\/site\/sao-carlo-de-sezze\/\",\"url\":\"https:\/\/www.oarcanjo.net\/site\/sao-carlo-de-sezze\/\",\"name\":\"S\u00e3o Carlo de Sezze - O Arcanjo no ar\",\"isPartOf\":{\"@id\":\"https:\/\/www.oarcanjo.net\/site\/#website\"},\"primaryImageOfPage\":{\"@id\":\"https:\/\/www.oarcanjo.net\/site\/sao-carlo-de-sezze\/#primaryimage\"},\"image\":{\"@id\":\"https:\/\/www.oarcanjo.net\/site\/sao-carlo-de-sezze\/#primaryimage\"},\"thumbnailUrl\":\"http:\/\/www.prestservi.com.br\/diaconoalfredo\/santos\/c\/carlo_sezze.gif\",\"datePublished\":\"2017-01-06T02:03:13+00:00\",\"dateModified\":\"2016-12-27T08:13:32+00:00\",\"breadcrumb\":{\"@id\":\"https:\/\/www.oarcanjo.net\/site\/sao-carlo-de-sezze\/#breadcrumb\"},\"inLanguage\":\"pt-BR\",\"potentialAction\":[{\"@type\":\"ReadAction\",\"target\":[\"https:\/\/www.oarcanjo.net\/site\/sao-carlo-de-sezze\/\"]}]},{\"@type\":\"ImageObject\",\"inLanguage\":\"pt-BR\",\"@id\":\"https:\/\/www.oarcanjo.net\/site\/sao-carlo-de-sezze\/#primaryimage\",\"url\":\"http:\/\/www.prestservi.com.br\/diaconoalfredo\/santos\/c\/carlo_sezze.gif\",\"contentUrl\":\"http:\/\/www.prestservi.com.br\/diaconoalfredo\/santos\/c\/carlo_sezze.gif\"},{\"@type\":\"BreadcrumbList\",\"@id\":\"https:\/\/www.oarcanjo.net\/site\/sao-carlo-de-sezze\/#breadcrumb\",\"itemListElement\":[{\"@type\":\"ListItem\",\"position\":1,\"name\":\"In\u00edcio\",\"item\":\"https:\/\/www.oarcanjo.net\/site\/\"},{\"@type\":\"ListItem\",\"position\":2,\"name\":\"S\u00e3o Carlo de Sezze\"}]},{\"@type\":\"WebSite\",\"@id\":\"https:\/\/www.oarcanjo.net\/site\/#website\",\"url\":\"https:\/\/www.oarcanjo.net\/site\/\",\"name\":\"O Arcanjo no ar\",\"description\":\"Site da Par\u00f3quia S\u00e3o Miguel Arcanjo (Arquidiocese de SP)\",\"publisher\":{\"@id\":\"https:\/\/www.oarcanjo.net\/site\/#organization\"},\"potentialAction\":[{\"@type\":\"SearchAction\",\"target\":{\"@type\":\"EntryPoint\",\"urlTemplate\":\"https:\/\/www.oarcanjo.net\/site\/?s={search_term_string}\"},\"query-input\":{\"@type\":\"PropertyValueSpecification\",\"valueRequired\":true,\"valueName\":\"search_term_string\"}}],\"inLanguage\":\"pt-BR\"},{\"@type\":\"Organization\",\"@id\":\"https:\/\/www.oarcanjo.net\/site\/#organization\",\"name\":\"Par\u00f3quia S\u00e3o Miguel Arcanjo\",\"url\":\"https:\/\/www.oarcanjo.net\/site\/\",\"logo\":{\"@type\":\"ImageObject\",\"inLanguage\":\"pt-BR\",\"@id\":\"https:\/\/www.oarcanjo.net\/site\/#\/schema\/logo\/image\/\",\"url\":\"https:\/\/www.oarcanjo.net\/site\/wp-content\/uploads\/LogoOArcanjo.png\",\"contentUrl\":\"https:\/\/www.oarcanjo.net\/site\/wp-content\/uploads\/LogoOArcanjo.png\",\"width\":319,\"height\":99,\"caption\":\"Par\u00f3quia S\u00e3o Miguel Arcanjo\"},\"image\":{\"@id\":\"https:\/\/www.oarcanjo.net\/site\/#\/schema\/logo\/image\/\"},\"sameAs\":[\"https:\/\/www.facebook.com\/OArcanjoNoAr\/\"]},{\"@type\":\"Person\",\"@id\":\"https:\/\/www.oarcanjo.net\/site\/#\/schema\/person\/5eb9480bedd2f3c97e430ce128c29c6c\",\"name\":\"danilo\"}]}<\/script>\n<!-- \/ Yoast SEO plugin. -->","yoast_head_json":{"title":"S\u00e3o Carlo de Sezze - O Arcanjo no ar","robots":{"index":"index","follow":"follow","max-snippet":"max-snippet:-1","max-image-preview":"max-image-preview:large","max-video-preview":"max-video-preview:-1"},"canonical":"https:\/\/www.oarcanjo.net\/site\/sao-carlo-de-sezze\/","og_locale":"pt_BR","og_type":"article","og_title":"S\u00e3o Carlo de Sezze - O Arcanjo no ar","og_description":"6 de Janeiro Curiosamente, no Convento Franciscano de Lazio, chegavam leigos e personalidades da Igreja a fim de confidenciarem seus problemas ao cozinheiro. Ali\u00e1s, esse cozinheiro era tamb\u00e9m o jardineiro e o porteiro do convento e seu nome era Carlo. Nascido em 22 de outubro de 1613, em Sezze, It\u00e1lia, Carlo era um irm\u00e3o leigo, [&hellip;]","og_url":"https:\/\/www.oarcanjo.net\/site\/sao-carlo-de-sezze\/","og_site_name":"O Arcanjo no ar","article_publisher":"https:\/\/www.facebook.com\/OArcanjoNoAr\/","article_published_time":"2017-01-06T02:03:13+00:00","article_modified_time":"2016-12-27T08:13:32+00:00","og_image":[{"url":"http:\/\/www.prestservi.com.br\/diaconoalfredo\/santos\/c\/carlo_sezze.gif"}],"author":"danilo","twitter_card":"summary_large_image","twitter_misc":{"Escrito por":"danilo","Est. tempo de leitura":"2 minutos"},"schema":{"@context":"https:\/\/schema.org","@graph":[{"@type":"Article","@id":"https:\/\/www.oarcanjo.net\/site\/sao-carlo-de-sezze\/#article","isPartOf":{"@id":"https:\/\/www.oarcanjo.net\/site\/sao-carlo-de-sezze\/"},"author":{"name":"danilo","@id":"https:\/\/www.oarcanjo.net\/site\/#\/schema\/person\/5eb9480bedd2f3c97e430ce128c29c6c"},"headline":"S\u00e3o Carlo de Sezze","datePublished":"2017-01-06T02:03:13+00:00","dateModified":"2016-12-27T08:13:32+00:00","mainEntityOfPage":{"@id":"https:\/\/www.oarcanjo.net\/site\/sao-carlo-de-sezze\/"},"wordCount":463,"commentCount":0,"publisher":{"@id":"https:\/\/www.oarcanjo.net\/site\/#organization"},"image":{"@id":"https:\/\/www.oarcanjo.net\/site\/sao-carlo-de-sezze\/#primaryimage"},"thumbnailUrl":"http:\/\/www.prestservi.com.br\/diaconoalfredo\/santos\/c\/carlo_sezze.gif","articleSection":["Testemunhos"],"inLanguage":"pt-BR","potentialAction":[{"@type":"CommentAction","name":"Comment","target":["https:\/\/www.oarcanjo.net\/site\/sao-carlo-de-sezze\/#respond"]}]},{"@type":"WebPage","@id":"https:\/\/www.oarcanjo.net\/site\/sao-carlo-de-sezze\/","url":"https:\/\/www.oarcanjo.net\/site\/sao-carlo-de-sezze\/","name":"S\u00e3o Carlo de Sezze - O Arcanjo no ar","isPartOf":{"@id":"https:\/\/www.oarcanjo.net\/site\/#website"},"primaryImageOfPage":{"@id":"https:\/\/www.oarcanjo.net\/site\/sao-carlo-de-sezze\/#primaryimage"},"image":{"@id":"https:\/\/www.oarcanjo.net\/site\/sao-carlo-de-sezze\/#primaryimage"},"thumbnailUrl":"http:\/\/www.prestservi.com.br\/diaconoalfredo\/santos\/c\/carlo_sezze.gif","datePublished":"2017-01-06T02:03:13+00:00","dateModified":"2016-12-27T08:13:32+00:00","breadcrumb":{"@id":"https:\/\/www.oarcanjo.net\/site\/sao-carlo-de-sezze\/#breadcrumb"},"inLanguage":"pt-BR","potentialAction":[{"@type":"ReadAction","target":["https:\/\/www.oarcanjo.net\/site\/sao-carlo-de-sezze\/"]}]},{"@type":"ImageObject","inLanguage":"pt-BR","@id":"https:\/\/www.oarcanjo.net\/site\/sao-carlo-de-sezze\/#primaryimage","url":"http:\/\/www.prestservi.com.br\/diaconoalfredo\/santos\/c\/carlo_sezze.gif","contentUrl":"http:\/\/www.prestservi.com.br\/diaconoalfredo\/santos\/c\/carlo_sezze.gif"},{"@type":"BreadcrumbList","@id":"https:\/\/www.oarcanjo.net\/site\/sao-carlo-de-sezze\/#breadcrumb","itemListElement":[{"@type":"ListItem","position":1,"name":"In\u00edcio","item":"https:\/\/www.oarcanjo.net\/site\/"},{"@type":"ListItem","position":2,"name":"S\u00e3o Carlo de Sezze"}]},{"@type":"WebSite","@id":"https:\/\/www.oarcanjo.net\/site\/#website","url":"https:\/\/www.oarcanjo.net\/site\/","name":"O Arcanjo no ar","description":"Site da Par\u00f3quia S\u00e3o Miguel Arcanjo (Arquidiocese de SP)","publisher":{"@id":"https:\/\/www.oarcanjo.net\/site\/#organization"},"potentialAction":[{"@type":"SearchAction","target":{"@type":"EntryPoint","urlTemplate":"https:\/\/www.oarcanjo.net\/site\/?s={search_term_string}"},"query-input":{"@type":"PropertyValueSpecification","valueRequired":true,"valueName":"search_term_string"}}],"inLanguage":"pt-BR"},{"@type":"Organization","@id":"https:\/\/www.oarcanjo.net\/site\/#organization","name":"Par\u00f3quia S\u00e3o Miguel Arcanjo","url":"https:\/\/www.oarcanjo.net\/site\/","logo":{"@type":"ImageObject","inLanguage":"pt-BR","@id":"https:\/\/www.oarcanjo.net\/site\/#\/schema\/logo\/image\/","url":"https:\/\/www.oarcanjo.net\/site\/wp-content\/uploads\/LogoOArcanjo.png","contentUrl":"https:\/\/www.oarcanjo.net\/site\/wp-content\/uploads\/LogoOArcanjo.png","width":319,"height":99,"caption":"Par\u00f3quia S\u00e3o Miguel Arcanjo"},"image":{"@id":"https:\/\/www.oarcanjo.net\/site\/#\/schema\/logo\/image\/"},"sameAs":["https:\/\/www.facebook.com\/OArcanjoNoAr\/"]},{"@type":"Person","@id":"https:\/\/www.oarcanjo.net\/site\/#\/schema\/person\/5eb9480bedd2f3c97e430ce128c29c6c","name":"danilo"}]}},"publishpress_future_action":{"enabled":false,"date":"2026-05-09 02:29:35","action":"category","newStatus":"draft","terms":[],"taxonomy":"category"},"publishpress_future_workflow_manual_trigger":{"enabledWorkflows":[]},"_links":{"self":[{"href":"https:\/\/www.oarcanjo.net\/site\/wp-json\/wp\/v2\/posts\/7129"}],"collection":[{"href":"https:\/\/www.oarcanjo.net\/site\/wp-json\/wp\/v2\/posts"}],"about":[{"href":"https:\/\/www.oarcanjo.net\/site\/wp-json\/wp\/v2\/types\/post"}],"author":[{"embeddable":true,"href":"https:\/\/www.oarcanjo.net\/site\/wp-json\/wp\/v2\/users\/14"}],"replies":[{"embeddable":true,"href":"https:\/\/www.oarcanjo.net\/site\/wp-json\/wp\/v2\/comments?post=7129"}],"version-history":[{"count":0,"href":"https:\/\/www.oarcanjo.net\/site\/wp-json\/wp\/v2\/posts\/7129\/revisions"}],"wp:attachment":[{"href":"https:\/\/www.oarcanjo.net\/site\/wp-json\/wp\/v2\/media?parent=7129"}],"wp:term":[{"taxonomy":"category","embeddable":true,"href":"https:\/\/www.oarcanjo.net\/site\/wp-json\/wp\/v2\/categories?post=7129"},{"taxonomy":"post_tag","embeddable":true,"href":"https:\/\/www.oarcanjo.net\/site\/wp-json\/wp\/v2\/tags?post=7129"}],"curies":[{"name":"wp","href":"https:\/\/api.w.org\/{rel}","templated":true}]}}