
{"id":7133,"date":"2017-01-06T00:01:11","date_gmt":"2017-01-06T02:01:11","guid":{"rendered":"http:\/\/www.oarcanjo.net\/site\/?p=7133"},"modified":"2016-12-27T06:05:50","modified_gmt":"2016-12-27T08:05:50","slug":"sao-juliao-e-santa-basilissa","status":"publish","type":"post","link":"https:\/\/www.oarcanjo.net\/site\/sao-juliao-e-santa-basilissa\/","title":{"rendered":"S\u00e3o Juli\u00e3o e Santa Basilissa"},"content":{"rendered":"<p><img loading=\"lazy\" decoding=\"async\" src=\"http:\/\/2.bp.blogspot.com\/_z-c0Sh5Zlrs\/SHU1ty4HTqI\/AAAAAAAAAbA\/6HYLWoyLkg0\/s400\/Santo+Juli%C3%A3o+e+Santa+Basilissa.jpg\" alt=\"\" width=\"190\" height=\"223\" \/><\/p>\n<p>6 de Janeiro<\/p>\n<p>\u00c9 um casal para figurar na hist\u00f3ria da Igreja com louvores. Juli\u00e3o era filho de um casal crist\u00e3o muito devoto e rico que lhe deu uma educa\u00e7\u00e3o esmerada e requintada, desde a tenra idade. Depois, desejosos de ver o filho bem casado, para constituir uma s\u00f3lida e crist\u00e3 fam\u00edlia, decidiram consolidar o seu matrim\u00f4nio, aos dezoito anos, com a jovem Basilissa. Extremamente obediente, o rapaz que nunca havia mencionado seu voto de castidade \u00e0 fam\u00edlia, realizou o sonho dos pais e se casou com a bela e suave jovem, que como ele procedia de uma prospera e bem situada fam\u00edlia seguidora dos mesmos preceitos crist\u00e3os que a de seu noivo.<\/p>\n<p>Uma vez casados, Juli\u00e3o com gentileza conversou com a esposa Basilissa e juntos fizeram um pacto de consagra\u00e7\u00e3o a Deus, para se dedicarem a Seu servi\u00e7o, apesar do sacramento matrimonial . Assim a uni\u00e3o carnal n\u00e3o se concretizou e ambos permaneceram virgens. Somente, ap\u00f3s a morte dos pais \u00e9 que os dois puderam viver a vida espiritual na plenitude almejada. Usando seus bens, cada um fundou um mosteiro: Juli\u00e3o, o masculino e Basilissa, o feminino. Com o saldo do patrim\u00f4nio mantinham v\u00e1rias obras de caridade e sustentavam os mosteiros que funcionavam tamb\u00e9m como hospitais, para atendimento dos mais necessitados. O de Basilissa atendia especialmente aos leprosos<\/p>\n<p>Nesse per\u00edodo o Cristianismo vivia os seus tempos mais tr\u00e1gicos, o das persegui\u00e7\u00f5es sanguin\u00e1rias impostas em todo o Imp\u00e9rio pelos tiranos Diocleciano e Maximiano. Em aux\u00edlio aos crist\u00e3os surgiu Juli\u00e3o que abrigou em seu mosteiro dezenas deles, que procuravam refugio das implac\u00e1veis investidas. Por\u00e9m foi denunciado e viu aos poucos todos serem &#8220;julgados&#8221; e condenados ao supl\u00edcio e \u00e0 morte pelo testemunho da f\u00e9. At\u00e9 que chegou sua vez. Como se recusou a adorar os \u00eddolos pag\u00e3os e renegar a f\u00e9 em Cristo foi martirizado por um longo per\u00edodo. Segundo os registros dessa \u00e9poca arquivados pela Igreja, o per\u00edodo foi descrito como de muitas torturas e sofrimento, mas tamb\u00e9m de muitos prod\u00edgios e gra\u00e7as ocorridos atrav\u00e9s das m\u00e3os de Juli\u00e3o.<\/p>\n<p>Juli\u00e3o foi finalmente assassinado e p\u00f4de descansar em paz em 9 de janeiro de 302.<br \/>\nEnquanto Basilissa, conseguiu ser poupada, vivendo junto aos mais miser\u00e1veis e pobres leprosos os quais tratava como filhos. Ela morreu algum tempo depois, dizem em 18 de novembro de 304, tendo promovido muitos prod\u00edgios de cura e gra\u00e7as.<\/p>\n<p>A Igreja reverencia a mem\u00f3ria do casal, Santo Juli\u00e3o e Santa Basilissa, no dia 6 de janeiro, conforme o \u00faltimo ajuste oficial feito no Martirol\u00f3gio Romano. Nele tamb\u00e9m encontramos a corre\u00e7\u00e3o de suas origens citada antes como sendo da Antioquia mas que se comprovou ser de Antinoe capital de Tebaide, no Egito. Entretanto, algumas regi\u00f5es do Oriente ainda os celebram no dia 09 de janeiro.<\/p>\n<p><img loading=\"lazy\" decoding=\"async\" src=\"http:\/\/paroquiasaonicolau.pt\/images\/fotos\/igrejas\/saoNicolau\/big\/SbasilisaB.JPG\" alt=\"\" width=\"187\" height=\"535\" \/>\u00a0 <img loading=\"lazy\" decoding=\"async\" src=\"http:\/\/paroquiasaonicolau.pt\/images\/fotos\/igrejas\/saoNicolau\/big\/SJuliaoB.JPG\" alt=\"\" width=\"178\" height=\"536\" \/><\/p>\n<p>Imagens da igreja de S\u00e3o Nicolau em Lisboa &#8211;\u00a0 Portugal<\/p>\n<div id=\"themify_builder_content-7133\" data-postid=\"7133\" class=\"themify_builder_content themify_builder_content-7133 themify_builder themify_builder_front\">\n\t<\/div>\n<!-- \/themify_builder_content -->","protected":false},"excerpt":{"rendered":"<p>6 de Janeiro \u00c9 um casal para figurar na hist\u00f3ria da Igreja com louvores. Juli\u00e3o era filho de um casal crist\u00e3o muito devoto e rico que lhe deu uma educa\u00e7\u00e3o esmerada e requintada, desde a tenra idade. Depois, desejosos de ver o filho bem casado, para constituir uma s\u00f3lida e crist\u00e3 fam\u00edlia, decidiram consolidar o [&hellip;]<\/p>\n","protected":false},"author":14,"featured_media":0,"comment_status":"open","ping_status":"open","sticky":false,"template":"","format":"standard","meta":{"ngg_post_thumbnail":0,"footnotes":""},"categories":[186],"tags":[],"yoast_head":"<!-- This site is optimized with the Yoast SEO plugin v23.5 - https:\/\/yoast.com\/wordpress\/plugins\/seo\/ -->\n<title>S\u00e3o Juli\u00e3o e Santa Basilissa - O Arcanjo no ar<\/title>\n<meta name=\"robots\" content=\"index, follow, max-snippet:-1, max-image-preview:large, max-video-preview:-1\" \/>\n<link rel=\"canonical\" href=\"https:\/\/www.oarcanjo.net\/site\/sao-juliao-e-santa-basilissa\/\" \/>\n<meta property=\"og:locale\" content=\"pt_BR\" \/>\n<meta property=\"og:type\" content=\"article\" \/>\n<meta property=\"og:title\" content=\"S\u00e3o Juli\u00e3o e Santa Basilissa - O Arcanjo no ar\" \/>\n<meta property=\"og:description\" content=\"6 de Janeiro \u00c9 um casal para figurar na hist\u00f3ria da Igreja com louvores. Juli\u00e3o era filho de um casal crist\u00e3o muito devoto e rico que lhe deu uma educa\u00e7\u00e3o esmerada e requintada, desde a tenra idade. Depois, desejosos de ver o filho bem casado, para constituir uma s\u00f3lida e crist\u00e3 fam\u00edlia, decidiram consolidar o [&hellip;]\" \/>\n<meta property=\"og:url\" content=\"https:\/\/www.oarcanjo.net\/site\/sao-juliao-e-santa-basilissa\/\" \/>\n<meta property=\"og:site_name\" content=\"O Arcanjo no ar\" \/>\n<meta property=\"article:publisher\" content=\"https:\/\/www.facebook.com\/OArcanjoNoAr\/\" \/>\n<meta property=\"article:published_time\" content=\"2017-01-06T02:01:11+00:00\" \/>\n<meta property=\"article:modified_time\" content=\"2016-12-27T08:05:50+00:00\" \/>\n<meta property=\"og:image\" content=\"http:\/\/2.bp.blogspot.com\/_z-c0Sh5Zlrs\/SHU1ty4HTqI\/AAAAAAAAAbA\/6HYLWoyLkg0\/s400\/Santo+Juli%C3%A3o+e+Santa+Basilissa.jpg\" \/>\n<meta name=\"author\" content=\"danilo\" \/>\n<meta name=\"twitter:card\" content=\"summary_large_image\" \/>\n<meta name=\"twitter:label1\" content=\"Escrito por\" \/>\n\t<meta name=\"twitter:data1\" content=\"danilo\" \/>\n\t<meta name=\"twitter:label2\" content=\"Est. tempo de leitura\" \/>\n\t<meta name=\"twitter:data2\" content=\"3 minutos\" \/>\n<script type=\"application\/ld+json\" class=\"yoast-schema-graph\">{\"@context\":\"https:\/\/schema.org\",\"@graph\":[{\"@type\":\"Article\",\"@id\":\"https:\/\/www.oarcanjo.net\/site\/sao-juliao-e-santa-basilissa\/#article\",\"isPartOf\":{\"@id\":\"https:\/\/www.oarcanjo.net\/site\/sao-juliao-e-santa-basilissa\/\"},\"author\":{\"name\":\"danilo\",\"@id\":\"https:\/\/www.oarcanjo.net\/site\/#\/schema\/person\/5eb9480bedd2f3c97e430ce128c29c6c\"},\"headline\":\"S\u00e3o Juli\u00e3o e Santa Basilissa\",\"datePublished\":\"2017-01-06T02:01:11+00:00\",\"dateModified\":\"2016-12-27T08:05:50+00:00\",\"mainEntityOfPage\":{\"@id\":\"https:\/\/www.oarcanjo.net\/site\/sao-juliao-e-santa-basilissa\/\"},\"wordCount\":514,\"commentCount\":0,\"publisher\":{\"@id\":\"https:\/\/www.oarcanjo.net\/site\/#organization\"},\"image\":{\"@id\":\"https:\/\/www.oarcanjo.net\/site\/sao-juliao-e-santa-basilissa\/#primaryimage\"},\"thumbnailUrl\":\"http:\/\/2.bp.blogspot.com\/_z-c0Sh5Zlrs\/SHU1ty4HTqI\/AAAAAAAAAbA\/6HYLWoyLkg0\/s400\/Santo+Juli%C3%A3o+e+Santa+Basilissa.jpg\",\"articleSection\":[\"Testemunhos\"],\"inLanguage\":\"pt-BR\",\"potentialAction\":[{\"@type\":\"CommentAction\",\"name\":\"Comment\",\"target\":[\"https:\/\/www.oarcanjo.net\/site\/sao-juliao-e-santa-basilissa\/#respond\"]}]},{\"@type\":\"WebPage\",\"@id\":\"https:\/\/www.oarcanjo.net\/site\/sao-juliao-e-santa-basilissa\/\",\"url\":\"https:\/\/www.oarcanjo.net\/site\/sao-juliao-e-santa-basilissa\/\",\"name\":\"S\u00e3o Juli\u00e3o e Santa Basilissa - O Arcanjo no ar\",\"isPartOf\":{\"@id\":\"https:\/\/www.oarcanjo.net\/site\/#website\"},\"primaryImageOfPage\":{\"@id\":\"https:\/\/www.oarcanjo.net\/site\/sao-juliao-e-santa-basilissa\/#primaryimage\"},\"image\":{\"@id\":\"https:\/\/www.oarcanjo.net\/site\/sao-juliao-e-santa-basilissa\/#primaryimage\"},\"thumbnailUrl\":\"http:\/\/2.bp.blogspot.com\/_z-c0Sh5Zlrs\/SHU1ty4HTqI\/AAAAAAAAAbA\/6HYLWoyLkg0\/s400\/Santo+Juli%C3%A3o+e+Santa+Basilissa.jpg\",\"datePublished\":\"2017-01-06T02:01:11+00:00\",\"dateModified\":\"2016-12-27T08:05:50+00:00\",\"breadcrumb\":{\"@id\":\"https:\/\/www.oarcanjo.net\/site\/sao-juliao-e-santa-basilissa\/#breadcrumb\"},\"inLanguage\":\"pt-BR\",\"potentialAction\":[{\"@type\":\"ReadAction\",\"target\":[\"https:\/\/www.oarcanjo.net\/site\/sao-juliao-e-santa-basilissa\/\"]}]},{\"@type\":\"ImageObject\",\"inLanguage\":\"pt-BR\",\"@id\":\"https:\/\/www.oarcanjo.net\/site\/sao-juliao-e-santa-basilissa\/#primaryimage\",\"url\":\"http:\/\/2.bp.blogspot.com\/_z-c0Sh5Zlrs\/SHU1ty4HTqI\/AAAAAAAAAbA\/6HYLWoyLkg0\/s400\/Santo+Juli%C3%A3o+e+Santa+Basilissa.jpg\",\"contentUrl\":\"http:\/\/2.bp.blogspot.com\/_z-c0Sh5Zlrs\/SHU1ty4HTqI\/AAAAAAAAAbA\/6HYLWoyLkg0\/s400\/Santo+Juli%C3%A3o+e+Santa+Basilissa.jpg\"},{\"@type\":\"BreadcrumbList\",\"@id\":\"https:\/\/www.oarcanjo.net\/site\/sao-juliao-e-santa-basilissa\/#breadcrumb\",\"itemListElement\":[{\"@type\":\"ListItem\",\"position\":1,\"name\":\"In\u00edcio\",\"item\":\"https:\/\/www.oarcanjo.net\/site\/\"},{\"@type\":\"ListItem\",\"position\":2,\"name\":\"S\u00e3o Juli\u00e3o e Santa Basilissa\"}]},{\"@type\":\"WebSite\",\"@id\":\"https:\/\/www.oarcanjo.net\/site\/#website\",\"url\":\"https:\/\/www.oarcanjo.net\/site\/\",\"name\":\"O Arcanjo no ar\",\"description\":\"Site da Par\u00f3quia S\u00e3o Miguel Arcanjo (Arquidiocese de SP)\",\"publisher\":{\"@id\":\"https:\/\/www.oarcanjo.net\/site\/#organization\"},\"potentialAction\":[{\"@type\":\"SearchAction\",\"target\":{\"@type\":\"EntryPoint\",\"urlTemplate\":\"https:\/\/www.oarcanjo.net\/site\/?s={search_term_string}\"},\"query-input\":{\"@type\":\"PropertyValueSpecification\",\"valueRequired\":true,\"valueName\":\"search_term_string\"}}],\"inLanguage\":\"pt-BR\"},{\"@type\":\"Organization\",\"@id\":\"https:\/\/www.oarcanjo.net\/site\/#organization\",\"name\":\"Par\u00f3quia S\u00e3o Miguel Arcanjo\",\"url\":\"https:\/\/www.oarcanjo.net\/site\/\",\"logo\":{\"@type\":\"ImageObject\",\"inLanguage\":\"pt-BR\",\"@id\":\"https:\/\/www.oarcanjo.net\/site\/#\/schema\/logo\/image\/\",\"url\":\"https:\/\/www.oarcanjo.net\/site\/wp-content\/uploads\/LogoOArcanjo.png\",\"contentUrl\":\"https:\/\/www.oarcanjo.net\/site\/wp-content\/uploads\/LogoOArcanjo.png\",\"width\":319,\"height\":99,\"caption\":\"Par\u00f3quia S\u00e3o Miguel Arcanjo\"},\"image\":{\"@id\":\"https:\/\/www.oarcanjo.net\/site\/#\/schema\/logo\/image\/\"},\"sameAs\":[\"https:\/\/www.facebook.com\/OArcanjoNoAr\/\"]},{\"@type\":\"Person\",\"@id\":\"https:\/\/www.oarcanjo.net\/site\/#\/schema\/person\/5eb9480bedd2f3c97e430ce128c29c6c\",\"name\":\"danilo\"}]}<\/script>\n<!-- \/ Yoast SEO plugin. -->","yoast_head_json":{"title":"S\u00e3o Juli\u00e3o e Santa Basilissa - O Arcanjo no ar","robots":{"index":"index","follow":"follow","max-snippet":"max-snippet:-1","max-image-preview":"max-image-preview:large","max-video-preview":"max-video-preview:-1"},"canonical":"https:\/\/www.oarcanjo.net\/site\/sao-juliao-e-santa-basilissa\/","og_locale":"pt_BR","og_type":"article","og_title":"S\u00e3o Juli\u00e3o e Santa Basilissa - O Arcanjo no ar","og_description":"6 de Janeiro \u00c9 um casal para figurar na hist\u00f3ria da Igreja com louvores. Juli\u00e3o era filho de um casal crist\u00e3o muito devoto e rico que lhe deu uma educa\u00e7\u00e3o esmerada e requintada, desde a tenra idade. Depois, desejosos de ver o filho bem casado, para constituir uma s\u00f3lida e crist\u00e3 fam\u00edlia, decidiram consolidar o [&hellip;]","og_url":"https:\/\/www.oarcanjo.net\/site\/sao-juliao-e-santa-basilissa\/","og_site_name":"O Arcanjo no ar","article_publisher":"https:\/\/www.facebook.com\/OArcanjoNoAr\/","article_published_time":"2017-01-06T02:01:11+00:00","article_modified_time":"2016-12-27T08:05:50+00:00","og_image":[{"url":"http:\/\/2.bp.blogspot.com\/_z-c0Sh5Zlrs\/SHU1ty4HTqI\/AAAAAAAAAbA\/6HYLWoyLkg0\/s400\/Santo+Juli%C3%A3o+e+Santa+Basilissa.jpg"}],"author":"danilo","twitter_card":"summary_large_image","twitter_misc":{"Escrito por":"danilo","Est. tempo de leitura":"3 minutos"},"schema":{"@context":"https:\/\/schema.org","@graph":[{"@type":"Article","@id":"https:\/\/www.oarcanjo.net\/site\/sao-juliao-e-santa-basilissa\/#article","isPartOf":{"@id":"https:\/\/www.oarcanjo.net\/site\/sao-juliao-e-santa-basilissa\/"},"author":{"name":"danilo","@id":"https:\/\/www.oarcanjo.net\/site\/#\/schema\/person\/5eb9480bedd2f3c97e430ce128c29c6c"},"headline":"S\u00e3o Juli\u00e3o e Santa Basilissa","datePublished":"2017-01-06T02:01:11+00:00","dateModified":"2016-12-27T08:05:50+00:00","mainEntityOfPage":{"@id":"https:\/\/www.oarcanjo.net\/site\/sao-juliao-e-santa-basilissa\/"},"wordCount":514,"commentCount":0,"publisher":{"@id":"https:\/\/www.oarcanjo.net\/site\/#organization"},"image":{"@id":"https:\/\/www.oarcanjo.net\/site\/sao-juliao-e-santa-basilissa\/#primaryimage"},"thumbnailUrl":"http:\/\/2.bp.blogspot.com\/_z-c0Sh5Zlrs\/SHU1ty4HTqI\/AAAAAAAAAbA\/6HYLWoyLkg0\/s400\/Santo+Juli%C3%A3o+e+Santa+Basilissa.jpg","articleSection":["Testemunhos"],"inLanguage":"pt-BR","potentialAction":[{"@type":"CommentAction","name":"Comment","target":["https:\/\/www.oarcanjo.net\/site\/sao-juliao-e-santa-basilissa\/#respond"]}]},{"@type":"WebPage","@id":"https:\/\/www.oarcanjo.net\/site\/sao-juliao-e-santa-basilissa\/","url":"https:\/\/www.oarcanjo.net\/site\/sao-juliao-e-santa-basilissa\/","name":"S\u00e3o Juli\u00e3o e Santa Basilissa - O Arcanjo no ar","isPartOf":{"@id":"https:\/\/www.oarcanjo.net\/site\/#website"},"primaryImageOfPage":{"@id":"https:\/\/www.oarcanjo.net\/site\/sao-juliao-e-santa-basilissa\/#primaryimage"},"image":{"@id":"https:\/\/www.oarcanjo.net\/site\/sao-juliao-e-santa-basilissa\/#primaryimage"},"thumbnailUrl":"http:\/\/2.bp.blogspot.com\/_z-c0Sh5Zlrs\/SHU1ty4HTqI\/AAAAAAAAAbA\/6HYLWoyLkg0\/s400\/Santo+Juli%C3%A3o+e+Santa+Basilissa.jpg","datePublished":"2017-01-06T02:01:11+00:00","dateModified":"2016-12-27T08:05:50+00:00","breadcrumb":{"@id":"https:\/\/www.oarcanjo.net\/site\/sao-juliao-e-santa-basilissa\/#breadcrumb"},"inLanguage":"pt-BR","potentialAction":[{"@type":"ReadAction","target":["https:\/\/www.oarcanjo.net\/site\/sao-juliao-e-santa-basilissa\/"]}]},{"@type":"ImageObject","inLanguage":"pt-BR","@id":"https:\/\/www.oarcanjo.net\/site\/sao-juliao-e-santa-basilissa\/#primaryimage","url":"http:\/\/2.bp.blogspot.com\/_z-c0Sh5Zlrs\/SHU1ty4HTqI\/AAAAAAAAAbA\/6HYLWoyLkg0\/s400\/Santo+Juli%C3%A3o+e+Santa+Basilissa.jpg","contentUrl":"http:\/\/2.bp.blogspot.com\/_z-c0Sh5Zlrs\/SHU1ty4HTqI\/AAAAAAAAAbA\/6HYLWoyLkg0\/s400\/Santo+Juli%C3%A3o+e+Santa+Basilissa.jpg"},{"@type":"BreadcrumbList","@id":"https:\/\/www.oarcanjo.net\/site\/sao-juliao-e-santa-basilissa\/#breadcrumb","itemListElement":[{"@type":"ListItem","position":1,"name":"In\u00edcio","item":"https:\/\/www.oarcanjo.net\/site\/"},{"@type":"ListItem","position":2,"name":"S\u00e3o Juli\u00e3o e Santa Basilissa"}]},{"@type":"WebSite","@id":"https:\/\/www.oarcanjo.net\/site\/#website","url":"https:\/\/www.oarcanjo.net\/site\/","name":"O Arcanjo no ar","description":"Site da Par\u00f3quia S\u00e3o Miguel Arcanjo (Arquidiocese de SP)","publisher":{"@id":"https:\/\/www.oarcanjo.net\/site\/#organization"},"potentialAction":[{"@type":"SearchAction","target":{"@type":"EntryPoint","urlTemplate":"https:\/\/www.oarcanjo.net\/site\/?s={search_term_string}"},"query-input":{"@type":"PropertyValueSpecification","valueRequired":true,"valueName":"search_term_string"}}],"inLanguage":"pt-BR"},{"@type":"Organization","@id":"https:\/\/www.oarcanjo.net\/site\/#organization","name":"Par\u00f3quia S\u00e3o Miguel Arcanjo","url":"https:\/\/www.oarcanjo.net\/site\/","logo":{"@type":"ImageObject","inLanguage":"pt-BR","@id":"https:\/\/www.oarcanjo.net\/site\/#\/schema\/logo\/image\/","url":"https:\/\/www.oarcanjo.net\/site\/wp-content\/uploads\/LogoOArcanjo.png","contentUrl":"https:\/\/www.oarcanjo.net\/site\/wp-content\/uploads\/LogoOArcanjo.png","width":319,"height":99,"caption":"Par\u00f3quia S\u00e3o Miguel Arcanjo"},"image":{"@id":"https:\/\/www.oarcanjo.net\/site\/#\/schema\/logo\/image\/"},"sameAs":["https:\/\/www.facebook.com\/OArcanjoNoAr\/"]},{"@type":"Person","@id":"https:\/\/www.oarcanjo.net\/site\/#\/schema\/person\/5eb9480bedd2f3c97e430ce128c29c6c","name":"danilo"}]}},"publishpress_future_action":{"enabled":false,"date":"2026-05-09 02:29:40","action":"category","newStatus":"draft","terms":[],"taxonomy":"category"},"publishpress_future_workflow_manual_trigger":{"enabledWorkflows":[]},"_links":{"self":[{"href":"https:\/\/www.oarcanjo.net\/site\/wp-json\/wp\/v2\/posts\/7133"}],"collection":[{"href":"https:\/\/www.oarcanjo.net\/site\/wp-json\/wp\/v2\/posts"}],"about":[{"href":"https:\/\/www.oarcanjo.net\/site\/wp-json\/wp\/v2\/types\/post"}],"author":[{"embeddable":true,"href":"https:\/\/www.oarcanjo.net\/site\/wp-json\/wp\/v2\/users\/14"}],"replies":[{"embeddable":true,"href":"https:\/\/www.oarcanjo.net\/site\/wp-json\/wp\/v2\/comments?post=7133"}],"version-history":[{"count":0,"href":"https:\/\/www.oarcanjo.net\/site\/wp-json\/wp\/v2\/posts\/7133\/revisions"}],"wp:attachment":[{"href":"https:\/\/www.oarcanjo.net\/site\/wp-json\/wp\/v2\/media?parent=7133"}],"wp:term":[{"taxonomy":"category","embeddable":true,"href":"https:\/\/www.oarcanjo.net\/site\/wp-json\/wp\/v2\/categories?post=7133"},{"taxonomy":"post_tag","embeddable":true,"href":"https:\/\/www.oarcanjo.net\/site\/wp-json\/wp\/v2\/tags?post=7133"}],"curies":[{"name":"wp","href":"https:\/\/api.w.org\/{rel}","templated":true}]}}