
{"id":714,"date":"2008-11-20T06:40:57","date_gmt":"2008-11-20T09:40:57","guid":{"rendered":"http:\/\/www.oarcanjo.net\/site\/?p=714"},"modified":"2008-11-20T06:43:21","modified_gmt":"2008-11-20T09:43:21","slug":"sobre-o-medo","status":"publish","type":"post","link":"https:\/\/www.oarcanjo.net\/site\/sobre-o-medo\/","title":{"rendered":"Sobre o medo&#8230;"},"content":{"rendered":"<p>Estamos vivendo o medo, esta sensa\u00e7\u00e3o que temos diante do enfrentamento, do perigo, dos desafios, o medo deve ser uma v\u00e1lvula de escape que nos informa \u201colha a\u00ed o seu limite\u201d, mas o que temos como ant\u00f4nimo do medo \u00e9 a coragem.<\/p>\n<p>A defini\u00e7\u00e3o mais acertada que j\u00e1 ouvi falar sobre a coragem \u00e9 a seguinte:<br \/>\n\u201cCoragem \u00e9 aquilo que fazemos com medo\u201d.<\/p>\n<p>Temos que usar esta mola propulsora que \u00e9 o medo para fazer todas as nossas tarefas, n\u00e3o devemos deixar de arriscar, pois tenho certeza que mesmo que algu\u00e9m lhe aponte um dedo, voltados para si haver\u00e1 quatro apontando, e se Deus n\u00e3o lhe condena por errar n\u00e3o seremos n\u00f3s os ju\u00edzes. Se houver medo, devemos respeit\u00e1-lo, por\u00e9m devemos enfrent\u00e1-lo; o medo nos paralisa, tira a nossa criatividade e nos deixa sem esperan\u00e7as.<\/p>\n<p>Eu escrevi todos os meus medos nesta \u00faltima segunda-feira em uma folha de papel, depois de ler, eu a queimei juntamente com outras tantas pessoas. Um ato de hero\u00edsmo, uma fraude ou uma forma de ver o outro lado do rio.<\/p>\n<p>Quero compartilhar algumas das frases que escrevi:<br \/>\nTenho medo de ficar sem dinheiro.<br \/>\nTenho medo de perder meus pais.<br \/>\nTenho medo de perder minha esposa,<br \/>\nTenho medo de ficar sem trabalho.<br \/>\nTenho medo de ficar sem meu filhos,<br \/>\nTenho medo de ficar doente\u2026<\/p>\n<p>O fato importante deste olhar \u00e9 que eu queria ver o outro lado do rio e ent\u00e3o me coloquei a bater as m\u00e3os na \u00e1gua e comecei a nadar, a princ\u00edpio lento depois com mais vigor, e depois o cansa\u00e7o veio e eu quis me entregar \u00e0 correnteza e sucumbir, ent\u00e3o comecei a ver melhor as coisas e o importante \u00e9 que durante esta minha persegui\u00e7\u00e3o ao meu objetivo eu recebi uma ajuda importante, um anjo vindo de um arcanjo, que me falou, \u201cDiga a voc\u00ea mesmo, eu acredito e vou conseguir, diga isto forte para voc\u00ea mesmo, n\u00e3o fique neste estado de paralisia\u201d. Este homem revestido com uma batina limpou minhas l\u00e1grimas e chamou-me de &#8216;meu irm\u00e3o&#8217;. Ele estendeu suas m\u00e3os sem pedir nada em troca, me levantou fez um carinho e me fez ver a esperan\u00e7a novamente.<\/p>\n<p>Muito obrigado \u201cAba\u201d, Papaizinho, muito obrigado \u201cPai Eterno\u201d, por ter colocado este irm\u00e3o que \u00e9 muito mais que um ser humano, \u00e9 um ser divino a quem sempre serei grato, at\u00e9 os \u00faltimos dias da minha vida. Muito obrigado, Pe. J\u00falio. Que Deus proteja e aben\u00e7oe o senhor, a sua m\u00e3ezinha, a todos os seus parentes e que fa\u00e7a as b\u00ean\u00e7\u00e3os serem derramadas em nossos lares e em nossos trabalhos; que esta seja uma Boa Nova.<\/p>\n<p>Am\u00e9m.<\/p>\n<p><em>Alexandre Leone<\/em><\/p>\n<div id=\"themify_builder_content-714\" data-postid=\"714\" class=\"themify_builder_content themify_builder_content-714 themify_builder themify_builder_front\">\n\t<\/div>\n<!-- \/themify_builder_content -->","protected":false},"excerpt":{"rendered":"<p>Estamos vivendo o medo, esta sensa\u00e7\u00e3o que temos diante do enfrentamento, do perigo, dos desafios, o medo deve ser uma v\u00e1lvula de escape que nos informa \u201colha a\u00ed o seu limite\u201d, mas o que temos como ant\u00f4nimo do medo \u00e9 a coragem. A defini\u00e7\u00e3o mais acertada que j\u00e1 ouvi falar sobre a coragem \u00e9 a [&hellip;]<\/p>\n","protected":false},"author":5,"featured_media":0,"comment_status":"open","ping_status":"open","sticky":false,"template":"","format":"standard","meta":{"ngg_post_thumbnail":0,"footnotes":""},"categories":[6],"tags":[120],"yoast_head":"<!-- This site is optimized with the Yoast SEO plugin v23.5 - https:\/\/yoast.com\/wordpress\/plugins\/seo\/ -->\n<title>Sobre o medo... - O Arcanjo no ar<\/title>\n<meta name=\"robots\" content=\"index, follow, max-snippet:-1, max-image-preview:large, max-video-preview:-1\" \/>\n<link rel=\"canonical\" href=\"https:\/\/www.oarcanjo.net\/site\/sobre-o-medo\/\" \/>\n<meta property=\"og:locale\" content=\"pt_BR\" \/>\n<meta property=\"og:type\" content=\"article\" \/>\n<meta property=\"og:title\" content=\"Sobre o medo... - O Arcanjo no ar\" \/>\n<meta property=\"og:description\" content=\"Estamos vivendo o medo, esta sensa\u00e7\u00e3o que temos diante do enfrentamento, do perigo, dos desafios, o medo deve ser uma v\u00e1lvula de escape que nos informa \u201colha a\u00ed o seu limite\u201d, mas o que temos como ant\u00f4nimo do medo \u00e9 a coragem. A defini\u00e7\u00e3o mais acertada que j\u00e1 ouvi falar sobre a coragem \u00e9 a [&hellip;]\" \/>\n<meta property=\"og:url\" content=\"https:\/\/www.oarcanjo.net\/site\/sobre-o-medo\/\" \/>\n<meta property=\"og:site_name\" content=\"O Arcanjo no ar\" \/>\n<meta property=\"article:publisher\" content=\"https:\/\/www.facebook.com\/OArcanjoNoAr\/\" \/>\n<meta property=\"article:published_time\" content=\"2008-11-20T09:40:57+00:00\" \/>\n<meta property=\"article:modified_time\" content=\"2008-11-20T09:43:21+00:00\" \/>\n<meta property=\"og:image\" content=\"https:\/\/www.oarcanjo.net\/site\/wp-content\/uploads\/logo-o-arcanjo-no-ar-facebook.png\" \/>\n\t<meta property=\"og:image:width\" content=\"300\" \/>\n\t<meta property=\"og:image:height\" content=\"300\" \/>\n\t<meta property=\"og:image:type\" content=\"image\/png\" \/>\n<meta name=\"author\" content=\"editor\" \/>\n<meta name=\"twitter:card\" content=\"summary_large_image\" \/>\n<meta name=\"twitter:label1\" content=\"Escrito por\" \/>\n\t<meta name=\"twitter:data1\" content=\"editor\" \/>\n\t<meta name=\"twitter:label2\" content=\"Est. tempo de leitura\" \/>\n\t<meta name=\"twitter:data2\" content=\"2 minutos\" \/>\n<script type=\"application\/ld+json\" class=\"yoast-schema-graph\">{\"@context\":\"https:\/\/schema.org\",\"@graph\":[{\"@type\":\"Article\",\"@id\":\"https:\/\/www.oarcanjo.net\/site\/sobre-o-medo\/#article\",\"isPartOf\":{\"@id\":\"https:\/\/www.oarcanjo.net\/site\/sobre-o-medo\/\"},\"author\":{\"name\":\"editor\",\"@id\":\"https:\/\/www.oarcanjo.net\/site\/#\/schema\/person\/f7024d007863202483a31326673a0838\"},\"headline\":\"Sobre o medo&#8230;\",\"datePublished\":\"2008-11-20T09:40:57+00:00\",\"dateModified\":\"2008-11-20T09:43:21+00:00\",\"mainEntityOfPage\":{\"@id\":\"https:\/\/www.oarcanjo.net\/site\/sobre-o-medo\/\"},\"wordCount\":465,\"commentCount\":1,\"publisher\":{\"@id\":\"https:\/\/www.oarcanjo.net\/site\/#organization\"},\"keywords\":[\"medo\"],\"articleSection\":[\"Ora\u00e7\u00f5es\"],\"inLanguage\":\"pt-BR\",\"potentialAction\":[{\"@type\":\"CommentAction\",\"name\":\"Comment\",\"target\":[\"https:\/\/www.oarcanjo.net\/site\/sobre-o-medo\/#respond\"]}]},{\"@type\":\"WebPage\",\"@id\":\"https:\/\/www.oarcanjo.net\/site\/sobre-o-medo\/\",\"url\":\"https:\/\/www.oarcanjo.net\/site\/sobre-o-medo\/\",\"name\":\"Sobre o medo... - O Arcanjo no ar\",\"isPartOf\":{\"@id\":\"https:\/\/www.oarcanjo.net\/site\/#website\"},\"datePublished\":\"2008-11-20T09:40:57+00:00\",\"dateModified\":\"2008-11-20T09:43:21+00:00\",\"breadcrumb\":{\"@id\":\"https:\/\/www.oarcanjo.net\/site\/sobre-o-medo\/#breadcrumb\"},\"inLanguage\":\"pt-BR\",\"potentialAction\":[{\"@type\":\"ReadAction\",\"target\":[\"https:\/\/www.oarcanjo.net\/site\/sobre-o-medo\/\"]}]},{\"@type\":\"BreadcrumbList\",\"@id\":\"https:\/\/www.oarcanjo.net\/site\/sobre-o-medo\/#breadcrumb\",\"itemListElement\":[{\"@type\":\"ListItem\",\"position\":1,\"name\":\"In\u00edcio\",\"item\":\"https:\/\/www.oarcanjo.net\/site\/\"},{\"@type\":\"ListItem\",\"position\":2,\"name\":\"Sobre o medo&#8230;\"}]},{\"@type\":\"WebSite\",\"@id\":\"https:\/\/www.oarcanjo.net\/site\/#website\",\"url\":\"https:\/\/www.oarcanjo.net\/site\/\",\"name\":\"O Arcanjo no ar\",\"description\":\"Site da Par\u00f3quia S\u00e3o Miguel Arcanjo (Arquidiocese de SP)\",\"publisher\":{\"@id\":\"https:\/\/www.oarcanjo.net\/site\/#organization\"},\"potentialAction\":[{\"@type\":\"SearchAction\",\"target\":{\"@type\":\"EntryPoint\",\"urlTemplate\":\"https:\/\/www.oarcanjo.net\/site\/?s={search_term_string}\"},\"query-input\":{\"@type\":\"PropertyValueSpecification\",\"valueRequired\":true,\"valueName\":\"search_term_string\"}}],\"inLanguage\":\"pt-BR\"},{\"@type\":\"Organization\",\"@id\":\"https:\/\/www.oarcanjo.net\/site\/#organization\",\"name\":\"Par\u00f3quia S\u00e3o Miguel Arcanjo\",\"url\":\"https:\/\/www.oarcanjo.net\/site\/\",\"logo\":{\"@type\":\"ImageObject\",\"inLanguage\":\"pt-BR\",\"@id\":\"https:\/\/www.oarcanjo.net\/site\/#\/schema\/logo\/image\/\",\"url\":\"https:\/\/www.oarcanjo.net\/site\/wp-content\/uploads\/LogoOArcanjo.png\",\"contentUrl\":\"https:\/\/www.oarcanjo.net\/site\/wp-content\/uploads\/LogoOArcanjo.png\",\"width\":319,\"height\":99,\"caption\":\"Par\u00f3quia S\u00e3o Miguel Arcanjo\"},\"image\":{\"@id\":\"https:\/\/www.oarcanjo.net\/site\/#\/schema\/logo\/image\/\"},\"sameAs\":[\"https:\/\/www.facebook.com\/OArcanjoNoAr\/\"]},{\"@type\":\"Person\",\"@id\":\"https:\/\/www.oarcanjo.net\/site\/#\/schema\/person\/f7024d007863202483a31326673a0838\",\"name\":\"editor\",\"sameAs\":[\"http:\/\/www.oarcanjo.net\"]}]}<\/script>\n<!-- \/ Yoast SEO plugin. -->","yoast_head_json":{"title":"Sobre o medo... - O Arcanjo no ar","robots":{"index":"index","follow":"follow","max-snippet":"max-snippet:-1","max-image-preview":"max-image-preview:large","max-video-preview":"max-video-preview:-1"},"canonical":"https:\/\/www.oarcanjo.net\/site\/sobre-o-medo\/","og_locale":"pt_BR","og_type":"article","og_title":"Sobre o medo... - O Arcanjo no ar","og_description":"Estamos vivendo o medo, esta sensa\u00e7\u00e3o que temos diante do enfrentamento, do perigo, dos desafios, o medo deve ser uma v\u00e1lvula de escape que nos informa \u201colha a\u00ed o seu limite\u201d, mas o que temos como ant\u00f4nimo do medo \u00e9 a coragem. A defini\u00e7\u00e3o mais acertada que j\u00e1 ouvi falar sobre a coragem \u00e9 a [&hellip;]","og_url":"https:\/\/www.oarcanjo.net\/site\/sobre-o-medo\/","og_site_name":"O Arcanjo no ar","article_publisher":"https:\/\/www.facebook.com\/OArcanjoNoAr\/","article_published_time":"2008-11-20T09:40:57+00:00","article_modified_time":"2008-11-20T09:43:21+00:00","og_image":[{"width":300,"height":300,"url":"https:\/\/www.oarcanjo.net\/site\/wp-content\/uploads\/logo-o-arcanjo-no-ar-facebook.png","type":"image\/png"}],"author":"editor","twitter_card":"summary_large_image","twitter_misc":{"Escrito por":"editor","Est. tempo de leitura":"2 minutos"},"schema":{"@context":"https:\/\/schema.org","@graph":[{"@type":"Article","@id":"https:\/\/www.oarcanjo.net\/site\/sobre-o-medo\/#article","isPartOf":{"@id":"https:\/\/www.oarcanjo.net\/site\/sobre-o-medo\/"},"author":{"name":"editor","@id":"https:\/\/www.oarcanjo.net\/site\/#\/schema\/person\/f7024d007863202483a31326673a0838"},"headline":"Sobre o medo&#8230;","datePublished":"2008-11-20T09:40:57+00:00","dateModified":"2008-11-20T09:43:21+00:00","mainEntityOfPage":{"@id":"https:\/\/www.oarcanjo.net\/site\/sobre-o-medo\/"},"wordCount":465,"commentCount":1,"publisher":{"@id":"https:\/\/www.oarcanjo.net\/site\/#organization"},"keywords":["medo"],"articleSection":["Ora\u00e7\u00f5es"],"inLanguage":"pt-BR","potentialAction":[{"@type":"CommentAction","name":"Comment","target":["https:\/\/www.oarcanjo.net\/site\/sobre-o-medo\/#respond"]}]},{"@type":"WebPage","@id":"https:\/\/www.oarcanjo.net\/site\/sobre-o-medo\/","url":"https:\/\/www.oarcanjo.net\/site\/sobre-o-medo\/","name":"Sobre o medo... - O Arcanjo no ar","isPartOf":{"@id":"https:\/\/www.oarcanjo.net\/site\/#website"},"datePublished":"2008-11-20T09:40:57+00:00","dateModified":"2008-11-20T09:43:21+00:00","breadcrumb":{"@id":"https:\/\/www.oarcanjo.net\/site\/sobre-o-medo\/#breadcrumb"},"inLanguage":"pt-BR","potentialAction":[{"@type":"ReadAction","target":["https:\/\/www.oarcanjo.net\/site\/sobre-o-medo\/"]}]},{"@type":"BreadcrumbList","@id":"https:\/\/www.oarcanjo.net\/site\/sobre-o-medo\/#breadcrumb","itemListElement":[{"@type":"ListItem","position":1,"name":"In\u00edcio","item":"https:\/\/www.oarcanjo.net\/site\/"},{"@type":"ListItem","position":2,"name":"Sobre o medo&#8230;"}]},{"@type":"WebSite","@id":"https:\/\/www.oarcanjo.net\/site\/#website","url":"https:\/\/www.oarcanjo.net\/site\/","name":"O Arcanjo no ar","description":"Site da Par\u00f3quia S\u00e3o Miguel Arcanjo (Arquidiocese de SP)","publisher":{"@id":"https:\/\/www.oarcanjo.net\/site\/#organization"},"potentialAction":[{"@type":"SearchAction","target":{"@type":"EntryPoint","urlTemplate":"https:\/\/www.oarcanjo.net\/site\/?s={search_term_string}"},"query-input":{"@type":"PropertyValueSpecification","valueRequired":true,"valueName":"search_term_string"}}],"inLanguage":"pt-BR"},{"@type":"Organization","@id":"https:\/\/www.oarcanjo.net\/site\/#organization","name":"Par\u00f3quia S\u00e3o Miguel Arcanjo","url":"https:\/\/www.oarcanjo.net\/site\/","logo":{"@type":"ImageObject","inLanguage":"pt-BR","@id":"https:\/\/www.oarcanjo.net\/site\/#\/schema\/logo\/image\/","url":"https:\/\/www.oarcanjo.net\/site\/wp-content\/uploads\/LogoOArcanjo.png","contentUrl":"https:\/\/www.oarcanjo.net\/site\/wp-content\/uploads\/LogoOArcanjo.png","width":319,"height":99,"caption":"Par\u00f3quia S\u00e3o Miguel Arcanjo"},"image":{"@id":"https:\/\/www.oarcanjo.net\/site\/#\/schema\/logo\/image\/"},"sameAs":["https:\/\/www.facebook.com\/OArcanjoNoAr\/"]},{"@type":"Person","@id":"https:\/\/www.oarcanjo.net\/site\/#\/schema\/person\/f7024d007863202483a31326673a0838","name":"editor","sameAs":["http:\/\/www.oarcanjo.net"]}]}},"publishpress_future_action":{"enabled":false,"date":"2026-05-07 14:13:41","action":"category","newStatus":"draft","terms":[],"taxonomy":"category"},"publishpress_future_workflow_manual_trigger":{"enabledWorkflows":[]},"_links":{"self":[{"href":"https:\/\/www.oarcanjo.net\/site\/wp-json\/wp\/v2\/posts\/714"}],"collection":[{"href":"https:\/\/www.oarcanjo.net\/site\/wp-json\/wp\/v2\/posts"}],"about":[{"href":"https:\/\/www.oarcanjo.net\/site\/wp-json\/wp\/v2\/types\/post"}],"author":[{"embeddable":true,"href":"https:\/\/www.oarcanjo.net\/site\/wp-json\/wp\/v2\/users\/5"}],"replies":[{"embeddable":true,"href":"https:\/\/www.oarcanjo.net\/site\/wp-json\/wp\/v2\/comments?post=714"}],"version-history":[{"count":0,"href":"https:\/\/www.oarcanjo.net\/site\/wp-json\/wp\/v2\/posts\/714\/revisions"}],"wp:attachment":[{"href":"https:\/\/www.oarcanjo.net\/site\/wp-json\/wp\/v2\/media?parent=714"}],"wp:term":[{"taxonomy":"category","embeddable":true,"href":"https:\/\/www.oarcanjo.net\/site\/wp-json\/wp\/v2\/categories?post=714"},{"taxonomy":"post_tag","embeddable":true,"href":"https:\/\/www.oarcanjo.net\/site\/wp-json\/wp\/v2\/tags?post=714"}],"curies":[{"name":"wp","href":"https:\/\/api.w.org\/{rel}","templated":true}]}}