
{"id":7146,"date":"2017-01-07T04:12:36","date_gmt":"2017-01-07T06:12:36","guid":{"rendered":"http:\/\/www.oarcanjo.net\/site\/?p=7146"},"modified":"2016-12-27T06:13:53","modified_gmt":"2016-12-27T08:13:53","slug":"sao-raimundo-de-penafort","status":"publish","type":"post","link":"https:\/\/www.oarcanjo.net\/site\/sao-raimundo-de-penafort\/","title":{"rendered":"S\u00e3o Raimundo de Pe\u00f1afort"},"content":{"rendered":"<p><img decoding=\"async\" src=\"http:\/\/1.bp.blogspot.com\/_VsL8VkjSZWw\/SV0uJW8o30I\/AAAAAAAAAqo\/LXzEJV2HKY8\/s400\/San_Raimondo_de_Penafort_D.jpg\" border=\"0\" alt=\"\" \/><\/p>\n<p>7 de Janeiro<\/p>\n<p>Nessa perspectiva, a vida de S\u00e3o Raimundo se torna mais facilmente compreens\u00edvel. Trata-se de um Santo com uma voca\u00e7\u00e3o universal. Chamado pela Provid\u00eancia para as miss\u00f5es mais diversas, ele, com uma versatilidade prodigiosa, &#8220;faz de tudo&#8221;, quase ao mesmo tempo.<\/p>\n<p>Nasceu em 1175, no castelo de Pe\u00f1afort, na Catalunha, Espanha.\u00a0Seus pais eram de nobre estirpe de cavaleiros.\u00a0Ainda leigo, com a idade de 20 anos, j\u00e1 ensinava filosofia em sua cidade, mais com o intuito de formar os cora\u00e7\u00f5es do que de instruir os esp\u00edritos.\u00a0O tempo que lhe sobrava, empregava- o em socorrer os infelizes e conciliar diverg\u00eancias entre seus concidad\u00e3os.<\/p>\n<p>Aos 30 anos ingressou na Universidade de Bolonha, onde estudou Direito Can\u00f4nico e Civil com tal \u00eaxito que n\u00e3o tardou em doutorar-se e passar de aluno a mestre. As qualidades e virtudes do piedoso doutor faziam dele um dos mais belos ornamentos da famosa Universidade. Em pouco tempo, sua reputa\u00e7\u00e3o j\u00e1 alcan\u00e7ava pa\u00edses distantes.<\/p>\n<p>Em 1219, o Bispo de Barcelona, Dom Berenger, foi a Bolonha, com o objetivo de levar consigo Raimundo para sua diocese. Bem sabia o Prelado quanto este lhe seria valioso instrumento para reforma dos costumes, reafervoramento do povo e at\u00e9 mesmo do clero da Catalunha. O famoso professor, entretanto, n\u00e3o se mostrava disposto a abandonar seu campo de trabalho, onde podia fazer tanto bem para a salva\u00e7\u00e3o das almas.<\/p>\n<p>O Bispo, por\u00e9m, sabia como tocar as cordas sens\u00edveis do Santo. Ap\u00f3s expor- lhe as prementes necessidades da Igreja em Barcelona, afirmou que ele tinha uma particular obriga\u00e7\u00e3o de atender primeiro seu pa\u00eds natal. Depois lhe mostrou o perigo de se afastar do caminho de Deus, ao qual ele ficaria mais exposto se seguisse apenas sua pr\u00f3pria vontade. E encerrou com o seguinte argumento: em Bolonha, o brilho de sua reputa\u00e7\u00e3o lhe atra\u00eda t\u00e3o grandes aplausos que n\u00e3o poderia deixar de aumentar desmedidamente suas ocupa\u00e7\u00f5es, com preju\u00edzo da vida interior.<\/p>\n<p>Por fim, Raimundo se deixou persuadir e transferiu-se para Barcelona, dedicando-se de corpo e alma ao servi\u00e7o do Altar.<\/p>\n<p><strong>Modelo dos sacerdotes <\/strong><\/p>\n<p>Nomeado c\u00f4nego, e pouco depois arqui-di\u00e1cono, logo tornou-se o modelo dos sacerdotes na igreja de Barcelona, tanto pela inoc\u00eancia de sua vida quanto pela regularidade e exatid\u00e3o no cumprimento de todos os minist\u00e9rios.<\/p>\n<p>Empenhou-se para que os atos lit\u00fargicos fossem realizados com a maior dignidade e beleza. Autorizado pelo Bispo, promoveu pela primeira vez a celebra\u00e7\u00e3o da festa da Assun\u00e7\u00e3o de Nossa Senhora, com of\u00edcio solene.<\/p>\n<p>Raimundo estava sempre pronto a socorrer os indigentes e auxiliar a todos quantos iam consult\u00e1-lo. Em pouco tempo fez-se amado e respeitado por todos. O exemplo de suas virtudes contribuiu mais para a reforma dos costumes que toda a autoridade da qual fora revestido pelo Bispo.<\/p>\n<p>Mas o desejo de levar uma vida mais perfeita, mais penitente e menos exposta aos olhos dos homens, cujos louvores temia, o impelia a procurar um estado de maior dedica\u00e7\u00e3o.<\/p>\n<p>Quando professor em Bolonha, testemunhara as grandes virtudes de S\u00e3o Domingos e os milagres que Deus realizava por meio desse Santo. Era grande admirador da vida ang\u00e9lica dos primeiros dominicanos estabelecidos em Barcelona. D\u00f3cil \u00e0 voz de Deus que o chamava a ser como eles, recebeu o h\u00e1bito religioso de S\u00e3o Domingos na Sexta-Feira Santa de 1222, na idade de 47 anos.<\/p>\n<p>Seu exemplo atraiu para a Ordem Dominicana v\u00e1rios personagens ilustres, como Pedro Ruber, Raimundo de Rosannes e outros piedosos eclesi\u00e1sticos, cuja voca\u00e7\u00e3o e talento deram novo brilho \u00e0 Ordem em toda a Catalunha.<\/p>\n<p><strong>Homem de grande ci\u00eancia <\/strong><\/p>\n<p>Esse novo estado de vida foi para ele um acr\u00e9scimo de fervor e uma escola de perfei\u00e7\u00e3o. As gra\u00e7as que recebia na ora\u00e7\u00e3o aumentavam-lhe sempre o desejo de se mortificar e tornar-se \u00fatil no servi\u00e7o da Igreja e do pr\u00f3ximo.<\/p>\n<p>Os superiores valeram-se sabiamente de tais disposi\u00e7\u00f5es para fazer frutificar suas qualidades. Tendo ele rogado que lhe impusessem uma severa penit\u00eancia para expiar, segundo dizia, as v\u00e3s complac\u00eancias que tivera ensinando no mundo, ordenaram-lhe que compusesse um comp\u00eandio dos casos de consci\u00eancia, para facilitar a delicada miss\u00e3o dos confessores.<\/p>\n<p>Frei Raimundo executou esse trabalho com admir\u00e1vel exatid\u00e3o, apresentando de forma ordenada os &#8220;casos de consci\u00eancia&#8221; e dando a solu\u00e7\u00e3o para cada um deles, com base nos ensinamentos das Sagradas Escrituras, nos c\u00e2nones das leis eclesi\u00e1sticas, na doutrina dos Padres da Igreja e nos decretos pontif\u00edcios. O Papa Clemente VIII fez grandes elogios a essa obra, afirmando ser ela igualmente \u00fatil aos penitentes e necess\u00e1ria aos confessores.<\/p>\n<p>Conhecedor da grande ci\u00eancia de S\u00e3o Raimundo, o Papa Greg\u00f3rio IX chamou-o a Roma como Penitenci\u00e1rio Papal e lhe deu a incumb\u00eancia de realizar um trabalho de propor\u00e7\u00f5es universais, a compila\u00e7\u00e3o da vasta legisla\u00e7\u00e3o can\u00f4nica ent\u00e3o em vigor.<\/p>\n<p>Dela se desincumbiu o insigne canonista dominicano com o zelo e a compet\u00eancia de costume. Em 1234 apresentou ao Pont\u00edfice a obra conclu\u00edda.\u00a0Sob o t\u00edtulo de Decretais, essa codifica\u00e7\u00e3o vigorou na Igreja at\u00e9 1918, quando foi publicado o primeiro C\u00f3digo de Direito Can\u00f4nico.<\/p>\n<p><strong>Insaci\u00e1vel zelo pelas almas<\/strong><\/p>\n<p>Em 1238 foi eleito Superior Geral dos Dominicanos. Desejoso, por\u00e9m, de dedicar-se por inteiro ao apostolado de conquista de almas para Jesus Cristo, pediu e obteve dispensa desse cargo.\u00a0O zelo da salva\u00e7\u00e3o das almas o devorava. Seus pensamentos estavam voltados para fazer novas conquistas para a Igreja, sobretudo entre os infi\u00e9is.<\/p>\n<p>Com o objetivo de facilitar a convers\u00e3o de judeus e mu\u00e7ulmanos, criou centros para o ensino de suas l\u00ednguas e pediu a S\u00e3o Tom\u00e1s de Aquino para escrever a Suma Contra Gentiles.<\/p>\n<p>Servindo-se deste poderoso instrumento de apostolado, o Santo p\u00f4s-se a campo, e os bons resultados n\u00e3o se fizeram esperar: em uma carta sua ao Superior Geral, datada de 1256, pode- se ler que obteve a convers\u00e3o de mais de dez mil \u00e1rabes na Espanha. Esse c\u00e9lebre canonista organizou tamb\u00e9m miss\u00f5es para a convers\u00e3o dos judeus e dos<\/p>\n<table border=\"0\" align=\"right\">\n<tbody>\n<tr>\n<td><img loading=\"lazy\" decoding=\"async\" src=\"http:\/\/www.arautos.org.br\/resource\/view?&amp;image=17767&amp;size=2\" alt=\"SAO RAIMUNDO_1.JPG\" width=\"326\" height=\"344\" \/><\/td>\n<\/tr>\n<tr>\n<td>Perante o t\u00famulo de S\u00e3o Raimundo, na Catedral de Barce-<\/td>\n<\/tr>\n<tr>\n<td>lona, operaram-se numerosos milagres<\/td>\n<\/tr>\n<\/tbody>\n<\/table>\n<p>mu\u00e7ulmanos.<\/p>\n<p>N\u00e3o havia, por assim dizer, campo de apostolado ao qual n\u00e3o se lan\u00e7asse: trabalhar sem esmorecimento para converter os pag\u00e3os, ou pelo menos impedir que corrompessem os crist\u00e3os; atrair os pecadores \u00e0 penit\u00eancia e reconcili\u00e1-los no tribunal do confession\u00e1rio; instruir os fi\u00e9is pelo minist\u00e9rio da palavra; apoiar os bons, consol\u00e1los nos seus sofrimentos; obter para os pobres as esmolas e os aux\u00edlios dos ricos &#8211; nada era demasiado para o desejo de salvar almas, que nele crescia mais e mais.<\/p>\n<p><strong>Navegando sobre um escapul\u00e1rio de l\u00e3 <\/strong><\/p>\n<p>S\u00e3o Raimundo \u00e9 um dos mais esplendorosos exemplos de confirma\u00e7\u00e3o das palavras de Cristo: &#8220;Aquele que cr\u00ea em Mim far\u00e1 tamb\u00e9m as obras que Eu fa\u00e7o, e far\u00e1 ainda maiores do que estas&#8221; (Jo 14,12).<\/p>\n<p>O Rei Jaime de Arag\u00e3o era senhor da Ilha de Maiorca, localizada no mar Mediterr\u00e2neo a 360 quil\u00f4metros de Barcelona. Numa de suas viagens a essa ilha, convidou para acompanh\u00e1-lo Frei Raimundo, que na \u00e9poca exercia as fun\u00e7\u00f5es de capel\u00e3o da corte. Durante o percurso, o monarca &#8211; cujo procedimento moral muito deixava a desejar &#8211; tentou for\u00e7ar a consci\u00eancia do Santo, exigindo que ele complacentemente fizesse vistas grossas a esse mau proceder.<\/p>\n<p>O homem de Deus resistiu com vigor, chegando a ponto de pedir licen\u00e7a para descer do navio, em pleno mar, e retornar a Barcelona. O Rei negou autoriza\u00e7\u00e3o para essa &#8220;loucura&#8221; que para o Santo, entretanto, parecia coisa simples, uma vez que Jesus veio at\u00e9 seus disc\u00edpulos &#8220;caminhando sobre as \u00e1guas do mar&#8221; (Mt 14,25). Confiante em Deus, ele respondeu ao monarca:<\/p>\n<p>&#8211; Um rei da terra me fecha a passagem, mas o Rei do C\u00e9u h\u00e1 de me abrir caminho melhor; ou por outra, Ele pr\u00f3prio \u00e9 meu caminho!<\/p>\n<p>Por\u00e9m o Rei, \u00e0 negativa de autoriza\u00e7\u00e3o, acrescentou uma amea\u00e7a de pena de morte, caso o Santo tentasse fugir.<\/p>\n<p>E ao desembarcar na ilha, Frei Raimundo notou que uma escolta armada havia sido incumbida de guard\u00e1-lo para impedir sua fuga.<\/p>\n<p>Ap\u00f3s, com sua acolhedora bondade, conquistar a confian\u00e7a dos guardas, manifestou-lhes o desejo de rezar andando pela praia. Eles consentiram. Afinal, pensavam, o que poderia fazer esse bom frade, desarmado, para escapar de nossa vigil\u00e2ncia? Tal racioc\u00ednio, inteiramente v\u00e1lido para outros homens, revelou- se ilus\u00f3rio para o indom\u00e1vel Santo.<\/p>\n<p>Sob o olhar estupefato dos soldados, ele estendeu seu escapul\u00e1rio de l\u00e3 sobre as \u00e1guas do mar, e nele &#8220;embarcou&#8221;. Ap\u00f3s agasalhar-se com parte de seu<\/p>\n<table border=\"0\" align=\"left\">\n<tbody>\n<tr>\n<td><img loading=\"lazy\" decoding=\"async\" src=\"http:\/\/www.arautos.org.br\/resource\/view?&amp;image=17766&amp;size=2\" alt=\"SAO RAIMUNDO_2.JPG\" width=\"204\" height=\"361\" \/><\/td>\n<\/tr>\n<tr>\n<td>S. Raimundo (bas\u00edlica de Sta. Maria<\/td>\n<\/tr>\n<tr>\n<td>sopra Minerva &#8211; Roma)<\/td>\n<\/tr>\n<\/tbody>\n<\/table>\n<p>manto, i\u00e7ou a outra ponta ao seu bast\u00e3o, constituindo uma vela.\u00a0O resto&#8230; foi s\u00f3 invocar o santo nome de Maria, a Senhora dos ventos, de quem era fiel devoto. Um sopro suave, mas veloz, impulsionou o veleiro de Deus e em menos de seis horas ele chegava ao porto de Barcelona, vencendo milagrosamente a dist\u00e2ncia de 360 km que separam a Ilha de Maiorca dessa cidade espanhola.<\/p>\n<p>Era alta madrugada quando chegou a seu convento, onde a grande porta abriu-se por si mesma, como bra\u00e7os maternos a acolher um filho que h\u00e1 tempos n\u00e3o a transpunha. Ele dirigiu-se \u00e0 sua cela conventual, onde at\u00e9 as paredes pareciam exultar de alegria.\u00a0<\/p>\n<p>Ao amanhecer, com a despretens\u00e3o caracter\u00edstica dos santos, ele foi tomar a b\u00ean\u00e7\u00e3o do Superior e comunicar que sua miss\u00e3o na corte real estava cumprida.<\/p>\n<p>Do portentoso milagre, s\u00f3 muito depois os irm\u00e3os tomaram conhecimento, e por outras vias.<\/p>\n<p>E o Rei, como reagiu?<\/p>\n<p>Caindo em si, ante essa manifesta\u00e7\u00e3o de um poder sem compara\u00e7\u00e3o maior que o seu, passou a seguir fielmente as advert\u00eancias de Frei Raimundo, tanto no que dizia respeito \u00e0 dire\u00e7\u00e3o de sua consci\u00eancia, quanto no que concernia ao governo do Reino.<\/p>\n<p><strong>Cem anos de vida inocente <\/strong><\/p>\n<p>Recolhido no convento de Barcelona, S\u00e3o Raimundo cuidou de preparar-se para sua \u00faltima viagem. Com redobrado fervor, consagrava dias e noites \u00e0 ora\u00e7\u00e3o e \u00e0 penit\u00eancia.<\/p>\n<p>Chegou afinal o almejado e temido dia do encontro com Deus, 6 de janeiro de 1275. Justamente nesse dia, ele completava 100 anos de idade! Ap\u00f3s receber os sacramentos da Igreja, sua grande alma retornou \u00e0s m\u00e3os do Criador, t\u00e3o inocente quanto delas havia sa\u00eddo. Antes de sua partida para a eternidade, os reis de Castela e Arag\u00e3o o visitaram com suas respectivas cortes, para receber pela \u00faltima vez sua b\u00ean\u00e7\u00e3o.<\/p>\n<p>S\u00e3o Raimundo foi canonizado em 1601, pelo Papa Clemente VIII. Em seu t\u00famulo, operaram-se numerosos milagres, muitos dos quais s\u00e3o mencionados na bula de sua canoniza\u00e7\u00e3o.\u00a0Sendo o dia 6 de janeiro dedicado \u00e0 festa dos Reis Magos, a Igreja celebra no dia 7 a entrada gloriosa de sua alma no C\u00e9u.<\/p>\n<p>\u00a0\u00a0\u00a0\u00a0\u00a0\u00a0\u00a0\u00a0\u00a0\u00a0\u00a0\u00a0\u00a0\u00a0\u00a0\u00a0\u00a0\u00a0\u00a0\u00a0\u00a0\u00a0\u00a0\u00a0\u00a0\u00a0\u00a0\u00a0\u00a0\u00a0\u00a0\u00a0\u00a0\u00a0\u00a0\u00a0\u00a0\u00a0\u00a0\u00a0\u00a0\u00a0\u00a0\u00a0\u00a0\u00a0\u00a0\u00a0\u00a0\u00a0\u00a0\u00a0\u00a0\u00a0\u00a0\u00a0\u00a0\u00a0\u00a0\u00a0\u00a0\u00a0\u00a0\u00a0\u00a0\u00a0\u00a0\u00a0\u00a0\u00a0\u00a0\u00a0\u00a0\u00a0\u00a0 ******<\/p>\n<p><strong>S\u00e3o Raimundo e a Ordem dos Merced\u00e1rios<\/strong><\/p>\n<p>S\u00e3o Raimundo de Pe\u00f1afort est\u00e1 tamb\u00e9m na origem da Ordem de Nossa Senhora das Merc\u00eas, cujas Constitui\u00e7\u00f5es foram redigidas por ele. Seu fundador, S\u00e3o Pedro Nolasco, na idade de 25 anos, travou contato com ele em Barcelona e logo se p\u00f4s sob sua dire\u00e7\u00e3o espiritual.<\/p>\n<p>Naquela \u00e9poca, milhares de crist\u00e3os eram aprisionados por piratas mouros no Mar Mediterr\u00e2neo ou nas regi\u00f5es costeiras, e encerrados em sombrias masmorras ou vendidos como escravos nas cidades maometanas.<\/p>\n<p>O milagre das Cadeias de S\u00e3o Pedro, narrado nos Atos dos Ap\u00f3stolos, serviu de inspira\u00e7\u00e3o para a funda\u00e7\u00e3o de uma ordem religiosa com o objetivo de resgatar esses infelizes cativos: <em>&#8220;Pedro dormia entre dois soldados, ligado com duas cadeias. Um anjo do Senhor resplandeceu no c\u00e1rcere e, tocando-o, disse: Levanta-te, e segue-me. E as correntes ca\u00edram das suas m\u00e3os (&#8230;) Chegaram ao port\u00e3o de ferro, que d\u00e1 para a cidade, o qual se lhes abriu por si mesmo&#8221;<\/em> (At 12, 6-10). Em homenagem a este milagre, a Igreja estabeleceu a festa das Cadeias de S\u00e3o Pedro, comemorada no dia 1\u00ba de agosto.<\/p>\n<p>Justamente nesta festa, no ano 1218, Nossa Senhora apareceu a S\u00e3o Pedro Nolasco e lhe disse ser do agrado de Deus a funda\u00e7\u00e3o de uma congrega\u00e7\u00e3o com o t\u00edtulo de Nossa Senhora das Merc\u00eas, para o resgate dos cativos crist\u00e3os. Ele foi logo comunicar o fato a S\u00e3o Raimundo, o qual declarou ter recebido a mesma gra\u00e7a da M\u00e3e de Deus.<\/p>\n<p>Pouco depois, foram os dois tratar com o Rei Jaime sobre os meios para levar avante a funda\u00e7\u00e3o, e este lhes informou que tamb\u00e9m a ele a Sant\u00edssima Virgem havia aparecido, fazendo id\u00eantica comunica\u00e7\u00e3o.<\/p>\n<p>Assim, gra\u00e7as a uma conjuga\u00e7\u00e3o de fatores sobrenaturais, e ajudada pelo prest\u00edgio de S\u00e3o Raimundo, a Ordem de Nossa Senhora das Merc\u00eas se desenvolveu rapidamente, atraindo para suas fileiras numerosos fidalgos da Fran\u00e7a, Alemanha, Inglaterra e Hungria.<\/p>\n<div id=\"themify_builder_content-7146\" data-postid=\"7146\" class=\"themify_builder_content themify_builder_content-7146 themify_builder themify_builder_front\">\n\t<\/div>\n<!-- \/themify_builder_content -->","protected":false},"excerpt":{"rendered":"<p>7 de Janeiro Nessa perspectiva, a vida de S\u00e3o Raimundo se torna mais facilmente compreens\u00edvel. Trata-se de um Santo com uma voca\u00e7\u00e3o universal. Chamado pela Provid\u00eancia para as miss\u00f5es mais diversas, ele, com uma versatilidade prodigiosa, &#8220;faz de tudo&#8221;, quase ao mesmo tempo. Nasceu em 1175, no castelo de Pe\u00f1afort, na Catalunha, Espanha.\u00a0Seus pais eram [&hellip;]<\/p>\n","protected":false},"author":14,"featured_media":0,"comment_status":"open","ping_status":"open","sticky":false,"template":"","format":"standard","meta":{"ngg_post_thumbnail":0,"footnotes":""},"categories":[186],"tags":[],"yoast_head":"<!-- This site is optimized with the Yoast SEO plugin v23.5 - https:\/\/yoast.com\/wordpress\/plugins\/seo\/ -->\n<title>S\u00e3o Raimundo de Pe\u00f1afort - O Arcanjo no ar<\/title>\n<meta name=\"robots\" content=\"index, follow, max-snippet:-1, max-image-preview:large, max-video-preview:-1\" \/>\n<link rel=\"canonical\" href=\"https:\/\/www.oarcanjo.net\/site\/sao-raimundo-de-penafort\/\" \/>\n<meta property=\"og:locale\" content=\"pt_BR\" \/>\n<meta property=\"og:type\" content=\"article\" \/>\n<meta property=\"og:title\" content=\"S\u00e3o Raimundo de Pe\u00f1afort - O Arcanjo no ar\" \/>\n<meta property=\"og:description\" content=\"7 de Janeiro Nessa perspectiva, a vida de S\u00e3o Raimundo se torna mais facilmente compreens\u00edvel. Trata-se de um Santo com uma voca\u00e7\u00e3o universal. Chamado pela Provid\u00eancia para as miss\u00f5es mais diversas, ele, com uma versatilidade prodigiosa, &#8220;faz de tudo&#8221;, quase ao mesmo tempo. Nasceu em 1175, no castelo de Pe\u00f1afort, na Catalunha, Espanha.\u00a0Seus pais eram [&hellip;]\" \/>\n<meta property=\"og:url\" content=\"https:\/\/www.oarcanjo.net\/site\/sao-raimundo-de-penafort\/\" \/>\n<meta property=\"og:site_name\" content=\"O Arcanjo no ar\" \/>\n<meta property=\"article:publisher\" content=\"https:\/\/www.facebook.com\/OArcanjoNoAr\/\" \/>\n<meta property=\"article:published_time\" content=\"2017-01-07T06:12:36+00:00\" \/>\n<meta property=\"article:modified_time\" content=\"2016-12-27T08:13:53+00:00\" \/>\n<meta property=\"og:image\" content=\"http:\/\/1.bp.blogspot.com\/_VsL8VkjSZWw\/SV0uJW8o30I\/AAAAAAAAAqo\/LXzEJV2HKY8\/s400\/San_Raimondo_de_Penafort_D.jpg\" \/>\n<meta name=\"author\" content=\"danilo\" \/>\n<meta name=\"twitter:card\" content=\"summary_large_image\" \/>\n<meta name=\"twitter:label1\" content=\"Escrito por\" \/>\n\t<meta name=\"twitter:data1\" content=\"danilo\" \/>\n\t<meta name=\"twitter:label2\" content=\"Est. tempo de leitura\" \/>\n\t<meta name=\"twitter:data2\" content=\"11 minutos\" \/>\n<script type=\"application\/ld+json\" class=\"yoast-schema-graph\">{\"@context\":\"https:\/\/schema.org\",\"@graph\":[{\"@type\":\"Article\",\"@id\":\"https:\/\/www.oarcanjo.net\/site\/sao-raimundo-de-penafort\/#article\",\"isPartOf\":{\"@id\":\"https:\/\/www.oarcanjo.net\/site\/sao-raimundo-de-penafort\/\"},\"author\":{\"name\":\"danilo\",\"@id\":\"https:\/\/www.oarcanjo.net\/site\/#\/schema\/person\/5eb9480bedd2f3c97e430ce128c29c6c\"},\"headline\":\"S\u00e3o Raimundo de Pe\u00f1afort\",\"datePublished\":\"2017-01-07T06:12:36+00:00\",\"dateModified\":\"2016-12-27T08:13:53+00:00\",\"mainEntityOfPage\":{\"@id\":\"https:\/\/www.oarcanjo.net\/site\/sao-raimundo-de-penafort\/\"},\"wordCount\":2248,\"commentCount\":0,\"publisher\":{\"@id\":\"https:\/\/www.oarcanjo.net\/site\/#organization\"},\"image\":{\"@id\":\"https:\/\/www.oarcanjo.net\/site\/sao-raimundo-de-penafort\/#primaryimage\"},\"thumbnailUrl\":\"http:\/\/1.bp.blogspot.com\/_VsL8VkjSZWw\/SV0uJW8o30I\/AAAAAAAAAqo\/LXzEJV2HKY8\/s400\/San_Raimondo_de_Penafort_D.jpg\",\"articleSection\":[\"Testemunhos\"],\"inLanguage\":\"pt-BR\",\"potentialAction\":[{\"@type\":\"CommentAction\",\"name\":\"Comment\",\"target\":[\"https:\/\/www.oarcanjo.net\/site\/sao-raimundo-de-penafort\/#respond\"]}]},{\"@type\":\"WebPage\",\"@id\":\"https:\/\/www.oarcanjo.net\/site\/sao-raimundo-de-penafort\/\",\"url\":\"https:\/\/www.oarcanjo.net\/site\/sao-raimundo-de-penafort\/\",\"name\":\"S\u00e3o Raimundo de Pe\u00f1afort - O Arcanjo no ar\",\"isPartOf\":{\"@id\":\"https:\/\/www.oarcanjo.net\/site\/#website\"},\"primaryImageOfPage\":{\"@id\":\"https:\/\/www.oarcanjo.net\/site\/sao-raimundo-de-penafort\/#primaryimage\"},\"image\":{\"@id\":\"https:\/\/www.oarcanjo.net\/site\/sao-raimundo-de-penafort\/#primaryimage\"},\"thumbnailUrl\":\"http:\/\/1.bp.blogspot.com\/_VsL8VkjSZWw\/SV0uJW8o30I\/AAAAAAAAAqo\/LXzEJV2HKY8\/s400\/San_Raimondo_de_Penafort_D.jpg\",\"datePublished\":\"2017-01-07T06:12:36+00:00\",\"dateModified\":\"2016-12-27T08:13:53+00:00\",\"breadcrumb\":{\"@id\":\"https:\/\/www.oarcanjo.net\/site\/sao-raimundo-de-penafort\/#breadcrumb\"},\"inLanguage\":\"pt-BR\",\"potentialAction\":[{\"@type\":\"ReadAction\",\"target\":[\"https:\/\/www.oarcanjo.net\/site\/sao-raimundo-de-penafort\/\"]}]},{\"@type\":\"ImageObject\",\"inLanguage\":\"pt-BR\",\"@id\":\"https:\/\/www.oarcanjo.net\/site\/sao-raimundo-de-penafort\/#primaryimage\",\"url\":\"http:\/\/1.bp.blogspot.com\/_VsL8VkjSZWw\/SV0uJW8o30I\/AAAAAAAAAqo\/LXzEJV2HKY8\/s400\/San_Raimondo_de_Penafort_D.jpg\",\"contentUrl\":\"http:\/\/1.bp.blogspot.com\/_VsL8VkjSZWw\/SV0uJW8o30I\/AAAAAAAAAqo\/LXzEJV2HKY8\/s400\/San_Raimondo_de_Penafort_D.jpg\"},{\"@type\":\"BreadcrumbList\",\"@id\":\"https:\/\/www.oarcanjo.net\/site\/sao-raimundo-de-penafort\/#breadcrumb\",\"itemListElement\":[{\"@type\":\"ListItem\",\"position\":1,\"name\":\"In\u00edcio\",\"item\":\"https:\/\/www.oarcanjo.net\/site\/\"},{\"@type\":\"ListItem\",\"position\":2,\"name\":\"S\u00e3o Raimundo de Pe\u00f1afort\"}]},{\"@type\":\"WebSite\",\"@id\":\"https:\/\/www.oarcanjo.net\/site\/#website\",\"url\":\"https:\/\/www.oarcanjo.net\/site\/\",\"name\":\"O Arcanjo no ar\",\"description\":\"Site da Par\u00f3quia S\u00e3o Miguel Arcanjo (Arquidiocese de SP)\",\"publisher\":{\"@id\":\"https:\/\/www.oarcanjo.net\/site\/#organization\"},\"potentialAction\":[{\"@type\":\"SearchAction\",\"target\":{\"@type\":\"EntryPoint\",\"urlTemplate\":\"https:\/\/www.oarcanjo.net\/site\/?s={search_term_string}\"},\"query-input\":{\"@type\":\"PropertyValueSpecification\",\"valueRequired\":true,\"valueName\":\"search_term_string\"}}],\"inLanguage\":\"pt-BR\"},{\"@type\":\"Organization\",\"@id\":\"https:\/\/www.oarcanjo.net\/site\/#organization\",\"name\":\"Par\u00f3quia S\u00e3o Miguel Arcanjo\",\"url\":\"https:\/\/www.oarcanjo.net\/site\/\",\"logo\":{\"@type\":\"ImageObject\",\"inLanguage\":\"pt-BR\",\"@id\":\"https:\/\/www.oarcanjo.net\/site\/#\/schema\/logo\/image\/\",\"url\":\"https:\/\/www.oarcanjo.net\/site\/wp-content\/uploads\/LogoOArcanjo.png\",\"contentUrl\":\"https:\/\/www.oarcanjo.net\/site\/wp-content\/uploads\/LogoOArcanjo.png\",\"width\":319,\"height\":99,\"caption\":\"Par\u00f3quia S\u00e3o Miguel Arcanjo\"},\"image\":{\"@id\":\"https:\/\/www.oarcanjo.net\/site\/#\/schema\/logo\/image\/\"},\"sameAs\":[\"https:\/\/www.facebook.com\/OArcanjoNoAr\/\"]},{\"@type\":\"Person\",\"@id\":\"https:\/\/www.oarcanjo.net\/site\/#\/schema\/person\/5eb9480bedd2f3c97e430ce128c29c6c\",\"name\":\"danilo\"}]}<\/script>\n<!-- \/ Yoast SEO plugin. -->","yoast_head_json":{"title":"S\u00e3o Raimundo de Pe\u00f1afort - O Arcanjo no ar","robots":{"index":"index","follow":"follow","max-snippet":"max-snippet:-1","max-image-preview":"max-image-preview:large","max-video-preview":"max-video-preview:-1"},"canonical":"https:\/\/www.oarcanjo.net\/site\/sao-raimundo-de-penafort\/","og_locale":"pt_BR","og_type":"article","og_title":"S\u00e3o Raimundo de Pe\u00f1afort - O Arcanjo no ar","og_description":"7 de Janeiro Nessa perspectiva, a vida de S\u00e3o Raimundo se torna mais facilmente compreens\u00edvel. Trata-se de um Santo com uma voca\u00e7\u00e3o universal. Chamado pela Provid\u00eancia para as miss\u00f5es mais diversas, ele, com uma versatilidade prodigiosa, &#8220;faz de tudo&#8221;, quase ao mesmo tempo. Nasceu em 1175, no castelo de Pe\u00f1afort, na Catalunha, Espanha.\u00a0Seus pais eram [&hellip;]","og_url":"https:\/\/www.oarcanjo.net\/site\/sao-raimundo-de-penafort\/","og_site_name":"O Arcanjo no ar","article_publisher":"https:\/\/www.facebook.com\/OArcanjoNoAr\/","article_published_time":"2017-01-07T06:12:36+00:00","article_modified_time":"2016-12-27T08:13:53+00:00","og_image":[{"url":"http:\/\/1.bp.blogspot.com\/_VsL8VkjSZWw\/SV0uJW8o30I\/AAAAAAAAAqo\/LXzEJV2HKY8\/s400\/San_Raimondo_de_Penafort_D.jpg"}],"author":"danilo","twitter_card":"summary_large_image","twitter_misc":{"Escrito por":"danilo","Est. tempo de leitura":"11 minutos"},"schema":{"@context":"https:\/\/schema.org","@graph":[{"@type":"Article","@id":"https:\/\/www.oarcanjo.net\/site\/sao-raimundo-de-penafort\/#article","isPartOf":{"@id":"https:\/\/www.oarcanjo.net\/site\/sao-raimundo-de-penafort\/"},"author":{"name":"danilo","@id":"https:\/\/www.oarcanjo.net\/site\/#\/schema\/person\/5eb9480bedd2f3c97e430ce128c29c6c"},"headline":"S\u00e3o Raimundo de Pe\u00f1afort","datePublished":"2017-01-07T06:12:36+00:00","dateModified":"2016-12-27T08:13:53+00:00","mainEntityOfPage":{"@id":"https:\/\/www.oarcanjo.net\/site\/sao-raimundo-de-penafort\/"},"wordCount":2248,"commentCount":0,"publisher":{"@id":"https:\/\/www.oarcanjo.net\/site\/#organization"},"image":{"@id":"https:\/\/www.oarcanjo.net\/site\/sao-raimundo-de-penafort\/#primaryimage"},"thumbnailUrl":"http:\/\/1.bp.blogspot.com\/_VsL8VkjSZWw\/SV0uJW8o30I\/AAAAAAAAAqo\/LXzEJV2HKY8\/s400\/San_Raimondo_de_Penafort_D.jpg","articleSection":["Testemunhos"],"inLanguage":"pt-BR","potentialAction":[{"@type":"CommentAction","name":"Comment","target":["https:\/\/www.oarcanjo.net\/site\/sao-raimundo-de-penafort\/#respond"]}]},{"@type":"WebPage","@id":"https:\/\/www.oarcanjo.net\/site\/sao-raimundo-de-penafort\/","url":"https:\/\/www.oarcanjo.net\/site\/sao-raimundo-de-penafort\/","name":"S\u00e3o Raimundo de Pe\u00f1afort - O Arcanjo no ar","isPartOf":{"@id":"https:\/\/www.oarcanjo.net\/site\/#website"},"primaryImageOfPage":{"@id":"https:\/\/www.oarcanjo.net\/site\/sao-raimundo-de-penafort\/#primaryimage"},"image":{"@id":"https:\/\/www.oarcanjo.net\/site\/sao-raimundo-de-penafort\/#primaryimage"},"thumbnailUrl":"http:\/\/1.bp.blogspot.com\/_VsL8VkjSZWw\/SV0uJW8o30I\/AAAAAAAAAqo\/LXzEJV2HKY8\/s400\/San_Raimondo_de_Penafort_D.jpg","datePublished":"2017-01-07T06:12:36+00:00","dateModified":"2016-12-27T08:13:53+00:00","breadcrumb":{"@id":"https:\/\/www.oarcanjo.net\/site\/sao-raimundo-de-penafort\/#breadcrumb"},"inLanguage":"pt-BR","potentialAction":[{"@type":"ReadAction","target":["https:\/\/www.oarcanjo.net\/site\/sao-raimundo-de-penafort\/"]}]},{"@type":"ImageObject","inLanguage":"pt-BR","@id":"https:\/\/www.oarcanjo.net\/site\/sao-raimundo-de-penafort\/#primaryimage","url":"http:\/\/1.bp.blogspot.com\/_VsL8VkjSZWw\/SV0uJW8o30I\/AAAAAAAAAqo\/LXzEJV2HKY8\/s400\/San_Raimondo_de_Penafort_D.jpg","contentUrl":"http:\/\/1.bp.blogspot.com\/_VsL8VkjSZWw\/SV0uJW8o30I\/AAAAAAAAAqo\/LXzEJV2HKY8\/s400\/San_Raimondo_de_Penafort_D.jpg"},{"@type":"BreadcrumbList","@id":"https:\/\/www.oarcanjo.net\/site\/sao-raimundo-de-penafort\/#breadcrumb","itemListElement":[{"@type":"ListItem","position":1,"name":"In\u00edcio","item":"https:\/\/www.oarcanjo.net\/site\/"},{"@type":"ListItem","position":2,"name":"S\u00e3o Raimundo de Pe\u00f1afort"}]},{"@type":"WebSite","@id":"https:\/\/www.oarcanjo.net\/site\/#website","url":"https:\/\/www.oarcanjo.net\/site\/","name":"O Arcanjo no ar","description":"Site da Par\u00f3quia S\u00e3o Miguel Arcanjo (Arquidiocese de SP)","publisher":{"@id":"https:\/\/www.oarcanjo.net\/site\/#organization"},"potentialAction":[{"@type":"SearchAction","target":{"@type":"EntryPoint","urlTemplate":"https:\/\/www.oarcanjo.net\/site\/?s={search_term_string}"},"query-input":{"@type":"PropertyValueSpecification","valueRequired":true,"valueName":"search_term_string"}}],"inLanguage":"pt-BR"},{"@type":"Organization","@id":"https:\/\/www.oarcanjo.net\/site\/#organization","name":"Par\u00f3quia S\u00e3o Miguel Arcanjo","url":"https:\/\/www.oarcanjo.net\/site\/","logo":{"@type":"ImageObject","inLanguage":"pt-BR","@id":"https:\/\/www.oarcanjo.net\/site\/#\/schema\/logo\/image\/","url":"https:\/\/www.oarcanjo.net\/site\/wp-content\/uploads\/LogoOArcanjo.png","contentUrl":"https:\/\/www.oarcanjo.net\/site\/wp-content\/uploads\/LogoOArcanjo.png","width":319,"height":99,"caption":"Par\u00f3quia S\u00e3o Miguel Arcanjo"},"image":{"@id":"https:\/\/www.oarcanjo.net\/site\/#\/schema\/logo\/image\/"},"sameAs":["https:\/\/www.facebook.com\/OArcanjoNoAr\/"]},{"@type":"Person","@id":"https:\/\/www.oarcanjo.net\/site\/#\/schema\/person\/5eb9480bedd2f3c97e430ce128c29c6c","name":"danilo"}]}},"publishpress_future_action":{"enabled":false,"date":"2026-05-09 07:03:37","action":"category","newStatus":"draft","terms":[],"taxonomy":"category"},"publishpress_future_workflow_manual_trigger":{"enabledWorkflows":[]},"_links":{"self":[{"href":"https:\/\/www.oarcanjo.net\/site\/wp-json\/wp\/v2\/posts\/7146"}],"collection":[{"href":"https:\/\/www.oarcanjo.net\/site\/wp-json\/wp\/v2\/posts"}],"about":[{"href":"https:\/\/www.oarcanjo.net\/site\/wp-json\/wp\/v2\/types\/post"}],"author":[{"embeddable":true,"href":"https:\/\/www.oarcanjo.net\/site\/wp-json\/wp\/v2\/users\/14"}],"replies":[{"embeddable":true,"href":"https:\/\/www.oarcanjo.net\/site\/wp-json\/wp\/v2\/comments?post=7146"}],"version-history":[{"count":0,"href":"https:\/\/www.oarcanjo.net\/site\/wp-json\/wp\/v2\/posts\/7146\/revisions"}],"wp:attachment":[{"href":"https:\/\/www.oarcanjo.net\/site\/wp-json\/wp\/v2\/media?parent=7146"}],"wp:term":[{"taxonomy":"category","embeddable":true,"href":"https:\/\/www.oarcanjo.net\/site\/wp-json\/wp\/v2\/categories?post=7146"},{"taxonomy":"post_tag","embeddable":true,"href":"https:\/\/www.oarcanjo.net\/site\/wp-json\/wp\/v2\/tags?post=7146"}],"curies":[{"name":"wp","href":"https:\/\/api.w.org\/{rel}","templated":true}]}}