
{"id":71483,"date":"2016-05-09T23:25:10","date_gmt":"2016-05-10T02:25:10","guid":{"rendered":"http:\/\/www.oarcanjo.net\/site\/?p=71483"},"modified":"2016-05-09T23:35:02","modified_gmt":"2016-05-10T02:35:02","slug":"dia-das-maes-2016","status":"publish","type":"post","link":"https:\/\/www.oarcanjo.net\/site\/dia-das-maes-2016\/","title":{"rendered":"Dia das m\u00e3es 2016"},"content":{"rendered":"<p>No dia em que celebramos a ascens\u00e3o do Senhor e tamb\u00e9m o dia mundial das comunica\u00e7\u00f5es, ap\u00f3s a celebra\u00e7\u00e3o eucar\u00edstica na capela universit\u00e1ria S\u00e3o Judas Tadeu, o carinho \u00e0s m\u00e3es da Comunidade S\u00e3o Miguel Arcanjo, na missa das dez deste 08\/05\/16. N\u00e3o foram esquecidas as m\u00e3es que est\u00e3o na eternidade. M\u00e3e que est\u00e1 esperando seu beb\u00ea, m\u00e3es que cantam, que rezam, m\u00e3es de adolescentes, de crian\u00e7as pequenas, de jovens, de mais maduros, gera\u00e7\u00f5es de m\u00e3es, que s\u00e3o tamb\u00e9m av\u00f3s, bisav\u00f3s e tatarav\u00f3s, todas m\u00e3es. Professora Alzira est\u00e1 pr\u00f3xima de seus 101 anos.<\/p>\n<p>Vejam as fotos<\/p>\nngg_shortcode_0_placeholder\n<div id=\"themify_builder_content-71483\" data-postid=\"71483\" class=\"themify_builder_content themify_builder_content-71483 themify_builder themify_builder_front\">\n\t<\/div>\n<!-- \/themify_builder_content -->","protected":false},"excerpt":{"rendered":"<p>No dia em que celebramos a ascens\u00e3o do Senhor e tamb\u00e9m o dia mundial das comunica\u00e7\u00f5es, ap\u00f3s a celebra\u00e7\u00e3o eucar\u00edstica na capela universit\u00e1ria S\u00e3o Judas Tadeu, o carinho \u00e0s m\u00e3es da Comunidade S\u00e3o Miguel Arcanjo, na missa das dez deste 08\/05\/16. N\u00e3o foram esquecidas as m\u00e3es que est\u00e3o na eternidade. M\u00e3e que est\u00e1 esperando seu [&hellip;]<\/p>\n","protected":false},"author":10,"featured_media":0,"comment_status":"open","ping_status":"open","sticky":false,"template":"","format":"standard","meta":{"ngg_post_thumbnail":0,"footnotes":""},"categories":[7],"tags":[],"yoast_head":"<!-- This site is optimized with the Yoast SEO plugin v23.5 - https:\/\/yoast.com\/wordpress\/plugins\/seo\/ -->\n<title>Dia das m\u00e3es 2016 - O Arcanjo no ar<\/title>\n<meta name=\"robots\" content=\"index, follow, max-snippet:-1, max-image-preview:large, max-video-preview:-1\" \/>\n<link rel=\"canonical\" href=\"https:\/\/www.oarcanjo.net\/site\/dia-das-maes-2016\/\" \/>\n<meta property=\"og:locale\" content=\"pt_BR\" \/>\n<meta property=\"og:type\" content=\"article\" \/>\n<meta property=\"og:title\" content=\"Dia das m\u00e3es 2016 - O Arcanjo no ar\" \/>\n<meta property=\"og:description\" content=\"No dia em que celebramos a ascens\u00e3o do Senhor e tamb\u00e9m o dia mundial das comunica\u00e7\u00f5es, ap\u00f3s a celebra\u00e7\u00e3o eucar\u00edstica na capela universit\u00e1ria S\u00e3o Judas Tadeu, o carinho \u00e0s m\u00e3es da Comunidade S\u00e3o Miguel Arcanjo, na missa das dez deste 08\/05\/16. N\u00e3o foram esquecidas as m\u00e3es que est\u00e3o na eternidade. M\u00e3e que est\u00e1 esperando seu [&hellip;]\" \/>\n<meta property=\"og:url\" content=\"https:\/\/www.oarcanjo.net\/site\/dia-das-maes-2016\/\" \/>\n<meta property=\"og:site_name\" content=\"O Arcanjo no ar\" \/>\n<meta property=\"article:publisher\" content=\"https:\/\/www.facebook.com\/OArcanjoNoAr\/\" \/>\n<meta property=\"article:published_time\" content=\"2016-05-10T02:25:10+00:00\" \/>\n<meta property=\"article:modified_time\" content=\"2016-05-10T02:35:02+00:00\" \/>\n<meta property=\"og:image\" content=\"https:\/\/www.oarcanjo.net\/site\/wp-content\/uploads\/logo-o-arcanjo-no-ar-facebook.png\" \/>\n\t<meta property=\"og:image:width\" content=\"300\" \/>\n\t<meta property=\"og:image:height\" content=\"300\" \/>\n\t<meta property=\"og:image:type\" content=\"image\/png\" \/>\n<meta name=\"author\" content=\"carlos\" \/>\n<meta name=\"twitter:card\" content=\"summary_large_image\" \/>\n<meta name=\"twitter:label1\" content=\"Escrito por\" \/>\n\t<meta name=\"twitter:data1\" content=\"carlos\" \/>\n\t<meta name=\"twitter:label2\" content=\"Est. tempo de leitura\" \/>\n\t<meta name=\"twitter:data2\" content=\"1 minuto\" \/>\n<script type=\"application\/ld+json\" class=\"yoast-schema-graph\">{\"@context\":\"https:\/\/schema.org\",\"@graph\":[{\"@type\":\"Article\",\"@id\":\"https:\/\/www.oarcanjo.net\/site\/dia-das-maes-2016\/#article\",\"isPartOf\":{\"@id\":\"https:\/\/www.oarcanjo.net\/site\/dia-das-maes-2016\/\"},\"author\":{\"name\":\"carlos\",\"@id\":\"https:\/\/www.oarcanjo.net\/site\/#\/schema\/person\/f7870e710d8c8c30673de3a0ac2e451d\"},\"headline\":\"Dia das m\u00e3es 2016\",\"datePublished\":\"2016-05-10T02:25:10+00:00\",\"dateModified\":\"2016-05-10T02:35:02+00:00\",\"mainEntityOfPage\":{\"@id\":\"https:\/\/www.oarcanjo.net\/site\/dia-das-maes-2016\/\"},\"wordCount\":125,\"commentCount\":0,\"publisher\":{\"@id\":\"https:\/\/www.oarcanjo.net\/site\/#organization\"},\"articleSection\":[\"Rosto da comunidade\"],\"inLanguage\":\"pt-BR\",\"potentialAction\":[{\"@type\":\"CommentAction\",\"name\":\"Comment\",\"target\":[\"https:\/\/www.oarcanjo.net\/site\/dia-das-maes-2016\/#respond\"]}]},{\"@type\":\"WebPage\",\"@id\":\"https:\/\/www.oarcanjo.net\/site\/dia-das-maes-2016\/\",\"url\":\"https:\/\/www.oarcanjo.net\/site\/dia-das-maes-2016\/\",\"name\":\"Dia das m\u00e3es 2016 - O Arcanjo no ar\",\"isPartOf\":{\"@id\":\"https:\/\/www.oarcanjo.net\/site\/#website\"},\"datePublished\":\"2016-05-10T02:25:10+00:00\",\"dateModified\":\"2016-05-10T02:35:02+00:00\",\"breadcrumb\":{\"@id\":\"https:\/\/www.oarcanjo.net\/site\/dia-das-maes-2016\/#breadcrumb\"},\"inLanguage\":\"pt-BR\",\"potentialAction\":[{\"@type\":\"ReadAction\",\"target\":[\"https:\/\/www.oarcanjo.net\/site\/dia-das-maes-2016\/\"]}]},{\"@type\":\"BreadcrumbList\",\"@id\":\"https:\/\/www.oarcanjo.net\/site\/dia-das-maes-2016\/#breadcrumb\",\"itemListElement\":[{\"@type\":\"ListItem\",\"position\":1,\"name\":\"In\u00edcio\",\"item\":\"https:\/\/www.oarcanjo.net\/site\/\"},{\"@type\":\"ListItem\",\"position\":2,\"name\":\"Dia das m\u00e3es 2016\"}]},{\"@type\":\"WebSite\",\"@id\":\"https:\/\/www.oarcanjo.net\/site\/#website\",\"url\":\"https:\/\/www.oarcanjo.net\/site\/\",\"name\":\"O Arcanjo no ar\",\"description\":\"Site da Par\u00f3quia S\u00e3o Miguel Arcanjo (Arquidiocese de SP)\",\"publisher\":{\"@id\":\"https:\/\/www.oarcanjo.net\/site\/#organization\"},\"potentialAction\":[{\"@type\":\"SearchAction\",\"target\":{\"@type\":\"EntryPoint\",\"urlTemplate\":\"https:\/\/www.oarcanjo.net\/site\/?s={search_term_string}\"},\"query-input\":{\"@type\":\"PropertyValueSpecification\",\"valueRequired\":true,\"valueName\":\"search_term_string\"}}],\"inLanguage\":\"pt-BR\"},{\"@type\":\"Organization\",\"@id\":\"https:\/\/www.oarcanjo.net\/site\/#organization\",\"name\":\"Par\u00f3quia S\u00e3o Miguel Arcanjo\",\"url\":\"https:\/\/www.oarcanjo.net\/site\/\",\"logo\":{\"@type\":\"ImageObject\",\"inLanguage\":\"pt-BR\",\"@id\":\"https:\/\/www.oarcanjo.net\/site\/#\/schema\/logo\/image\/\",\"url\":\"https:\/\/www.oarcanjo.net\/site\/wp-content\/uploads\/LogoOArcanjo.png\",\"contentUrl\":\"https:\/\/www.oarcanjo.net\/site\/wp-content\/uploads\/LogoOArcanjo.png\",\"width\":319,\"height\":99,\"caption\":\"Par\u00f3quia S\u00e3o Miguel Arcanjo\"},\"image\":{\"@id\":\"https:\/\/www.oarcanjo.net\/site\/#\/schema\/logo\/image\/\"},\"sameAs\":[\"https:\/\/www.facebook.com\/OArcanjoNoAr\/\"]},{\"@type\":\"Person\",\"@id\":\"https:\/\/www.oarcanjo.net\/site\/#\/schema\/person\/f7870e710d8c8c30673de3a0ac2e451d\",\"name\":\"carlos\"}]}<\/script>\n<!-- \/ Yoast SEO plugin. -->","yoast_head_json":{"title":"Dia das m\u00e3es 2016 - O Arcanjo no ar","robots":{"index":"index","follow":"follow","max-snippet":"max-snippet:-1","max-image-preview":"max-image-preview:large","max-video-preview":"max-video-preview:-1"},"canonical":"https:\/\/www.oarcanjo.net\/site\/dia-das-maes-2016\/","og_locale":"pt_BR","og_type":"article","og_title":"Dia das m\u00e3es 2016 - O Arcanjo no ar","og_description":"No dia em que celebramos a ascens\u00e3o do Senhor e tamb\u00e9m o dia mundial das comunica\u00e7\u00f5es, ap\u00f3s a celebra\u00e7\u00e3o eucar\u00edstica na capela universit\u00e1ria S\u00e3o Judas Tadeu, o carinho \u00e0s m\u00e3es da Comunidade S\u00e3o Miguel Arcanjo, na missa das dez deste 08\/05\/16. N\u00e3o foram esquecidas as m\u00e3es que est\u00e3o na eternidade. M\u00e3e que est\u00e1 esperando seu [&hellip;]","og_url":"https:\/\/www.oarcanjo.net\/site\/dia-das-maes-2016\/","og_site_name":"O Arcanjo no ar","article_publisher":"https:\/\/www.facebook.com\/OArcanjoNoAr\/","article_published_time":"2016-05-10T02:25:10+00:00","article_modified_time":"2016-05-10T02:35:02+00:00","og_image":[{"width":300,"height":300,"url":"https:\/\/www.oarcanjo.net\/site\/wp-content\/uploads\/logo-o-arcanjo-no-ar-facebook.png","type":"image\/png"}],"author":"carlos","twitter_card":"summary_large_image","twitter_misc":{"Escrito por":"carlos","Est. tempo de leitura":"1 minuto"},"schema":{"@context":"https:\/\/schema.org","@graph":[{"@type":"Article","@id":"https:\/\/www.oarcanjo.net\/site\/dia-das-maes-2016\/#article","isPartOf":{"@id":"https:\/\/www.oarcanjo.net\/site\/dia-das-maes-2016\/"},"author":{"name":"carlos","@id":"https:\/\/www.oarcanjo.net\/site\/#\/schema\/person\/f7870e710d8c8c30673de3a0ac2e451d"},"headline":"Dia das m\u00e3es 2016","datePublished":"2016-05-10T02:25:10+00:00","dateModified":"2016-05-10T02:35:02+00:00","mainEntityOfPage":{"@id":"https:\/\/www.oarcanjo.net\/site\/dia-das-maes-2016\/"},"wordCount":125,"commentCount":0,"publisher":{"@id":"https:\/\/www.oarcanjo.net\/site\/#organization"},"articleSection":["Rosto da comunidade"],"inLanguage":"pt-BR","potentialAction":[{"@type":"CommentAction","name":"Comment","target":["https:\/\/www.oarcanjo.net\/site\/dia-das-maes-2016\/#respond"]}]},{"@type":"WebPage","@id":"https:\/\/www.oarcanjo.net\/site\/dia-das-maes-2016\/","url":"https:\/\/www.oarcanjo.net\/site\/dia-das-maes-2016\/","name":"Dia das m\u00e3es 2016 - O Arcanjo no ar","isPartOf":{"@id":"https:\/\/www.oarcanjo.net\/site\/#website"},"datePublished":"2016-05-10T02:25:10+00:00","dateModified":"2016-05-10T02:35:02+00:00","breadcrumb":{"@id":"https:\/\/www.oarcanjo.net\/site\/dia-das-maes-2016\/#breadcrumb"},"inLanguage":"pt-BR","potentialAction":[{"@type":"ReadAction","target":["https:\/\/www.oarcanjo.net\/site\/dia-das-maes-2016\/"]}]},{"@type":"BreadcrumbList","@id":"https:\/\/www.oarcanjo.net\/site\/dia-das-maes-2016\/#breadcrumb","itemListElement":[{"@type":"ListItem","position":1,"name":"In\u00edcio","item":"https:\/\/www.oarcanjo.net\/site\/"},{"@type":"ListItem","position":2,"name":"Dia das m\u00e3es 2016"}]},{"@type":"WebSite","@id":"https:\/\/www.oarcanjo.net\/site\/#website","url":"https:\/\/www.oarcanjo.net\/site\/","name":"O Arcanjo no ar","description":"Site da Par\u00f3quia S\u00e3o Miguel Arcanjo (Arquidiocese de SP)","publisher":{"@id":"https:\/\/www.oarcanjo.net\/site\/#organization"},"potentialAction":[{"@type":"SearchAction","target":{"@type":"EntryPoint","urlTemplate":"https:\/\/www.oarcanjo.net\/site\/?s={search_term_string}"},"query-input":{"@type":"PropertyValueSpecification","valueRequired":true,"valueName":"search_term_string"}}],"inLanguage":"pt-BR"},{"@type":"Organization","@id":"https:\/\/www.oarcanjo.net\/site\/#organization","name":"Par\u00f3quia S\u00e3o Miguel Arcanjo","url":"https:\/\/www.oarcanjo.net\/site\/","logo":{"@type":"ImageObject","inLanguage":"pt-BR","@id":"https:\/\/www.oarcanjo.net\/site\/#\/schema\/logo\/image\/","url":"https:\/\/www.oarcanjo.net\/site\/wp-content\/uploads\/LogoOArcanjo.png","contentUrl":"https:\/\/www.oarcanjo.net\/site\/wp-content\/uploads\/LogoOArcanjo.png","width":319,"height":99,"caption":"Par\u00f3quia S\u00e3o Miguel Arcanjo"},"image":{"@id":"https:\/\/www.oarcanjo.net\/site\/#\/schema\/logo\/image\/"},"sameAs":["https:\/\/www.facebook.com\/OArcanjoNoAr\/"]},{"@type":"Person","@id":"https:\/\/www.oarcanjo.net\/site\/#\/schema\/person\/f7870e710d8c8c30673de3a0ac2e451d","name":"carlos"}]}},"publishpress_future_action":{"enabled":false,"date":"2026-05-09 04:22:45","action":"category","newStatus":"draft","terms":[],"taxonomy":"category"},"publishpress_future_workflow_manual_trigger":{"enabledWorkflows":[]},"_links":{"self":[{"href":"https:\/\/www.oarcanjo.net\/site\/wp-json\/wp\/v2\/posts\/71483"}],"collection":[{"href":"https:\/\/www.oarcanjo.net\/site\/wp-json\/wp\/v2\/posts"}],"about":[{"href":"https:\/\/www.oarcanjo.net\/site\/wp-json\/wp\/v2\/types\/post"}],"author":[{"embeddable":true,"href":"https:\/\/www.oarcanjo.net\/site\/wp-json\/wp\/v2\/users\/10"}],"replies":[{"embeddable":true,"href":"https:\/\/www.oarcanjo.net\/site\/wp-json\/wp\/v2\/comments?post=71483"}],"version-history":[{"count":0,"href":"https:\/\/www.oarcanjo.net\/site\/wp-json\/wp\/v2\/posts\/71483\/revisions"}],"wp:attachment":[{"href":"https:\/\/www.oarcanjo.net\/site\/wp-json\/wp\/v2\/media?parent=71483"}],"wp:term":[{"taxonomy":"category","embeddable":true,"href":"https:\/\/www.oarcanjo.net\/site\/wp-json\/wp\/v2\/categories?post=71483"},{"taxonomy":"post_tag","embeddable":true,"href":"https:\/\/www.oarcanjo.net\/site\/wp-json\/wp\/v2\/tags?post=71483"}],"curies":[{"name":"wp","href":"https:\/\/api.w.org\/{rel}","templated":true}]}}