
{"id":7149,"date":"2017-01-08T00:34:21","date_gmt":"2017-01-08T02:34:21","guid":{"rendered":"http:\/\/www.oarcanjo.net\/site\/?p=7149"},"modified":"2016-12-27T06:14:13","modified_gmt":"2016-12-27T08:14:13","slug":"sao-severino","status":"publish","type":"post","link":"https:\/\/www.oarcanjo.net\/site\/sao-severino\/","title":{"rendered":"S\u00e3o Severino"},"content":{"rendered":"<p><img decoding=\"async\" src=\"http:\/\/www.obramissionaria.org.br\/upload\/santo\/1860_08-Sao_Severino.jpg\" border=\"0\" alt=\"\" \/><\/p>\n<p>8 de Janeiro<\/p>\n<p>Severino era um rico cidad\u00e3o Romano que deu os seu bens materiais para os pobres e foi viver no deserto de Egito. Ali ele ficou em um grande conflito em viver sozinho em ora\u00e7\u00e3o ou atender ao chamado de Deus para evangelizar os descrentes.<\/p>\n<p>Severino seguiu o chamado de Deus e foi para a \u00c1ustria em uma \u00e9poca que era uma estrada por onde passavam muitos invasores b\u00e1rbaros. Severino mais ou menos no ano de 453 conheceu um misteriosos e desconhecido homem enviado por Deus para ajudar povo sofredor de Nortico. Ele n\u00e3o deu nenhuma informa\u00e7\u00e3o de quem estava por traz dele, mas indicava seu alto posto e pela suas maneiras era um homem de educa\u00e7\u00e3o, cultura e distin\u00e7\u00e3o. Ele aparentava ser uma romano africano de Cartago e um conterr\u00e2neo de S\u00e3o Agostinho de Hippo.<br \/>\nAtila, rei dos Hunos havia morrido e deixado um legado de destrui\u00e7\u00e3o, confus\u00e3o caos e a terra f\u00e9rtil e boa da Europa Central estavam a merc\u00ea de ex\u00e9rcitos sem l\u00edderes e tribos prontas para saquear. Neste cen\u00e1rio de caos Severino chegou e construiu uma ermida perto de Viena. O trabalho n\u00e3o era f\u00e1cil. Muitos ignoravam tudo que ele pregava, mas Severino tinha grande perseveran\u00e7a e continuou a pregar e fundou v\u00e1rios monast\u00e9rios ao longo do Dan\u00fabio e fazendo um o\u00e1sis de cristianismo neste terra sem Cristo.<br \/>\nQuando as suas palavras provaram serem verdadeiras eles o chamavam e ele calmamente os atendia e os ajudava. Ele descobriu que uma mulher rica havia escondido grandes quantidades de mantimentos e a persuadiu a da-las aos mais famintos. Ele p\u00f4s novos cora\u00e7\u00f5es nos habitantes e deu a eles a coragem de fortalecer as defesas da cidade. Severino se interp\u00f4s no caminho dos Goths e o medo que eles tinham dele, era o medo da m\u00e3o de Deus. V\u00e1rios milagres s\u00e3o atribu\u00eddos a ele. Ele soltava os cativos, ajudava e confortava os oprimidos e os pobres, cuidava dos doentes e fazia todos os esfor\u00e7os para dar instru\u00e7\u00e3o ao cat\u00f3licos do Dan\u00fabio, no vale de Viena.<br \/>\nEle fez ainda muitos milagres. Parece que ele afastou, com suas ora\u00e7\u00f5es, a praga dos gafanhotos que amea\u00e7ava acabar com as colheitas e trazer mais fome. Devagar muitos austr\u00edacos aceitaram a sua f\u00e9.<br \/>\nQuando a nuvem de terror se levantou, ele saiu da sua ermida, mas continuou a trabalhar, conseguir e distribuir comida, libertar os cativos e conciliar tribos inimigas. Certa vez Odoacer, o mais audacioso dos b\u00e1rbaros, veio procurar os seus conselhos e se ajoelhou para receber a sua ben\u00e7\u00e3o. S\u00e3o Severino construiu v\u00e1rias igrejas e evangelizou grande parte da \u00c1ustria e da Bav\u00e1ria.<br \/>\nEle tornou-se o santo mais popular da regi\u00e3o. Mesmo no inverno quando o Dan\u00fabio ficava completamente congelado ele insistia em andar descal\u00e7o e usar uma \u00fanica t\u00fanica. \u00c9 dito que ele nunca comia at\u00e9 o p\u00f4r do sol e permitia a si apenas uma refei\u00e7\u00e3o por semana. Por 30 anos este santo e ativo homem cujas origens continuam misteriosas era respeitados por todos. A tradi\u00e7\u00e3o diz que ele previu a sua morte. Diz a lenda que ao deitar-se para morrer ele cantava : &#8220;Que todas as coisas que respirem louvem o Senhor&#8221;. Assim morreu tranq\u00fcilamente e em paz. Seis anos ap\u00f3s a sua morte seus restos mortais foram trasladados para N\u00e1poles onde o grande Monast\u00e9rio Beneditino de S\u00e3o Severino foi constru\u00eddo para ser o santu\u00e1rio das suas rel\u00edquias.<br \/>\nNa liturgia da igreja as vezes ele \u00e9 mostrado afastando os gafanhotos e as vezes com um ramo de cereal ou trigo que teria salvo e as vezes com uma armadura lembrando que repeliu os b\u00e1rbaros.<br \/>\nNo Brasil existe um Santu\u00e1rio em homenagem a S\u00e3o Severino, nas terras do antigo Engenho Ramos, na cidade de Paudalho, Pernambuco, que seria o maior centro de romaria do Estado. O Santu\u00e1rio \u00e9 na Capela de Nossa Senhora da Luz, hoje mais conhecida como igreja de S\u00e3o Severino.<br \/>\nExiste uma imagem que teria sido trazida de Roma por um filho da ent\u00e3o propriet\u00e1ria do engenho. Tamb\u00e9m n\u00e3o se sabe quando come\u00e7ou a romaria, por\u00e9m, encontram-se relatos de milagres em meados do s\u00e9culo XIX, e foi necess\u00e1ria a amplia\u00e7\u00e3o da Capela no in\u00edcio do XX, visto o intenso fluxo de peregrinos ao local.<br \/>\nA imagem do Santo, deitado e em tamanho natural, est\u00e1 no altar lateral esquerdo. \u00c9 para l\u00e1 que todos se dirigem. \u00c9 tratado simplesmente como S\u00e3o Severino, ou como &#8220;S\u00e3o Severino do Ramo&#8221;, ou ainda &#8220;S\u00e3o Severino dos Ramos&#8221; em virtude do nome do engenho. Esta confus\u00e3o levou a que o grande dia de romaria seja no Domingo de Ramos, e n\u00e3o no dia 08 de janeiro. Parece que originalmente a roupa da imagem era azul. Esta nova, vermelha, foi confeccionada em substitui\u00e7\u00e3o a anterior, deteriorada em virtude do ass\u00e9dio de romeiros que espetavam o Santo acreditando que sangraria.<\/p>\n<p><img loading=\"lazy\" decoding=\"async\" src=\"http:\/\/www.cademeusanto.com.br\/IgrSSeverino1.jpg\" alt=\"IgrSSeverino1.jpg (30896 bytes)\" width=\"367\" height=\"246\" \/><\/p>\n<p><span style=\"color: #0000ff\"><strong>Santu\u00e1rio de S\u00e3o Severino, Igreja de N.Senhora da Luz<\/strong><\/span><\/p>\n<p><img decoding=\"async\" src=\"http:\/\/www.tudook.com\/portalcatolico\/images\/sseverino1.jpg\" alt=\"\" \/><\/p>\n<div id=\"themify_builder_content-7149\" data-postid=\"7149\" class=\"themify_builder_content themify_builder_content-7149 themify_builder themify_builder_front\">\n\t<\/div>\n<!-- \/themify_builder_content -->","protected":false},"excerpt":{"rendered":"<p>8 de Janeiro Severino era um rico cidad\u00e3o Romano que deu os seu bens materiais para os pobres e foi viver no deserto de Egito. Ali ele ficou em um grande conflito em viver sozinho em ora\u00e7\u00e3o ou atender ao chamado de Deus para evangelizar os descrentes. Severino seguiu o chamado de Deus e foi [&hellip;]<\/p>\n","protected":false},"author":14,"featured_media":0,"comment_status":"open","ping_status":"open","sticky":false,"template":"","format":"standard","meta":{"ngg_post_thumbnail":0,"footnotes":""},"categories":[186],"tags":[],"yoast_head":"<!-- This site is optimized with the Yoast SEO plugin v23.5 - https:\/\/yoast.com\/wordpress\/plugins\/seo\/ -->\n<title>S\u00e3o Severino - O Arcanjo no ar<\/title>\n<meta name=\"robots\" content=\"index, follow, max-snippet:-1, max-image-preview:large, max-video-preview:-1\" \/>\n<link rel=\"canonical\" href=\"https:\/\/www.oarcanjo.net\/site\/sao-severino\/\" \/>\n<meta property=\"og:locale\" content=\"pt_BR\" \/>\n<meta property=\"og:type\" content=\"article\" \/>\n<meta property=\"og:title\" content=\"S\u00e3o Severino - O Arcanjo no ar\" \/>\n<meta property=\"og:description\" content=\"8 de Janeiro Severino era um rico cidad\u00e3o Romano que deu os seu bens materiais para os pobres e foi viver no deserto de Egito. Ali ele ficou em um grande conflito em viver sozinho em ora\u00e7\u00e3o ou atender ao chamado de Deus para evangelizar os descrentes. Severino seguiu o chamado de Deus e foi [&hellip;]\" \/>\n<meta property=\"og:url\" content=\"https:\/\/www.oarcanjo.net\/site\/sao-severino\/\" \/>\n<meta property=\"og:site_name\" content=\"O Arcanjo no ar\" \/>\n<meta property=\"article:publisher\" content=\"https:\/\/www.facebook.com\/OArcanjoNoAr\/\" \/>\n<meta property=\"article:published_time\" content=\"2017-01-08T02:34:21+00:00\" \/>\n<meta property=\"article:modified_time\" content=\"2016-12-27T08:14:13+00:00\" \/>\n<meta property=\"og:image\" content=\"http:\/\/www.obramissionaria.org.br\/upload\/santo\/1860_08-Sao_Severino.jpg\" \/>\n<meta name=\"author\" content=\"danilo\" \/>\n<meta name=\"twitter:card\" content=\"summary_large_image\" \/>\n<meta name=\"twitter:label1\" content=\"Escrito por\" \/>\n\t<meta name=\"twitter:data1\" content=\"danilo\" \/>\n\t<meta name=\"twitter:label2\" content=\"Est. tempo de leitura\" \/>\n\t<meta name=\"twitter:data2\" content=\"4 minutos\" \/>\n<script type=\"application\/ld+json\" class=\"yoast-schema-graph\">{\"@context\":\"https:\/\/schema.org\",\"@graph\":[{\"@type\":\"Article\",\"@id\":\"https:\/\/www.oarcanjo.net\/site\/sao-severino\/#article\",\"isPartOf\":{\"@id\":\"https:\/\/www.oarcanjo.net\/site\/sao-severino\/\"},\"author\":{\"name\":\"danilo\",\"@id\":\"https:\/\/www.oarcanjo.net\/site\/#\/schema\/person\/5eb9480bedd2f3c97e430ce128c29c6c\"},\"headline\":\"S\u00e3o Severino\",\"datePublished\":\"2017-01-08T02:34:21+00:00\",\"dateModified\":\"2016-12-27T08:14:13+00:00\",\"mainEntityOfPage\":{\"@id\":\"https:\/\/www.oarcanjo.net\/site\/sao-severino\/\"},\"wordCount\":881,\"commentCount\":6,\"publisher\":{\"@id\":\"https:\/\/www.oarcanjo.net\/site\/#organization\"},\"image\":{\"@id\":\"https:\/\/www.oarcanjo.net\/site\/sao-severino\/#primaryimage\"},\"thumbnailUrl\":\"http:\/\/www.obramissionaria.org.br\/upload\/santo\/1860_08-Sao_Severino.jpg\",\"articleSection\":[\"Testemunhos\"],\"inLanguage\":\"pt-BR\",\"potentialAction\":[{\"@type\":\"CommentAction\",\"name\":\"Comment\",\"target\":[\"https:\/\/www.oarcanjo.net\/site\/sao-severino\/#respond\"]}]},{\"@type\":\"WebPage\",\"@id\":\"https:\/\/www.oarcanjo.net\/site\/sao-severino\/\",\"url\":\"https:\/\/www.oarcanjo.net\/site\/sao-severino\/\",\"name\":\"S\u00e3o Severino - O Arcanjo no ar\",\"isPartOf\":{\"@id\":\"https:\/\/www.oarcanjo.net\/site\/#website\"},\"primaryImageOfPage\":{\"@id\":\"https:\/\/www.oarcanjo.net\/site\/sao-severino\/#primaryimage\"},\"image\":{\"@id\":\"https:\/\/www.oarcanjo.net\/site\/sao-severino\/#primaryimage\"},\"thumbnailUrl\":\"http:\/\/www.obramissionaria.org.br\/upload\/santo\/1860_08-Sao_Severino.jpg\",\"datePublished\":\"2017-01-08T02:34:21+00:00\",\"dateModified\":\"2016-12-27T08:14:13+00:00\",\"breadcrumb\":{\"@id\":\"https:\/\/www.oarcanjo.net\/site\/sao-severino\/#breadcrumb\"},\"inLanguage\":\"pt-BR\",\"potentialAction\":[{\"@type\":\"ReadAction\",\"target\":[\"https:\/\/www.oarcanjo.net\/site\/sao-severino\/\"]}]},{\"@type\":\"ImageObject\",\"inLanguage\":\"pt-BR\",\"@id\":\"https:\/\/www.oarcanjo.net\/site\/sao-severino\/#primaryimage\",\"url\":\"http:\/\/www.obramissionaria.org.br\/upload\/santo\/1860_08-Sao_Severino.jpg\",\"contentUrl\":\"http:\/\/www.obramissionaria.org.br\/upload\/santo\/1860_08-Sao_Severino.jpg\"},{\"@type\":\"BreadcrumbList\",\"@id\":\"https:\/\/www.oarcanjo.net\/site\/sao-severino\/#breadcrumb\",\"itemListElement\":[{\"@type\":\"ListItem\",\"position\":1,\"name\":\"In\u00edcio\",\"item\":\"https:\/\/www.oarcanjo.net\/site\/\"},{\"@type\":\"ListItem\",\"position\":2,\"name\":\"S\u00e3o Severino\"}]},{\"@type\":\"WebSite\",\"@id\":\"https:\/\/www.oarcanjo.net\/site\/#website\",\"url\":\"https:\/\/www.oarcanjo.net\/site\/\",\"name\":\"O Arcanjo no ar\",\"description\":\"Site da Par\u00f3quia S\u00e3o Miguel Arcanjo (Arquidiocese de SP)\",\"publisher\":{\"@id\":\"https:\/\/www.oarcanjo.net\/site\/#organization\"},\"potentialAction\":[{\"@type\":\"SearchAction\",\"target\":{\"@type\":\"EntryPoint\",\"urlTemplate\":\"https:\/\/www.oarcanjo.net\/site\/?s={search_term_string}\"},\"query-input\":{\"@type\":\"PropertyValueSpecification\",\"valueRequired\":true,\"valueName\":\"search_term_string\"}}],\"inLanguage\":\"pt-BR\"},{\"@type\":\"Organization\",\"@id\":\"https:\/\/www.oarcanjo.net\/site\/#organization\",\"name\":\"Par\u00f3quia S\u00e3o Miguel Arcanjo\",\"url\":\"https:\/\/www.oarcanjo.net\/site\/\",\"logo\":{\"@type\":\"ImageObject\",\"inLanguage\":\"pt-BR\",\"@id\":\"https:\/\/www.oarcanjo.net\/site\/#\/schema\/logo\/image\/\",\"url\":\"https:\/\/www.oarcanjo.net\/site\/wp-content\/uploads\/LogoOArcanjo.png\",\"contentUrl\":\"https:\/\/www.oarcanjo.net\/site\/wp-content\/uploads\/LogoOArcanjo.png\",\"width\":319,\"height\":99,\"caption\":\"Par\u00f3quia S\u00e3o Miguel Arcanjo\"},\"image\":{\"@id\":\"https:\/\/www.oarcanjo.net\/site\/#\/schema\/logo\/image\/\"},\"sameAs\":[\"https:\/\/www.facebook.com\/OArcanjoNoAr\/\"]},{\"@type\":\"Person\",\"@id\":\"https:\/\/www.oarcanjo.net\/site\/#\/schema\/person\/5eb9480bedd2f3c97e430ce128c29c6c\",\"name\":\"danilo\"}]}<\/script>\n<!-- \/ Yoast SEO plugin. -->","yoast_head_json":{"title":"S\u00e3o Severino - O Arcanjo no ar","robots":{"index":"index","follow":"follow","max-snippet":"max-snippet:-1","max-image-preview":"max-image-preview:large","max-video-preview":"max-video-preview:-1"},"canonical":"https:\/\/www.oarcanjo.net\/site\/sao-severino\/","og_locale":"pt_BR","og_type":"article","og_title":"S\u00e3o Severino - O Arcanjo no ar","og_description":"8 de Janeiro Severino era um rico cidad\u00e3o Romano que deu os seu bens materiais para os pobres e foi viver no deserto de Egito. Ali ele ficou em um grande conflito em viver sozinho em ora\u00e7\u00e3o ou atender ao chamado de Deus para evangelizar os descrentes. Severino seguiu o chamado de Deus e foi [&hellip;]","og_url":"https:\/\/www.oarcanjo.net\/site\/sao-severino\/","og_site_name":"O Arcanjo no ar","article_publisher":"https:\/\/www.facebook.com\/OArcanjoNoAr\/","article_published_time":"2017-01-08T02:34:21+00:00","article_modified_time":"2016-12-27T08:14:13+00:00","og_image":[{"url":"http:\/\/www.obramissionaria.org.br\/upload\/santo\/1860_08-Sao_Severino.jpg"}],"author":"danilo","twitter_card":"summary_large_image","twitter_misc":{"Escrito por":"danilo","Est. tempo de leitura":"4 minutos"},"schema":{"@context":"https:\/\/schema.org","@graph":[{"@type":"Article","@id":"https:\/\/www.oarcanjo.net\/site\/sao-severino\/#article","isPartOf":{"@id":"https:\/\/www.oarcanjo.net\/site\/sao-severino\/"},"author":{"name":"danilo","@id":"https:\/\/www.oarcanjo.net\/site\/#\/schema\/person\/5eb9480bedd2f3c97e430ce128c29c6c"},"headline":"S\u00e3o Severino","datePublished":"2017-01-08T02:34:21+00:00","dateModified":"2016-12-27T08:14:13+00:00","mainEntityOfPage":{"@id":"https:\/\/www.oarcanjo.net\/site\/sao-severino\/"},"wordCount":881,"commentCount":6,"publisher":{"@id":"https:\/\/www.oarcanjo.net\/site\/#organization"},"image":{"@id":"https:\/\/www.oarcanjo.net\/site\/sao-severino\/#primaryimage"},"thumbnailUrl":"http:\/\/www.obramissionaria.org.br\/upload\/santo\/1860_08-Sao_Severino.jpg","articleSection":["Testemunhos"],"inLanguage":"pt-BR","potentialAction":[{"@type":"CommentAction","name":"Comment","target":["https:\/\/www.oarcanjo.net\/site\/sao-severino\/#respond"]}]},{"@type":"WebPage","@id":"https:\/\/www.oarcanjo.net\/site\/sao-severino\/","url":"https:\/\/www.oarcanjo.net\/site\/sao-severino\/","name":"S\u00e3o Severino - O Arcanjo no ar","isPartOf":{"@id":"https:\/\/www.oarcanjo.net\/site\/#website"},"primaryImageOfPage":{"@id":"https:\/\/www.oarcanjo.net\/site\/sao-severino\/#primaryimage"},"image":{"@id":"https:\/\/www.oarcanjo.net\/site\/sao-severino\/#primaryimage"},"thumbnailUrl":"http:\/\/www.obramissionaria.org.br\/upload\/santo\/1860_08-Sao_Severino.jpg","datePublished":"2017-01-08T02:34:21+00:00","dateModified":"2016-12-27T08:14:13+00:00","breadcrumb":{"@id":"https:\/\/www.oarcanjo.net\/site\/sao-severino\/#breadcrumb"},"inLanguage":"pt-BR","potentialAction":[{"@type":"ReadAction","target":["https:\/\/www.oarcanjo.net\/site\/sao-severino\/"]}]},{"@type":"ImageObject","inLanguage":"pt-BR","@id":"https:\/\/www.oarcanjo.net\/site\/sao-severino\/#primaryimage","url":"http:\/\/www.obramissionaria.org.br\/upload\/santo\/1860_08-Sao_Severino.jpg","contentUrl":"http:\/\/www.obramissionaria.org.br\/upload\/santo\/1860_08-Sao_Severino.jpg"},{"@type":"BreadcrumbList","@id":"https:\/\/www.oarcanjo.net\/site\/sao-severino\/#breadcrumb","itemListElement":[{"@type":"ListItem","position":1,"name":"In\u00edcio","item":"https:\/\/www.oarcanjo.net\/site\/"},{"@type":"ListItem","position":2,"name":"S\u00e3o Severino"}]},{"@type":"WebSite","@id":"https:\/\/www.oarcanjo.net\/site\/#website","url":"https:\/\/www.oarcanjo.net\/site\/","name":"O Arcanjo no ar","description":"Site da Par\u00f3quia S\u00e3o Miguel Arcanjo (Arquidiocese de SP)","publisher":{"@id":"https:\/\/www.oarcanjo.net\/site\/#organization"},"potentialAction":[{"@type":"SearchAction","target":{"@type":"EntryPoint","urlTemplate":"https:\/\/www.oarcanjo.net\/site\/?s={search_term_string}"},"query-input":{"@type":"PropertyValueSpecification","valueRequired":true,"valueName":"search_term_string"}}],"inLanguage":"pt-BR"},{"@type":"Organization","@id":"https:\/\/www.oarcanjo.net\/site\/#organization","name":"Par\u00f3quia S\u00e3o Miguel Arcanjo","url":"https:\/\/www.oarcanjo.net\/site\/","logo":{"@type":"ImageObject","inLanguage":"pt-BR","@id":"https:\/\/www.oarcanjo.net\/site\/#\/schema\/logo\/image\/","url":"https:\/\/www.oarcanjo.net\/site\/wp-content\/uploads\/LogoOArcanjo.png","contentUrl":"https:\/\/www.oarcanjo.net\/site\/wp-content\/uploads\/LogoOArcanjo.png","width":319,"height":99,"caption":"Par\u00f3quia S\u00e3o Miguel Arcanjo"},"image":{"@id":"https:\/\/www.oarcanjo.net\/site\/#\/schema\/logo\/image\/"},"sameAs":["https:\/\/www.facebook.com\/OArcanjoNoAr\/"]},{"@type":"Person","@id":"https:\/\/www.oarcanjo.net\/site\/#\/schema\/person\/5eb9480bedd2f3c97e430ce128c29c6c","name":"danilo"}]}},"publishpress_future_action":{"enabled":false,"date":"2026-05-09 08:15:21","action":"category","newStatus":"draft","terms":[],"taxonomy":"category"},"publishpress_future_workflow_manual_trigger":{"enabledWorkflows":[]},"_links":{"self":[{"href":"https:\/\/www.oarcanjo.net\/site\/wp-json\/wp\/v2\/posts\/7149"}],"collection":[{"href":"https:\/\/www.oarcanjo.net\/site\/wp-json\/wp\/v2\/posts"}],"about":[{"href":"https:\/\/www.oarcanjo.net\/site\/wp-json\/wp\/v2\/types\/post"}],"author":[{"embeddable":true,"href":"https:\/\/www.oarcanjo.net\/site\/wp-json\/wp\/v2\/users\/14"}],"replies":[{"embeddable":true,"href":"https:\/\/www.oarcanjo.net\/site\/wp-json\/wp\/v2\/comments?post=7149"}],"version-history":[{"count":0,"href":"https:\/\/www.oarcanjo.net\/site\/wp-json\/wp\/v2\/posts\/7149\/revisions"}],"wp:attachment":[{"href":"https:\/\/www.oarcanjo.net\/site\/wp-json\/wp\/v2\/media?parent=7149"}],"wp:term":[{"taxonomy":"category","embeddable":true,"href":"https:\/\/www.oarcanjo.net\/site\/wp-json\/wp\/v2\/categories?post=7149"},{"taxonomy":"post_tag","embeddable":true,"href":"https:\/\/www.oarcanjo.net\/site\/wp-json\/wp\/v2\/tags?post=7149"}],"curies":[{"name":"wp","href":"https:\/\/api.w.org\/{rel}","templated":true}]}}