
{"id":71495,"date":"2016-05-10T08:00:37","date_gmt":"2016-05-10T11:00:37","guid":{"rendered":"http:\/\/www.oarcanjo.net\/site\/?p=71495"},"modified":"2016-05-15T23:07:03","modified_gmt":"2016-05-16T02:07:03","slug":"missa-de-pentecostes-da-juventude-sera-as-15h-na-catedral-da-se","status":"publish","type":"post","link":"https:\/\/www.oarcanjo.net\/site\/missa-de-pentecostes-da-juventude-sera-as-15h-na-catedral-da-se\/","title":{"rendered":"Missa de Pentecostes da Juventude ser\u00e1 \u00e0s 15h na Catedral da S\u00e9"},"content":{"rendered":"<p>Todos os anos, na Catedral da S\u00e9, \u00e9 celebrado o Pentecostes da Juventude, com os jovens crismandos e crismados. Neste ano, por ocasi\u00e3o do Ano da Miseric\u00f3rdia, a juventude \u00e9 convidada a passar pela Porta Santa.<\/p>\n<p>Os interessados em participar da Santa Missa, \u00e0s 15h, na Catedral, podem confirmar\u00a0presen\u00e7a at\u00e9 sexta-feira, 13\/05,\u00a0na secretaria da par\u00f3quia, pelo telefone\u00a0(11) 2692-6798, para organizar\u00a0o\u00a0grupo que ir\u00e1\u00a0de Metr\u00f4.<\/p>\n<p>Segue o convite:<\/p>\n<p><img loading=\"lazy\" decoding=\"async\" class=\"alignnone size-full wp-image-71501\" src=\"http:\/\/www.oarcanjo.net\/site\/wp-content\/uploads\/pentecostes-da-juventude-mai-2016.jpg\" alt=\"Missa de Pentecostes da Juventude\" width=\"960\" height=\"960\" srcset=\"https:\/\/www.oarcanjo.net\/site\/wp-content\/uploads\/pentecostes-da-juventude-mai-2016.jpg 960w, https:\/\/www.oarcanjo.net\/site\/wp-content\/uploads\/pentecostes-da-juventude-mai-2016-150x150.jpg 150w, https:\/\/www.oarcanjo.net\/site\/wp-content\/uploads\/pentecostes-da-juventude-mai-2016-300x300.jpg 300w, https:\/\/www.oarcanjo.net\/site\/wp-content\/uploads\/pentecostes-da-juventude-mai-2016-768x768.jpg 768w, https:\/\/www.oarcanjo.net\/site\/wp-content\/uploads\/pentecostes-da-juventude-mai-2016-600x600.jpg 600w\" sizes=\"(max-width: 960px) 100vw, 960px\" \/><\/p>\n<p>&nbsp;<\/p>\n<div id=\"themify_builder_content-71495\" data-postid=\"71495\" class=\"themify_builder_content themify_builder_content-71495 themify_builder themify_builder_front\">\n\t<\/div>\n<!-- \/themify_builder_content -->","protected":false},"excerpt":{"rendered":"<p>Os interessados em participar da Santa Missa, \u00e0s 15h, na Catedral, podem confirmar presen\u00e7a at\u00e9 sexta-feira, 13\/05, na secretaria da par\u00f3quia, pelo telefone (11) 2692-6798, para organizar o grupo que ir\u00e1 de Metr\u00f4<\/p>\n","protected":false},"author":3,"featured_media":71504,"comment_status":"open","ping_status":"open","sticky":false,"template":"","format":"standard","meta":{"ngg_post_thumbnail":0,"footnotes":""},"categories":[8],"tags":[3174,142,3244,3231],"yoast_head":"<!-- This site is optimized with the Yoast SEO plugin v23.5 - https:\/\/yoast.com\/wordpress\/plugins\/seo\/ -->\n<title>Missa de Pentecostes da Juventude ser\u00e1 \u00e0s 15h na Catedral da S\u00e9 - O Arcanjo no ar<\/title>\n<meta name=\"robots\" content=\"index, follow, max-snippet:-1, max-image-preview:large, max-video-preview:-1\" \/>\n<link rel=\"canonical\" href=\"https:\/\/www.oarcanjo.net\/site\/missa-de-pentecostes-da-juventude-sera-as-15h-na-catedral-da-se\/\" \/>\n<meta property=\"og:locale\" content=\"pt_BR\" \/>\n<meta property=\"og:type\" content=\"article\" \/>\n<meta property=\"og:title\" content=\"Missa de Pentecostes da Juventude ser\u00e1 \u00e0s 15h na Catedral da S\u00e9 - O Arcanjo no ar\" \/>\n<meta property=\"og:description\" content=\"Os interessados em participar da Santa Missa, \u00e0s 15h, na Catedral, podem confirmar presen\u00e7a at\u00e9 sexta-feira, 13\/05, na secretaria da par\u00f3quia, pelo telefone (11) 2692-6798, para organizar o grupo que ir\u00e1 de Metr\u00f4\" \/>\n<meta property=\"og:url\" content=\"https:\/\/www.oarcanjo.net\/site\/missa-de-pentecostes-da-juventude-sera-as-15h-na-catedral-da-se\/\" \/>\n<meta property=\"og:site_name\" content=\"O Arcanjo no ar\" \/>\n<meta property=\"article:publisher\" content=\"https:\/\/www.facebook.com\/OArcanjoNoAr\/\" \/>\n<meta property=\"article:published_time\" content=\"2016-05-10T11:00:37+00:00\" \/>\n<meta property=\"article:modified_time\" content=\"2016-05-16T02:07:03+00:00\" \/>\n<meta property=\"og:image\" content=\"https:\/\/www.oarcanjo.net\/site\/wp-content\/uploads\/banner-pentecostes-juventude-mai-2016-1.jpg\" \/>\n\t<meta property=\"og:image:width\" content=\"700\" \/>\n\t<meta property=\"og:image:height\" content=\"320\" \/>\n\t<meta property=\"og:image:type\" content=\"image\/jpeg\" \/>\n<meta name=\"author\" content=\"miriam.meyer\" \/>\n<meta name=\"twitter:card\" content=\"summary_large_image\" \/>\n<meta name=\"twitter:label1\" content=\"Escrito por\" \/>\n\t<meta name=\"twitter:data1\" content=\"miriam.meyer\" \/>\n<script type=\"application\/ld+json\" class=\"yoast-schema-graph\">{\"@context\":\"https:\/\/schema.org\",\"@graph\":[{\"@type\":\"Article\",\"@id\":\"https:\/\/www.oarcanjo.net\/site\/missa-de-pentecostes-da-juventude-sera-as-15h-na-catedral-da-se\/#article\",\"isPartOf\":{\"@id\":\"https:\/\/www.oarcanjo.net\/site\/missa-de-pentecostes-da-juventude-sera-as-15h-na-catedral-da-se\/\"},\"author\":{\"name\":\"miriam.meyer\",\"@id\":\"https:\/\/www.oarcanjo.net\/site\/#\/schema\/person\/ce0fba3450314a09c6442cfee983a3d8\"},\"headline\":\"Missa de Pentecostes da Juventude ser\u00e1 \u00e0s 15h na Catedral da S\u00e9\",\"datePublished\":\"2016-05-10T11:00:37+00:00\",\"dateModified\":\"2016-05-16T02:07:03+00:00\",\"mainEntityOfPage\":{\"@id\":\"https:\/\/www.oarcanjo.net\/site\/missa-de-pentecostes-da-juventude-sera-as-15h-na-catedral-da-se\/\"},\"wordCount\":85,\"commentCount\":0,\"publisher\":{\"@id\":\"https:\/\/www.oarcanjo.net\/site\/#organization\"},\"image\":{\"@id\":\"https:\/\/www.oarcanjo.net\/site\/missa-de-pentecostes-da-juventude-sera-as-15h-na-catedral-da-se\/#primaryimage\"},\"thumbnailUrl\":\"https:\/\/www.oarcanjo.net\/site\/wp-content\/uploads\/banner-pentecostes-juventude-mai-2016-1.jpg\",\"keywords\":[\"Ano da Miseric\u00f3rdia\",\"Crisma\",\"Pentecostes da Juventude\",\"Porta Santa\"],\"articleSection\":[\"Not\u00edcias\"],\"inLanguage\":\"pt-BR\",\"potentialAction\":[{\"@type\":\"CommentAction\",\"name\":\"Comment\",\"target\":[\"https:\/\/www.oarcanjo.net\/site\/missa-de-pentecostes-da-juventude-sera-as-15h-na-catedral-da-se\/#respond\"]}]},{\"@type\":\"WebPage\",\"@id\":\"https:\/\/www.oarcanjo.net\/site\/missa-de-pentecostes-da-juventude-sera-as-15h-na-catedral-da-se\/\",\"url\":\"https:\/\/www.oarcanjo.net\/site\/missa-de-pentecostes-da-juventude-sera-as-15h-na-catedral-da-se\/\",\"name\":\"Missa de Pentecostes da Juventude ser\u00e1 \u00e0s 15h na Catedral da S\u00e9 - O Arcanjo no ar\",\"isPartOf\":{\"@id\":\"https:\/\/www.oarcanjo.net\/site\/#website\"},\"primaryImageOfPage\":{\"@id\":\"https:\/\/www.oarcanjo.net\/site\/missa-de-pentecostes-da-juventude-sera-as-15h-na-catedral-da-se\/#primaryimage\"},\"image\":{\"@id\":\"https:\/\/www.oarcanjo.net\/site\/missa-de-pentecostes-da-juventude-sera-as-15h-na-catedral-da-se\/#primaryimage\"},\"thumbnailUrl\":\"https:\/\/www.oarcanjo.net\/site\/wp-content\/uploads\/banner-pentecostes-juventude-mai-2016-1.jpg\",\"datePublished\":\"2016-05-10T11:00:37+00:00\",\"dateModified\":\"2016-05-16T02:07:03+00:00\",\"breadcrumb\":{\"@id\":\"https:\/\/www.oarcanjo.net\/site\/missa-de-pentecostes-da-juventude-sera-as-15h-na-catedral-da-se\/#breadcrumb\"},\"inLanguage\":\"pt-BR\",\"potentialAction\":[{\"@type\":\"ReadAction\",\"target\":[\"https:\/\/www.oarcanjo.net\/site\/missa-de-pentecostes-da-juventude-sera-as-15h-na-catedral-da-se\/\"]}]},{\"@type\":\"ImageObject\",\"inLanguage\":\"pt-BR\",\"@id\":\"https:\/\/www.oarcanjo.net\/site\/missa-de-pentecostes-da-juventude-sera-as-15h-na-catedral-da-se\/#primaryimage\",\"url\":\"https:\/\/www.oarcanjo.net\/site\/wp-content\/uploads\/banner-pentecostes-juventude-mai-2016-1.jpg\",\"contentUrl\":\"https:\/\/www.oarcanjo.net\/site\/wp-content\/uploads\/banner-pentecostes-juventude-mai-2016-1.jpg\",\"width\":700,\"height\":320},{\"@type\":\"BreadcrumbList\",\"@id\":\"https:\/\/www.oarcanjo.net\/site\/missa-de-pentecostes-da-juventude-sera-as-15h-na-catedral-da-se\/#breadcrumb\",\"itemListElement\":[{\"@type\":\"ListItem\",\"position\":1,\"name\":\"In\u00edcio\",\"item\":\"https:\/\/www.oarcanjo.net\/site\/\"},{\"@type\":\"ListItem\",\"position\":2,\"name\":\"Missa de Pentecostes da Juventude ser\u00e1 \u00e0s 15h na Catedral da S\u00e9\"}]},{\"@type\":\"WebSite\",\"@id\":\"https:\/\/www.oarcanjo.net\/site\/#website\",\"url\":\"https:\/\/www.oarcanjo.net\/site\/\",\"name\":\"O Arcanjo no ar\",\"description\":\"Site da Par\u00f3quia S\u00e3o Miguel Arcanjo (Arquidiocese de SP)\",\"publisher\":{\"@id\":\"https:\/\/www.oarcanjo.net\/site\/#organization\"},\"potentialAction\":[{\"@type\":\"SearchAction\",\"target\":{\"@type\":\"EntryPoint\",\"urlTemplate\":\"https:\/\/www.oarcanjo.net\/site\/?s={search_term_string}\"},\"query-input\":{\"@type\":\"PropertyValueSpecification\",\"valueRequired\":true,\"valueName\":\"search_term_string\"}}],\"inLanguage\":\"pt-BR\"},{\"@type\":\"Organization\",\"@id\":\"https:\/\/www.oarcanjo.net\/site\/#organization\",\"name\":\"Par\u00f3quia S\u00e3o Miguel Arcanjo\",\"url\":\"https:\/\/www.oarcanjo.net\/site\/\",\"logo\":{\"@type\":\"ImageObject\",\"inLanguage\":\"pt-BR\",\"@id\":\"https:\/\/www.oarcanjo.net\/site\/#\/schema\/logo\/image\/\",\"url\":\"https:\/\/www.oarcanjo.net\/site\/wp-content\/uploads\/LogoOArcanjo.png\",\"contentUrl\":\"https:\/\/www.oarcanjo.net\/site\/wp-content\/uploads\/LogoOArcanjo.png\",\"width\":319,\"height\":99,\"caption\":\"Par\u00f3quia S\u00e3o Miguel Arcanjo\"},\"image\":{\"@id\":\"https:\/\/www.oarcanjo.net\/site\/#\/schema\/logo\/image\/\"},\"sameAs\":[\"https:\/\/www.facebook.com\/OArcanjoNoAr\/\"]},{\"@type\":\"Person\",\"@id\":\"https:\/\/www.oarcanjo.net\/site\/#\/schema\/person\/ce0fba3450314a09c6442cfee983a3d8\",\"name\":\"miriam.meyer\"}]}<\/script>\n<!-- \/ Yoast SEO plugin. -->","yoast_head_json":{"title":"Missa de Pentecostes da Juventude ser\u00e1 \u00e0s 15h na Catedral da S\u00e9 - O Arcanjo no ar","robots":{"index":"index","follow":"follow","max-snippet":"max-snippet:-1","max-image-preview":"max-image-preview:large","max-video-preview":"max-video-preview:-1"},"canonical":"https:\/\/www.oarcanjo.net\/site\/missa-de-pentecostes-da-juventude-sera-as-15h-na-catedral-da-se\/","og_locale":"pt_BR","og_type":"article","og_title":"Missa de Pentecostes da Juventude ser\u00e1 \u00e0s 15h na Catedral da S\u00e9 - O Arcanjo no ar","og_description":"Os interessados em participar da Santa Missa, \u00e0s 15h, na Catedral, podem confirmar presen\u00e7a at\u00e9 sexta-feira, 13\/05, na secretaria da par\u00f3quia, pelo telefone (11) 2692-6798, para organizar o grupo que ir\u00e1 de Metr\u00f4","og_url":"https:\/\/www.oarcanjo.net\/site\/missa-de-pentecostes-da-juventude-sera-as-15h-na-catedral-da-se\/","og_site_name":"O Arcanjo no ar","article_publisher":"https:\/\/www.facebook.com\/OArcanjoNoAr\/","article_published_time":"2016-05-10T11:00:37+00:00","article_modified_time":"2016-05-16T02:07:03+00:00","og_image":[{"width":700,"height":320,"url":"https:\/\/www.oarcanjo.net\/site\/wp-content\/uploads\/banner-pentecostes-juventude-mai-2016-1.jpg","type":"image\/jpeg"}],"author":"miriam.meyer","twitter_card":"summary_large_image","twitter_misc":{"Escrito por":"miriam.meyer"},"schema":{"@context":"https:\/\/schema.org","@graph":[{"@type":"Article","@id":"https:\/\/www.oarcanjo.net\/site\/missa-de-pentecostes-da-juventude-sera-as-15h-na-catedral-da-se\/#article","isPartOf":{"@id":"https:\/\/www.oarcanjo.net\/site\/missa-de-pentecostes-da-juventude-sera-as-15h-na-catedral-da-se\/"},"author":{"name":"miriam.meyer","@id":"https:\/\/www.oarcanjo.net\/site\/#\/schema\/person\/ce0fba3450314a09c6442cfee983a3d8"},"headline":"Missa de Pentecostes da Juventude ser\u00e1 \u00e0s 15h na Catedral da S\u00e9","datePublished":"2016-05-10T11:00:37+00:00","dateModified":"2016-05-16T02:07:03+00:00","mainEntityOfPage":{"@id":"https:\/\/www.oarcanjo.net\/site\/missa-de-pentecostes-da-juventude-sera-as-15h-na-catedral-da-se\/"},"wordCount":85,"commentCount":0,"publisher":{"@id":"https:\/\/www.oarcanjo.net\/site\/#organization"},"image":{"@id":"https:\/\/www.oarcanjo.net\/site\/missa-de-pentecostes-da-juventude-sera-as-15h-na-catedral-da-se\/#primaryimage"},"thumbnailUrl":"https:\/\/www.oarcanjo.net\/site\/wp-content\/uploads\/banner-pentecostes-juventude-mai-2016-1.jpg","keywords":["Ano da Miseric\u00f3rdia","Crisma","Pentecostes da Juventude","Porta Santa"],"articleSection":["Not\u00edcias"],"inLanguage":"pt-BR","potentialAction":[{"@type":"CommentAction","name":"Comment","target":["https:\/\/www.oarcanjo.net\/site\/missa-de-pentecostes-da-juventude-sera-as-15h-na-catedral-da-se\/#respond"]}]},{"@type":"WebPage","@id":"https:\/\/www.oarcanjo.net\/site\/missa-de-pentecostes-da-juventude-sera-as-15h-na-catedral-da-se\/","url":"https:\/\/www.oarcanjo.net\/site\/missa-de-pentecostes-da-juventude-sera-as-15h-na-catedral-da-se\/","name":"Missa de Pentecostes da Juventude ser\u00e1 \u00e0s 15h na Catedral da S\u00e9 - O Arcanjo no ar","isPartOf":{"@id":"https:\/\/www.oarcanjo.net\/site\/#website"},"primaryImageOfPage":{"@id":"https:\/\/www.oarcanjo.net\/site\/missa-de-pentecostes-da-juventude-sera-as-15h-na-catedral-da-se\/#primaryimage"},"image":{"@id":"https:\/\/www.oarcanjo.net\/site\/missa-de-pentecostes-da-juventude-sera-as-15h-na-catedral-da-se\/#primaryimage"},"thumbnailUrl":"https:\/\/www.oarcanjo.net\/site\/wp-content\/uploads\/banner-pentecostes-juventude-mai-2016-1.jpg","datePublished":"2016-05-10T11:00:37+00:00","dateModified":"2016-05-16T02:07:03+00:00","breadcrumb":{"@id":"https:\/\/www.oarcanjo.net\/site\/missa-de-pentecostes-da-juventude-sera-as-15h-na-catedral-da-se\/#breadcrumb"},"inLanguage":"pt-BR","potentialAction":[{"@type":"ReadAction","target":["https:\/\/www.oarcanjo.net\/site\/missa-de-pentecostes-da-juventude-sera-as-15h-na-catedral-da-se\/"]}]},{"@type":"ImageObject","inLanguage":"pt-BR","@id":"https:\/\/www.oarcanjo.net\/site\/missa-de-pentecostes-da-juventude-sera-as-15h-na-catedral-da-se\/#primaryimage","url":"https:\/\/www.oarcanjo.net\/site\/wp-content\/uploads\/banner-pentecostes-juventude-mai-2016-1.jpg","contentUrl":"https:\/\/www.oarcanjo.net\/site\/wp-content\/uploads\/banner-pentecostes-juventude-mai-2016-1.jpg","width":700,"height":320},{"@type":"BreadcrumbList","@id":"https:\/\/www.oarcanjo.net\/site\/missa-de-pentecostes-da-juventude-sera-as-15h-na-catedral-da-se\/#breadcrumb","itemListElement":[{"@type":"ListItem","position":1,"name":"In\u00edcio","item":"https:\/\/www.oarcanjo.net\/site\/"},{"@type":"ListItem","position":2,"name":"Missa de Pentecostes da Juventude ser\u00e1 \u00e0s 15h na Catedral da S\u00e9"}]},{"@type":"WebSite","@id":"https:\/\/www.oarcanjo.net\/site\/#website","url":"https:\/\/www.oarcanjo.net\/site\/","name":"O Arcanjo no ar","description":"Site da Par\u00f3quia S\u00e3o Miguel Arcanjo (Arquidiocese de SP)","publisher":{"@id":"https:\/\/www.oarcanjo.net\/site\/#organization"},"potentialAction":[{"@type":"SearchAction","target":{"@type":"EntryPoint","urlTemplate":"https:\/\/www.oarcanjo.net\/site\/?s={search_term_string}"},"query-input":{"@type":"PropertyValueSpecification","valueRequired":true,"valueName":"search_term_string"}}],"inLanguage":"pt-BR"},{"@type":"Organization","@id":"https:\/\/www.oarcanjo.net\/site\/#organization","name":"Par\u00f3quia S\u00e3o Miguel Arcanjo","url":"https:\/\/www.oarcanjo.net\/site\/","logo":{"@type":"ImageObject","inLanguage":"pt-BR","@id":"https:\/\/www.oarcanjo.net\/site\/#\/schema\/logo\/image\/","url":"https:\/\/www.oarcanjo.net\/site\/wp-content\/uploads\/LogoOArcanjo.png","contentUrl":"https:\/\/www.oarcanjo.net\/site\/wp-content\/uploads\/LogoOArcanjo.png","width":319,"height":99,"caption":"Par\u00f3quia S\u00e3o Miguel Arcanjo"},"image":{"@id":"https:\/\/www.oarcanjo.net\/site\/#\/schema\/logo\/image\/"},"sameAs":["https:\/\/www.facebook.com\/OArcanjoNoAr\/"]},{"@type":"Person","@id":"https:\/\/www.oarcanjo.net\/site\/#\/schema\/person\/ce0fba3450314a09c6442cfee983a3d8","name":"miriam.meyer"}]}},"publishpress_future_action":{"enabled":false,"date":"2026-05-09 00:04:58","action":"category","newStatus":"draft","terms":[],"taxonomy":"category"},"publishpress_future_workflow_manual_trigger":{"enabledWorkflows":[]},"_links":{"self":[{"href":"https:\/\/www.oarcanjo.net\/site\/wp-json\/wp\/v2\/posts\/71495"}],"collection":[{"href":"https:\/\/www.oarcanjo.net\/site\/wp-json\/wp\/v2\/posts"}],"about":[{"href":"https:\/\/www.oarcanjo.net\/site\/wp-json\/wp\/v2\/types\/post"}],"author":[{"embeddable":true,"href":"https:\/\/www.oarcanjo.net\/site\/wp-json\/wp\/v2\/users\/3"}],"replies":[{"embeddable":true,"href":"https:\/\/www.oarcanjo.net\/site\/wp-json\/wp\/v2\/comments?post=71495"}],"version-history":[{"count":0,"href":"https:\/\/www.oarcanjo.net\/site\/wp-json\/wp\/v2\/posts\/71495\/revisions"}],"wp:featuredmedia":[{"embeddable":true,"href":"https:\/\/www.oarcanjo.net\/site\/wp-json\/wp\/v2\/media\/71504"}],"wp:attachment":[{"href":"https:\/\/www.oarcanjo.net\/site\/wp-json\/wp\/v2\/media?parent=71495"}],"wp:term":[{"taxonomy":"category","embeddable":true,"href":"https:\/\/www.oarcanjo.net\/site\/wp-json\/wp\/v2\/categories?post=71495"},{"taxonomy":"post_tag","embeddable":true,"href":"https:\/\/www.oarcanjo.net\/site\/wp-json\/wp\/v2\/tags?post=71495"}],"curies":[{"name":"wp","href":"https:\/\/api.w.org\/{rel}","templated":true}]}}