
{"id":7161,"date":"2010-01-05T15:16:07","date_gmt":"2010-01-05T17:16:07","guid":{"rendered":"http:\/\/www.oarcanjo.net\/site\/?p=7161"},"modified":"2010-01-05T15:53:01","modified_gmt":"2010-01-05T17:53:01","slug":"igreja-lanca-campanha-sos-sao-luiz-do-paraitinga","status":"publish","type":"post","link":"https:\/\/www.oarcanjo.net\/site\/igreja-lanca-campanha-sos-sao-luiz-do-paraitinga\/","title":{"rendered":"Igreja lan\u00e7a campanha SOS S\u00e3o Luiz do Paraitinga"},"content":{"rendered":"<p><a href=\"http:\/\/www.diocesedetaubate.org.br\/sos_saoluiz\" target=\"_blank\"><img loading=\"lazy\" decoding=\"async\" class=\"size-full wp-image-7167  alignnone\" title=\"SOS S\u00e3o Luiz do Paraitinga\" src=\"http:\/\/www.oarcanjo.net\/site\/wp-content\/uploads\/SOSSaoLuiz-450.jpg\" alt=\"SOS S\u00e3o Luiz do Paraitinga\" width=\"450\" height=\"144\" srcset=\"https:\/\/www.oarcanjo.net\/site\/wp-content\/uploads\/SOSSaoLuiz-450.jpg 450w, https:\/\/www.oarcanjo.net\/site\/wp-content\/uploads\/SOSSaoLuiz-450-300x96.jpg 300w\" sizes=\"(max-width: 450px) 100vw, 450px\" \/><\/a><\/p>\n<p>A Diocese de Taubat\u00e9, no Vale do Para\u00edba, interior paulista, iniciou campanha de ajuda aos moradores de S\u00e3o Luiz do Paraitinga, cidade hist\u00f3rica que sofreu com as fortes chuvas.<\/p>\n<p>Em carta de D. Carmo Jo\u00e3o Rhoden, bispo diocesano, as par\u00f3quias s\u00e3o convidadas a organizar momentos de ora\u00e7\u00e3o pelas v\u00edtimas, transformarem-se em postos de recebimento de doa\u00e7\u00f5es, al\u00e9m de doar a coleta das missas do pr\u00f3ximo fim de semana.<\/p>\n<p>A igreja criou ainda o perfil <strong><a href=\"http:\/\/twitter.com\/sossaoluiz\" target=\"_blank\">@sossaoluiz<\/a><\/strong> no <strong>Twitter <\/strong>e\u00a0o\u00a0hotsite <strong><a href=\"http:\/\/www.diocesedetaubate.org.br\/sos_saoluiz\/\" target=\"_blank\">SOS S\u00e3o Luiz do Paraitinga<\/a> <\/strong>com not\u00edcias da cidade destru\u00edda, fotos, v\u00eddeos, al\u00e9m de informa\u00e7\u00f5es sobre como ajudar, as quais reproduzimos abaixo:<\/p>\n<p><strong>* Ajuda em dinheiro<\/strong><\/p>\n<p>BANCO: CAIXA ECONOMICA FEDERAL<br \/>\nFUNDA\u00c7\u00c3O DOM JOS\u00c9 ANTONIO DO COUTO<br \/>\nAG\u00caNCIA: 2898<br \/>\nOPERA\u00c7\u00c3O: 03<br \/>\nCONTA: 000370-4<br \/>\nCNPJ: 03.557.940\/0001 &#8211; 74<br \/>\n<strong>* Outras doa\u00e7\u00f5es<\/strong><\/p>\n<p>Ajudas como roupas, mantimentos, \u00e1gua pot\u00e1vel, rem\u00e9dios, produtos de higiene pessoal, produtos de limpeza (\u00e1gua sanit\u00e1ria, cloro, baldes, vassouras e rodos) dever\u00e3o ser enviadas para dois locais:<\/p>\n<p>1. Plant\u00e3o Permanente da Pol\u00edcia Civil, localizado na Avenida Juscelino Kubitscheck, em Taubat\u00e9.<\/p>\n<p>2. No quartel da Policia Militar, localizado na Avenida Independ\u00eancia, no bairro Independ\u00eancia, em Taubat\u00e9.<\/p>\n<p><strong><em>Importante: <\/em><\/strong><em>os produtos arrecadados n\u00e3o dever\u00e3o ser encaminhados diretamente para S\u00e3o Luiz do Paraitinga pois a Pol\u00edcia est\u00e1 fazendo o trabalho de organiza\u00e7\u00e3o e distribui\u00e7\u00e3o, visto que a cidade n\u00e3o possui hoje espa\u00e7os suficientes para a distribui\u00e7\u00e3o de acordo com as necessidades.<\/em><\/p>\n<div id=\"themify_builder_content-7161\" data-postid=\"7161\" class=\"themify_builder_content themify_builder_content-7161 themify_builder themify_builder_front\">\n\t<\/div>\n<!-- \/themify_builder_content -->","protected":false},"excerpt":{"rendered":"<p>A Diocese de Taubat\u00e9, no Vale do Para\u00edba, interior paulista, iniciou campanha de ajuda aos moradores de S\u00e3o Luiz do Paraitinga, cidade hist\u00f3rica que sofreu com as fortes chuvas. Em carta de D. Carmo Jo\u00e3o Rhoden, bispo diocesano, as par\u00f3quias s\u00e3o convidadas a organizar momentos de ora\u00e7\u00e3o pelas v\u00edtimas, transformarem-se em postos de recebimento de [&hellip;]<\/p>\n","protected":false},"author":5,"featured_media":0,"comment_status":"open","ping_status":"open","sticky":false,"template":"","format":"standard","meta":{"ngg_post_thumbnail":0,"footnotes":""},"categories":[3,8],"tags":[1390,1393],"yoast_head":"<!-- This site is optimized with the Yoast SEO plugin v23.5 - https:\/\/yoast.com\/wordpress\/plugins\/seo\/ -->\n<title>Igreja lan\u00e7a campanha SOS S\u00e3o Luiz do Paraitinga - O Arcanjo no ar<\/title>\n<meta name=\"robots\" content=\"index, follow, max-snippet:-1, max-image-preview:large, max-video-preview:-1\" \/>\n<link rel=\"canonical\" href=\"https:\/\/www.oarcanjo.net\/site\/igreja-lanca-campanha-sos-sao-luiz-do-paraitinga\/\" \/>\n<meta property=\"og:locale\" content=\"pt_BR\" \/>\n<meta property=\"og:type\" content=\"article\" \/>\n<meta property=\"og:title\" content=\"Igreja lan\u00e7a campanha SOS S\u00e3o Luiz do Paraitinga - O Arcanjo no ar\" \/>\n<meta property=\"og:description\" content=\"A Diocese de Taubat\u00e9, no Vale do Para\u00edba, interior paulista, iniciou campanha de ajuda aos moradores de S\u00e3o Luiz do Paraitinga, cidade hist\u00f3rica que sofreu com as fortes chuvas. Em carta de D. Carmo Jo\u00e3o Rhoden, bispo diocesano, as par\u00f3quias s\u00e3o convidadas a organizar momentos de ora\u00e7\u00e3o pelas v\u00edtimas, transformarem-se em postos de recebimento de [&hellip;]\" \/>\n<meta property=\"og:url\" content=\"https:\/\/www.oarcanjo.net\/site\/igreja-lanca-campanha-sos-sao-luiz-do-paraitinga\/\" \/>\n<meta property=\"og:site_name\" content=\"O Arcanjo no ar\" \/>\n<meta property=\"article:publisher\" content=\"https:\/\/www.facebook.com\/OArcanjoNoAr\/\" \/>\n<meta property=\"article:published_time\" content=\"2010-01-05T17:16:07+00:00\" \/>\n<meta property=\"article:modified_time\" content=\"2010-01-05T17:53:01+00:00\" \/>\n<meta property=\"og:image\" content=\"http:\/\/www.oarcanjo.net\/site\/wp-content\/uploads\/SOSSaoLuiz-450.jpg\" \/>\n<meta name=\"author\" content=\"editor\" \/>\n<meta name=\"twitter:card\" content=\"summary_large_image\" \/>\n<meta name=\"twitter:label1\" content=\"Escrito por\" \/>\n\t<meta name=\"twitter:data1\" content=\"editor\" \/>\n\t<meta name=\"twitter:label2\" content=\"Est. tempo de leitura\" \/>\n\t<meta name=\"twitter:data2\" content=\"1 minuto\" \/>\n<script type=\"application\/ld+json\" class=\"yoast-schema-graph\">{\"@context\":\"https:\/\/schema.org\",\"@graph\":[{\"@type\":\"Article\",\"@id\":\"https:\/\/www.oarcanjo.net\/site\/igreja-lanca-campanha-sos-sao-luiz-do-paraitinga\/#article\",\"isPartOf\":{\"@id\":\"https:\/\/www.oarcanjo.net\/site\/igreja-lanca-campanha-sos-sao-luiz-do-paraitinga\/\"},\"author\":{\"name\":\"editor\",\"@id\":\"https:\/\/www.oarcanjo.net\/site\/#\/schema\/person\/f7024d007863202483a31326673a0838\"},\"headline\":\"Igreja lan\u00e7a campanha SOS S\u00e3o Luiz do Paraitinga\",\"datePublished\":\"2010-01-05T17:16:07+00:00\",\"dateModified\":\"2010-01-05T17:53:01+00:00\",\"mainEntityOfPage\":{\"@id\":\"https:\/\/www.oarcanjo.net\/site\/igreja-lanca-campanha-sos-sao-luiz-do-paraitinga\/\"},\"wordCount\":266,\"commentCount\":1,\"publisher\":{\"@id\":\"https:\/\/www.oarcanjo.net\/site\/#organization\"},\"image\":{\"@id\":\"https:\/\/www.oarcanjo.net\/site\/igreja-lanca-campanha-sos-sao-luiz-do-paraitinga\/#primaryimage\"},\"thumbnailUrl\":\"http:\/\/www.oarcanjo.net\/site\/wp-content\/uploads\/SOSSaoLuiz-450.jpg\",\"keywords\":[\"S\u00e3o Luiz do Paraitinga\",\"SOS\"],\"articleSection\":[\"Destaques\",\"Not\u00edcias\"],\"inLanguage\":\"pt-BR\",\"potentialAction\":[{\"@type\":\"CommentAction\",\"name\":\"Comment\",\"target\":[\"https:\/\/www.oarcanjo.net\/site\/igreja-lanca-campanha-sos-sao-luiz-do-paraitinga\/#respond\"]}]},{\"@type\":\"WebPage\",\"@id\":\"https:\/\/www.oarcanjo.net\/site\/igreja-lanca-campanha-sos-sao-luiz-do-paraitinga\/\",\"url\":\"https:\/\/www.oarcanjo.net\/site\/igreja-lanca-campanha-sos-sao-luiz-do-paraitinga\/\",\"name\":\"Igreja lan\u00e7a campanha SOS S\u00e3o Luiz do Paraitinga - O Arcanjo no ar\",\"isPartOf\":{\"@id\":\"https:\/\/www.oarcanjo.net\/site\/#website\"},\"primaryImageOfPage\":{\"@id\":\"https:\/\/www.oarcanjo.net\/site\/igreja-lanca-campanha-sos-sao-luiz-do-paraitinga\/#primaryimage\"},\"image\":{\"@id\":\"https:\/\/www.oarcanjo.net\/site\/igreja-lanca-campanha-sos-sao-luiz-do-paraitinga\/#primaryimage\"},\"thumbnailUrl\":\"http:\/\/www.oarcanjo.net\/site\/wp-content\/uploads\/SOSSaoLuiz-450.jpg\",\"datePublished\":\"2010-01-05T17:16:07+00:00\",\"dateModified\":\"2010-01-05T17:53:01+00:00\",\"breadcrumb\":{\"@id\":\"https:\/\/www.oarcanjo.net\/site\/igreja-lanca-campanha-sos-sao-luiz-do-paraitinga\/#breadcrumb\"},\"inLanguage\":\"pt-BR\",\"potentialAction\":[{\"@type\":\"ReadAction\",\"target\":[\"https:\/\/www.oarcanjo.net\/site\/igreja-lanca-campanha-sos-sao-luiz-do-paraitinga\/\"]}]},{\"@type\":\"ImageObject\",\"inLanguage\":\"pt-BR\",\"@id\":\"https:\/\/www.oarcanjo.net\/site\/igreja-lanca-campanha-sos-sao-luiz-do-paraitinga\/#primaryimage\",\"url\":\"https:\/\/www.oarcanjo.net\/site\/wp-content\/uploads\/SOSSaoLuiz-450.jpg\",\"contentUrl\":\"https:\/\/www.oarcanjo.net\/site\/wp-content\/uploads\/SOSSaoLuiz-450.jpg\",\"width\":\"450\",\"height\":\"144\",\"caption\":\"SOS S\u00e3o Luiz do Paraitinga\"},{\"@type\":\"BreadcrumbList\",\"@id\":\"https:\/\/www.oarcanjo.net\/site\/igreja-lanca-campanha-sos-sao-luiz-do-paraitinga\/#breadcrumb\",\"itemListElement\":[{\"@type\":\"ListItem\",\"position\":1,\"name\":\"In\u00edcio\",\"item\":\"https:\/\/www.oarcanjo.net\/site\/\"},{\"@type\":\"ListItem\",\"position\":2,\"name\":\"Igreja lan\u00e7a campanha SOS S\u00e3o Luiz do Paraitinga\"}]},{\"@type\":\"WebSite\",\"@id\":\"https:\/\/www.oarcanjo.net\/site\/#website\",\"url\":\"https:\/\/www.oarcanjo.net\/site\/\",\"name\":\"O Arcanjo no ar\",\"description\":\"Site da Par\u00f3quia S\u00e3o Miguel Arcanjo (Arquidiocese de SP)\",\"publisher\":{\"@id\":\"https:\/\/www.oarcanjo.net\/site\/#organization\"},\"potentialAction\":[{\"@type\":\"SearchAction\",\"target\":{\"@type\":\"EntryPoint\",\"urlTemplate\":\"https:\/\/www.oarcanjo.net\/site\/?s={search_term_string}\"},\"query-input\":{\"@type\":\"PropertyValueSpecification\",\"valueRequired\":true,\"valueName\":\"search_term_string\"}}],\"inLanguage\":\"pt-BR\"},{\"@type\":\"Organization\",\"@id\":\"https:\/\/www.oarcanjo.net\/site\/#organization\",\"name\":\"Par\u00f3quia S\u00e3o Miguel Arcanjo\",\"url\":\"https:\/\/www.oarcanjo.net\/site\/\",\"logo\":{\"@type\":\"ImageObject\",\"inLanguage\":\"pt-BR\",\"@id\":\"https:\/\/www.oarcanjo.net\/site\/#\/schema\/logo\/image\/\",\"url\":\"https:\/\/www.oarcanjo.net\/site\/wp-content\/uploads\/LogoOArcanjo.png\",\"contentUrl\":\"https:\/\/www.oarcanjo.net\/site\/wp-content\/uploads\/LogoOArcanjo.png\",\"width\":319,\"height\":99,\"caption\":\"Par\u00f3quia S\u00e3o Miguel Arcanjo\"},\"image\":{\"@id\":\"https:\/\/www.oarcanjo.net\/site\/#\/schema\/logo\/image\/\"},\"sameAs\":[\"https:\/\/www.facebook.com\/OArcanjoNoAr\/\"]},{\"@type\":\"Person\",\"@id\":\"https:\/\/www.oarcanjo.net\/site\/#\/schema\/person\/f7024d007863202483a31326673a0838\",\"name\":\"editor\",\"sameAs\":[\"http:\/\/www.oarcanjo.net\"]}]}<\/script>\n<!-- \/ Yoast SEO plugin. -->","yoast_head_json":{"title":"Igreja lan\u00e7a campanha SOS S\u00e3o Luiz do Paraitinga - O Arcanjo no ar","robots":{"index":"index","follow":"follow","max-snippet":"max-snippet:-1","max-image-preview":"max-image-preview:large","max-video-preview":"max-video-preview:-1"},"canonical":"https:\/\/www.oarcanjo.net\/site\/igreja-lanca-campanha-sos-sao-luiz-do-paraitinga\/","og_locale":"pt_BR","og_type":"article","og_title":"Igreja lan\u00e7a campanha SOS S\u00e3o Luiz do Paraitinga - O Arcanjo no ar","og_description":"A Diocese de Taubat\u00e9, no Vale do Para\u00edba, interior paulista, iniciou campanha de ajuda aos moradores de S\u00e3o Luiz do Paraitinga, cidade hist\u00f3rica que sofreu com as fortes chuvas. Em carta de D. Carmo Jo\u00e3o Rhoden, bispo diocesano, as par\u00f3quias s\u00e3o convidadas a organizar momentos de ora\u00e7\u00e3o pelas v\u00edtimas, transformarem-se em postos de recebimento de [&hellip;]","og_url":"https:\/\/www.oarcanjo.net\/site\/igreja-lanca-campanha-sos-sao-luiz-do-paraitinga\/","og_site_name":"O Arcanjo no ar","article_publisher":"https:\/\/www.facebook.com\/OArcanjoNoAr\/","article_published_time":"2010-01-05T17:16:07+00:00","article_modified_time":"2010-01-05T17:53:01+00:00","og_image":[{"url":"http:\/\/www.oarcanjo.net\/site\/wp-content\/uploads\/SOSSaoLuiz-450.jpg"}],"author":"editor","twitter_card":"summary_large_image","twitter_misc":{"Escrito por":"editor","Est. tempo de leitura":"1 minuto"},"schema":{"@context":"https:\/\/schema.org","@graph":[{"@type":"Article","@id":"https:\/\/www.oarcanjo.net\/site\/igreja-lanca-campanha-sos-sao-luiz-do-paraitinga\/#article","isPartOf":{"@id":"https:\/\/www.oarcanjo.net\/site\/igreja-lanca-campanha-sos-sao-luiz-do-paraitinga\/"},"author":{"name":"editor","@id":"https:\/\/www.oarcanjo.net\/site\/#\/schema\/person\/f7024d007863202483a31326673a0838"},"headline":"Igreja lan\u00e7a campanha SOS S\u00e3o Luiz do Paraitinga","datePublished":"2010-01-05T17:16:07+00:00","dateModified":"2010-01-05T17:53:01+00:00","mainEntityOfPage":{"@id":"https:\/\/www.oarcanjo.net\/site\/igreja-lanca-campanha-sos-sao-luiz-do-paraitinga\/"},"wordCount":266,"commentCount":1,"publisher":{"@id":"https:\/\/www.oarcanjo.net\/site\/#organization"},"image":{"@id":"https:\/\/www.oarcanjo.net\/site\/igreja-lanca-campanha-sos-sao-luiz-do-paraitinga\/#primaryimage"},"thumbnailUrl":"http:\/\/www.oarcanjo.net\/site\/wp-content\/uploads\/SOSSaoLuiz-450.jpg","keywords":["S\u00e3o Luiz do Paraitinga","SOS"],"articleSection":["Destaques","Not\u00edcias"],"inLanguage":"pt-BR","potentialAction":[{"@type":"CommentAction","name":"Comment","target":["https:\/\/www.oarcanjo.net\/site\/igreja-lanca-campanha-sos-sao-luiz-do-paraitinga\/#respond"]}]},{"@type":"WebPage","@id":"https:\/\/www.oarcanjo.net\/site\/igreja-lanca-campanha-sos-sao-luiz-do-paraitinga\/","url":"https:\/\/www.oarcanjo.net\/site\/igreja-lanca-campanha-sos-sao-luiz-do-paraitinga\/","name":"Igreja lan\u00e7a campanha SOS S\u00e3o Luiz do Paraitinga - O Arcanjo no ar","isPartOf":{"@id":"https:\/\/www.oarcanjo.net\/site\/#website"},"primaryImageOfPage":{"@id":"https:\/\/www.oarcanjo.net\/site\/igreja-lanca-campanha-sos-sao-luiz-do-paraitinga\/#primaryimage"},"image":{"@id":"https:\/\/www.oarcanjo.net\/site\/igreja-lanca-campanha-sos-sao-luiz-do-paraitinga\/#primaryimage"},"thumbnailUrl":"http:\/\/www.oarcanjo.net\/site\/wp-content\/uploads\/SOSSaoLuiz-450.jpg","datePublished":"2010-01-05T17:16:07+00:00","dateModified":"2010-01-05T17:53:01+00:00","breadcrumb":{"@id":"https:\/\/www.oarcanjo.net\/site\/igreja-lanca-campanha-sos-sao-luiz-do-paraitinga\/#breadcrumb"},"inLanguage":"pt-BR","potentialAction":[{"@type":"ReadAction","target":["https:\/\/www.oarcanjo.net\/site\/igreja-lanca-campanha-sos-sao-luiz-do-paraitinga\/"]}]},{"@type":"ImageObject","inLanguage":"pt-BR","@id":"https:\/\/www.oarcanjo.net\/site\/igreja-lanca-campanha-sos-sao-luiz-do-paraitinga\/#primaryimage","url":"https:\/\/www.oarcanjo.net\/site\/wp-content\/uploads\/SOSSaoLuiz-450.jpg","contentUrl":"https:\/\/www.oarcanjo.net\/site\/wp-content\/uploads\/SOSSaoLuiz-450.jpg","width":"450","height":"144","caption":"SOS S\u00e3o Luiz do Paraitinga"},{"@type":"BreadcrumbList","@id":"https:\/\/www.oarcanjo.net\/site\/igreja-lanca-campanha-sos-sao-luiz-do-paraitinga\/#breadcrumb","itemListElement":[{"@type":"ListItem","position":1,"name":"In\u00edcio","item":"https:\/\/www.oarcanjo.net\/site\/"},{"@type":"ListItem","position":2,"name":"Igreja lan\u00e7a campanha SOS S\u00e3o Luiz do Paraitinga"}]},{"@type":"WebSite","@id":"https:\/\/www.oarcanjo.net\/site\/#website","url":"https:\/\/www.oarcanjo.net\/site\/","name":"O Arcanjo no ar","description":"Site da Par\u00f3quia S\u00e3o Miguel Arcanjo (Arquidiocese de SP)","publisher":{"@id":"https:\/\/www.oarcanjo.net\/site\/#organization"},"potentialAction":[{"@type":"SearchAction","target":{"@type":"EntryPoint","urlTemplate":"https:\/\/www.oarcanjo.net\/site\/?s={search_term_string}"},"query-input":{"@type":"PropertyValueSpecification","valueRequired":true,"valueName":"search_term_string"}}],"inLanguage":"pt-BR"},{"@type":"Organization","@id":"https:\/\/www.oarcanjo.net\/site\/#organization","name":"Par\u00f3quia S\u00e3o Miguel Arcanjo","url":"https:\/\/www.oarcanjo.net\/site\/","logo":{"@type":"ImageObject","inLanguage":"pt-BR","@id":"https:\/\/www.oarcanjo.net\/site\/#\/schema\/logo\/image\/","url":"https:\/\/www.oarcanjo.net\/site\/wp-content\/uploads\/LogoOArcanjo.png","contentUrl":"https:\/\/www.oarcanjo.net\/site\/wp-content\/uploads\/LogoOArcanjo.png","width":319,"height":99,"caption":"Par\u00f3quia S\u00e3o Miguel Arcanjo"},"image":{"@id":"https:\/\/www.oarcanjo.net\/site\/#\/schema\/logo\/image\/"},"sameAs":["https:\/\/www.facebook.com\/OArcanjoNoAr\/"]},{"@type":"Person","@id":"https:\/\/www.oarcanjo.net\/site\/#\/schema\/person\/f7024d007863202483a31326673a0838","name":"editor","sameAs":["http:\/\/www.oarcanjo.net"]}]}},"publishpress_future_action":{"enabled":false,"date":"2026-05-07 09:56:01","action":"category","newStatus":"draft","terms":[],"taxonomy":"category"},"publishpress_future_workflow_manual_trigger":{"enabledWorkflows":[]},"_links":{"self":[{"href":"https:\/\/www.oarcanjo.net\/site\/wp-json\/wp\/v2\/posts\/7161"}],"collection":[{"href":"https:\/\/www.oarcanjo.net\/site\/wp-json\/wp\/v2\/posts"}],"about":[{"href":"https:\/\/www.oarcanjo.net\/site\/wp-json\/wp\/v2\/types\/post"}],"author":[{"embeddable":true,"href":"https:\/\/www.oarcanjo.net\/site\/wp-json\/wp\/v2\/users\/5"}],"replies":[{"embeddable":true,"href":"https:\/\/www.oarcanjo.net\/site\/wp-json\/wp\/v2\/comments?post=7161"}],"version-history":[{"count":0,"href":"https:\/\/www.oarcanjo.net\/site\/wp-json\/wp\/v2\/posts\/7161\/revisions"}],"wp:attachment":[{"href":"https:\/\/www.oarcanjo.net\/site\/wp-json\/wp\/v2\/media?parent=7161"}],"wp:term":[{"taxonomy":"category","embeddable":true,"href":"https:\/\/www.oarcanjo.net\/site\/wp-json\/wp\/v2\/categories?post=7161"},{"taxonomy":"post_tag","embeddable":true,"href":"https:\/\/www.oarcanjo.net\/site\/wp-json\/wp\/v2\/tags?post=7161"}],"curies":[{"name":"wp","href":"https:\/\/api.w.org\/{rel}","templated":true}]}}