
{"id":7180,"date":"2017-01-09T00:11:03","date_gmt":"2017-01-09T02:11:03","guid":{"rendered":"http:\/\/www.oarcanjo.net\/site\/?p=7180"},"modified":"2016-12-27T06:14:17","modified_gmt":"2016-12-27T08:14:17","slug":"santo-adriano","status":"publish","type":"post","link":"https:\/\/www.oarcanjo.net\/site\/santo-adriano\/","title":{"rendered":"Santo Adriano"},"content":{"rendered":"<p><img decoding=\"async\" src=\"http:\/\/www.prestservi.com.br\/diaconoalfredo\/santos\/a\/adriano.gif\" alt=\"\" \/><\/p>\n<p>9 de Janeiro<\/p>\n<p>Adriano nasceu no ano 635 no norte da \u00c1frica e foi batizado com o nome de Hadrian. Tinha apenas cinco anos de idade quando sua fam\u00edlia imigrou para a cidade italiana de N\u00e1polis, pouco antes da invas\u00e3o dos \u00e1rabes. L\u00e1 estudou no convento dos beneditinos de Nerida, onde se consagrou sacerdote.<\/p>\n<p>Adriano se tornou um estudioso da Sagrada Escritura, profundo conhecedor de grego e latim, professor de ci\u00eancias humanas e teologia. A fama de sua capacidade e conhecimento chegou ao imperador Constantino II que em 663 o fez seu embaixador junto ao papa Vitalino, fun\u00e7\u00e3o que exerceu duas vezes. Depois, este papa o nomeou como um dos seus conselheiros.<\/p>\n<p>Quando morreu o bispo da Cantu\u00e1ria, Inglaterra, o papa Vitalino convidou Adriano para assumir aquele cargo, mas ele recusou a indica\u00e7\u00e3o duas vezes, alegando n\u00e3o ter suficiente compet\u00eancia para ocupar esse posto. O papa lhe pediu para que indicasse algu\u00e9m mais competente, pois ele mesmo n\u00e3o conhecia.<\/p>\n<p>Nesta ocasi\u00e3o Adriano havia se encontrado com seu grande amigo, o te\u00f3logo grego e monge beneditino Teodoro de Tarso que estava em Roma. Adriano o indicou ao papa Vitalino. Consultado, Teodoro disse que estava disposto a aceitar, mas somente se Adriano concordasse em ir para a Inglaterra ajud\u00e1-lo na miss\u00e3o evangelizadora. Adriano aceitou de imediato. O papa consagrou Teodoro, bispo da Cantu\u00e1ria e nomeou Adriano seu assistente e conselheiro, em 668.<\/p>\n<p>Ele chegou na Inglaterra um ano depois, pois foi detido durante a viagem, na Fran\u00e7a sob suspeita que tinha uma miss\u00e3o secreta do imperador Constantino II, para os reis ingleses, mas foi solto ao atestarem a sua integridade de sacerdote.<\/p>\n<p>Adriano e Teodoro foram evangelizadores altamente bem sucedidos, junto ao povo ingl\u00eas cuja maioria era pag\u00e3. O bispo Teodoro, logo colocou Adriano como abade do convento beneditino de S\u00e3o Pedro, depois chamado de Santo Agostinho, na Cantu\u00e1ria. Sob sua lideran\u00e7a, esta escola se tornou um centro de aprendizagem e forma\u00e7\u00e3o de cl\u00e9rigos para a Igreja dos povos anglicanos.<\/p>\n<p>Adriano viveu neste pa\u00eds durante trinta e nove anos, totalmente dedicados ao servi\u00e7o da Igreja. Nele os ingleses encontraram um pastor cheio de sabedoria e piedoso, um verdadeiro mission\u00e1rio e instrumento de Deus. Muitos se iluminaram com os seus exemplos de vida profundamente evang\u00e9lica.<\/p>\n<p>Morreu em 9 de janeiro de 710, foi enterrado no cemit\u00e9rio daquele convento, na Inglaterra. A sua sepultura se tornou um lugar de gra\u00e7as, prod\u00edgios e peregrina\u00e7\u00e3o. Em 1091, o seu corpo foi encontrado incorrupto e trasladado para a cripta da igreja do mesmo convento. Adriano foi proclamado Santo pela Igreja, que o festeja no dia em que morreu.<\/p>\n<div id=\"themify_builder_content-7180\" data-postid=\"7180\" class=\"themify_builder_content themify_builder_content-7180 themify_builder themify_builder_front\">\n\t<\/div>\n<!-- \/themify_builder_content -->","protected":false},"excerpt":{"rendered":"<p>9 de Janeiro Adriano nasceu no ano 635 no norte da \u00c1frica e foi batizado com o nome de Hadrian. Tinha apenas cinco anos de idade quando sua fam\u00edlia imigrou para a cidade italiana de N\u00e1polis, pouco antes da invas\u00e3o dos \u00e1rabes. L\u00e1 estudou no convento dos beneditinos de Nerida, onde se consagrou sacerdote. Adriano [&hellip;]<\/p>\n","protected":false},"author":14,"featured_media":0,"comment_status":"open","ping_status":"open","sticky":false,"template":"","format":"standard","meta":{"ngg_post_thumbnail":0,"footnotes":""},"categories":[186],"tags":[],"yoast_head":"<!-- This site is optimized with the Yoast SEO plugin v23.5 - https:\/\/yoast.com\/wordpress\/plugins\/seo\/ -->\n<title>Santo Adriano - O Arcanjo no ar<\/title>\n<meta name=\"robots\" content=\"index, follow, max-snippet:-1, max-image-preview:large, max-video-preview:-1\" \/>\n<link rel=\"canonical\" href=\"https:\/\/www.oarcanjo.net\/site\/santo-adriano\/\" \/>\n<meta property=\"og:locale\" content=\"pt_BR\" \/>\n<meta property=\"og:type\" content=\"article\" \/>\n<meta property=\"og:title\" content=\"Santo Adriano - O Arcanjo no ar\" \/>\n<meta property=\"og:description\" content=\"9 de Janeiro Adriano nasceu no ano 635 no norte da \u00c1frica e foi batizado com o nome de Hadrian. Tinha apenas cinco anos de idade quando sua fam\u00edlia imigrou para a cidade italiana de N\u00e1polis, pouco antes da invas\u00e3o dos \u00e1rabes. L\u00e1 estudou no convento dos beneditinos de Nerida, onde se consagrou sacerdote. Adriano [&hellip;]\" \/>\n<meta property=\"og:url\" content=\"https:\/\/www.oarcanjo.net\/site\/santo-adriano\/\" \/>\n<meta property=\"og:site_name\" content=\"O Arcanjo no ar\" \/>\n<meta property=\"article:publisher\" content=\"https:\/\/www.facebook.com\/OArcanjoNoAr\/\" \/>\n<meta property=\"article:published_time\" content=\"2017-01-09T02:11:03+00:00\" \/>\n<meta property=\"article:modified_time\" content=\"2016-12-27T08:14:17+00:00\" \/>\n<meta property=\"og:image\" content=\"http:\/\/www.prestservi.com.br\/diaconoalfredo\/santos\/a\/adriano.gif\" \/>\n<meta name=\"author\" content=\"danilo\" \/>\n<meta name=\"twitter:card\" content=\"summary_large_image\" \/>\n<meta name=\"twitter:label1\" content=\"Escrito por\" \/>\n\t<meta name=\"twitter:data1\" content=\"danilo\" \/>\n\t<meta name=\"twitter:label2\" content=\"Est. tempo de leitura\" \/>\n\t<meta name=\"twitter:data2\" content=\"2 minutos\" \/>\n<script type=\"application\/ld+json\" class=\"yoast-schema-graph\">{\"@context\":\"https:\/\/schema.org\",\"@graph\":[{\"@type\":\"Article\",\"@id\":\"https:\/\/www.oarcanjo.net\/site\/santo-adriano\/#article\",\"isPartOf\":{\"@id\":\"https:\/\/www.oarcanjo.net\/site\/santo-adriano\/\"},\"author\":{\"name\":\"danilo\",\"@id\":\"https:\/\/www.oarcanjo.net\/site\/#\/schema\/person\/5eb9480bedd2f3c97e430ce128c29c6c\"},\"headline\":\"Santo Adriano\",\"datePublished\":\"2017-01-09T02:11:03+00:00\",\"dateModified\":\"2016-12-27T08:14:17+00:00\",\"mainEntityOfPage\":{\"@id\":\"https:\/\/www.oarcanjo.net\/site\/santo-adriano\/\"},\"wordCount\":458,\"commentCount\":0,\"publisher\":{\"@id\":\"https:\/\/www.oarcanjo.net\/site\/#organization\"},\"image\":{\"@id\":\"https:\/\/www.oarcanjo.net\/site\/santo-adriano\/#primaryimage\"},\"thumbnailUrl\":\"http:\/\/www.prestservi.com.br\/diaconoalfredo\/santos\/a\/adriano.gif\",\"articleSection\":[\"Testemunhos\"],\"inLanguage\":\"pt-BR\",\"potentialAction\":[{\"@type\":\"CommentAction\",\"name\":\"Comment\",\"target\":[\"https:\/\/www.oarcanjo.net\/site\/santo-adriano\/#respond\"]}]},{\"@type\":\"WebPage\",\"@id\":\"https:\/\/www.oarcanjo.net\/site\/santo-adriano\/\",\"url\":\"https:\/\/www.oarcanjo.net\/site\/santo-adriano\/\",\"name\":\"Santo Adriano - O Arcanjo no ar\",\"isPartOf\":{\"@id\":\"https:\/\/www.oarcanjo.net\/site\/#website\"},\"primaryImageOfPage\":{\"@id\":\"https:\/\/www.oarcanjo.net\/site\/santo-adriano\/#primaryimage\"},\"image\":{\"@id\":\"https:\/\/www.oarcanjo.net\/site\/santo-adriano\/#primaryimage\"},\"thumbnailUrl\":\"http:\/\/www.prestservi.com.br\/diaconoalfredo\/santos\/a\/adriano.gif\",\"datePublished\":\"2017-01-09T02:11:03+00:00\",\"dateModified\":\"2016-12-27T08:14:17+00:00\",\"breadcrumb\":{\"@id\":\"https:\/\/www.oarcanjo.net\/site\/santo-adriano\/#breadcrumb\"},\"inLanguage\":\"pt-BR\",\"potentialAction\":[{\"@type\":\"ReadAction\",\"target\":[\"https:\/\/www.oarcanjo.net\/site\/santo-adriano\/\"]}]},{\"@type\":\"ImageObject\",\"inLanguage\":\"pt-BR\",\"@id\":\"https:\/\/www.oarcanjo.net\/site\/santo-adriano\/#primaryimage\",\"url\":\"http:\/\/www.prestservi.com.br\/diaconoalfredo\/santos\/a\/adriano.gif\",\"contentUrl\":\"http:\/\/www.prestservi.com.br\/diaconoalfredo\/santos\/a\/adriano.gif\"},{\"@type\":\"BreadcrumbList\",\"@id\":\"https:\/\/www.oarcanjo.net\/site\/santo-adriano\/#breadcrumb\",\"itemListElement\":[{\"@type\":\"ListItem\",\"position\":1,\"name\":\"In\u00edcio\",\"item\":\"https:\/\/www.oarcanjo.net\/site\/\"},{\"@type\":\"ListItem\",\"position\":2,\"name\":\"Santo Adriano\"}]},{\"@type\":\"WebSite\",\"@id\":\"https:\/\/www.oarcanjo.net\/site\/#website\",\"url\":\"https:\/\/www.oarcanjo.net\/site\/\",\"name\":\"O Arcanjo no ar\",\"description\":\"Site da Par\u00f3quia S\u00e3o Miguel Arcanjo (Arquidiocese de SP)\",\"publisher\":{\"@id\":\"https:\/\/www.oarcanjo.net\/site\/#organization\"},\"potentialAction\":[{\"@type\":\"SearchAction\",\"target\":{\"@type\":\"EntryPoint\",\"urlTemplate\":\"https:\/\/www.oarcanjo.net\/site\/?s={search_term_string}\"},\"query-input\":{\"@type\":\"PropertyValueSpecification\",\"valueRequired\":true,\"valueName\":\"search_term_string\"}}],\"inLanguage\":\"pt-BR\"},{\"@type\":\"Organization\",\"@id\":\"https:\/\/www.oarcanjo.net\/site\/#organization\",\"name\":\"Par\u00f3quia S\u00e3o Miguel Arcanjo\",\"url\":\"https:\/\/www.oarcanjo.net\/site\/\",\"logo\":{\"@type\":\"ImageObject\",\"inLanguage\":\"pt-BR\",\"@id\":\"https:\/\/www.oarcanjo.net\/site\/#\/schema\/logo\/image\/\",\"url\":\"https:\/\/www.oarcanjo.net\/site\/wp-content\/uploads\/LogoOArcanjo.png\",\"contentUrl\":\"https:\/\/www.oarcanjo.net\/site\/wp-content\/uploads\/LogoOArcanjo.png\",\"width\":319,\"height\":99,\"caption\":\"Par\u00f3quia S\u00e3o Miguel Arcanjo\"},\"image\":{\"@id\":\"https:\/\/www.oarcanjo.net\/site\/#\/schema\/logo\/image\/\"},\"sameAs\":[\"https:\/\/www.facebook.com\/OArcanjoNoAr\/\"]},{\"@type\":\"Person\",\"@id\":\"https:\/\/www.oarcanjo.net\/site\/#\/schema\/person\/5eb9480bedd2f3c97e430ce128c29c6c\",\"name\":\"danilo\"}]}<\/script>\n<!-- \/ Yoast SEO plugin. -->","yoast_head_json":{"title":"Santo Adriano - O Arcanjo no ar","robots":{"index":"index","follow":"follow","max-snippet":"max-snippet:-1","max-image-preview":"max-image-preview:large","max-video-preview":"max-video-preview:-1"},"canonical":"https:\/\/www.oarcanjo.net\/site\/santo-adriano\/","og_locale":"pt_BR","og_type":"article","og_title":"Santo Adriano - O Arcanjo no ar","og_description":"9 de Janeiro Adriano nasceu no ano 635 no norte da \u00c1frica e foi batizado com o nome de Hadrian. Tinha apenas cinco anos de idade quando sua fam\u00edlia imigrou para a cidade italiana de N\u00e1polis, pouco antes da invas\u00e3o dos \u00e1rabes. L\u00e1 estudou no convento dos beneditinos de Nerida, onde se consagrou sacerdote. Adriano [&hellip;]","og_url":"https:\/\/www.oarcanjo.net\/site\/santo-adriano\/","og_site_name":"O Arcanjo no ar","article_publisher":"https:\/\/www.facebook.com\/OArcanjoNoAr\/","article_published_time":"2017-01-09T02:11:03+00:00","article_modified_time":"2016-12-27T08:14:17+00:00","og_image":[{"url":"http:\/\/www.prestservi.com.br\/diaconoalfredo\/santos\/a\/adriano.gif"}],"author":"danilo","twitter_card":"summary_large_image","twitter_misc":{"Escrito por":"danilo","Est. tempo de leitura":"2 minutos"},"schema":{"@context":"https:\/\/schema.org","@graph":[{"@type":"Article","@id":"https:\/\/www.oarcanjo.net\/site\/santo-adriano\/#article","isPartOf":{"@id":"https:\/\/www.oarcanjo.net\/site\/santo-adriano\/"},"author":{"name":"danilo","@id":"https:\/\/www.oarcanjo.net\/site\/#\/schema\/person\/5eb9480bedd2f3c97e430ce128c29c6c"},"headline":"Santo Adriano","datePublished":"2017-01-09T02:11:03+00:00","dateModified":"2016-12-27T08:14:17+00:00","mainEntityOfPage":{"@id":"https:\/\/www.oarcanjo.net\/site\/santo-adriano\/"},"wordCount":458,"commentCount":0,"publisher":{"@id":"https:\/\/www.oarcanjo.net\/site\/#organization"},"image":{"@id":"https:\/\/www.oarcanjo.net\/site\/santo-adriano\/#primaryimage"},"thumbnailUrl":"http:\/\/www.prestservi.com.br\/diaconoalfredo\/santos\/a\/adriano.gif","articleSection":["Testemunhos"],"inLanguage":"pt-BR","potentialAction":[{"@type":"CommentAction","name":"Comment","target":["https:\/\/www.oarcanjo.net\/site\/santo-adriano\/#respond"]}]},{"@type":"WebPage","@id":"https:\/\/www.oarcanjo.net\/site\/santo-adriano\/","url":"https:\/\/www.oarcanjo.net\/site\/santo-adriano\/","name":"Santo Adriano - O Arcanjo no ar","isPartOf":{"@id":"https:\/\/www.oarcanjo.net\/site\/#website"},"primaryImageOfPage":{"@id":"https:\/\/www.oarcanjo.net\/site\/santo-adriano\/#primaryimage"},"image":{"@id":"https:\/\/www.oarcanjo.net\/site\/santo-adriano\/#primaryimage"},"thumbnailUrl":"http:\/\/www.prestservi.com.br\/diaconoalfredo\/santos\/a\/adriano.gif","datePublished":"2017-01-09T02:11:03+00:00","dateModified":"2016-12-27T08:14:17+00:00","breadcrumb":{"@id":"https:\/\/www.oarcanjo.net\/site\/santo-adriano\/#breadcrumb"},"inLanguage":"pt-BR","potentialAction":[{"@type":"ReadAction","target":["https:\/\/www.oarcanjo.net\/site\/santo-adriano\/"]}]},{"@type":"ImageObject","inLanguage":"pt-BR","@id":"https:\/\/www.oarcanjo.net\/site\/santo-adriano\/#primaryimage","url":"http:\/\/www.prestservi.com.br\/diaconoalfredo\/santos\/a\/adriano.gif","contentUrl":"http:\/\/www.prestservi.com.br\/diaconoalfredo\/santos\/a\/adriano.gif"},{"@type":"BreadcrumbList","@id":"https:\/\/www.oarcanjo.net\/site\/santo-adriano\/#breadcrumb","itemListElement":[{"@type":"ListItem","position":1,"name":"In\u00edcio","item":"https:\/\/www.oarcanjo.net\/site\/"},{"@type":"ListItem","position":2,"name":"Santo Adriano"}]},{"@type":"WebSite","@id":"https:\/\/www.oarcanjo.net\/site\/#website","url":"https:\/\/www.oarcanjo.net\/site\/","name":"O Arcanjo no ar","description":"Site da Par\u00f3quia S\u00e3o Miguel Arcanjo (Arquidiocese de SP)","publisher":{"@id":"https:\/\/www.oarcanjo.net\/site\/#organization"},"potentialAction":[{"@type":"SearchAction","target":{"@type":"EntryPoint","urlTemplate":"https:\/\/www.oarcanjo.net\/site\/?s={search_term_string}"},"query-input":{"@type":"PropertyValueSpecification","valueRequired":true,"valueName":"search_term_string"}}],"inLanguage":"pt-BR"},{"@type":"Organization","@id":"https:\/\/www.oarcanjo.net\/site\/#organization","name":"Par\u00f3quia S\u00e3o Miguel Arcanjo","url":"https:\/\/www.oarcanjo.net\/site\/","logo":{"@type":"ImageObject","inLanguage":"pt-BR","@id":"https:\/\/www.oarcanjo.net\/site\/#\/schema\/logo\/image\/","url":"https:\/\/www.oarcanjo.net\/site\/wp-content\/uploads\/LogoOArcanjo.png","contentUrl":"https:\/\/www.oarcanjo.net\/site\/wp-content\/uploads\/LogoOArcanjo.png","width":319,"height":99,"caption":"Par\u00f3quia S\u00e3o Miguel Arcanjo"},"image":{"@id":"https:\/\/www.oarcanjo.net\/site\/#\/schema\/logo\/image\/"},"sameAs":["https:\/\/www.facebook.com\/OArcanjoNoAr\/"]},{"@type":"Person","@id":"https:\/\/www.oarcanjo.net\/site\/#\/schema\/person\/5eb9480bedd2f3c97e430ce128c29c6c","name":"danilo"}]}},"publishpress_future_action":{"enabled":false,"date":"2026-05-09 08:17:04","action":"category","newStatus":"draft","terms":[],"taxonomy":"category"},"publishpress_future_workflow_manual_trigger":{"enabledWorkflows":[]},"_links":{"self":[{"href":"https:\/\/www.oarcanjo.net\/site\/wp-json\/wp\/v2\/posts\/7180"}],"collection":[{"href":"https:\/\/www.oarcanjo.net\/site\/wp-json\/wp\/v2\/posts"}],"about":[{"href":"https:\/\/www.oarcanjo.net\/site\/wp-json\/wp\/v2\/types\/post"}],"author":[{"embeddable":true,"href":"https:\/\/www.oarcanjo.net\/site\/wp-json\/wp\/v2\/users\/14"}],"replies":[{"embeddable":true,"href":"https:\/\/www.oarcanjo.net\/site\/wp-json\/wp\/v2\/comments?post=7180"}],"version-history":[{"count":0,"href":"https:\/\/www.oarcanjo.net\/site\/wp-json\/wp\/v2\/posts\/7180\/revisions"}],"wp:attachment":[{"href":"https:\/\/www.oarcanjo.net\/site\/wp-json\/wp\/v2\/media?parent=7180"}],"wp:term":[{"taxonomy":"category","embeddable":true,"href":"https:\/\/www.oarcanjo.net\/site\/wp-json\/wp\/v2\/categories?post=7180"},{"taxonomy":"post_tag","embeddable":true,"href":"https:\/\/www.oarcanjo.net\/site\/wp-json\/wp\/v2\/tags?post=7180"}],"curies":[{"name":"wp","href":"https:\/\/api.w.org\/{rel}","templated":true}]}}