
{"id":7183,"date":"2017-01-09T00:52:21","date_gmt":"2017-01-09T02:52:21","guid":{"rendered":"http:\/\/www.oarcanjo.net\/site\/?p=7183"},"modified":"2016-12-27T06:14:06","modified_gmt":"2016-12-27T08:14:06","slug":"beato-gregorio-x","status":"publish","type":"post","link":"https:\/\/www.oarcanjo.net\/site\/beato-gregorio-x\/","title":{"rendered":"Beato Gregorio X"},"content":{"rendered":"<p><strong>\u00a0<\/strong><\/p>\n<p><strong>9 de Janeiro<img decoding=\"async\" src=\"http:\/\/catolicanet.com\/images\/papas\/184.gif\" alt=\"\" \/><\/strong><\/p>\n<p><strong>O conclave que o elegeu foi o mais longo da hist\u00f3ria da Igreja, durando quase tr\u00eas anos.<\/strong><\/p>\n<p>Teobald Visconti foi monge da Ordem Cisterniense. Italiano de nascimento, gastou a maioria de sua carreira eclesi\u00e1stica nos Pa\u00edses Baixos. Era um homem severo e de grande dignidade. Foi amigo de S\u00e3o Tom\u00e1s de Aquinoe conselheiro dos reis da Inglaterra e da Fran\u00e7a.<\/p>\n<p>Sucedeu ao Papa Clemente IV ap\u00f3s tr\u00eas anos de S\u00e9 Vacante,devido \u00e0s divis\u00f5es entre os cardeais, sendo o maior per\u00edodo de vac\u00e2ncia registrado em toda a hist\u00f3ria da Igreja. Os cardeais franceses e italianos igualmente rachados quiseram um papa de seu pa\u00eds devido \u00e0 situa\u00e7\u00e3o pol\u00edtica com Carlos de Anjou. O &#8220;beco sem sa\u00edda&#8221; foi quebrado finalmente quando os cidad\u00e3os de Viterbo, onde os cardeais estavam reunidos, removeram o telhado do edif\u00edcio onde os cardeais estavam reunidos e trancaram-lhes dentro, somente permitindo-lhes comer p\u00e3o e \u00e1gua. Tr\u00eas dias mais tarde, o papa Greg\u00f3rio X foi eleito. (Desde ent\u00e3o, os cardeais escolheram sempre o papa sob o fechamento e a chave).<\/p>\n<p>Greg\u00f3rio X foi considerado uma escolha forte porque embora fosse italiano, tinha passado parte da sua vida no norte dos Alpe e assim n\u00e3o estava envolvido em controv\u00e9rsias pol\u00edticas italianas recentes. Sua elei\u00e7\u00e3o veio como uma surpresa completa a ele, pois quando eleito estava envolvido na Nona Cruzada a S\u00e3o Jo\u00e3o de Acre com Eduardo I de Inglaterra na Palestina. N\u00e3o querendo deixar sua miss\u00e3o, sua primeira a\u00e7\u00e3o como o papa era emitir externamente apela\u00e7\u00f5es para o DAE (dispositivo autom\u00e1tico de entrada) aos cruzados.<\/p>\n<p>Enquanto ainda era Cardeal, ajudou os irm\u00e3os Nicolau e Mateo Polo, tio e pai de Marco Polo,quando eles voltavam da China, governada por Kublai Khan, \u00e0 sua p\u00e1tria, a cidade de Veneza.<\/p>\n<p>Promulgou a Bula <em>De Regno Portugaliae<\/em> em 1276, que excomungava o Reino de Portugal, e o rei portugu\u00eas D. Afonso III, o Bolonh\u00eas, devido a desentendimentos entre o reino e a Igreja.<\/p>\n<p>\u00c0 chegada a Roma o seu primeiro acto foi reunir um conc\u00edlio que teve lugar em Lyon em 1274 que debateu o Cisma da P\u00e1scoa, a condi\u00e7\u00e3o da Terra Santa, e os abusos da Igreja Cat\u00f3lica. Foi no regresso de uma das sess\u00f5es do conc\u00edlio que faleceu, em Arezzo.<\/p>\n<p>A Greg\u00f3rio X se deve a bula <em>Ubi Periculum<\/em> , subsequentemente incorporada no C\u00f3digo de Direito Can\u00f3nico, que continua a regular os <a title=\"Conclave\" href=\"http:\/\/pt.wikipedia.org\/wiki\/Conclave\">conclaves<\/a>para a elei\u00e7\u00e3o papal.<\/p>\n<p>O Papa Greg\u00f3rio X foi beatificado em 1713.<\/p>\n<div id=\"themify_builder_content-7183\" data-postid=\"7183\" class=\"themify_builder_content themify_builder_content-7183 themify_builder themify_builder_front\">\n\t<\/div>\n<!-- \/themify_builder_content -->","protected":false},"excerpt":{"rendered":"<p>\u00a0 9 de Janeiro O conclave que o elegeu foi o mais longo da hist\u00f3ria da Igreja, durando quase tr\u00eas anos. Teobald Visconti foi monge da Ordem Cisterniense. Italiano de nascimento, gastou a maioria de sua carreira eclesi\u00e1stica nos Pa\u00edses Baixos. Era um homem severo e de grande dignidade. Foi amigo de S\u00e3o Tom\u00e1s de [&hellip;]<\/p>\n","protected":false},"author":14,"featured_media":0,"comment_status":"open","ping_status":"open","sticky":false,"template":"","format":"standard","meta":{"ngg_post_thumbnail":0,"footnotes":""},"categories":[186],"tags":[],"yoast_head":"<!-- This site is optimized with the Yoast SEO plugin v23.5 - https:\/\/yoast.com\/wordpress\/plugins\/seo\/ -->\n<title>Beato Gregorio X - O Arcanjo no ar<\/title>\n<meta name=\"robots\" content=\"index, follow, max-snippet:-1, max-image-preview:large, max-video-preview:-1\" \/>\n<link rel=\"canonical\" href=\"https:\/\/www.oarcanjo.net\/site\/beato-gregorio-x\/\" \/>\n<meta property=\"og:locale\" content=\"pt_BR\" \/>\n<meta property=\"og:type\" content=\"article\" \/>\n<meta property=\"og:title\" content=\"Beato Gregorio X - O Arcanjo no ar\" \/>\n<meta property=\"og:description\" content=\"\u00a0 9 de Janeiro O conclave que o elegeu foi o mais longo da hist\u00f3ria da Igreja, durando quase tr\u00eas anos. Teobald Visconti foi monge da Ordem Cisterniense. Italiano de nascimento, gastou a maioria de sua carreira eclesi\u00e1stica nos Pa\u00edses Baixos. Era um homem severo e de grande dignidade. Foi amigo de S\u00e3o Tom\u00e1s de [&hellip;]\" \/>\n<meta property=\"og:url\" content=\"https:\/\/www.oarcanjo.net\/site\/beato-gregorio-x\/\" \/>\n<meta property=\"og:site_name\" content=\"O Arcanjo no ar\" \/>\n<meta property=\"article:publisher\" content=\"https:\/\/www.facebook.com\/OArcanjoNoAr\/\" \/>\n<meta property=\"article:published_time\" content=\"2017-01-09T02:52:21+00:00\" \/>\n<meta property=\"article:modified_time\" content=\"2016-12-27T08:14:06+00:00\" \/>\n<meta property=\"og:image\" content=\"http:\/\/catolicanet.com\/images\/papas\/184.gif\" \/>\n<meta name=\"author\" content=\"danilo\" \/>\n<meta name=\"twitter:card\" content=\"summary_large_image\" \/>\n<meta name=\"twitter:label1\" content=\"Escrito por\" \/>\n\t<meta name=\"twitter:data1\" content=\"danilo\" \/>\n\t<meta name=\"twitter:label2\" content=\"Est. tempo de leitura\" \/>\n\t<meta name=\"twitter:data2\" content=\"2 minutos\" \/>\n<script type=\"application\/ld+json\" class=\"yoast-schema-graph\">{\"@context\":\"https:\/\/schema.org\",\"@graph\":[{\"@type\":\"Article\",\"@id\":\"https:\/\/www.oarcanjo.net\/site\/beato-gregorio-x\/#article\",\"isPartOf\":{\"@id\":\"https:\/\/www.oarcanjo.net\/site\/beato-gregorio-x\/\"},\"author\":{\"name\":\"danilo\",\"@id\":\"https:\/\/www.oarcanjo.net\/site\/#\/schema\/person\/5eb9480bedd2f3c97e430ce128c29c6c\"},\"headline\":\"Beato Gregorio X\",\"datePublished\":\"2017-01-09T02:52:21+00:00\",\"dateModified\":\"2016-12-27T08:14:06+00:00\",\"mainEntityOfPage\":{\"@id\":\"https:\/\/www.oarcanjo.net\/site\/beato-gregorio-x\/\"},\"wordCount\":451,\"commentCount\":0,\"publisher\":{\"@id\":\"https:\/\/www.oarcanjo.net\/site\/#organization\"},\"image\":{\"@id\":\"https:\/\/www.oarcanjo.net\/site\/beato-gregorio-x\/#primaryimage\"},\"thumbnailUrl\":\"http:\/\/catolicanet.com\/images\/papas\/184.gif\",\"articleSection\":[\"Testemunhos\"],\"inLanguage\":\"pt-BR\",\"potentialAction\":[{\"@type\":\"CommentAction\",\"name\":\"Comment\",\"target\":[\"https:\/\/www.oarcanjo.net\/site\/beato-gregorio-x\/#respond\"]}]},{\"@type\":\"WebPage\",\"@id\":\"https:\/\/www.oarcanjo.net\/site\/beato-gregorio-x\/\",\"url\":\"https:\/\/www.oarcanjo.net\/site\/beato-gregorio-x\/\",\"name\":\"Beato Gregorio X - O Arcanjo no ar\",\"isPartOf\":{\"@id\":\"https:\/\/www.oarcanjo.net\/site\/#website\"},\"primaryImageOfPage\":{\"@id\":\"https:\/\/www.oarcanjo.net\/site\/beato-gregorio-x\/#primaryimage\"},\"image\":{\"@id\":\"https:\/\/www.oarcanjo.net\/site\/beato-gregorio-x\/#primaryimage\"},\"thumbnailUrl\":\"http:\/\/catolicanet.com\/images\/papas\/184.gif\",\"datePublished\":\"2017-01-09T02:52:21+00:00\",\"dateModified\":\"2016-12-27T08:14:06+00:00\",\"breadcrumb\":{\"@id\":\"https:\/\/www.oarcanjo.net\/site\/beato-gregorio-x\/#breadcrumb\"},\"inLanguage\":\"pt-BR\",\"potentialAction\":[{\"@type\":\"ReadAction\",\"target\":[\"https:\/\/www.oarcanjo.net\/site\/beato-gregorio-x\/\"]}]},{\"@type\":\"ImageObject\",\"inLanguage\":\"pt-BR\",\"@id\":\"https:\/\/www.oarcanjo.net\/site\/beato-gregorio-x\/#primaryimage\",\"url\":\"http:\/\/catolicanet.com\/images\/papas\/184.gif\",\"contentUrl\":\"http:\/\/catolicanet.com\/images\/papas\/184.gif\"},{\"@type\":\"BreadcrumbList\",\"@id\":\"https:\/\/www.oarcanjo.net\/site\/beato-gregorio-x\/#breadcrumb\",\"itemListElement\":[{\"@type\":\"ListItem\",\"position\":1,\"name\":\"In\u00edcio\",\"item\":\"https:\/\/www.oarcanjo.net\/site\/\"},{\"@type\":\"ListItem\",\"position\":2,\"name\":\"Beato Gregorio X\"}]},{\"@type\":\"WebSite\",\"@id\":\"https:\/\/www.oarcanjo.net\/site\/#website\",\"url\":\"https:\/\/www.oarcanjo.net\/site\/\",\"name\":\"O Arcanjo no ar\",\"description\":\"Site da Par\u00f3quia S\u00e3o Miguel Arcanjo (Arquidiocese de SP)\",\"publisher\":{\"@id\":\"https:\/\/www.oarcanjo.net\/site\/#organization\"},\"potentialAction\":[{\"@type\":\"SearchAction\",\"target\":{\"@type\":\"EntryPoint\",\"urlTemplate\":\"https:\/\/www.oarcanjo.net\/site\/?s={search_term_string}\"},\"query-input\":{\"@type\":\"PropertyValueSpecification\",\"valueRequired\":true,\"valueName\":\"search_term_string\"}}],\"inLanguage\":\"pt-BR\"},{\"@type\":\"Organization\",\"@id\":\"https:\/\/www.oarcanjo.net\/site\/#organization\",\"name\":\"Par\u00f3quia S\u00e3o Miguel Arcanjo\",\"url\":\"https:\/\/www.oarcanjo.net\/site\/\",\"logo\":{\"@type\":\"ImageObject\",\"inLanguage\":\"pt-BR\",\"@id\":\"https:\/\/www.oarcanjo.net\/site\/#\/schema\/logo\/image\/\",\"url\":\"https:\/\/www.oarcanjo.net\/site\/wp-content\/uploads\/LogoOArcanjo.png\",\"contentUrl\":\"https:\/\/www.oarcanjo.net\/site\/wp-content\/uploads\/LogoOArcanjo.png\",\"width\":319,\"height\":99,\"caption\":\"Par\u00f3quia S\u00e3o Miguel Arcanjo\"},\"image\":{\"@id\":\"https:\/\/www.oarcanjo.net\/site\/#\/schema\/logo\/image\/\"},\"sameAs\":[\"https:\/\/www.facebook.com\/OArcanjoNoAr\/\"]},{\"@type\":\"Person\",\"@id\":\"https:\/\/www.oarcanjo.net\/site\/#\/schema\/person\/5eb9480bedd2f3c97e430ce128c29c6c\",\"name\":\"danilo\"}]}<\/script>\n<!-- \/ Yoast SEO plugin. -->","yoast_head_json":{"title":"Beato Gregorio X - O Arcanjo no ar","robots":{"index":"index","follow":"follow","max-snippet":"max-snippet:-1","max-image-preview":"max-image-preview:large","max-video-preview":"max-video-preview:-1"},"canonical":"https:\/\/www.oarcanjo.net\/site\/beato-gregorio-x\/","og_locale":"pt_BR","og_type":"article","og_title":"Beato Gregorio X - O Arcanjo no ar","og_description":"\u00a0 9 de Janeiro O conclave que o elegeu foi o mais longo da hist\u00f3ria da Igreja, durando quase tr\u00eas anos. Teobald Visconti foi monge da Ordem Cisterniense. Italiano de nascimento, gastou a maioria de sua carreira eclesi\u00e1stica nos Pa\u00edses Baixos. Era um homem severo e de grande dignidade. Foi amigo de S\u00e3o Tom\u00e1s de [&hellip;]","og_url":"https:\/\/www.oarcanjo.net\/site\/beato-gregorio-x\/","og_site_name":"O Arcanjo no ar","article_publisher":"https:\/\/www.facebook.com\/OArcanjoNoAr\/","article_published_time":"2017-01-09T02:52:21+00:00","article_modified_time":"2016-12-27T08:14:06+00:00","og_image":[{"url":"http:\/\/catolicanet.com\/images\/papas\/184.gif"}],"author":"danilo","twitter_card":"summary_large_image","twitter_misc":{"Escrito por":"danilo","Est. tempo de leitura":"2 minutos"},"schema":{"@context":"https:\/\/schema.org","@graph":[{"@type":"Article","@id":"https:\/\/www.oarcanjo.net\/site\/beato-gregorio-x\/#article","isPartOf":{"@id":"https:\/\/www.oarcanjo.net\/site\/beato-gregorio-x\/"},"author":{"name":"danilo","@id":"https:\/\/www.oarcanjo.net\/site\/#\/schema\/person\/5eb9480bedd2f3c97e430ce128c29c6c"},"headline":"Beato Gregorio X","datePublished":"2017-01-09T02:52:21+00:00","dateModified":"2016-12-27T08:14:06+00:00","mainEntityOfPage":{"@id":"https:\/\/www.oarcanjo.net\/site\/beato-gregorio-x\/"},"wordCount":451,"commentCount":0,"publisher":{"@id":"https:\/\/www.oarcanjo.net\/site\/#organization"},"image":{"@id":"https:\/\/www.oarcanjo.net\/site\/beato-gregorio-x\/#primaryimage"},"thumbnailUrl":"http:\/\/catolicanet.com\/images\/papas\/184.gif","articleSection":["Testemunhos"],"inLanguage":"pt-BR","potentialAction":[{"@type":"CommentAction","name":"Comment","target":["https:\/\/www.oarcanjo.net\/site\/beato-gregorio-x\/#respond"]}]},{"@type":"WebPage","@id":"https:\/\/www.oarcanjo.net\/site\/beato-gregorio-x\/","url":"https:\/\/www.oarcanjo.net\/site\/beato-gregorio-x\/","name":"Beato Gregorio X - O Arcanjo no ar","isPartOf":{"@id":"https:\/\/www.oarcanjo.net\/site\/#website"},"primaryImageOfPage":{"@id":"https:\/\/www.oarcanjo.net\/site\/beato-gregorio-x\/#primaryimage"},"image":{"@id":"https:\/\/www.oarcanjo.net\/site\/beato-gregorio-x\/#primaryimage"},"thumbnailUrl":"http:\/\/catolicanet.com\/images\/papas\/184.gif","datePublished":"2017-01-09T02:52:21+00:00","dateModified":"2016-12-27T08:14:06+00:00","breadcrumb":{"@id":"https:\/\/www.oarcanjo.net\/site\/beato-gregorio-x\/#breadcrumb"},"inLanguage":"pt-BR","potentialAction":[{"@type":"ReadAction","target":["https:\/\/www.oarcanjo.net\/site\/beato-gregorio-x\/"]}]},{"@type":"ImageObject","inLanguage":"pt-BR","@id":"https:\/\/www.oarcanjo.net\/site\/beato-gregorio-x\/#primaryimage","url":"http:\/\/catolicanet.com\/images\/papas\/184.gif","contentUrl":"http:\/\/catolicanet.com\/images\/papas\/184.gif"},{"@type":"BreadcrumbList","@id":"https:\/\/www.oarcanjo.net\/site\/beato-gregorio-x\/#breadcrumb","itemListElement":[{"@type":"ListItem","position":1,"name":"In\u00edcio","item":"https:\/\/www.oarcanjo.net\/site\/"},{"@type":"ListItem","position":2,"name":"Beato Gregorio X"}]},{"@type":"WebSite","@id":"https:\/\/www.oarcanjo.net\/site\/#website","url":"https:\/\/www.oarcanjo.net\/site\/","name":"O Arcanjo no ar","description":"Site da Par\u00f3quia S\u00e3o Miguel Arcanjo (Arquidiocese de SP)","publisher":{"@id":"https:\/\/www.oarcanjo.net\/site\/#organization"},"potentialAction":[{"@type":"SearchAction","target":{"@type":"EntryPoint","urlTemplate":"https:\/\/www.oarcanjo.net\/site\/?s={search_term_string}"},"query-input":{"@type":"PropertyValueSpecification","valueRequired":true,"valueName":"search_term_string"}}],"inLanguage":"pt-BR"},{"@type":"Organization","@id":"https:\/\/www.oarcanjo.net\/site\/#organization","name":"Par\u00f3quia S\u00e3o Miguel Arcanjo","url":"https:\/\/www.oarcanjo.net\/site\/","logo":{"@type":"ImageObject","inLanguage":"pt-BR","@id":"https:\/\/www.oarcanjo.net\/site\/#\/schema\/logo\/image\/","url":"https:\/\/www.oarcanjo.net\/site\/wp-content\/uploads\/LogoOArcanjo.png","contentUrl":"https:\/\/www.oarcanjo.net\/site\/wp-content\/uploads\/LogoOArcanjo.png","width":319,"height":99,"caption":"Par\u00f3quia S\u00e3o Miguel Arcanjo"},"image":{"@id":"https:\/\/www.oarcanjo.net\/site\/#\/schema\/logo\/image\/"},"sameAs":["https:\/\/www.facebook.com\/OArcanjoNoAr\/"]},{"@type":"Person","@id":"https:\/\/www.oarcanjo.net\/site\/#\/schema\/person\/5eb9480bedd2f3c97e430ce128c29c6c","name":"danilo"}]}},"publishpress_future_action":{"enabled":false,"date":"2026-05-09 08:15:21","action":"category","newStatus":"draft","terms":[],"taxonomy":"category"},"publishpress_future_workflow_manual_trigger":{"enabledWorkflows":[]},"_links":{"self":[{"href":"https:\/\/www.oarcanjo.net\/site\/wp-json\/wp\/v2\/posts\/7183"}],"collection":[{"href":"https:\/\/www.oarcanjo.net\/site\/wp-json\/wp\/v2\/posts"}],"about":[{"href":"https:\/\/www.oarcanjo.net\/site\/wp-json\/wp\/v2\/types\/post"}],"author":[{"embeddable":true,"href":"https:\/\/www.oarcanjo.net\/site\/wp-json\/wp\/v2\/users\/14"}],"replies":[{"embeddable":true,"href":"https:\/\/www.oarcanjo.net\/site\/wp-json\/wp\/v2\/comments?post=7183"}],"version-history":[{"count":0,"href":"https:\/\/www.oarcanjo.net\/site\/wp-json\/wp\/v2\/posts\/7183\/revisions"}],"wp:attachment":[{"href":"https:\/\/www.oarcanjo.net\/site\/wp-json\/wp\/v2\/media?parent=7183"}],"wp:term":[{"taxonomy":"category","embeddable":true,"href":"https:\/\/www.oarcanjo.net\/site\/wp-json\/wp\/v2\/categories?post=7183"},{"taxonomy":"post_tag","embeddable":true,"href":"https:\/\/www.oarcanjo.net\/site\/wp-json\/wp\/v2\/tags?post=7183"}],"curies":[{"name":"wp","href":"https:\/\/api.w.org\/{rel}","templated":true}]}}