
{"id":71857,"date":"2016-05-14T17:13:52","date_gmt":"2016-05-14T20:13:52","guid":{"rendered":"http:\/\/www.oarcanjo.net\/site\/?p=71857"},"modified":"2016-05-17T18:38:09","modified_gmt":"2016-05-17T21:38:09","slug":"13-de-maio-2016-nossa-senhora-de-fatima","status":"publish","type":"post","link":"https:\/\/www.oarcanjo.net\/site\/13-de-maio-2016-nossa-senhora-de-fatima\/","title":{"rendered":"13 de Maio 2016 &#8211; Nossa Senhora de F\u00e1tima"},"content":{"rendered":"<p>Neste 13 de maio, a prociss\u00e3o com a imagem de Nossa Senhora de F\u00e1tima saiu \u00e0s 19h30 da Igreja S\u00e3o Miguel Arcanjo e percorreu as ruas do bairro, chegando na capela da Universidade S\u00e3o Judas Tadeu. Muitos carros, sinais de f\u00e9 ao longo da prociss\u00e3o, chegada com os pastorinhos. Noite de sexta-feira muito bonita. Alunos interagindo na f\u00e9.<\/p>\n<p>A chegada da imagem \u00e9 toda cercada de muita emo\u00e7\u00e3o, com os pastorinhos \u00e0 frente, o andor sendo carregado pela Comunidade da entrada da Universidade at\u00e9 a Capela.<\/p>\n<p>Se a noite era especial pela data, a presen\u00e7a da Silvia foi outro presente para a Comunidade.<\/p>\n<p>Len\u00e7os portugueses, bonita decora\u00e7\u00e3o com muitas rosas brancas. Rosas que nos ligam ao ros\u00e1rio e a entrega de flores \u00e0 Nossa Senhora, por meio das ora\u00e7\u00f5es da Ave Maria. Cantos e ora\u00e7\u00f5es. Celebra\u00e7\u00e3o eucar\u00edstica da partilha. Partilha do p\u00e3o consagrado e tamb\u00e9m das rosas, inclusive aos alunos da Universidade, que junto com a Comunidade participaram com devo\u00e7\u00e3o.<\/p>\n<p>Ao final as velas acesas, novos cantos e as emo\u00e7\u00f5es dessa bel\u00edssima celebra\u00e7\u00e3o. A ben\u00e7\u00e3o de Nossa Senhora para a comunidade.<\/p>\n<p>Vejam as fotos<\/p>\nngg_shortcode_0_placeholder\n<p>&nbsp;<\/p>\n<div id=\"themify_builder_content-71857\" data-postid=\"71857\" class=\"themify_builder_content themify_builder_content-71857 themify_builder themify_builder_front\">\n\t<\/div>\n<!-- \/themify_builder_content -->","protected":false},"excerpt":{"rendered":"<p>Prociss\u00e3o com a imagem de Nossa Senhora de F\u00e1tima saiu \u00e0s 19h30 da Igreja S\u00e3o Miguel Arcanjo e percorreu as ruas do bairro<\/p>\n","protected":false},"author":10,"featured_media":71876,"comment_status":"open","ping_status":"open","sticky":false,"template":"","format":"standard","meta":{"ngg_post_thumbnail":0,"footnotes":""},"categories":[3,8,7],"tags":[],"yoast_head":"<!-- This site is optimized with the Yoast SEO plugin v23.5 - https:\/\/yoast.com\/wordpress\/plugins\/seo\/ -->\n<title>13 de Maio 2016 - Nossa Senhora de F\u00e1tima - O Arcanjo no ar<\/title>\n<meta name=\"robots\" content=\"index, follow, max-snippet:-1, max-image-preview:large, max-video-preview:-1\" \/>\n<link rel=\"canonical\" href=\"https:\/\/www.oarcanjo.net\/site\/13-de-maio-2016-nossa-senhora-de-fatima\/\" \/>\n<meta property=\"og:locale\" content=\"pt_BR\" \/>\n<meta property=\"og:type\" content=\"article\" \/>\n<meta property=\"og:title\" content=\"13 de Maio 2016 - Nossa Senhora de F\u00e1tima - O Arcanjo no ar\" \/>\n<meta property=\"og:description\" content=\"Prociss\u00e3o com a imagem de Nossa Senhora de F\u00e1tima saiu \u00e0s 19h30 da Igreja S\u00e3o Miguel Arcanjo e percorreu as ruas do bairro\" \/>\n<meta property=\"og:url\" content=\"https:\/\/www.oarcanjo.net\/site\/13-de-maio-2016-nossa-senhora-de-fatima\/\" \/>\n<meta property=\"og:site_name\" content=\"O Arcanjo no ar\" \/>\n<meta property=\"article:publisher\" content=\"https:\/\/www.facebook.com\/OArcanjoNoAr\/\" \/>\n<meta property=\"article:published_time\" content=\"2016-05-14T20:13:52+00:00\" \/>\n<meta property=\"article:modified_time\" content=\"2016-05-17T21:38:09+00:00\" \/>\n<meta property=\"og:image\" content=\"https:\/\/www.oarcanjo.net\/site\/wp-content\/uploads\/banner-nsfatima-mai-2016.jpg\" \/>\n\t<meta property=\"og:image:width\" content=\"700\" \/>\n\t<meta property=\"og:image:height\" content=\"320\" \/>\n\t<meta property=\"og:image:type\" content=\"image\/jpeg\" \/>\n<meta name=\"author\" content=\"carlos\" \/>\n<meta name=\"twitter:card\" content=\"summary_large_image\" \/>\n<meta name=\"twitter:label1\" content=\"Escrito por\" \/>\n\t<meta name=\"twitter:data1\" content=\"carlos\" \/>\n\t<meta name=\"twitter:label2\" content=\"Est. tempo de leitura\" \/>\n\t<meta name=\"twitter:data2\" content=\"1 minuto\" \/>\n<script type=\"application\/ld+json\" class=\"yoast-schema-graph\">{\"@context\":\"https:\/\/schema.org\",\"@graph\":[{\"@type\":\"Article\",\"@id\":\"https:\/\/www.oarcanjo.net\/site\/13-de-maio-2016-nossa-senhora-de-fatima\/#article\",\"isPartOf\":{\"@id\":\"https:\/\/www.oarcanjo.net\/site\/13-de-maio-2016-nossa-senhora-de-fatima\/\"},\"author\":{\"name\":\"carlos\",\"@id\":\"https:\/\/www.oarcanjo.net\/site\/#\/schema\/person\/f7870e710d8c8c30673de3a0ac2e451d\"},\"headline\":\"13 de Maio 2016 &#8211; Nossa Senhora de F\u00e1tima\",\"datePublished\":\"2016-05-14T20:13:52+00:00\",\"dateModified\":\"2016-05-17T21:38:09+00:00\",\"mainEntityOfPage\":{\"@id\":\"https:\/\/www.oarcanjo.net\/site\/13-de-maio-2016-nossa-senhora-de-fatima\/\"},\"wordCount\":212,\"commentCount\":0,\"publisher\":{\"@id\":\"https:\/\/www.oarcanjo.net\/site\/#organization\"},\"image\":{\"@id\":\"https:\/\/www.oarcanjo.net\/site\/13-de-maio-2016-nossa-senhora-de-fatima\/#primaryimage\"},\"thumbnailUrl\":\"https:\/\/www.oarcanjo.net\/site\/wp-content\/uploads\/banner-nsfatima-mai-2016.jpg\",\"articleSection\":[\"Destaques\",\"Not\u00edcias\",\"Rosto da comunidade\"],\"inLanguage\":\"pt-BR\",\"potentialAction\":[{\"@type\":\"CommentAction\",\"name\":\"Comment\",\"target\":[\"https:\/\/www.oarcanjo.net\/site\/13-de-maio-2016-nossa-senhora-de-fatima\/#respond\"]}]},{\"@type\":\"WebPage\",\"@id\":\"https:\/\/www.oarcanjo.net\/site\/13-de-maio-2016-nossa-senhora-de-fatima\/\",\"url\":\"https:\/\/www.oarcanjo.net\/site\/13-de-maio-2016-nossa-senhora-de-fatima\/\",\"name\":\"13 de Maio 2016 - Nossa Senhora de F\u00e1tima - O Arcanjo no ar\",\"isPartOf\":{\"@id\":\"https:\/\/www.oarcanjo.net\/site\/#website\"},\"primaryImageOfPage\":{\"@id\":\"https:\/\/www.oarcanjo.net\/site\/13-de-maio-2016-nossa-senhora-de-fatima\/#primaryimage\"},\"image\":{\"@id\":\"https:\/\/www.oarcanjo.net\/site\/13-de-maio-2016-nossa-senhora-de-fatima\/#primaryimage\"},\"thumbnailUrl\":\"https:\/\/www.oarcanjo.net\/site\/wp-content\/uploads\/banner-nsfatima-mai-2016.jpg\",\"datePublished\":\"2016-05-14T20:13:52+00:00\",\"dateModified\":\"2016-05-17T21:38:09+00:00\",\"breadcrumb\":{\"@id\":\"https:\/\/www.oarcanjo.net\/site\/13-de-maio-2016-nossa-senhora-de-fatima\/#breadcrumb\"},\"inLanguage\":\"pt-BR\",\"potentialAction\":[{\"@type\":\"ReadAction\",\"target\":[\"https:\/\/www.oarcanjo.net\/site\/13-de-maio-2016-nossa-senhora-de-fatima\/\"]}]},{\"@type\":\"ImageObject\",\"inLanguage\":\"pt-BR\",\"@id\":\"https:\/\/www.oarcanjo.net\/site\/13-de-maio-2016-nossa-senhora-de-fatima\/#primaryimage\",\"url\":\"https:\/\/www.oarcanjo.net\/site\/wp-content\/uploads\/banner-nsfatima-mai-2016.jpg\",\"contentUrl\":\"https:\/\/www.oarcanjo.net\/site\/wp-content\/uploads\/banner-nsfatima-mai-2016.jpg\",\"width\":700,\"height\":320},{\"@type\":\"BreadcrumbList\",\"@id\":\"https:\/\/www.oarcanjo.net\/site\/13-de-maio-2016-nossa-senhora-de-fatima\/#breadcrumb\",\"itemListElement\":[{\"@type\":\"ListItem\",\"position\":1,\"name\":\"In\u00edcio\",\"item\":\"https:\/\/www.oarcanjo.net\/site\/\"},{\"@type\":\"ListItem\",\"position\":2,\"name\":\"13 de Maio 2016 &#8211; Nossa Senhora de F\u00e1tima\"}]},{\"@type\":\"WebSite\",\"@id\":\"https:\/\/www.oarcanjo.net\/site\/#website\",\"url\":\"https:\/\/www.oarcanjo.net\/site\/\",\"name\":\"O Arcanjo no ar\",\"description\":\"Site da Par\u00f3quia S\u00e3o Miguel Arcanjo (Arquidiocese de SP)\",\"publisher\":{\"@id\":\"https:\/\/www.oarcanjo.net\/site\/#organization\"},\"potentialAction\":[{\"@type\":\"SearchAction\",\"target\":{\"@type\":\"EntryPoint\",\"urlTemplate\":\"https:\/\/www.oarcanjo.net\/site\/?s={search_term_string}\"},\"query-input\":{\"@type\":\"PropertyValueSpecification\",\"valueRequired\":true,\"valueName\":\"search_term_string\"}}],\"inLanguage\":\"pt-BR\"},{\"@type\":\"Organization\",\"@id\":\"https:\/\/www.oarcanjo.net\/site\/#organization\",\"name\":\"Par\u00f3quia S\u00e3o Miguel Arcanjo\",\"url\":\"https:\/\/www.oarcanjo.net\/site\/\",\"logo\":{\"@type\":\"ImageObject\",\"inLanguage\":\"pt-BR\",\"@id\":\"https:\/\/www.oarcanjo.net\/site\/#\/schema\/logo\/image\/\",\"url\":\"https:\/\/www.oarcanjo.net\/site\/wp-content\/uploads\/LogoOArcanjo.png\",\"contentUrl\":\"https:\/\/www.oarcanjo.net\/site\/wp-content\/uploads\/LogoOArcanjo.png\",\"width\":319,\"height\":99,\"caption\":\"Par\u00f3quia S\u00e3o Miguel Arcanjo\"},\"image\":{\"@id\":\"https:\/\/www.oarcanjo.net\/site\/#\/schema\/logo\/image\/\"},\"sameAs\":[\"https:\/\/www.facebook.com\/OArcanjoNoAr\/\"]},{\"@type\":\"Person\",\"@id\":\"https:\/\/www.oarcanjo.net\/site\/#\/schema\/person\/f7870e710d8c8c30673de3a0ac2e451d\",\"name\":\"carlos\"}]}<\/script>\n<!-- \/ Yoast SEO plugin. -->","yoast_head_json":{"title":"13 de Maio 2016 - Nossa Senhora de F\u00e1tima - O Arcanjo no ar","robots":{"index":"index","follow":"follow","max-snippet":"max-snippet:-1","max-image-preview":"max-image-preview:large","max-video-preview":"max-video-preview:-1"},"canonical":"https:\/\/www.oarcanjo.net\/site\/13-de-maio-2016-nossa-senhora-de-fatima\/","og_locale":"pt_BR","og_type":"article","og_title":"13 de Maio 2016 - Nossa Senhora de F\u00e1tima - O Arcanjo no ar","og_description":"Prociss\u00e3o com a imagem de Nossa Senhora de F\u00e1tima saiu \u00e0s 19h30 da Igreja S\u00e3o Miguel Arcanjo e percorreu as ruas do bairro","og_url":"https:\/\/www.oarcanjo.net\/site\/13-de-maio-2016-nossa-senhora-de-fatima\/","og_site_name":"O Arcanjo no ar","article_publisher":"https:\/\/www.facebook.com\/OArcanjoNoAr\/","article_published_time":"2016-05-14T20:13:52+00:00","article_modified_time":"2016-05-17T21:38:09+00:00","og_image":[{"width":700,"height":320,"url":"https:\/\/www.oarcanjo.net\/site\/wp-content\/uploads\/banner-nsfatima-mai-2016.jpg","type":"image\/jpeg"}],"author":"carlos","twitter_card":"summary_large_image","twitter_misc":{"Escrito por":"carlos","Est. tempo de leitura":"1 minuto"},"schema":{"@context":"https:\/\/schema.org","@graph":[{"@type":"Article","@id":"https:\/\/www.oarcanjo.net\/site\/13-de-maio-2016-nossa-senhora-de-fatima\/#article","isPartOf":{"@id":"https:\/\/www.oarcanjo.net\/site\/13-de-maio-2016-nossa-senhora-de-fatima\/"},"author":{"name":"carlos","@id":"https:\/\/www.oarcanjo.net\/site\/#\/schema\/person\/f7870e710d8c8c30673de3a0ac2e451d"},"headline":"13 de Maio 2016 &#8211; Nossa Senhora de F\u00e1tima","datePublished":"2016-05-14T20:13:52+00:00","dateModified":"2016-05-17T21:38:09+00:00","mainEntityOfPage":{"@id":"https:\/\/www.oarcanjo.net\/site\/13-de-maio-2016-nossa-senhora-de-fatima\/"},"wordCount":212,"commentCount":0,"publisher":{"@id":"https:\/\/www.oarcanjo.net\/site\/#organization"},"image":{"@id":"https:\/\/www.oarcanjo.net\/site\/13-de-maio-2016-nossa-senhora-de-fatima\/#primaryimage"},"thumbnailUrl":"https:\/\/www.oarcanjo.net\/site\/wp-content\/uploads\/banner-nsfatima-mai-2016.jpg","articleSection":["Destaques","Not\u00edcias","Rosto da comunidade"],"inLanguage":"pt-BR","potentialAction":[{"@type":"CommentAction","name":"Comment","target":["https:\/\/www.oarcanjo.net\/site\/13-de-maio-2016-nossa-senhora-de-fatima\/#respond"]}]},{"@type":"WebPage","@id":"https:\/\/www.oarcanjo.net\/site\/13-de-maio-2016-nossa-senhora-de-fatima\/","url":"https:\/\/www.oarcanjo.net\/site\/13-de-maio-2016-nossa-senhora-de-fatima\/","name":"13 de Maio 2016 - Nossa Senhora de F\u00e1tima - O Arcanjo no ar","isPartOf":{"@id":"https:\/\/www.oarcanjo.net\/site\/#website"},"primaryImageOfPage":{"@id":"https:\/\/www.oarcanjo.net\/site\/13-de-maio-2016-nossa-senhora-de-fatima\/#primaryimage"},"image":{"@id":"https:\/\/www.oarcanjo.net\/site\/13-de-maio-2016-nossa-senhora-de-fatima\/#primaryimage"},"thumbnailUrl":"https:\/\/www.oarcanjo.net\/site\/wp-content\/uploads\/banner-nsfatima-mai-2016.jpg","datePublished":"2016-05-14T20:13:52+00:00","dateModified":"2016-05-17T21:38:09+00:00","breadcrumb":{"@id":"https:\/\/www.oarcanjo.net\/site\/13-de-maio-2016-nossa-senhora-de-fatima\/#breadcrumb"},"inLanguage":"pt-BR","potentialAction":[{"@type":"ReadAction","target":["https:\/\/www.oarcanjo.net\/site\/13-de-maio-2016-nossa-senhora-de-fatima\/"]}]},{"@type":"ImageObject","inLanguage":"pt-BR","@id":"https:\/\/www.oarcanjo.net\/site\/13-de-maio-2016-nossa-senhora-de-fatima\/#primaryimage","url":"https:\/\/www.oarcanjo.net\/site\/wp-content\/uploads\/banner-nsfatima-mai-2016.jpg","contentUrl":"https:\/\/www.oarcanjo.net\/site\/wp-content\/uploads\/banner-nsfatima-mai-2016.jpg","width":700,"height":320},{"@type":"BreadcrumbList","@id":"https:\/\/www.oarcanjo.net\/site\/13-de-maio-2016-nossa-senhora-de-fatima\/#breadcrumb","itemListElement":[{"@type":"ListItem","position":1,"name":"In\u00edcio","item":"https:\/\/www.oarcanjo.net\/site\/"},{"@type":"ListItem","position":2,"name":"13 de Maio 2016 &#8211; Nossa Senhora de F\u00e1tima"}]},{"@type":"WebSite","@id":"https:\/\/www.oarcanjo.net\/site\/#website","url":"https:\/\/www.oarcanjo.net\/site\/","name":"O Arcanjo no ar","description":"Site da Par\u00f3quia S\u00e3o Miguel Arcanjo (Arquidiocese de SP)","publisher":{"@id":"https:\/\/www.oarcanjo.net\/site\/#organization"},"potentialAction":[{"@type":"SearchAction","target":{"@type":"EntryPoint","urlTemplate":"https:\/\/www.oarcanjo.net\/site\/?s={search_term_string}"},"query-input":{"@type":"PropertyValueSpecification","valueRequired":true,"valueName":"search_term_string"}}],"inLanguage":"pt-BR"},{"@type":"Organization","@id":"https:\/\/www.oarcanjo.net\/site\/#organization","name":"Par\u00f3quia S\u00e3o Miguel Arcanjo","url":"https:\/\/www.oarcanjo.net\/site\/","logo":{"@type":"ImageObject","inLanguage":"pt-BR","@id":"https:\/\/www.oarcanjo.net\/site\/#\/schema\/logo\/image\/","url":"https:\/\/www.oarcanjo.net\/site\/wp-content\/uploads\/LogoOArcanjo.png","contentUrl":"https:\/\/www.oarcanjo.net\/site\/wp-content\/uploads\/LogoOArcanjo.png","width":319,"height":99,"caption":"Par\u00f3quia S\u00e3o Miguel Arcanjo"},"image":{"@id":"https:\/\/www.oarcanjo.net\/site\/#\/schema\/logo\/image\/"},"sameAs":["https:\/\/www.facebook.com\/OArcanjoNoAr\/"]},{"@type":"Person","@id":"https:\/\/www.oarcanjo.net\/site\/#\/schema\/person\/f7870e710d8c8c30673de3a0ac2e451d","name":"carlos"}]}},"publishpress_future_action":{"enabled":false,"date":"2026-05-08 22:38:03","action":"category","newStatus":"draft","terms":[],"taxonomy":"category"},"publishpress_future_workflow_manual_trigger":{"enabledWorkflows":[]},"_links":{"self":[{"href":"https:\/\/www.oarcanjo.net\/site\/wp-json\/wp\/v2\/posts\/71857"}],"collection":[{"href":"https:\/\/www.oarcanjo.net\/site\/wp-json\/wp\/v2\/posts"}],"about":[{"href":"https:\/\/www.oarcanjo.net\/site\/wp-json\/wp\/v2\/types\/post"}],"author":[{"embeddable":true,"href":"https:\/\/www.oarcanjo.net\/site\/wp-json\/wp\/v2\/users\/10"}],"replies":[{"embeddable":true,"href":"https:\/\/www.oarcanjo.net\/site\/wp-json\/wp\/v2\/comments?post=71857"}],"version-history":[{"count":0,"href":"https:\/\/www.oarcanjo.net\/site\/wp-json\/wp\/v2\/posts\/71857\/revisions"}],"wp:featuredmedia":[{"embeddable":true,"href":"https:\/\/www.oarcanjo.net\/site\/wp-json\/wp\/v2\/media\/71876"}],"wp:attachment":[{"href":"https:\/\/www.oarcanjo.net\/site\/wp-json\/wp\/v2\/media?parent=71857"}],"wp:term":[{"taxonomy":"category","embeddable":true,"href":"https:\/\/www.oarcanjo.net\/site\/wp-json\/wp\/v2\/categories?post=71857"},{"taxonomy":"post_tag","embeddable":true,"href":"https:\/\/www.oarcanjo.net\/site\/wp-json\/wp\/v2\/tags?post=71857"}],"curies":[{"name":"wp","href":"https:\/\/api.w.org\/{rel}","templated":true}]}}